
{"id":5342,"date":"2009-09-26T07:57:28","date_gmt":"2009-09-26T10:57:28","guid":{"rendered":"http:\/\/www.oarcanjo.net\/site\/?p=5342"},"modified":"2009-09-26T07:57:28","modified_gmt":"2009-09-26T10:57:28","slug":"cnbb-defende-direito-a-objecao-de-consciencia","status":"publish","type":"post","link":"https:\/\/www.oarcanjo.net\/site\/cnbb-defende-direito-a-objecao-de-consciencia\/","title":{"rendered":"CNBB defende direito \u00e0 obje\u00e7\u00e3o de consci\u00eancia"},"content":{"rendered":"<p>A Presid\u00eancia da CNBB divulgou uma declara\u00e7\u00e3o a respeito do direito \u00e0 obje\u00e7\u00e3o de consci\u00eancia afirmando que \u00e9 direito de toda pessoa \u201cmanifestar sua obje\u00e7\u00e3o de consci\u00eancia frente a tudo o que contraria as exig\u00eancias da ordem moral, os princ\u00edpios e valores \u00e9ticos e a f\u00e9 professada, de modo que ningu\u00e9m, por tal motivo, possa ser punido ou for\u00e7ado a agir de modo contr\u00e1rio \u00e0quilo que a consci\u00eancia o move a fazer\u201d.<\/p>\n<p>A Declara\u00e7\u00e3o foi divulgada ap\u00f3s a reuni\u00e3o do Conselho Episcopal de Pastoral da CNBB (Consep), que terminou na \u00a0quinta-feira, 24 de setembro.<\/p>\n<p>Eis a \u00edntegra da Declara\u00e7\u00e3o.<\/p>\n<p><strong>Declara\u00e7\u00e3o sobre o direito \u00e0 obje\u00e7\u00e3o de Consci\u00eancia<\/strong><\/p>\n<p><em>\u201cA consci\u00eancia \u00e9 o n\u00facleo secret\u00edssimo e o sacr\u00e1rio do homem, onde ele est\u00e1 sozinho com Deus e onde ressoa sua voz\u201d (Gaudium et Spes 16).<\/em><\/p>\n<p>Em nome dos Bispos do Conselho Episcopal de Pastoral da CNBB, reunidos em Bras\u00edlia, nos dias 22 a 24 de setembro de 2009, desejamos expressar nossa solidariedade a todas as pessoas que se empenham na defesa e promo\u00e7\u00e3o da vida humana em todas as fases de seu desenvolvimento, sobretudo, daqueles seres sem nenhuma possibilidade de defesa.<\/p>\n<p>Em nossa sociedade, marcada por tantas e t\u00e3o contrastantes concep\u00e7\u00f5es acerca do ser humano e de sua dignidade, todos os que se prop\u00f5em a assumir o compromisso de promover a justi\u00e7a e defender a vida, certamente, enfrentar\u00e3o muitas resist\u00eancias e obje\u00e7\u00f5es. Movidos pelos ideais crist\u00e3os e empenhados na nobre e grave causa da defesa da vida, n\u00e3o nos \u00e9 permitido ceder a qualquer tipo de press\u00e3o ou arrefecer nosso \u00e2nimo frente \u00e0s dificuldades que continuamente enfrentamos.<\/p>\n<p>\u00c9 direito de toda pessoa manifestar sua obje\u00e7\u00e3o de consci\u00eancia frente a tudo o que contraria as exig\u00eancias da ordem moral, os princ\u00edpios e valores \u00e9ticos e a f\u00e9 professada, de modo que ningu\u00e9m, por tal motivo, possa ser punido ou for\u00e7ado a agir de modo contr\u00e1rio \u00e0quilo que a consci\u00eancia o move a fazer. Em certas ocasi\u00f5es, com destemida firmeza, \u00e9 necess\u00e1rio dizer: \u201c\u00c9 preciso obedecer antes a Deus que aos homens\u201d (At 5,29).<\/p>\n<p>Dom Geraldo Lyrio Rocha<br \/>\nPresidente da CNBB<br \/>\nArcebispo de Mariana<\/p>\n<p>Dom Luiz Soares Vieira<br \/>\nArcebispo de Manaus<br \/>\nVice-Presidente da CNBB<\/p>\n<p>Dom Dimas Lara Barbosa<br \/>\nBispo Auxiliar do Rio de Janeiro<br \/>\nSecret\u00e1rio Geral da CNBB<\/p>\n<div id=\"themify_builder_content-5342\" data-postid=\"5342\" class=\"themify_builder_content themify_builder_content-5342 themify_builder themify_builder_front\">\n\t<\/div>\n<!-- \/themify_builder_content -->","protected":false},"excerpt":{"rendered":"<p>A Presid\u00eancia da CNBB divulgou uma declara\u00e7\u00e3o a respeito do direito \u00e0 obje\u00e7\u00e3o de consci\u00eancia afirmando que \u00e9 direito de toda pessoa \u201cmanifestar sua obje\u00e7\u00e3o de consci\u00eancia frente a tudo o que contraria as exig\u00eancias da ordem moral, os princ\u00edpios e valores \u00e9ticos e a f\u00e9 professada, de modo que ningu\u00e9m, por tal motivo, possa [&hellip;]<\/p>\n","protected":false},"author":5,"featured_media":0,"comment_status":"open","ping_status":"open","sticky":false,"template":"","format":"standard","meta":{"ngg_post_thumbnail":0,"footnotes":""},"categories":[8],"tags":[63,1094,1093],"yoast_head":"<!-- This site is optimized with the Yoast SEO plugin v23.5 - https:\/\/yoast.com\/wordpress\/plugins\/seo\/ -->\n<title>CNBB defende direito \u00e0 obje\u00e7\u00e3o de consci\u00eancia - O Arcanjo no ar<\/title>\n<meta name=\"robots\" content=\"index, follow, max-snippet:-1, max-image-preview:large, max-video-preview:-1\" \/>\n<link rel=\"canonical\" href=\"https:\/\/www.oarcanjo.net\/site\/cnbb-defende-direito-a-objecao-de-consciencia\/\" \/>\n<meta property=\"og:locale\" content=\"pt_BR\" \/>\n<meta property=\"og:type\" content=\"article\" \/>\n<meta property=\"og:title\" content=\"CNBB defende direito \u00e0 obje\u00e7\u00e3o de consci\u00eancia - O Arcanjo no ar\" \/>\n<meta property=\"og:description\" content=\"A Presid\u00eancia da CNBB divulgou uma declara\u00e7\u00e3o a respeito do direito \u00e0 obje\u00e7\u00e3o de consci\u00eancia afirmando que \u00e9 direito de toda pessoa \u201cmanifestar sua obje\u00e7\u00e3o de consci\u00eancia frente a tudo o que contraria as exig\u00eancias da ordem moral, os princ\u00edpios e valores \u00e9ticos e a f\u00e9 professada, de modo que ningu\u00e9m, por tal motivo, possa [&hellip;]\" \/>\n<meta property=\"og:url\" content=\"https:\/\/www.oarcanjo.net\/site\/cnbb-defende-direito-a-objecao-de-consciencia\/\" \/>\n<meta property=\"og:site_name\" content=\"O Arcanjo no ar\" \/>\n<meta property=\"article:publisher\" content=\"https:\/\/www.facebook.com\/OArcanjoNoAr\/\" \/>\n<meta property=\"article:published_time\" content=\"2009-09-26T10:57:28+00:00\" \/>\n<meta property=\"og:image\" content=\"https:\/\/www.oarcanjo.net\/site\/wp-content\/uploads\/logo-o-arcanjo-no-ar-facebook.png\" \/>\n\t<meta property=\"og:image:width\" content=\"300\" \/>\n\t<meta property=\"og:image:height\" content=\"300\" \/>\n\t<meta property=\"og:image:type\" content=\"image\/png\" \/>\n<meta name=\"author\" content=\"editor\" \/>\n<meta name=\"twitter:card\" content=\"summary_large_image\" \/>\n<meta name=\"twitter:label1\" content=\"Escrito por\" \/>\n\t<meta name=\"twitter:data1\" content=\"editor\" \/>\n\t<meta name=\"twitter:label2\" content=\"Est. tempo de leitura\" \/>\n\t<meta name=\"twitter:data2\" content=\"2 minutos\" \/>\n<script type=\"application\/ld+json\" class=\"yoast-schema-graph\">{\"@context\":\"https:\/\/schema.org\",\"@graph\":[{\"@type\":\"Article\",\"@id\":\"https:\/\/www.oarcanjo.net\/site\/cnbb-defende-direito-a-objecao-de-consciencia\/#article\",\"isPartOf\":{\"@id\":\"https:\/\/www.oarcanjo.net\/site\/cnbb-defende-direito-a-objecao-de-consciencia\/\"},\"author\":{\"name\":\"editor\",\"@id\":\"https:\/\/www.oarcanjo.net\/site\/#\/schema\/person\/f7024d007863202483a31326673a0838\"},\"headline\":\"CNBB defende direito \u00e0 obje\u00e7\u00e3o de consci\u00eancia\",\"datePublished\":\"2009-09-26T10:57:28+00:00\",\"dateModified\":\"2009-09-26T10:57:28+00:00\",\"mainEntityOfPage\":{\"@id\":\"https:\/\/www.oarcanjo.net\/site\/cnbb-defende-direito-a-objecao-de-consciencia\/\"},\"wordCount\":414,\"commentCount\":0,\"publisher\":{\"@id\":\"https:\/\/www.oarcanjo.net\/site\/#organization\"},\"keywords\":[\"CNBB\",\"nota oficial\",\"obje\u00e7\u00e3o de consci\u00eancia\"],\"articleSection\":[\"Not\u00edcias\"],\"inLanguage\":\"pt-BR\",\"potentialAction\":[{\"@type\":\"CommentAction\",\"name\":\"Comment\",\"target\":[\"https:\/\/www.oarcanjo.net\/site\/cnbb-defende-direito-a-objecao-de-consciencia\/#respond\"]}]},{\"@type\":\"WebPage\",\"@id\":\"https:\/\/www.oarcanjo.net\/site\/cnbb-defende-direito-a-objecao-de-consciencia\/\",\"url\":\"https:\/\/www.oarcanjo.net\/site\/cnbb-defende-direito-a-objecao-de-consciencia\/\",\"name\":\"CNBB defende direito \u00e0 obje\u00e7\u00e3o de consci\u00eancia - O Arcanjo no ar\",\"isPartOf\":{\"@id\":\"https:\/\/www.oarcanjo.net\/site\/#website\"},\"datePublished\":\"2009-09-26T10:57:28+00:00\",\"dateModified\":\"2009-09-26T10:57:28+00:00\",\"breadcrumb\":{\"@id\":\"https:\/\/www.oarcanjo.net\/site\/cnbb-defende-direito-a-objecao-de-consciencia\/#breadcrumb\"},\"inLanguage\":\"pt-BR\",\"potentialAction\":[{\"@type\":\"ReadAction\",\"target\":[\"https:\/\/www.oarcanjo.net\/site\/cnbb-defende-direito-a-objecao-de-consciencia\/\"]}]},{\"@type\":\"BreadcrumbList\",\"@id\":\"https:\/\/www.oarcanjo.net\/site\/cnbb-defende-direito-a-objecao-de-consciencia\/#breadcrumb\",\"itemListElement\":[{\"@type\":\"ListItem\",\"position\":1,\"name\":\"In\u00edcio\",\"item\":\"https:\/\/www.oarcanjo.net\/site\/\"},{\"@type\":\"ListItem\",\"position\":2,\"name\":\"CNBB defende direito \u00e0 obje\u00e7\u00e3o de consci\u00eancia\"}]},{\"@type\":\"WebSite\",\"@id\":\"https:\/\/www.oarcanjo.net\/site\/#website\",\"url\":\"https:\/\/www.oarcanjo.net\/site\/\",\"name\":\"O Arcanjo no ar\",\"description\":\"Site da Par\u00f3quia S\u00e3o Miguel Arcanjo (Arquidiocese de SP)\",\"publisher\":{\"@id\":\"https:\/\/www.oarcanjo.net\/site\/#organization\"},\"potentialAction\":[{\"@type\":\"SearchAction\",\"target\":{\"@type\":\"EntryPoint\",\"urlTemplate\":\"https:\/\/www.oarcanjo.net\/site\/?s={search_term_string}\"},\"query-input\":{\"@type\":\"PropertyValueSpecification\",\"valueRequired\":true,\"valueName\":\"search_term_string\"}}],\"inLanguage\":\"pt-BR\"},{\"@type\":\"Organization\",\"@id\":\"https:\/\/www.oarcanjo.net\/site\/#organization\",\"name\":\"Par\u00f3quia S\u00e3o Miguel Arcanjo\",\"url\":\"https:\/\/www.oarcanjo.net\/site\/\",\"logo\":{\"@type\":\"ImageObject\",\"inLanguage\":\"pt-BR\",\"@id\":\"https:\/\/www.oarcanjo.net\/site\/#\/schema\/logo\/image\/\",\"url\":\"https:\/\/www.oarcanjo.net\/site\/wp-content\/uploads\/LogoOArcanjo.png\",\"contentUrl\":\"https:\/\/www.oarcanjo.net\/site\/wp-content\/uploads\/LogoOArcanjo.png\",\"width\":319,\"height\":99,\"caption\":\"Par\u00f3quia S\u00e3o Miguel Arcanjo\"},\"image\":{\"@id\":\"https:\/\/www.oarcanjo.net\/site\/#\/schema\/logo\/image\/\"},\"sameAs\":[\"https:\/\/www.facebook.com\/OArcanjoNoAr\/\"]},{\"@type\":\"Person\",\"@id\":\"https:\/\/www.oarcanjo.net\/site\/#\/schema\/person\/f7024d007863202483a31326673a0838\",\"name\":\"editor\",\"sameAs\":[\"http:\/\/www.oarcanjo.net\"]}]}<\/script>\n<!-- \/ Yoast SEO plugin. -->","yoast_head_json":{"title":"CNBB defende direito \u00e0 obje\u00e7\u00e3o de consci\u00eancia - O Arcanjo no ar","robots":{"index":"index","follow":"follow","max-snippet":"max-snippet:-1","max-image-preview":"max-image-preview:large","max-video-preview":"max-video-preview:-1"},"canonical":"https:\/\/www.oarcanjo.net\/site\/cnbb-defende-direito-a-objecao-de-consciencia\/","og_locale":"pt_BR","og_type":"article","og_title":"CNBB defende direito \u00e0 obje\u00e7\u00e3o de consci\u00eancia - O Arcanjo no ar","og_description":"A Presid\u00eancia da CNBB divulgou uma declara\u00e7\u00e3o a respeito do direito \u00e0 obje\u00e7\u00e3o de consci\u00eancia afirmando que \u00e9 direito de toda pessoa \u201cmanifestar sua obje\u00e7\u00e3o de consci\u00eancia frente a tudo o que contraria as exig\u00eancias da ordem moral, os princ\u00edpios e valores \u00e9ticos e a f\u00e9 professada, de modo que ningu\u00e9m, por tal motivo, possa [&hellip;]","og_url":"https:\/\/www.oarcanjo.net\/site\/cnbb-defende-direito-a-objecao-de-consciencia\/","og_site_name":"O Arcanjo no ar","article_publisher":"https:\/\/www.facebook.com\/OArcanjoNoAr\/","article_published_time":"2009-09-26T10:57:28+00:00","og_image":[{"width":300,"height":300,"url":"https:\/\/www.oarcanjo.net\/site\/wp-content\/uploads\/logo-o-arcanjo-no-ar-facebook.png","type":"image\/png"}],"author":"editor","twitter_card":"summary_large_image","twitter_misc":{"Escrito por":"editor","Est. tempo de leitura":"2 minutos"},"schema":{"@context":"https:\/\/schema.org","@graph":[{"@type":"Article","@id":"https:\/\/www.oarcanjo.net\/site\/cnbb-defende-direito-a-objecao-de-consciencia\/#article","isPartOf":{"@id":"https:\/\/www.oarcanjo.net\/site\/cnbb-defende-direito-a-objecao-de-consciencia\/"},"author":{"name":"editor","@id":"https:\/\/www.oarcanjo.net\/site\/#\/schema\/person\/f7024d007863202483a31326673a0838"},"headline":"CNBB defende direito \u00e0 obje\u00e7\u00e3o de consci\u00eancia","datePublished":"2009-09-26T10:57:28+00:00","dateModified":"2009-09-26T10:57:28+00:00","mainEntityOfPage":{"@id":"https:\/\/www.oarcanjo.net\/site\/cnbb-defende-direito-a-objecao-de-consciencia\/"},"wordCount":414,"commentCount":0,"publisher":{"@id":"https:\/\/www.oarcanjo.net\/site\/#organization"},"keywords":["CNBB","nota oficial","obje\u00e7\u00e3o de consci\u00eancia"],"articleSection":["Not\u00edcias"],"inLanguage":"pt-BR","potentialAction":[{"@type":"CommentAction","name":"Comment","target":["https:\/\/www.oarcanjo.net\/site\/cnbb-defende-direito-a-objecao-de-consciencia\/#respond"]}]},{"@type":"WebPage","@id":"https:\/\/www.oarcanjo.net\/site\/cnbb-defende-direito-a-objecao-de-consciencia\/","url":"https:\/\/www.oarcanjo.net\/site\/cnbb-defende-direito-a-objecao-de-consciencia\/","name":"CNBB defende direito \u00e0 obje\u00e7\u00e3o de consci\u00eancia - O Arcanjo no ar","isPartOf":{"@id":"https:\/\/www.oarcanjo.net\/site\/#website"},"datePublished":"2009-09-26T10:57:28+00:00","dateModified":"2009-09-26T10:57:28+00:00","breadcrumb":{"@id":"https:\/\/www.oarcanjo.net\/site\/cnbb-defende-direito-a-objecao-de-consciencia\/#breadcrumb"},"inLanguage":"pt-BR","potentialAction":[{"@type":"ReadAction","target":["https:\/\/www.oarcanjo.net\/site\/cnbb-defende-direito-a-objecao-de-consciencia\/"]}]},{"@type":"BreadcrumbList","@id":"https:\/\/www.oarcanjo.net\/site\/cnbb-defende-direito-a-objecao-de-consciencia\/#breadcrumb","itemListElement":[{"@type":"ListItem","position":1,"name":"In\u00edcio","item":"https:\/\/www.oarcanjo.net\/site\/"},{"@type":"ListItem","position":2,"name":"CNBB defende direito \u00e0 obje\u00e7\u00e3o de consci\u00eancia"}]},{"@type":"WebSite","@id":"https:\/\/www.oarcanjo.net\/site\/#website","url":"https:\/\/www.oarcanjo.net\/site\/","name":"O Arcanjo no ar","description":"Site da Par\u00f3quia S\u00e3o Miguel Arcanjo (Arquidiocese de SP)","publisher":{"@id":"https:\/\/www.oarcanjo.net\/site\/#organization"},"potentialAction":[{"@type":"SearchAction","target":{"@type":"EntryPoint","urlTemplate":"https:\/\/www.oarcanjo.net\/site\/?s={search_term_string}"},"query-input":{"@type":"PropertyValueSpecification","valueRequired":true,"valueName":"search_term_string"}}],"inLanguage":"pt-BR"},{"@type":"Organization","@id":"https:\/\/www.oarcanjo.net\/site\/#organization","name":"Par\u00f3quia S\u00e3o Miguel Arcanjo","url":"https:\/\/www.oarcanjo.net\/site\/","logo":{"@type":"ImageObject","inLanguage":"pt-BR","@id":"https:\/\/www.oarcanjo.net\/site\/#\/schema\/logo\/image\/","url":"https:\/\/www.oarcanjo.net\/site\/wp-content\/uploads\/LogoOArcanjo.png","contentUrl":"https:\/\/www.oarcanjo.net\/site\/wp-content\/uploads\/LogoOArcanjo.png","width":319,"height":99,"caption":"Par\u00f3quia S\u00e3o Miguel Arcanjo"},"image":{"@id":"https:\/\/www.oarcanjo.net\/site\/#\/schema\/logo\/image\/"},"sameAs":["https:\/\/www.facebook.com\/OArcanjoNoAr\/"]},{"@type":"Person","@id":"https:\/\/www.oarcanjo.net\/site\/#\/schema\/person\/f7024d007863202483a31326673a0838","name":"editor","sameAs":["http:\/\/www.oarcanjo.net"]}]}},"publishpress_future_action":{"enabled":false,"date":"2026-05-09 06:53:50","action":"category","newStatus":"draft","terms":[],"taxonomy":"category"},"publishpress_future_workflow_manual_trigger":{"enabledWorkflows":[]},"_links":{"self":[{"href":"https:\/\/www.oarcanjo.net\/site\/wp-json\/wp\/v2\/posts\/5342"}],"collection":[{"href":"https:\/\/www.oarcanjo.net\/site\/wp-json\/wp\/v2\/posts"}],"about":[{"href":"https:\/\/www.oarcanjo.net\/site\/wp-json\/wp\/v2\/types\/post"}],"author":[{"embeddable":true,"href":"https:\/\/www.oarcanjo.net\/site\/wp-json\/wp\/v2\/users\/5"}],"replies":[{"embeddable":true,"href":"https:\/\/www.oarcanjo.net\/site\/wp-json\/wp\/v2\/comments?post=5342"}],"version-history":[{"count":0,"href":"https:\/\/www.oarcanjo.net\/site\/wp-json\/wp\/v2\/posts\/5342\/revisions"}],"wp:attachment":[{"href":"https:\/\/www.oarcanjo.net\/site\/wp-json\/wp\/v2\/media?parent=5342"}],"wp:term":[{"taxonomy":"category","embeddable":true,"href":"https:\/\/www.oarcanjo.net\/site\/wp-json\/wp\/v2\/categories?post=5342"},{"taxonomy":"post_tag","embeddable":true,"href":"https:\/\/www.oarcanjo.net\/site\/wp-json\/wp\/v2\/tags?post=5342"}],"curies":[{"name":"wp","href":"https:\/\/api.w.org\/{rel}","templated":true}]}}