
{"id":5347,"date":"2009-09-27T07:03:44","date_gmt":"2009-09-27T10:03:44","guid":{"rendered":"http:\/\/www.oarcanjo.net\/site\/?p=5347"},"modified":"2009-09-26T08:07:25","modified_gmt":"2009-09-26T11:07:25","slug":"dia-da-biblia","status":"publish","type":"post","link":"https:\/\/www.oarcanjo.net\/site\/dia-da-biblia\/","title":{"rendered":"Dia da B\u00edblia"},"content":{"rendered":"<p>Dom Gil Ant\u00f4nio Moreira<\/p>\n<p>Celebra-se a 30 de setembro o Dia da B\u00edblia. A data foi escolhida por ser festa lit\u00fargica de S\u00e3o Jer\u00f4nimo, o Padroeiro dos biblistas. Jer\u00f4nimo, cujo nome exato \u00e9 Eusebius Sophronius Hieronymus, nasceu em Str\u00eddon, possivelmente no ano de  347 e faleceu em Bel\u00e9m, a 30 de setembro de 419 ou 420. Sua maior obra foi fazer a primeira tradu\u00e7\u00e3o da B\u00edblia, do grego e do hebraico, para o latim, tradu\u00e7\u00e3o esta conhecida como \u2018vulgata\u2019 que serve para a B\u00edblia Cat\u00f3lica e para a Protestante.<\/p>\n<p>Sobre Jer\u00f4nimo, um dos maiores doutores da Igreja, disse o Papa Bento XVI: \u201ca prepara\u00e7\u00e3o liter\u00e1ria e a ampla erudi\u00e7\u00e3o permitiram que Jer\u00f4nimo fizesse a revis\u00e3o e a tradu\u00e7\u00e3o de muitos textos b\u00edblicos: um precioso trabalho para a Igreja latina e para a cultura ocidental. Com base nos textos originais em grego e em hebraico e gra\u00e7as ao confronto com vers\u00f5es anteriores, ele realizou a revis\u00e3o dos quatro Evangelhos em l\u00edngua latina, depois o Salt\u00e9rio e grande parte do Antigo Testamento. Tendo em conta o original hebraico e grego, dos Setenta, a vers\u00e3o grega cl\u00e1ssica do Antigo Testamento que remontava ao tempo pr\u00e9-crist\u00e3o, e as precedentes vers\u00f5es latinas, Jer\u00f4nimo, com a ajuda de outros colaboradores, p\u00f4de oferecer uma tradu\u00e7\u00e3o melhor: ela constitui a chamada &#8220;Vulgata&#8221;, o texto &#8220;oficial&#8221; da Igreja latina, que foi reconhecido como tal pelo Conc\u00edlio de Trento que, depois da recente revis\u00e3o, permanece o texto &#8220;oficial&#8221; da Igreja de l\u00edngua latina\u201d. (Audi\u00eancia geral, Roma, em 7 de novembro de 2007).<\/p>\n<p>A obra de S\u00e3o Jer\u00f4nimo \u00e9 de tal import\u00e2ncia, que qualquer estudo b\u00edblico que n\u00e3o levasse em considera\u00e7\u00e3o suas pesquisas, ficaria certamente falho. Ele teve o cuidado de ser totalmente fiel ao texto original.<\/p>\n<p>O principal objetivo da Sagrada Escritura \u00e9 a revela\u00e7\u00e3o e a viv\u00eancia. No evangelho de S\u00e3o Mateus, pode-se perceber que n\u00e3o basta conhecer a Palavra e nem mesmo orar sobre ela. Diz Jesus: \u201cNem todo o que me diz: Senhor, Senhor, entrar\u00e1 no reino dos  c\u00e9us; mas aquele que faz a vontade de meu Pai que est\u00e1 nos c\u00e9us, este entrar\u00e1 no reino dos c\u00e9us\u201d (Mt.7,21).  Para maior seriedade ainda, vemos o Senhor asseverar: \u201cMuitos me dir\u00e3o naquele dia: Senhor, Senhor, n\u00e3o profetizamos em vosso nome, em vosso nome n\u00e3o expelimos dem\u00f4nios, em vosso nome n\u00e3o fizemos muitos milagres? E ent\u00e3o eu lhes direi bem alto: Nunca vos conheci; apartai-vos de mim, v\u00f3s que operais a iniq\u00fcidade\u201d. (Mt.7,22-23).<\/p>\n<p>O esfor\u00e7o di\u00e1rio de colocar a Palavra de Deus na vida  \u00e9 o fundamento s\u00f3lido da obra e da salva\u00e7\u00e3o. Por isso o Senhor prossegue dizendo: Todo aquele que ouve a Palavra e a p\u00f5e em pr\u00e1tica ser\u00e1 semelhante a um homem prudente que construiu sua casa sobre a rocha firme. Caiu a chuva, transbordaram os rios, sopraram os ventos e investiram contra aquela casa, mas ela n\u00e3o desabou, porque estava edificada sobre a rocha.(Mt.7,24-25).<\/p>\n<p>Viver a Palavra \u00e9 estar sempre aberto \u00e0 a\u00e7\u00e3o do Esp\u00edrito e sempre atento \u00e0 vontade de Deus. Maria \u00e9 apresentada como a mais fiel servidora do Senhor, em quem o Alt\u00edssimo realizou maravilhas. Sua decis\u00e3o de cumprir a vontade de Deus expressa ao anjo Gabriel, Eis aqui a Serva do Senhor, fa\u00e7a-se em mim a sua palavra, \u00e9 o prot\u00f3tipo para todos os que procuram autenticamente a Cristo. Ela \u00e9 a express\u00e3o m\u00e1xima, na B\u00edblia, no que se refere \u00e0 viv\u00eancia da Palavra. Toda a sua exist\u00eancia, desde a anuncia\u00e7\u00e3o, passando pelo nascimento e a inf\u00e2ncia de Jesus, pelos tormentos da paix\u00e3o e morte de seu Filho, depois experimentando a alegria da ressurrei\u00e7\u00e3o e por fim sua presen\u00e7a no dia de Pentecostes, no nascimento da Igreja, Maria \u00e9 a imagem viva e reluzente de fidelidade a Deus e \u00e0 sua Palavra. Pedro Ap\u00f3stolo p\u00f4de exclamar ap\u00f3s o discurso eucar\u00edstico de Jesus, transcrito por S\u00e3o Jo\u00e3o: Para onde iremos, Senhor, s\u00f3 Tu tens palavra de vida eterna.(Jo.6,69).<\/p>\n<p>Somente pode possuir a vida eterna quem vive na Palavra do Senhor, como nos afirmou Jesus de forma clara e animadora: Quem guardar a minha Palavra n\u00e3o provar\u00e1 a morte (Jo.24, 52).<\/p>\n<div id=\"themify_builder_content-5347\" data-postid=\"5347\" class=\"themify_builder_content themify_builder_content-5347 themify_builder themify_builder_front\">\n\t<\/div>\n<!-- \/themify_builder_content -->","protected":false},"excerpt":{"rendered":"<p>Dom Gil Ant\u00f4nio Moreira Celebra-se a 30 de setembro o Dia da B\u00edblia. A data foi escolhida por ser festa lit\u00fargica de S\u00e3o Jer\u00f4nimo, o Padroeiro dos biblistas. Jer\u00f4nimo, cujo nome exato \u00e9 Eusebius Sophronius Hieronymus, nasceu em Str\u00eddon, possivelmente no ano de 347 e faleceu em Bel\u00e9m, a 30 de setembro de 419 ou [&hellip;]<\/p>\n","protected":false},"author":5,"featured_media":0,"comment_status":"open","ping_status":"open","sticky":false,"template":"","format":"standard","meta":{"ngg_post_thumbnail":0,"footnotes":""},"categories":[8],"tags":[1095,57,1096],"yoast_head":"<!-- This site is optimized with the Yoast SEO plugin v23.5 - https:\/\/yoast.com\/wordpress\/plugins\/seo\/ -->\n<title>Dia da B\u00edblia - O Arcanjo no ar<\/title>\n<meta name=\"robots\" content=\"index, follow, max-snippet:-1, max-image-preview:large, max-video-preview:-1\" \/>\n<link rel=\"canonical\" href=\"https:\/\/www.oarcanjo.net\/site\/dia-da-biblia\/\" \/>\n<meta property=\"og:locale\" content=\"pt_BR\" \/>\n<meta property=\"og:type\" content=\"article\" \/>\n<meta property=\"og:title\" content=\"Dia da B\u00edblia - O Arcanjo no ar\" \/>\n<meta property=\"og:description\" content=\"Dom Gil Ant\u00f4nio Moreira Celebra-se a 30 de setembro o Dia da B\u00edblia. A data foi escolhida por ser festa lit\u00fargica de S\u00e3o Jer\u00f4nimo, o Padroeiro dos biblistas. Jer\u00f4nimo, cujo nome exato \u00e9 Eusebius Sophronius Hieronymus, nasceu em Str\u00eddon, possivelmente no ano de 347 e faleceu em Bel\u00e9m, a 30 de setembro de 419 ou [&hellip;]\" \/>\n<meta property=\"og:url\" content=\"https:\/\/www.oarcanjo.net\/site\/dia-da-biblia\/\" \/>\n<meta property=\"og:site_name\" content=\"O Arcanjo no ar\" \/>\n<meta property=\"article:publisher\" content=\"https:\/\/www.facebook.com\/OArcanjoNoAr\/\" \/>\n<meta property=\"article:published_time\" content=\"2009-09-27T10:03:44+00:00\" \/>\n<meta property=\"article:modified_time\" content=\"2009-09-26T11:07:25+00:00\" \/>\n<meta property=\"og:image\" content=\"https:\/\/www.oarcanjo.net\/site\/wp-content\/uploads\/logo-o-arcanjo-no-ar-facebook.png\" \/>\n\t<meta property=\"og:image:width\" content=\"300\" \/>\n\t<meta property=\"og:image:height\" content=\"300\" \/>\n\t<meta property=\"og:image:type\" content=\"image\/png\" \/>\n<meta name=\"author\" content=\"editor\" \/>\n<meta name=\"twitter:card\" content=\"summary_large_image\" \/>\n<meta name=\"twitter:label1\" content=\"Escrito por\" \/>\n\t<meta name=\"twitter:data1\" content=\"editor\" \/>\n\t<meta name=\"twitter:label2\" content=\"Est. tempo de leitura\" \/>\n\t<meta name=\"twitter:data2\" content=\"4 minutos\" \/>\n<script type=\"application\/ld+json\" class=\"yoast-schema-graph\">{\"@context\":\"https:\/\/schema.org\",\"@graph\":[{\"@type\":\"Article\",\"@id\":\"https:\/\/www.oarcanjo.net\/site\/dia-da-biblia\/#article\",\"isPartOf\":{\"@id\":\"https:\/\/www.oarcanjo.net\/site\/dia-da-biblia\/\"},\"author\":{\"name\":\"editor\",\"@id\":\"https:\/\/www.oarcanjo.net\/site\/#\/schema\/person\/f7024d007863202483a31326673a0838\"},\"headline\":\"Dia da B\u00edblia\",\"datePublished\":\"2009-09-27T10:03:44+00:00\",\"dateModified\":\"2009-09-26T11:07:25+00:00\",\"mainEntityOfPage\":{\"@id\":\"https:\/\/www.oarcanjo.net\/site\/dia-da-biblia\/\"},\"wordCount\":754,\"commentCount\":2,\"publisher\":{\"@id\":\"https:\/\/www.oarcanjo.net\/site\/#organization\"},\"keywords\":[\"Dia da B\u00edblia\",\"Palavra de Deus\",\"S\u00e3o Jer\u00f4nimo\"],\"articleSection\":[\"Not\u00edcias\"],\"inLanguage\":\"pt-BR\",\"potentialAction\":[{\"@type\":\"CommentAction\",\"name\":\"Comment\",\"target\":[\"https:\/\/www.oarcanjo.net\/site\/dia-da-biblia\/#respond\"]}]},{\"@type\":\"WebPage\",\"@id\":\"https:\/\/www.oarcanjo.net\/site\/dia-da-biblia\/\",\"url\":\"https:\/\/www.oarcanjo.net\/site\/dia-da-biblia\/\",\"name\":\"Dia da B\u00edblia - O Arcanjo no ar\",\"isPartOf\":{\"@id\":\"https:\/\/www.oarcanjo.net\/site\/#website\"},\"datePublished\":\"2009-09-27T10:03:44+00:00\",\"dateModified\":\"2009-09-26T11:07:25+00:00\",\"breadcrumb\":{\"@id\":\"https:\/\/www.oarcanjo.net\/site\/dia-da-biblia\/#breadcrumb\"},\"inLanguage\":\"pt-BR\",\"potentialAction\":[{\"@type\":\"ReadAction\",\"target\":[\"https:\/\/www.oarcanjo.net\/site\/dia-da-biblia\/\"]}]},{\"@type\":\"BreadcrumbList\",\"@id\":\"https:\/\/www.oarcanjo.net\/site\/dia-da-biblia\/#breadcrumb\",\"itemListElement\":[{\"@type\":\"ListItem\",\"position\":1,\"name\":\"In\u00edcio\",\"item\":\"https:\/\/www.oarcanjo.net\/site\/\"},{\"@type\":\"ListItem\",\"position\":2,\"name\":\"Dia da B\u00edblia\"}]},{\"@type\":\"WebSite\",\"@id\":\"https:\/\/www.oarcanjo.net\/site\/#website\",\"url\":\"https:\/\/www.oarcanjo.net\/site\/\",\"name\":\"O Arcanjo no ar\",\"description\":\"Site da Par\u00f3quia S\u00e3o Miguel Arcanjo (Arquidiocese de SP)\",\"publisher\":{\"@id\":\"https:\/\/www.oarcanjo.net\/site\/#organization\"},\"potentialAction\":[{\"@type\":\"SearchAction\",\"target\":{\"@type\":\"EntryPoint\",\"urlTemplate\":\"https:\/\/www.oarcanjo.net\/site\/?s={search_term_string}\"},\"query-input\":{\"@type\":\"PropertyValueSpecification\",\"valueRequired\":true,\"valueName\":\"search_term_string\"}}],\"inLanguage\":\"pt-BR\"},{\"@type\":\"Organization\",\"@id\":\"https:\/\/www.oarcanjo.net\/site\/#organization\",\"name\":\"Par\u00f3quia S\u00e3o Miguel Arcanjo\",\"url\":\"https:\/\/www.oarcanjo.net\/site\/\",\"logo\":{\"@type\":\"ImageObject\",\"inLanguage\":\"pt-BR\",\"@id\":\"https:\/\/www.oarcanjo.net\/site\/#\/schema\/logo\/image\/\",\"url\":\"https:\/\/www.oarcanjo.net\/site\/wp-content\/uploads\/LogoOArcanjo.png\",\"contentUrl\":\"https:\/\/www.oarcanjo.net\/site\/wp-content\/uploads\/LogoOArcanjo.png\",\"width\":319,\"height\":99,\"caption\":\"Par\u00f3quia S\u00e3o Miguel Arcanjo\"},\"image\":{\"@id\":\"https:\/\/www.oarcanjo.net\/site\/#\/schema\/logo\/image\/\"},\"sameAs\":[\"https:\/\/www.facebook.com\/OArcanjoNoAr\/\"]},{\"@type\":\"Person\",\"@id\":\"https:\/\/www.oarcanjo.net\/site\/#\/schema\/person\/f7024d007863202483a31326673a0838\",\"name\":\"editor\",\"sameAs\":[\"http:\/\/www.oarcanjo.net\"]}]}<\/script>\n<!-- \/ Yoast SEO plugin. -->","yoast_head_json":{"title":"Dia da B\u00edblia - O Arcanjo no ar","robots":{"index":"index","follow":"follow","max-snippet":"max-snippet:-1","max-image-preview":"max-image-preview:large","max-video-preview":"max-video-preview:-1"},"canonical":"https:\/\/www.oarcanjo.net\/site\/dia-da-biblia\/","og_locale":"pt_BR","og_type":"article","og_title":"Dia da B\u00edblia - O Arcanjo no ar","og_description":"Dom Gil Ant\u00f4nio Moreira Celebra-se a 30 de setembro o Dia da B\u00edblia. A data foi escolhida por ser festa lit\u00fargica de S\u00e3o Jer\u00f4nimo, o Padroeiro dos biblistas. Jer\u00f4nimo, cujo nome exato \u00e9 Eusebius Sophronius Hieronymus, nasceu em Str\u00eddon, possivelmente no ano de 347 e faleceu em Bel\u00e9m, a 30 de setembro de 419 ou [&hellip;]","og_url":"https:\/\/www.oarcanjo.net\/site\/dia-da-biblia\/","og_site_name":"O Arcanjo no ar","article_publisher":"https:\/\/www.facebook.com\/OArcanjoNoAr\/","article_published_time":"2009-09-27T10:03:44+00:00","article_modified_time":"2009-09-26T11:07:25+00:00","og_image":[{"width":300,"height":300,"url":"https:\/\/www.oarcanjo.net\/site\/wp-content\/uploads\/logo-o-arcanjo-no-ar-facebook.png","type":"image\/png"}],"author":"editor","twitter_card":"summary_large_image","twitter_misc":{"Escrito por":"editor","Est. tempo de leitura":"4 minutos"},"schema":{"@context":"https:\/\/schema.org","@graph":[{"@type":"Article","@id":"https:\/\/www.oarcanjo.net\/site\/dia-da-biblia\/#article","isPartOf":{"@id":"https:\/\/www.oarcanjo.net\/site\/dia-da-biblia\/"},"author":{"name":"editor","@id":"https:\/\/www.oarcanjo.net\/site\/#\/schema\/person\/f7024d007863202483a31326673a0838"},"headline":"Dia da B\u00edblia","datePublished":"2009-09-27T10:03:44+00:00","dateModified":"2009-09-26T11:07:25+00:00","mainEntityOfPage":{"@id":"https:\/\/www.oarcanjo.net\/site\/dia-da-biblia\/"},"wordCount":754,"commentCount":2,"publisher":{"@id":"https:\/\/www.oarcanjo.net\/site\/#organization"},"keywords":["Dia da B\u00edblia","Palavra de Deus","S\u00e3o Jer\u00f4nimo"],"articleSection":["Not\u00edcias"],"inLanguage":"pt-BR","potentialAction":[{"@type":"CommentAction","name":"Comment","target":["https:\/\/www.oarcanjo.net\/site\/dia-da-biblia\/#respond"]}]},{"@type":"WebPage","@id":"https:\/\/www.oarcanjo.net\/site\/dia-da-biblia\/","url":"https:\/\/www.oarcanjo.net\/site\/dia-da-biblia\/","name":"Dia da B\u00edblia - O Arcanjo no ar","isPartOf":{"@id":"https:\/\/www.oarcanjo.net\/site\/#website"},"datePublished":"2009-09-27T10:03:44+00:00","dateModified":"2009-09-26T11:07:25+00:00","breadcrumb":{"@id":"https:\/\/www.oarcanjo.net\/site\/dia-da-biblia\/#breadcrumb"},"inLanguage":"pt-BR","potentialAction":[{"@type":"ReadAction","target":["https:\/\/www.oarcanjo.net\/site\/dia-da-biblia\/"]}]},{"@type":"BreadcrumbList","@id":"https:\/\/www.oarcanjo.net\/site\/dia-da-biblia\/#breadcrumb","itemListElement":[{"@type":"ListItem","position":1,"name":"In\u00edcio","item":"https:\/\/www.oarcanjo.net\/site\/"},{"@type":"ListItem","position":2,"name":"Dia da B\u00edblia"}]},{"@type":"WebSite","@id":"https:\/\/www.oarcanjo.net\/site\/#website","url":"https:\/\/www.oarcanjo.net\/site\/","name":"O Arcanjo no ar","description":"Site da Par\u00f3quia S\u00e3o Miguel Arcanjo (Arquidiocese de SP)","publisher":{"@id":"https:\/\/www.oarcanjo.net\/site\/#organization"},"potentialAction":[{"@type":"SearchAction","target":{"@type":"EntryPoint","urlTemplate":"https:\/\/www.oarcanjo.net\/site\/?s={search_term_string}"},"query-input":{"@type":"PropertyValueSpecification","valueRequired":true,"valueName":"search_term_string"}}],"inLanguage":"pt-BR"},{"@type":"Organization","@id":"https:\/\/www.oarcanjo.net\/site\/#organization","name":"Par\u00f3quia S\u00e3o Miguel Arcanjo","url":"https:\/\/www.oarcanjo.net\/site\/","logo":{"@type":"ImageObject","inLanguage":"pt-BR","@id":"https:\/\/www.oarcanjo.net\/site\/#\/schema\/logo\/image\/","url":"https:\/\/www.oarcanjo.net\/site\/wp-content\/uploads\/LogoOArcanjo.png","contentUrl":"https:\/\/www.oarcanjo.net\/site\/wp-content\/uploads\/LogoOArcanjo.png","width":319,"height":99,"caption":"Par\u00f3quia S\u00e3o Miguel Arcanjo"},"image":{"@id":"https:\/\/www.oarcanjo.net\/site\/#\/schema\/logo\/image\/"},"sameAs":["https:\/\/www.facebook.com\/OArcanjoNoAr\/"]},{"@type":"Person","@id":"https:\/\/www.oarcanjo.net\/site\/#\/schema\/person\/f7024d007863202483a31326673a0838","name":"editor","sameAs":["http:\/\/www.oarcanjo.net"]}]}},"publishpress_future_action":{"enabled":false,"date":"2026-05-09 06:50:54","action":"category","newStatus":"draft","terms":[],"taxonomy":"category"},"publishpress_future_workflow_manual_trigger":{"enabledWorkflows":[]},"_links":{"self":[{"href":"https:\/\/www.oarcanjo.net\/site\/wp-json\/wp\/v2\/posts\/5347"}],"collection":[{"href":"https:\/\/www.oarcanjo.net\/site\/wp-json\/wp\/v2\/posts"}],"about":[{"href":"https:\/\/www.oarcanjo.net\/site\/wp-json\/wp\/v2\/types\/post"}],"author":[{"embeddable":true,"href":"https:\/\/www.oarcanjo.net\/site\/wp-json\/wp\/v2\/users\/5"}],"replies":[{"embeddable":true,"href":"https:\/\/www.oarcanjo.net\/site\/wp-json\/wp\/v2\/comments?post=5347"}],"version-history":[{"count":0,"href":"https:\/\/www.oarcanjo.net\/site\/wp-json\/wp\/v2\/posts\/5347\/revisions"}],"wp:attachment":[{"href":"https:\/\/www.oarcanjo.net\/site\/wp-json\/wp\/v2\/media?parent=5347"}],"wp:term":[{"taxonomy":"category","embeddable":true,"href":"https:\/\/www.oarcanjo.net\/site\/wp-json\/wp\/v2\/categories?post=5347"},{"taxonomy":"post_tag","embeddable":true,"href":"https:\/\/www.oarcanjo.net\/site\/wp-json\/wp\/v2\/tags?post=5347"}],"curies":[{"name":"wp","href":"https:\/\/api.w.org\/{rel}","templated":true}]}}