
{"id":53509,"date":"2014-10-29T21:50:12","date_gmt":"2014-10-29T23:50:12","guid":{"rendered":"http:\/\/www.oarcanjo.net\/site\/?p=53509"},"modified":"2014-11-17T21:24:31","modified_gmt":"2014-11-17T23:24:31","slug":"discurso-do-papa-francisco-no-encerramento-do-sinodo","status":"publish","type":"post","link":"https:\/\/www.oarcanjo.net\/site\/discurso-do-papa-francisco-no-encerramento-do-sinodo\/","title":{"rendered":"Discurso do Papa Francisco no encerramento do S\u00ednodo"},"content":{"rendered":"<p style=\"text-align: left;\" align=\"center\"><i><span style=\"color: #663300;\">Aula do S\u00ednodo<br \/>\nS\u00e1bado, 18 de Outubro de 2014<\/span><\/i><\/p>\n<p><i>Emin\u00eancias, Beatitudes, Excel\u00eancias,<br \/>\nirm\u00e3os e irm\u00e3s,<\/i><\/p>\n<p>\u00c9 com o cora\u00e7\u00e3o cheio de reconhecimento e gratid\u00e3o que gostaria de dar gra\u00e7as, juntamente convosco, ao Senhor que nos acompanhou e orientou ao longo dos dias passados, com a luz do Esp\u00edrito Santo!<\/p>\n<p>Agrade\u00e7o de cora\u00e7\u00e3o ao senhor cardeal Lorenzo Baldisseri, secret\u00e1rio-geral do S\u00ednodo, a D. F\u00e1bio Fabene, subsecret\u00e1rio, e, com eles, agrade\u00e7o ao relator, senhor cardeal P\u00e9ter Erd\u0151, que trabalhou muito mesmo em dias de luto familiar, bem como ao secret\u00e1rio especial, D. Bruno Forte, aos tr\u00eas presidentes delegados, aos escritores, consultores, tradutores e pessoas an\u00f3nimas, enfim a todos aqueles que nos bastidores trabalharam com verdadeira fidelidade, com dedica\u00e7\u00e3o total \u00e0 Igreja e sem descanso: <i>muito obrigado!<\/i><\/p>\n<p>Estou grato de igual modo a todos v\u00f3s, amados padres sinodais, delegados fraternos, auditoras, auditores e assessores, pela vossa participa\u00e7\u00e3o concreta e frutuosa. Rezarei por v\u00f3s, pedindo ao Senhor que vos recompense com a abund\u00e2ncia dos seus dons de gra\u00e7a!<\/p>\n<p>Posso tranquilamente afirmar que \u2014 com um esp\u00edrito de colegialidade e de <i>sinodalidade<\/i> \u2014 vivemos verdadeiramente uma experi\u00eancia de \u00abS\u00ednodo\u00bb, um percurso solid\u00e1rio, um \u00ab<i>caminho conjunto<\/i>\u00bb. E, como acontece em todo o caminho \u2014dado que se tratou de um \u00abcaminho\u00bb \u2014, houve momentos de corrida apressada, como se se quisesse vencer o tempo e chegar quanto antes \u00e0 meta; momentos de cansa\u00e7o, como se se quisesse dizer basta; e outros momentos de entusiasmo e ardor. Houve momentos de profunda consola\u00e7\u00e3o, ouvindo o testemunho de aut\u00eanticos pastores (cf. <i>Jo<\/i> 10 e c\u00e2nn. 375, 386 e 387), que trazem sabiamente no cora\u00e7\u00e3o as alegrias e as l\u00e1grimas dos seus fi\u00e9is. Momentos de consola\u00e7\u00e3o, gra\u00e7a e conforto, ouvindo os testemunhos das fam\u00edlias que participaram no S\u00ednodo e compartilharam connosco a beleza e a alegria da sua vida matrimonial. Um caminho onde o mais forte se sentiu no dever de ajudar o menos forte, onde o mais perito se prestou para servir os demais, inclusive atrav\u00e9s de confrontos. Mas, tratando-se de um caminho de homens, juntamente com as consola\u00e7\u00f5es houve tamb\u00e9m momentos de desola\u00e7\u00e3o, de tens\u00e3o e de tenta\u00e7\u00f5es, das quais poder\u00edamos mencionar algumas possibilidades:<\/p>\n<p>\u2014 uma: a tenta\u00e7\u00e3o do <i>endurecimento hostil<\/i>, ou seja, o desejo de se fechar dentro daquilo que est\u00e1 escrito (<i>a letra<\/i>) sem se deixar surpreender por Deus, pelo Deus das surpresas (<i>o esp\u00edrito<\/i>); dentro da lei, dentro da certeza daquilo que j\u00e1 conhecemos, e n\u00e3o do que ainda devemos aprender e alcan\u00e7ar. Desde a \u00e9poca de Jesus, \u00e9 a tenta\u00e7\u00e3o dos zelantes, dos escrupulosos, dos cautelosos e dos chamados \u2014 hoje \u2014 \u00ab<i>tradicionalistas<\/i>\u00bb, e tamb\u00e9m dos intelectualistas.<\/p>\n<p>\u2014 A tenta\u00e7\u00e3o da <i>bonacheirice<\/i> <i>destrutiva<\/i>, que em nome de uma miseric\u00f3rdia enganadora liga as feridas sem antes as curar e medicar; que trata os sintomas e n\u00e3o as causas nem as ra\u00edzes. \u00c9 a tenta\u00e7\u00e3o dos \u00abbonacheiristas\u00bb, dos temerosos e tamb\u00e9m dos chamados \u00ab<i>progressistas e liberalistas<\/i>\u00bb.<\/p>\n<p>\u2014 A tenta\u00e7\u00e3o de transformar <i>a pedra em p\u00e3o<\/i> para interromper um jejum prolongado, pesado e doloroso (cf. <i>Lc<\/i> 4, 1-4) e tamb\u00e9m de transformar <i>o p\u00e3o em pedra<\/i> e lan\u00e7\u00e1-la contra os pecadores, os fr\u00e1geis e os doentes (cf. <i>Jo<\/i> 8, 7), ou seja, de o transformar em \u00abfardos insuport\u00e1veis\u00bb (<i>Lc<\/i> 10, 27).<\/p>\n<p>\u2014 A tenta\u00e7\u00e3o de descer da cruz, para contentar as massas, e n\u00e3o permanecer nela, para cumprir a vontade do Pai; de ceder ao esp\u00edrito mundano, em vez de o purificar e de o sujeitar ao Esp\u00edrito de Deus.<\/p>\n<p>\u2014 A tenta\u00e7\u00e3o de descuidar o \u00ab<i>depositum fidei<\/i>\u00bb, considerando-se n\u00e3o guardi\u00f5es mas propriet\u00e1rios e senhores ou, por outro lado, a tenta\u00e7\u00e3o de descuidar a realidade, recorrendo a uma terminologia minuciosa e uma linguagem burilada, para falar de muitas coisas sem nada dizer! Acho que a isto se chamava \u00abbizantinismos\u00bb&#8230;<\/p>\n<p>Caros irm\u00e3os e irm\u00e3s, as tenta\u00e7\u00f5es n\u00e3o nos devem assustar nem desconcertar e menos ainda desanimar, porque nenhum disc\u00edpulo \u00e9 maior que o seu mestre; portanto, se o pr\u00f3prio Jesus foi tentado \u2014 e at\u00e9 chamado Belzebu (cf. <i>Mt<\/i> 12, 24) \u2014 os seus disc\u00edpulos n\u00e3o devem esperar um tratamento melhor.<\/p>\n<p>Pessoalmente, ficaria muito preocupado e triste, se n\u00e3o tivesse havido estas tenta\u00e7\u00f5es e estes debates animados \u2013 este movimento dos esp\u00edritos, como lhe chamava Santo In\u00e1cio (cf. <i>EE<\/i>, 6) \u2013, se todos tivessem estado de acordo ou ficassem taciturnos numa paz falsa e quietista. Ao contr\u00e1rio, vi e ouvi \u2014 com alegria e reconhecimento \u2014 discursos e interven\u00e7\u00f5es cheios de f\u00e9, de zelo pastoral e doutrinal, de sabedoria, de desassombro, de coragem e de <i>parresia<\/i>. E senti que, diante dos pr\u00f3prios olhos, se tinha o bem da Igreja, das fam\u00edlias e a \u00ab<i>suprema lex<\/i>\u00bb, a \u00ab<i>salus animarum<\/i>\u00bb (cf. c\u00e2n. 1752). E isto \u2014 j\u00e1 o dissemos aqui na Sala \u2014 sem nunca se p\u00f4r em discuss\u00e3o as verdades fundamentais do sacramento do Matrim\u00f3nio: a indissolubilidade, a unidade, a fidelidade e a procria\u00e7\u00e3o, ou seja, a abertura \u00e0 vida (cf. c\u00e2nn. 1055 e 1056; <i><a title=\"Gaudium et Spes\" href=\"http:\/\/www.vatican.va\/archive\/hist_councils\/ii_vatican_council\/documents\/vat-ii_const_19651207_gaudium-et-spes_po.html\" target=\"_blank\">Gaudium et Spes<\/a><\/i>, 48).<\/p>\n<p>E esta \u00e9 a Igreja, a vinha do Senhor, a M\u00e3e fecunda e a Mestra sol\u00edcita, que n\u00e3o tem medo de arrega\u00e7ar as mangas para derramar o azeite e o vinho sobre as feridas dos homens (cf. <i>Lc<\/i> 10, 25-37); que n\u00e3o observa a humanidade a partir de um castelo de vidro para julgar ou classificar as pessoas. Esta \u00e9 a Igreja Una, Santa, Cat\u00f3lica, Apost\u00f3lica e formada por pecadores, necessitados da sua miseric\u00f3rdia. Esta \u00e9 a Igreja, a verdadeira Esposa de Cristo, que procura ser fiel ao seu Esposo e \u00e0 sua doutrina. \u00c9 a Igreja que n\u00e3o tem medo de comer e beber com as prostitutas e os publicanos (cf. <i>Lc<\/i> \u00a015). A Igreja que tem as suas portas escancaradas para receber os necessitados, os arrependidos, e n\u00e3o apenas os justos ou aqueles que se julgam perfeitos! A Igreja que n\u00e3o se envergonha do irm\u00e3o ca\u00eddo nem finge que n\u00e3o o v\u00ea, antes pelo contr\u00e1rio sente-se comprometida e quase obrigada a levant\u00e1-lo e a encoraj\u00e1-lo a retomar o caminho, acompanhando-o rumo ao encontro definitivo, com o seu Esposo, na Jerusal\u00e9m celeste.<\/p>\n<p>Esta \u00e9 a Igreja, a nossa M\u00e3e! E quando a Igreja, na variedade dos seus carismas, se exprime em comunh\u00e3o, n\u00e3o pode errar: \u00e9 a beleza e a for\u00e7a do <i>sensus fidei<\/i>, daquele sentido sobrenatural da f\u00e9, que \u00e9 conferido pelo Esp\u00edrito Santo a fim de que, juntos, possamos todos entrar no \u00e2mago do Evangelho e aprender a seguir Jesus na nossa vida, e isto n\u00e3o deve ser visto como motivo de confus\u00e3o e mal-estar.<\/p>\n<p>Muitos comentadores, ou pessoas que falam, imaginaram ver uma Igreja em lit\u00edgio, na qual uma parte est\u00e1 contra a outra, duvidando at\u00e9 do Esp\u00edrito Santo, o verdadeiro promotor e garante da unidade e da harmonia na Igreja. O Esp\u00edrito Santo, que ao longo da hist\u00f3ria sempre guiou a barca, atrav\u00e9s dos seus Ministros, mesmo quando o mar se mostrava contr\u00e1rio e agitado, e os ministros eram infi\u00e9is e pecadores.<\/p>\n<p>E, como ousei dizer-vos no in\u00edcio, era necess\u00e1rio viver tudo isto com tranquilidade, com paz interior, inclusivamente porque o S\u00ednodo se realiza <i>cum Petro et sub Petro<\/i>, e a presen\u00e7a do Papa \u00e9 garantia para todos.<\/p>\n<p>Agora, falemos um pouco do Papa na sua rela\u00e7\u00e3o com os bispos&#8230; Ora, a tarefa do Papa \u00e9 garantir a unidade da Igreja; \u00e9 recordar aos pastores que o seu primeiro dever \u00e9 alimentar a grei \u2014 nutrir o rebanho \u2014 que o Senhor lhes confiou e procurar receber \u2014 com paternidade e miseric\u00f3rdia, e sem falsos temores \u2014 as ovelhas tresmalhadas. Aqui enganei-me: disse receber, mas queria dizer ir ao seu encontro!<\/p>\n<p>A sua tarefa \u00e9 recordar a todos que na Igreja a autoridade \u00e9 servi\u00e7o (cf. <i>Mc<\/i> 9, 33-35), como explicou com clareza o <a title=\"Papa Bento XVI\" href=\"http:\/\/www.vatican.va\/holy_father\/benedict_xvi\/index_po.htm\" target=\"_blank\">Papa Bento XVI<\/a>, com palavras que cito textualmente: \u00abA Igreja est\u00e1 chamada e compromete-se a exercer este tipo de autoridade que \u00e9 servi\u00e7o, e exerce-a n\u00e3o em seu nome, mas no de Jesus Cristo&#8230; De facto, atrav\u00e9s dos Pastores da Igreja, Cristo apascenta a sua grei: \u00e9 Ele quem a guia, protege e corrige, porque a ama profundamente. Mas o Senhor Jesus, Pastor supremo das nossas almas, quis que o Col\u00e9gio Apost\u00f3lico, hoje os Bispos, em comunh\u00e3o com o Sucessor de Pedro&#8230; participassem nesta sua miss\u00e3o de cuidar do Povo de Deus, de ser educadores na f\u00e9, orientando, animando e apoiando a comunidade crist\u00e3 ou, como diz o Conc\u00edlio, \u201c<i>cuidar que cada fiel seja levado, no Esp\u00edrito Santo, a cultivar a pr\u00f3pria voca\u00e7\u00e3o segundo o Evangelho, a uma caridade sincera e operosa e \u00e0 liberdade com que Cristo nos libertou<\/i>\u201d (<i><a title=\"Presbyterorum Ordinis\" href=\"http:\/\/www.vatican.va\/archive\/hist_councils\/ii_vatican_council\/documents\/vat-ii_decree_19651207_presbyterorum-ordinis_po.html\" target=\"_blank\">Presbyterorum Ordinis<\/a><\/i>, 6)&#8230; \u00e9 atrav\u00e9s de n\u00f3s \u2014 continua o Papa Bento \u2014 que o Senhor alcan\u00e7a as almas, que as instrui, guarda e guia. Santo Agostinho, no seu Coment\u00e1rio ao Evangelho de S\u00e3o Jo\u00e3o, diz: \u201c<i>Seja, portanto, compromisso de amor apascentar o rebanho do Senhor<\/i>\u201d (123, 5); esta \u00e9 a norma suprema de conduta dos ministros de Deus, um amor incondicional, como o do Bom Pastor, cheio de alegria, aberto a todos, atento aos que est\u00e3o perto e sol\u00edcito pelos afastados (cf. Santo Agostinho, Discurso 340, 1; Discurso 46, 15), delicado para com os mais d\u00e9beis, os pequeninos, os simples, os pecadores, para manifestar a miseric\u00f3rdia infinita de Deus com as palavras alentadoras da esperan\u00e7a (cf. <i>Id<\/i>., Carta 95, 1)\u00bb (Bento XVI, <a title=\"Audi\u00eancia geral de quarta-feira, 26 de Maio de 2010\" href=\"http:\/\/www.vatican.va\/holy_father\/benedict_xvi\/audiences\/2010\/documents\/hf_ben-xvi_aud_20100526_po.html\" target=\"_blank\">Audi\u00eancia geral de quarta-feira, 26 de Maio de 2010<\/a>).<\/p>\n<p>Por conseguinte, a Igreja \u00e9 de Cristo \u2014 \u00e9 a sua Esposa \u2014 e todos os bispos, em comunh\u00e3o com o Sucessor de Pedro, t\u00eam a miss\u00e3o e o dever de a guardar e servir, n\u00e3o como <i>patr\u00f5es<\/i> mas como <i>servidores<\/i>. Neste contexto, o Papa n\u00e3o \u00e9 o <i>senhor supremo<\/i> mas, ao contr\u00e1rio, o <i>supremo servidor<\/i> \u2014 o \u00ab<i>servus servorum Dei<\/i>\u00bb; o garante da obedi\u00eancia e da conformidade da Igreja com a vontade de Deus, o Evangelho de Cristo e a Tradi\u00e7\u00e3o da Igreja, pondo de lado qualquer arb\u00edtrio pessoal, embora seja \u2014 por vontade do pr\u00f3prio Cristo \u2014 o \u00ab<i>supremo Pastor e Doutor de todos os fi\u00e9is<\/i>\u00bb (c\u00e2n. 749), e goze \u00ab<i>na Igreja de poder ordin\u00e1rio, supremo, pleno, imediato e universal<\/i>\u00bb (cf. c\u00e2nn. 331-334).<\/p>\n<p>Agora, caros irm\u00e3os e irm\u00e3s, temos ainda um ano para maturar, com verdadeiro discernimento espiritual, as ideias propostas e encontrar solu\u00e7\u00f5es concretas para tantas dificuldades e os in\u00fameros desafios que as fam\u00edlias devem enfrentar; para dar resposta aos numerosos motivos de des\u00e2nimo que envolvem e sufocam as fam\u00edlias.<\/p>\n<p>Um ano para trabalhar sobre a \u00ab<i>Relatio synodi<\/i>\u00bb, que \u00e9 o resumo fiel e claro de tudo aquilo que foi dito e debatido nesta Sala e nos c\u00edrculos menores. E \u00e9 apresentada \u00e0s Confer\u00eancias Episcopais como \u00abLineamenta\u00bb.<\/p>\n<p>Que o Senhor nos acompanhe, nos guie neste percurso, para gl\u00f3ria do seu Nome, com a intercess\u00e3o da Bem-Aventurada Virgem Maria e de S\u00e3o Jos\u00e9! E, por favor, n\u00e3o vos esque\u00e7ais de rezar por mim!<\/p>\n<div id=\"themify_builder_content-53509\" data-postid=\"53509\" class=\"themify_builder_content themify_builder_content-53509 themify_builder themify_builder_front\">\n\t<\/div>\n<!-- \/themify_builder_content -->","protected":false},"excerpt":{"rendered":"<p>Aula do S\u00ednodo S\u00e1bado, 18 de Outubro de 2014 Emin\u00eancias, Beatitudes, Excel\u00eancias, irm\u00e3os e irm\u00e3s, \u00c9 com o cora\u00e7\u00e3o cheio de reconhecimento e gratid\u00e3o que gostaria de dar gra\u00e7as, juntamente convosco, ao Senhor que nos acompanhou e orientou ao longo dos dias passados, com a luz do Esp\u00edrito Santo! Agrade\u00e7o de cora\u00e7\u00e3o ao senhor cardeal [&hellip;]<\/p>\n","protected":false},"author":3,"featured_media":53512,"comment_status":"open","ping_status":"open","sticky":false,"template":"","format":"standard","meta":{"ngg_post_thumbnail":0,"footnotes":""},"categories":[8],"tags":[119,2433,32],"yoast_head":"<!-- This site is optimized with the Yoast SEO plugin v23.5 - https:\/\/yoast.com\/wordpress\/plugins\/seo\/ -->\n<title>Discurso do Papa Francisco no encerramento do S\u00ednodo - O Arcanjo no ar<\/title>\n<meta name=\"robots\" content=\"index, follow, max-snippet:-1, max-image-preview:large, max-video-preview:-1\" \/>\n<link rel=\"canonical\" href=\"https:\/\/www.oarcanjo.net\/site\/discurso-do-papa-francisco-no-encerramento-do-sinodo\/\" \/>\n<meta property=\"og:locale\" content=\"pt_BR\" \/>\n<meta property=\"og:type\" content=\"article\" \/>\n<meta property=\"og:title\" content=\"Discurso do Papa Francisco no encerramento do S\u00ednodo - O Arcanjo no ar\" \/>\n<meta property=\"og:description\" content=\"Aula do S\u00ednodo S\u00e1bado, 18 de Outubro de 2014 Emin\u00eancias, Beatitudes, Excel\u00eancias, irm\u00e3os e irm\u00e3s, \u00c9 com o cora\u00e7\u00e3o cheio de reconhecimento e gratid\u00e3o que gostaria de dar gra\u00e7as, juntamente convosco, ao Senhor que nos acompanhou e orientou ao longo dos dias passados, com a luz do Esp\u00edrito Santo! Agrade\u00e7o de cora\u00e7\u00e3o ao senhor cardeal [&hellip;]\" \/>\n<meta property=\"og:url\" content=\"https:\/\/www.oarcanjo.net\/site\/discurso-do-papa-francisco-no-encerramento-do-sinodo\/\" \/>\n<meta property=\"og:site_name\" content=\"O Arcanjo no ar\" \/>\n<meta property=\"article:publisher\" content=\"https:\/\/www.facebook.com\/OArcanjoNoAr\/\" \/>\n<meta property=\"article:published_time\" content=\"2014-10-29T23:50:12+00:00\" \/>\n<meta property=\"article:modified_time\" content=\"2014-11-17T23:24:31+00:00\" \/>\n<meta property=\"og:image\" content=\"https:\/\/www.oarcanjo.net\/site\/wp-content\/uploads\/banner-mensagem-sinodo-out-20141.jpg\" \/>\n\t<meta property=\"og:image:width\" content=\"600\" \/>\n\t<meta property=\"og:image:height\" content=\"250\" \/>\n\t<meta property=\"og:image:type\" content=\"image\/jpeg\" \/>\n<meta name=\"author\" content=\"miriam.meyer\" \/>\n<meta name=\"twitter:card\" content=\"summary_large_image\" \/>\n<meta name=\"twitter:label1\" content=\"Escrito por\" \/>\n\t<meta name=\"twitter:data1\" content=\"miriam.meyer\" \/>\n\t<meta name=\"twitter:label2\" content=\"Est. tempo de leitura\" \/>\n\t<meta name=\"twitter:data2\" content=\"9 minutos\" \/>\n<script type=\"application\/ld+json\" class=\"yoast-schema-graph\">{\"@context\":\"https:\/\/schema.org\",\"@graph\":[{\"@type\":\"Article\",\"@id\":\"https:\/\/www.oarcanjo.net\/site\/discurso-do-papa-francisco-no-encerramento-do-sinodo\/#article\",\"isPartOf\":{\"@id\":\"https:\/\/www.oarcanjo.net\/site\/discurso-do-papa-francisco-no-encerramento-do-sinodo\/\"},\"author\":{\"name\":\"miriam.meyer\",\"@id\":\"https:\/\/www.oarcanjo.net\/site\/#\/schema\/person\/ce0fba3450314a09c6442cfee983a3d8\"},\"headline\":\"Discurso do Papa Francisco no encerramento do S\u00ednodo\",\"datePublished\":\"2014-10-29T23:50:12+00:00\",\"dateModified\":\"2014-11-17T23:24:31+00:00\",\"mainEntityOfPage\":{\"@id\":\"https:\/\/www.oarcanjo.net\/site\/discurso-do-papa-francisco-no-encerramento-do-sinodo\/\"},\"wordCount\":1901,\"commentCount\":0,\"publisher\":{\"@id\":\"https:\/\/www.oarcanjo.net\/site\/#organization\"},\"image\":{\"@id\":\"https:\/\/www.oarcanjo.net\/site\/discurso-do-papa-francisco-no-encerramento-do-sinodo\/#primaryimage\"},\"thumbnailUrl\":\"https:\/\/www.oarcanjo.net\/site\/wp-content\/uploads\/banner-mensagem-sinodo-out-20141.jpg\",\"keywords\":[\"fam\u00edlia\",\"Papa Francisco\",\"s\u00ednodo\"],\"articleSection\":[\"Not\u00edcias\"],\"inLanguage\":\"pt-BR\",\"potentialAction\":[{\"@type\":\"CommentAction\",\"name\":\"Comment\",\"target\":[\"https:\/\/www.oarcanjo.net\/site\/discurso-do-papa-francisco-no-encerramento-do-sinodo\/#respond\"]}]},{\"@type\":\"WebPage\",\"@id\":\"https:\/\/www.oarcanjo.net\/site\/discurso-do-papa-francisco-no-encerramento-do-sinodo\/\",\"url\":\"https:\/\/www.oarcanjo.net\/site\/discurso-do-papa-francisco-no-encerramento-do-sinodo\/\",\"name\":\"Discurso do Papa Francisco no encerramento do S\u00ednodo - O Arcanjo no ar\",\"isPartOf\":{\"@id\":\"https:\/\/www.oarcanjo.net\/site\/#website\"},\"primaryImageOfPage\":{\"@id\":\"https:\/\/www.oarcanjo.net\/site\/discurso-do-papa-francisco-no-encerramento-do-sinodo\/#primaryimage\"},\"image\":{\"@id\":\"https:\/\/www.oarcanjo.net\/site\/discurso-do-papa-francisco-no-encerramento-do-sinodo\/#primaryimage\"},\"thumbnailUrl\":\"https:\/\/www.oarcanjo.net\/site\/wp-content\/uploads\/banner-mensagem-sinodo-out-20141.jpg\",\"datePublished\":\"2014-10-29T23:50:12+00:00\",\"dateModified\":\"2014-11-17T23:24:31+00:00\",\"breadcrumb\":{\"@id\":\"https:\/\/www.oarcanjo.net\/site\/discurso-do-papa-francisco-no-encerramento-do-sinodo\/#breadcrumb\"},\"inLanguage\":\"pt-BR\",\"potentialAction\":[{\"@type\":\"ReadAction\",\"target\":[\"https:\/\/www.oarcanjo.net\/site\/discurso-do-papa-francisco-no-encerramento-do-sinodo\/\"]}]},{\"@type\":\"ImageObject\",\"inLanguage\":\"pt-BR\",\"@id\":\"https:\/\/www.oarcanjo.net\/site\/discurso-do-papa-francisco-no-encerramento-do-sinodo\/#primaryimage\",\"url\":\"https:\/\/www.oarcanjo.net\/site\/wp-content\/uploads\/banner-mensagem-sinodo-out-20141.jpg\",\"contentUrl\":\"https:\/\/www.oarcanjo.net\/site\/wp-content\/uploads\/banner-mensagem-sinodo-out-20141.jpg\",\"width\":600,\"height\":250},{\"@type\":\"BreadcrumbList\",\"@id\":\"https:\/\/www.oarcanjo.net\/site\/discurso-do-papa-francisco-no-encerramento-do-sinodo\/#breadcrumb\",\"itemListElement\":[{\"@type\":\"ListItem\",\"position\":1,\"name\":\"In\u00edcio\",\"item\":\"https:\/\/www.oarcanjo.net\/site\/\"},{\"@type\":\"ListItem\",\"position\":2,\"name\":\"Discurso do Papa Francisco no encerramento do S\u00ednodo\"}]},{\"@type\":\"WebSite\",\"@id\":\"https:\/\/www.oarcanjo.net\/site\/#website\",\"url\":\"https:\/\/www.oarcanjo.net\/site\/\",\"name\":\"O Arcanjo no ar\",\"description\":\"Site da Par\u00f3quia S\u00e3o Miguel Arcanjo (Arquidiocese de SP)\",\"publisher\":{\"@id\":\"https:\/\/www.oarcanjo.net\/site\/#organization\"},\"potentialAction\":[{\"@type\":\"SearchAction\",\"target\":{\"@type\":\"EntryPoint\",\"urlTemplate\":\"https:\/\/www.oarcanjo.net\/site\/?s={search_term_string}\"},\"query-input\":{\"@type\":\"PropertyValueSpecification\",\"valueRequired\":true,\"valueName\":\"search_term_string\"}}],\"inLanguage\":\"pt-BR\"},{\"@type\":\"Organization\",\"@id\":\"https:\/\/www.oarcanjo.net\/site\/#organization\",\"name\":\"Par\u00f3quia S\u00e3o Miguel Arcanjo\",\"url\":\"https:\/\/www.oarcanjo.net\/site\/\",\"logo\":{\"@type\":\"ImageObject\",\"inLanguage\":\"pt-BR\",\"@id\":\"https:\/\/www.oarcanjo.net\/site\/#\/schema\/logo\/image\/\",\"url\":\"https:\/\/www.oarcanjo.net\/site\/wp-content\/uploads\/LogoOArcanjo.png\",\"contentUrl\":\"https:\/\/www.oarcanjo.net\/site\/wp-content\/uploads\/LogoOArcanjo.png\",\"width\":319,\"height\":99,\"caption\":\"Par\u00f3quia S\u00e3o Miguel Arcanjo\"},\"image\":{\"@id\":\"https:\/\/www.oarcanjo.net\/site\/#\/schema\/logo\/image\/\"},\"sameAs\":[\"https:\/\/www.facebook.com\/OArcanjoNoAr\/\"]},{\"@type\":\"Person\",\"@id\":\"https:\/\/www.oarcanjo.net\/site\/#\/schema\/person\/ce0fba3450314a09c6442cfee983a3d8\",\"name\":\"miriam.meyer\"}]}<\/script>\n<!-- \/ Yoast SEO plugin. -->","yoast_head_json":{"title":"Discurso do Papa Francisco no encerramento do S\u00ednodo - O Arcanjo no ar","robots":{"index":"index","follow":"follow","max-snippet":"max-snippet:-1","max-image-preview":"max-image-preview:large","max-video-preview":"max-video-preview:-1"},"canonical":"https:\/\/www.oarcanjo.net\/site\/discurso-do-papa-francisco-no-encerramento-do-sinodo\/","og_locale":"pt_BR","og_type":"article","og_title":"Discurso do Papa Francisco no encerramento do S\u00ednodo - O Arcanjo no ar","og_description":"Aula do S\u00ednodo S\u00e1bado, 18 de Outubro de 2014 Emin\u00eancias, Beatitudes, Excel\u00eancias, irm\u00e3os e irm\u00e3s, \u00c9 com o cora\u00e7\u00e3o cheio de reconhecimento e gratid\u00e3o que gostaria de dar gra\u00e7as, juntamente convosco, ao Senhor que nos acompanhou e orientou ao longo dos dias passados, com a luz do Esp\u00edrito Santo! Agrade\u00e7o de cora\u00e7\u00e3o ao senhor cardeal [&hellip;]","og_url":"https:\/\/www.oarcanjo.net\/site\/discurso-do-papa-francisco-no-encerramento-do-sinodo\/","og_site_name":"O Arcanjo no ar","article_publisher":"https:\/\/www.facebook.com\/OArcanjoNoAr\/","article_published_time":"2014-10-29T23:50:12+00:00","article_modified_time":"2014-11-17T23:24:31+00:00","og_image":[{"width":600,"height":250,"url":"https:\/\/www.oarcanjo.net\/site\/wp-content\/uploads\/banner-mensagem-sinodo-out-20141.jpg","type":"image\/jpeg"}],"author":"miriam.meyer","twitter_card":"summary_large_image","twitter_misc":{"Escrito por":"miriam.meyer","Est. tempo de leitura":"9 minutos"},"schema":{"@context":"https:\/\/schema.org","@graph":[{"@type":"Article","@id":"https:\/\/www.oarcanjo.net\/site\/discurso-do-papa-francisco-no-encerramento-do-sinodo\/#article","isPartOf":{"@id":"https:\/\/www.oarcanjo.net\/site\/discurso-do-papa-francisco-no-encerramento-do-sinodo\/"},"author":{"name":"miriam.meyer","@id":"https:\/\/www.oarcanjo.net\/site\/#\/schema\/person\/ce0fba3450314a09c6442cfee983a3d8"},"headline":"Discurso do Papa Francisco no encerramento do S\u00ednodo","datePublished":"2014-10-29T23:50:12+00:00","dateModified":"2014-11-17T23:24:31+00:00","mainEntityOfPage":{"@id":"https:\/\/www.oarcanjo.net\/site\/discurso-do-papa-francisco-no-encerramento-do-sinodo\/"},"wordCount":1901,"commentCount":0,"publisher":{"@id":"https:\/\/www.oarcanjo.net\/site\/#organization"},"image":{"@id":"https:\/\/www.oarcanjo.net\/site\/discurso-do-papa-francisco-no-encerramento-do-sinodo\/#primaryimage"},"thumbnailUrl":"https:\/\/www.oarcanjo.net\/site\/wp-content\/uploads\/banner-mensagem-sinodo-out-20141.jpg","keywords":["fam\u00edlia","Papa Francisco","s\u00ednodo"],"articleSection":["Not\u00edcias"],"inLanguage":"pt-BR","potentialAction":[{"@type":"CommentAction","name":"Comment","target":["https:\/\/www.oarcanjo.net\/site\/discurso-do-papa-francisco-no-encerramento-do-sinodo\/#respond"]}]},{"@type":"WebPage","@id":"https:\/\/www.oarcanjo.net\/site\/discurso-do-papa-francisco-no-encerramento-do-sinodo\/","url":"https:\/\/www.oarcanjo.net\/site\/discurso-do-papa-francisco-no-encerramento-do-sinodo\/","name":"Discurso do Papa Francisco no encerramento do S\u00ednodo - O Arcanjo no ar","isPartOf":{"@id":"https:\/\/www.oarcanjo.net\/site\/#website"},"primaryImageOfPage":{"@id":"https:\/\/www.oarcanjo.net\/site\/discurso-do-papa-francisco-no-encerramento-do-sinodo\/#primaryimage"},"image":{"@id":"https:\/\/www.oarcanjo.net\/site\/discurso-do-papa-francisco-no-encerramento-do-sinodo\/#primaryimage"},"thumbnailUrl":"https:\/\/www.oarcanjo.net\/site\/wp-content\/uploads\/banner-mensagem-sinodo-out-20141.jpg","datePublished":"2014-10-29T23:50:12+00:00","dateModified":"2014-11-17T23:24:31+00:00","breadcrumb":{"@id":"https:\/\/www.oarcanjo.net\/site\/discurso-do-papa-francisco-no-encerramento-do-sinodo\/#breadcrumb"},"inLanguage":"pt-BR","potentialAction":[{"@type":"ReadAction","target":["https:\/\/www.oarcanjo.net\/site\/discurso-do-papa-francisco-no-encerramento-do-sinodo\/"]}]},{"@type":"ImageObject","inLanguage":"pt-BR","@id":"https:\/\/www.oarcanjo.net\/site\/discurso-do-papa-francisco-no-encerramento-do-sinodo\/#primaryimage","url":"https:\/\/www.oarcanjo.net\/site\/wp-content\/uploads\/banner-mensagem-sinodo-out-20141.jpg","contentUrl":"https:\/\/www.oarcanjo.net\/site\/wp-content\/uploads\/banner-mensagem-sinodo-out-20141.jpg","width":600,"height":250},{"@type":"BreadcrumbList","@id":"https:\/\/www.oarcanjo.net\/site\/discurso-do-papa-francisco-no-encerramento-do-sinodo\/#breadcrumb","itemListElement":[{"@type":"ListItem","position":1,"name":"In\u00edcio","item":"https:\/\/www.oarcanjo.net\/site\/"},{"@type":"ListItem","position":2,"name":"Discurso do Papa Francisco no encerramento do S\u00ednodo"}]},{"@type":"WebSite","@id":"https:\/\/www.oarcanjo.net\/site\/#website","url":"https:\/\/www.oarcanjo.net\/site\/","name":"O Arcanjo no ar","description":"Site da Par\u00f3quia S\u00e3o Miguel Arcanjo (Arquidiocese de SP)","publisher":{"@id":"https:\/\/www.oarcanjo.net\/site\/#organization"},"potentialAction":[{"@type":"SearchAction","target":{"@type":"EntryPoint","urlTemplate":"https:\/\/www.oarcanjo.net\/site\/?s={search_term_string}"},"query-input":{"@type":"PropertyValueSpecification","valueRequired":true,"valueName":"search_term_string"}}],"inLanguage":"pt-BR"},{"@type":"Organization","@id":"https:\/\/www.oarcanjo.net\/site\/#organization","name":"Par\u00f3quia S\u00e3o Miguel Arcanjo","url":"https:\/\/www.oarcanjo.net\/site\/","logo":{"@type":"ImageObject","inLanguage":"pt-BR","@id":"https:\/\/www.oarcanjo.net\/site\/#\/schema\/logo\/image\/","url":"https:\/\/www.oarcanjo.net\/site\/wp-content\/uploads\/LogoOArcanjo.png","contentUrl":"https:\/\/www.oarcanjo.net\/site\/wp-content\/uploads\/LogoOArcanjo.png","width":319,"height":99,"caption":"Par\u00f3quia S\u00e3o Miguel Arcanjo"},"image":{"@id":"https:\/\/www.oarcanjo.net\/site\/#\/schema\/logo\/image\/"},"sameAs":["https:\/\/www.facebook.com\/OArcanjoNoAr\/"]},{"@type":"Person","@id":"https:\/\/www.oarcanjo.net\/site\/#\/schema\/person\/ce0fba3450314a09c6442cfee983a3d8","name":"miriam.meyer"}]}},"publishpress_future_action":{"enabled":false,"date":"2026-05-09 01:49:48","action":"category","newStatus":"draft","terms":[],"taxonomy":"category"},"publishpress_future_workflow_manual_trigger":{"enabledWorkflows":[]},"_links":{"self":[{"href":"https:\/\/www.oarcanjo.net\/site\/wp-json\/wp\/v2\/posts\/53509"}],"collection":[{"href":"https:\/\/www.oarcanjo.net\/site\/wp-json\/wp\/v2\/posts"}],"about":[{"href":"https:\/\/www.oarcanjo.net\/site\/wp-json\/wp\/v2\/types\/post"}],"author":[{"embeddable":true,"href":"https:\/\/www.oarcanjo.net\/site\/wp-json\/wp\/v2\/users\/3"}],"replies":[{"embeddable":true,"href":"https:\/\/www.oarcanjo.net\/site\/wp-json\/wp\/v2\/comments?post=53509"}],"version-history":[{"count":0,"href":"https:\/\/www.oarcanjo.net\/site\/wp-json\/wp\/v2\/posts\/53509\/revisions"}],"wp:featuredmedia":[{"embeddable":true,"href":"https:\/\/www.oarcanjo.net\/site\/wp-json\/wp\/v2\/media\/53512"}],"wp:attachment":[{"href":"https:\/\/www.oarcanjo.net\/site\/wp-json\/wp\/v2\/media?parent=53509"}],"wp:term":[{"taxonomy":"category","embeddable":true,"href":"https:\/\/www.oarcanjo.net\/site\/wp-json\/wp\/v2\/categories?post=53509"},{"taxonomy":"post_tag","embeddable":true,"href":"https:\/\/www.oarcanjo.net\/site\/wp-json\/wp\/v2\/tags?post=53509"}],"curies":[{"name":"wp","href":"https:\/\/api.w.org\/{rel}","templated":true}]}}