
{"id":5355,"date":"2009-09-26T10:04:00","date_gmt":"2009-09-26T13:04:00","guid":{"rendered":"http:\/\/www.oarcanjo.net\/site\/?p=5355"},"modified":"2009-09-26T10:04:47","modified_gmt":"2009-09-26T13:04:47","slug":"fortaleza-ce-realiza-semana-para-homenagear-centenario-de-dom-helder-camara","status":"publish","type":"post","link":"https:\/\/www.oarcanjo.net\/site\/fortaleza-ce-realiza-semana-para-homenagear-centenario-de-dom-helder-camara\/","title":{"rendered":"Fortaleza (CE) realiza Semana para homenagear centen\u00e1rio de Dom Helder C\u00e2mara"},"content":{"rendered":"<p>Ag\u00eancia Adital<\/p>\n<p>Para reavivar a lembran\u00e7a dos ensinamentos, conte\u00fados e espiritualidade que Dom Helder C\u00e2mara deixou para o mundo todo, de 26 de setembro a 2 de outubro acontece em Fortaleza, capital cearense, a Semana Dom Helder C\u00e2mara.<\/p>\n<p>&#8220;Desejamos fazer com que a lembran\u00e7a de Dom H\u00e9lder se alargue, assim como suas ideias de uma sociedade justa e fraterna baseadas na interpreta\u00e7\u00e3o do evangelho&#8221;, afirma Geraldo Frencken, integrante do &#8220;O Grupo&#8221;, entidade realizadora da Semana.<\/p>\n<p>Para Frencken, Dom H\u00e9lder deixou dois ensinamentos primordiais. &#8220;Primeiro, ele mostrou de forma clara que devemos procurar construir uma sociedade justa e sem mis\u00e9ria, que \u00e9 a viol\u00eancia n\u00famero um. Em segundo lugar, deixou seu interessante estilo de espiritualidade. Ele tinha irrestrita confian\u00e7a em Deus, mas falava que n\u00f3s t\u00ednhamos que agir, trabalhar para mudar a sociedade e fazer com que a dignidade do ser humano estivesse em primeiro ligar&#8221;, explica.<\/p>\n<p>Durante a programa\u00e7\u00e3o, gratuita e aberta a todos, o p\u00fablico poder\u00e1 assistir ao filme &#8220;Dom Helder, o santo rebelde&#8221; no Centro Cultural Drag\u00e3o do Mar e participar de debates e ciclos de confer\u00eancias no Col\u00e9gio Santo Tom\u00e1s de Aquino. A Semana ser\u00e1 encerrada com a caminhada &#8220;Ai de mim se eu me calar&#8221;, que parte da Pra\u00e7a do Carmo, \u00e0s 15 horas, e vai at\u00e9 o Passeio P\u00fablico (Pra\u00e7a dos M\u00e1rtires), no Centro de Fortaleza.<\/p>\n<p>O evento contar\u00e1 com a presen\u00e7a do bispo em\u00e9rito de Nova Friburgo (RJ), o monge beneditino Dom Clemente Isnard, que far\u00e1 o lan\u00e7amento de seu novo livro &#8220;A experi\u00eancia ensina o bispo&#8221;. A publica\u00e7\u00e3o retrata assuntos pol\u00eamicos para a hierarquia da Igreja Cat\u00f3lica.<\/p>\n<p>A Semana Dom Helder C\u00e2mara ser\u00e1 realizada pelo &#8220;O Grupo&#8221;, com o apoio cultural da Livraria Paulus, do Centro Drag\u00e3o do Mar de Arte e Cultura, do Col\u00e9gio Santo Tom\u00e1s de Aquino e da R\u00e1dio FM Dom Bosco e patrocinado pelo Banco do Nordeste e Governo Federal.<\/p>\n<p><strong>Dom H\u00e9lder<\/strong><\/p>\n<p>O fortalezense Dom Helder C\u00e2mara nasceu em 7 de fevereiro de 1909 e, ap\u00f3s estudar no Semin\u00e1rio da Prainha, se ordenou padre em agosto de 1931. Neste mesmo ano fundou a Legi\u00e3o Cearense do Trabalho. Em 1936 foi trabalhar no Rio de Janeiro e depois em Recife.  De 1930 at\u00e9 o ano de sua morte participou ativamente da vida religiosa, social e pol\u00edtica do pa\u00eds lutando pelos direitos humanos, sobretudo durante o per\u00edodo da ditadura militar. Por quatro anos consecutivos foi indicado para o pr\u00eamio Nobel da Paz (1970, 1971,1972,1974).<\/p>\n<p>A programa\u00e7\u00e3o completa e mais informa\u00e7\u00f5es sobre o evento e sobre Dom H\u00e9lder podem ser encontradas em <a href=\"http:\/\/semanadomheldercamara.blogspot.com\" target=\"_blank\">http:\/\/semanadomheldercamara.blogspot.com<\/a>.<\/p>\n<div id=\"themify_builder_content-5355\" data-postid=\"5355\" class=\"themify_builder_content themify_builder_content-5355 themify_builder themify_builder_front\">\n\t<\/div>\n<!-- \/themify_builder_content -->","protected":false},"excerpt":{"rendered":"<p>Ag\u00eancia Adital Para reavivar a lembran\u00e7a dos ensinamentos, conte\u00fados e espiritualidade que Dom Helder C\u00e2mara deixou para o mundo todo, de 26 de setembro a 2 de outubro acontece em Fortaleza, capital cearense, a Semana Dom Helder C\u00e2mara. &#8220;Desejamos fazer com que a lembran\u00e7a de Dom H\u00e9lder se alargue, assim como suas ideias de uma [&hellip;]<\/p>\n","protected":false},"author":5,"featured_media":0,"comment_status":"open","ping_status":"open","sticky":false,"template":"","format":"standard","meta":{"ngg_post_thumbnail":0,"footnotes":""},"categories":[8],"tags":[210,84],"yoast_head":"<!-- This site is optimized with the Yoast SEO plugin v23.5 - https:\/\/yoast.com\/wordpress\/plugins\/seo\/ -->\n<title>Fortaleza (CE) realiza Semana para homenagear centen\u00e1rio de Dom Helder C\u00e2mara - O Arcanjo no ar<\/title>\n<meta name=\"robots\" content=\"index, follow, max-snippet:-1, max-image-preview:large, max-video-preview:-1\" \/>\n<link rel=\"canonical\" href=\"https:\/\/www.oarcanjo.net\/site\/fortaleza-ce-realiza-semana-para-homenagear-centenario-de-dom-helder-camara\/\" \/>\n<meta property=\"og:locale\" content=\"pt_BR\" \/>\n<meta property=\"og:type\" content=\"article\" \/>\n<meta property=\"og:title\" content=\"Fortaleza (CE) realiza Semana para homenagear centen\u00e1rio de Dom Helder C\u00e2mara - O Arcanjo no ar\" \/>\n<meta property=\"og:description\" content=\"Ag\u00eancia Adital Para reavivar a lembran\u00e7a dos ensinamentos, conte\u00fados e espiritualidade que Dom Helder C\u00e2mara deixou para o mundo todo, de 26 de setembro a 2 de outubro acontece em Fortaleza, capital cearense, a Semana Dom Helder C\u00e2mara. &#8220;Desejamos fazer com que a lembran\u00e7a de Dom H\u00e9lder se alargue, assim como suas ideias de uma [&hellip;]\" \/>\n<meta property=\"og:url\" content=\"https:\/\/www.oarcanjo.net\/site\/fortaleza-ce-realiza-semana-para-homenagear-centenario-de-dom-helder-camara\/\" \/>\n<meta property=\"og:site_name\" content=\"O Arcanjo no ar\" \/>\n<meta property=\"article:publisher\" content=\"https:\/\/www.facebook.com\/OArcanjoNoAr\/\" \/>\n<meta property=\"article:published_time\" content=\"2009-09-26T13:04:00+00:00\" \/>\n<meta property=\"article:modified_time\" content=\"2009-09-26T13:04:47+00:00\" \/>\n<meta property=\"og:image\" content=\"https:\/\/www.oarcanjo.net\/site\/wp-content\/uploads\/logo-o-arcanjo-no-ar-facebook.png\" \/>\n\t<meta property=\"og:image:width\" content=\"300\" \/>\n\t<meta property=\"og:image:height\" content=\"300\" \/>\n\t<meta property=\"og:image:type\" content=\"image\/png\" \/>\n<meta name=\"author\" content=\"editor\" \/>\n<meta name=\"twitter:card\" content=\"summary_large_image\" \/>\n<meta name=\"twitter:label1\" content=\"Escrito por\" \/>\n\t<meta name=\"twitter:data1\" content=\"editor\" \/>\n\t<meta name=\"twitter:label2\" content=\"Est. tempo de leitura\" \/>\n\t<meta name=\"twitter:data2\" content=\"2 minutos\" \/>\n<script type=\"application\/ld+json\" class=\"yoast-schema-graph\">{\"@context\":\"https:\/\/schema.org\",\"@graph\":[{\"@type\":\"Article\",\"@id\":\"https:\/\/www.oarcanjo.net\/site\/fortaleza-ce-realiza-semana-para-homenagear-centenario-de-dom-helder-camara\/#article\",\"isPartOf\":{\"@id\":\"https:\/\/www.oarcanjo.net\/site\/fortaleza-ce-realiza-semana-para-homenagear-centenario-de-dom-helder-camara\/\"},\"author\":{\"name\":\"editor\",\"@id\":\"https:\/\/www.oarcanjo.net\/site\/#\/schema\/person\/f7024d007863202483a31326673a0838\"},\"headline\":\"Fortaleza (CE) realiza Semana para homenagear centen\u00e1rio de Dom Helder C\u00e2mara\",\"datePublished\":\"2009-09-26T13:04:00+00:00\",\"dateModified\":\"2009-09-26T13:04:47+00:00\",\"mainEntityOfPage\":{\"@id\":\"https:\/\/www.oarcanjo.net\/site\/fortaleza-ce-realiza-semana-para-homenagear-centenario-de-dom-helder-camara\/\"},\"wordCount\":475,\"commentCount\":0,\"publisher\":{\"@id\":\"https:\/\/www.oarcanjo.net\/site\/#organization\"},\"keywords\":[\"Dom Helder Camara\",\"homenagem\"],\"articleSection\":[\"Not\u00edcias\"],\"inLanguage\":\"pt-BR\",\"potentialAction\":[{\"@type\":\"CommentAction\",\"name\":\"Comment\",\"target\":[\"https:\/\/www.oarcanjo.net\/site\/fortaleza-ce-realiza-semana-para-homenagear-centenario-de-dom-helder-camara\/#respond\"]}]},{\"@type\":\"WebPage\",\"@id\":\"https:\/\/www.oarcanjo.net\/site\/fortaleza-ce-realiza-semana-para-homenagear-centenario-de-dom-helder-camara\/\",\"url\":\"https:\/\/www.oarcanjo.net\/site\/fortaleza-ce-realiza-semana-para-homenagear-centenario-de-dom-helder-camara\/\",\"name\":\"Fortaleza (CE) realiza Semana para homenagear centen\u00e1rio de Dom Helder C\u00e2mara - O Arcanjo no ar\",\"isPartOf\":{\"@id\":\"https:\/\/www.oarcanjo.net\/site\/#website\"},\"datePublished\":\"2009-09-26T13:04:00+00:00\",\"dateModified\":\"2009-09-26T13:04:47+00:00\",\"breadcrumb\":{\"@id\":\"https:\/\/www.oarcanjo.net\/site\/fortaleza-ce-realiza-semana-para-homenagear-centenario-de-dom-helder-camara\/#breadcrumb\"},\"inLanguage\":\"pt-BR\",\"potentialAction\":[{\"@type\":\"ReadAction\",\"target\":[\"https:\/\/www.oarcanjo.net\/site\/fortaleza-ce-realiza-semana-para-homenagear-centenario-de-dom-helder-camara\/\"]}]},{\"@type\":\"BreadcrumbList\",\"@id\":\"https:\/\/www.oarcanjo.net\/site\/fortaleza-ce-realiza-semana-para-homenagear-centenario-de-dom-helder-camara\/#breadcrumb\",\"itemListElement\":[{\"@type\":\"ListItem\",\"position\":1,\"name\":\"In\u00edcio\",\"item\":\"https:\/\/www.oarcanjo.net\/site\/\"},{\"@type\":\"ListItem\",\"position\":2,\"name\":\"Fortaleza (CE) realiza Semana para homenagear centen\u00e1rio de Dom Helder C\u00e2mara\"}]},{\"@type\":\"WebSite\",\"@id\":\"https:\/\/www.oarcanjo.net\/site\/#website\",\"url\":\"https:\/\/www.oarcanjo.net\/site\/\",\"name\":\"O Arcanjo no ar\",\"description\":\"Site da Par\u00f3quia S\u00e3o Miguel Arcanjo (Arquidiocese de SP)\",\"publisher\":{\"@id\":\"https:\/\/www.oarcanjo.net\/site\/#organization\"},\"potentialAction\":[{\"@type\":\"SearchAction\",\"target\":{\"@type\":\"EntryPoint\",\"urlTemplate\":\"https:\/\/www.oarcanjo.net\/site\/?s={search_term_string}\"},\"query-input\":{\"@type\":\"PropertyValueSpecification\",\"valueRequired\":true,\"valueName\":\"search_term_string\"}}],\"inLanguage\":\"pt-BR\"},{\"@type\":\"Organization\",\"@id\":\"https:\/\/www.oarcanjo.net\/site\/#organization\",\"name\":\"Par\u00f3quia S\u00e3o Miguel Arcanjo\",\"url\":\"https:\/\/www.oarcanjo.net\/site\/\",\"logo\":{\"@type\":\"ImageObject\",\"inLanguage\":\"pt-BR\",\"@id\":\"https:\/\/www.oarcanjo.net\/site\/#\/schema\/logo\/image\/\",\"url\":\"https:\/\/www.oarcanjo.net\/site\/wp-content\/uploads\/LogoOArcanjo.png\",\"contentUrl\":\"https:\/\/www.oarcanjo.net\/site\/wp-content\/uploads\/LogoOArcanjo.png\",\"width\":319,\"height\":99,\"caption\":\"Par\u00f3quia S\u00e3o Miguel Arcanjo\"},\"image\":{\"@id\":\"https:\/\/www.oarcanjo.net\/site\/#\/schema\/logo\/image\/\"},\"sameAs\":[\"https:\/\/www.facebook.com\/OArcanjoNoAr\/\"]},{\"@type\":\"Person\",\"@id\":\"https:\/\/www.oarcanjo.net\/site\/#\/schema\/person\/f7024d007863202483a31326673a0838\",\"name\":\"editor\",\"sameAs\":[\"http:\/\/www.oarcanjo.net\"]}]}<\/script>\n<!-- \/ Yoast SEO plugin. -->","yoast_head_json":{"title":"Fortaleza (CE) realiza Semana para homenagear centen\u00e1rio de Dom Helder C\u00e2mara - O Arcanjo no ar","robots":{"index":"index","follow":"follow","max-snippet":"max-snippet:-1","max-image-preview":"max-image-preview:large","max-video-preview":"max-video-preview:-1"},"canonical":"https:\/\/www.oarcanjo.net\/site\/fortaleza-ce-realiza-semana-para-homenagear-centenario-de-dom-helder-camara\/","og_locale":"pt_BR","og_type":"article","og_title":"Fortaleza (CE) realiza Semana para homenagear centen\u00e1rio de Dom Helder C\u00e2mara - O Arcanjo no ar","og_description":"Ag\u00eancia Adital Para reavivar a lembran\u00e7a dos ensinamentos, conte\u00fados e espiritualidade que Dom Helder C\u00e2mara deixou para o mundo todo, de 26 de setembro a 2 de outubro acontece em Fortaleza, capital cearense, a Semana Dom Helder C\u00e2mara. &#8220;Desejamos fazer com que a lembran\u00e7a de Dom H\u00e9lder se alargue, assim como suas ideias de uma [&hellip;]","og_url":"https:\/\/www.oarcanjo.net\/site\/fortaleza-ce-realiza-semana-para-homenagear-centenario-de-dom-helder-camara\/","og_site_name":"O Arcanjo no ar","article_publisher":"https:\/\/www.facebook.com\/OArcanjoNoAr\/","article_published_time":"2009-09-26T13:04:00+00:00","article_modified_time":"2009-09-26T13:04:47+00:00","og_image":[{"width":300,"height":300,"url":"https:\/\/www.oarcanjo.net\/site\/wp-content\/uploads\/logo-o-arcanjo-no-ar-facebook.png","type":"image\/png"}],"author":"editor","twitter_card":"summary_large_image","twitter_misc":{"Escrito por":"editor","Est. tempo de leitura":"2 minutos"},"schema":{"@context":"https:\/\/schema.org","@graph":[{"@type":"Article","@id":"https:\/\/www.oarcanjo.net\/site\/fortaleza-ce-realiza-semana-para-homenagear-centenario-de-dom-helder-camara\/#article","isPartOf":{"@id":"https:\/\/www.oarcanjo.net\/site\/fortaleza-ce-realiza-semana-para-homenagear-centenario-de-dom-helder-camara\/"},"author":{"name":"editor","@id":"https:\/\/www.oarcanjo.net\/site\/#\/schema\/person\/f7024d007863202483a31326673a0838"},"headline":"Fortaleza (CE) realiza Semana para homenagear centen\u00e1rio de Dom Helder C\u00e2mara","datePublished":"2009-09-26T13:04:00+00:00","dateModified":"2009-09-26T13:04:47+00:00","mainEntityOfPage":{"@id":"https:\/\/www.oarcanjo.net\/site\/fortaleza-ce-realiza-semana-para-homenagear-centenario-de-dom-helder-camara\/"},"wordCount":475,"commentCount":0,"publisher":{"@id":"https:\/\/www.oarcanjo.net\/site\/#organization"},"keywords":["Dom Helder Camara","homenagem"],"articleSection":["Not\u00edcias"],"inLanguage":"pt-BR","potentialAction":[{"@type":"CommentAction","name":"Comment","target":["https:\/\/www.oarcanjo.net\/site\/fortaleza-ce-realiza-semana-para-homenagear-centenario-de-dom-helder-camara\/#respond"]}]},{"@type":"WebPage","@id":"https:\/\/www.oarcanjo.net\/site\/fortaleza-ce-realiza-semana-para-homenagear-centenario-de-dom-helder-camara\/","url":"https:\/\/www.oarcanjo.net\/site\/fortaleza-ce-realiza-semana-para-homenagear-centenario-de-dom-helder-camara\/","name":"Fortaleza (CE) realiza Semana para homenagear centen\u00e1rio de Dom Helder C\u00e2mara - O Arcanjo no ar","isPartOf":{"@id":"https:\/\/www.oarcanjo.net\/site\/#website"},"datePublished":"2009-09-26T13:04:00+00:00","dateModified":"2009-09-26T13:04:47+00:00","breadcrumb":{"@id":"https:\/\/www.oarcanjo.net\/site\/fortaleza-ce-realiza-semana-para-homenagear-centenario-de-dom-helder-camara\/#breadcrumb"},"inLanguage":"pt-BR","potentialAction":[{"@type":"ReadAction","target":["https:\/\/www.oarcanjo.net\/site\/fortaleza-ce-realiza-semana-para-homenagear-centenario-de-dom-helder-camara\/"]}]},{"@type":"BreadcrumbList","@id":"https:\/\/www.oarcanjo.net\/site\/fortaleza-ce-realiza-semana-para-homenagear-centenario-de-dom-helder-camara\/#breadcrumb","itemListElement":[{"@type":"ListItem","position":1,"name":"In\u00edcio","item":"https:\/\/www.oarcanjo.net\/site\/"},{"@type":"ListItem","position":2,"name":"Fortaleza (CE) realiza Semana para homenagear centen\u00e1rio de Dom Helder C\u00e2mara"}]},{"@type":"WebSite","@id":"https:\/\/www.oarcanjo.net\/site\/#website","url":"https:\/\/www.oarcanjo.net\/site\/","name":"O Arcanjo no ar","description":"Site da Par\u00f3quia S\u00e3o Miguel Arcanjo (Arquidiocese de SP)","publisher":{"@id":"https:\/\/www.oarcanjo.net\/site\/#organization"},"potentialAction":[{"@type":"SearchAction","target":{"@type":"EntryPoint","urlTemplate":"https:\/\/www.oarcanjo.net\/site\/?s={search_term_string}"},"query-input":{"@type":"PropertyValueSpecification","valueRequired":true,"valueName":"search_term_string"}}],"inLanguage":"pt-BR"},{"@type":"Organization","@id":"https:\/\/www.oarcanjo.net\/site\/#organization","name":"Par\u00f3quia S\u00e3o Miguel Arcanjo","url":"https:\/\/www.oarcanjo.net\/site\/","logo":{"@type":"ImageObject","inLanguage":"pt-BR","@id":"https:\/\/www.oarcanjo.net\/site\/#\/schema\/logo\/image\/","url":"https:\/\/www.oarcanjo.net\/site\/wp-content\/uploads\/LogoOArcanjo.png","contentUrl":"https:\/\/www.oarcanjo.net\/site\/wp-content\/uploads\/LogoOArcanjo.png","width":319,"height":99,"caption":"Par\u00f3quia S\u00e3o Miguel Arcanjo"},"image":{"@id":"https:\/\/www.oarcanjo.net\/site\/#\/schema\/logo\/image\/"},"sameAs":["https:\/\/www.facebook.com\/OArcanjoNoAr\/"]},{"@type":"Person","@id":"https:\/\/www.oarcanjo.net\/site\/#\/schema\/person\/f7024d007863202483a31326673a0838","name":"editor","sameAs":["http:\/\/www.oarcanjo.net"]}]}},"publishpress_future_action":{"enabled":false,"date":"2026-05-09 06:53:50","action":"category","newStatus":"draft","terms":[],"taxonomy":"category"},"publishpress_future_workflow_manual_trigger":{"enabledWorkflows":[]},"_links":{"self":[{"href":"https:\/\/www.oarcanjo.net\/site\/wp-json\/wp\/v2\/posts\/5355"}],"collection":[{"href":"https:\/\/www.oarcanjo.net\/site\/wp-json\/wp\/v2\/posts"}],"about":[{"href":"https:\/\/www.oarcanjo.net\/site\/wp-json\/wp\/v2\/types\/post"}],"author":[{"embeddable":true,"href":"https:\/\/www.oarcanjo.net\/site\/wp-json\/wp\/v2\/users\/5"}],"replies":[{"embeddable":true,"href":"https:\/\/www.oarcanjo.net\/site\/wp-json\/wp\/v2\/comments?post=5355"}],"version-history":[{"count":0,"href":"https:\/\/www.oarcanjo.net\/site\/wp-json\/wp\/v2\/posts\/5355\/revisions"}],"wp:attachment":[{"href":"https:\/\/www.oarcanjo.net\/site\/wp-json\/wp\/v2\/media?parent=5355"}],"wp:term":[{"taxonomy":"category","embeddable":true,"href":"https:\/\/www.oarcanjo.net\/site\/wp-json\/wp\/v2\/categories?post=5355"},{"taxonomy":"post_tag","embeddable":true,"href":"https:\/\/www.oarcanjo.net\/site\/wp-json\/wp\/v2\/tags?post=5355"}],"curies":[{"name":"wp","href":"https:\/\/api.w.org\/{rel}","templated":true}]}}