
{"id":53577,"date":"2014-11-03T19:36:37","date_gmt":"2014-11-03T21:36:37","guid":{"rendered":"http:\/\/www.oarcanjo.net\/site\/?p=53577"},"modified":"2014-11-03T19:45:17","modified_gmt":"2014-11-03T21:45:17","slug":"terco-a-comunidade-reza-toda-terca-feira-as-15h-na-sexta-711-sera-o-terco-dos-homens","status":"publish","type":"post","link":"https:\/\/www.oarcanjo.net\/site\/terco-a-comunidade-reza-toda-terca-feira-as-15h-na-sexta-711-sera-o-terco-dos-homens\/","title":{"rendered":"A comunidade reza o ter\u00e7o toda ter\u00e7a-feira, \u00e0s 15h; na sexta, 7\/11, haver\u00e1 o Ter\u00e7o dos Homens"},"content":{"rendered":"<p>Toda ter\u00e7a-feira, a comunidade S\u00e3o Miguel Arcanjo reza o ter\u00e7o, a partir das 15h na igreja. Nesta sexta, a primeira do m\u00eas, haver\u00e1 tamb\u00e9m o <strong>Ter\u00e7o dos Homens<\/strong>, \u00e0s 20h30.<\/p>\n<p>Nos avisos da semana, o Pe. Julio contou a hist\u00f3ria de <strong>S\u00e3o Martinho de Lima<\/strong>, patrono da justi\u00e7a social. Assista na \u00edntegra, come\u00e7ando com a homenagem a uma paroquiana que fez 92 anos neste domingo:<\/p>\n<p><iframe loading=\"lazy\" width=\"640\" height=\"360\" src=\"\/\/www.youtube.com\/embed\/AR40UTey4e0?rel=0\" frameborder=\"0\" allowfullscreen><\/iframe><\/p>\n<p>Grava\u00e7\u00e3o realizada no final da missa das 18h.<\/p>\n<div id=\"themify_builder_content-53577\" data-postid=\"53577\" class=\"themify_builder_content themify_builder_content-53577 themify_builder themify_builder_front\">\n\t<\/div>\n<!-- \/themify_builder_content -->","protected":false},"excerpt":{"rendered":"<p>Toda ter\u00e7a-feira, a comunidade S\u00e3o Miguel Arcanjo reza o ter\u00e7o, a partir das 15h na igreja. Nesta sexta, a primeira do m\u00eas, haver\u00e1 tamb\u00e9m o Ter\u00e7o dos Homens, \u00e0s 20h30. Nos avisos da semana, o Pe. Julio contou a hist\u00f3ria de S\u00e3o Martinho de Lima, patrono da justi\u00e7a social. Assista na \u00edntegra, come\u00e7ando com a [&hellip;]<\/p>\n","protected":false},"author":5,"featured_media":0,"comment_status":"open","ping_status":"open","sticky":false,"template":"","format":"standard","meta":{"ngg_post_thumbnail":0,"footnotes":""},"categories":[476,8],"tags":[75,349,1176,295,74,297],"yoast_head":"<!-- This site is optimized with the Yoast SEO plugin v23.5 - https:\/\/yoast.com\/wordpress\/plugins\/seo\/ -->\n<title>A comunidade reza o ter\u00e7o toda ter\u00e7a-feira, \u00e0s 15h; na sexta, 7\/11, haver\u00e1 o Ter\u00e7o dos Homens - O Arcanjo no ar<\/title>\n<meta name=\"robots\" content=\"index, follow, max-snippet:-1, max-image-preview:large, max-video-preview:-1\" \/>\n<link rel=\"canonical\" href=\"https:\/\/www.oarcanjo.net\/site\/terco-a-comunidade-reza-toda-terca-feira-as-15h-na-sexta-711-sera-o-terco-dos-homens\/\" \/>\n<meta property=\"og:locale\" content=\"pt_BR\" \/>\n<meta property=\"og:type\" content=\"article\" \/>\n<meta property=\"og:title\" content=\"A comunidade reza o ter\u00e7o toda ter\u00e7a-feira, \u00e0s 15h; na sexta, 7\/11, haver\u00e1 o Ter\u00e7o dos Homens - O Arcanjo no ar\" \/>\n<meta property=\"og:description\" content=\"Toda ter\u00e7a-feira, a comunidade S\u00e3o Miguel Arcanjo reza o ter\u00e7o, a partir das 15h na igreja. Nesta sexta, a primeira do m\u00eas, haver\u00e1 tamb\u00e9m o Ter\u00e7o dos Homens, \u00e0s 20h30. Nos avisos da semana, o Pe. Julio contou a hist\u00f3ria de S\u00e3o Martinho de Lima, patrono da justi\u00e7a social. Assista na \u00edntegra, come\u00e7ando com a [&hellip;]\" \/>\n<meta property=\"og:url\" content=\"https:\/\/www.oarcanjo.net\/site\/terco-a-comunidade-reza-toda-terca-feira-as-15h-na-sexta-711-sera-o-terco-dos-homens\/\" \/>\n<meta property=\"og:site_name\" content=\"O Arcanjo no ar\" \/>\n<meta property=\"article:publisher\" content=\"https:\/\/www.facebook.com\/OArcanjoNoAr\/\" \/>\n<meta property=\"article:published_time\" content=\"2014-11-03T21:36:37+00:00\" \/>\n<meta property=\"article:modified_time\" content=\"2014-11-03T21:45:17+00:00\" \/>\n<meta property=\"og:image\" content=\"https:\/\/www.oarcanjo.net\/site\/wp-content\/uploads\/logo-o-arcanjo-no-ar-facebook.png\" \/>\n\t<meta property=\"og:image:width\" content=\"300\" \/>\n\t<meta property=\"og:image:height\" content=\"300\" \/>\n\t<meta property=\"og:image:type\" content=\"image\/png\" \/>\n<meta name=\"author\" content=\"editor\" \/>\n<meta name=\"twitter:card\" content=\"summary_large_image\" \/>\n<meta name=\"twitter:label1\" content=\"Escrito por\" \/>\n\t<meta name=\"twitter:data1\" content=\"editor\" \/>\n<script type=\"application\/ld+json\" class=\"yoast-schema-graph\">{\"@context\":\"https:\/\/schema.org\",\"@graph\":[{\"@type\":\"Article\",\"@id\":\"https:\/\/www.oarcanjo.net\/site\/terco-a-comunidade-reza-toda-terca-feira-as-15h-na-sexta-711-sera-o-terco-dos-homens\/#article\",\"isPartOf\":{\"@id\":\"https:\/\/www.oarcanjo.net\/site\/terco-a-comunidade-reza-toda-terca-feira-as-15h-na-sexta-711-sera-o-terco-dos-homens\/\"},\"author\":{\"name\":\"editor\",\"@id\":\"https:\/\/www.oarcanjo.net\/site\/#\/schema\/person\/f7024d007863202483a31326673a0838\"},\"headline\":\"A comunidade reza o ter\u00e7o toda ter\u00e7a-feira, \u00e0s 15h; na sexta, 7\/11, haver\u00e1 o Ter\u00e7o dos Homens\",\"datePublished\":\"2014-11-03T21:36:37+00:00\",\"dateModified\":\"2014-11-03T21:45:17+00:00\",\"mainEntityOfPage\":{\"@id\":\"https:\/\/www.oarcanjo.net\/site\/terco-a-comunidade-reza-toda-terca-feira-as-15h-na-sexta-711-sera-o-terco-dos-homens\/\"},\"wordCount\":102,\"commentCount\":0,\"publisher\":{\"@id\":\"https:\/\/www.oarcanjo.net\/site\/#organization\"},\"keywords\":[\"Justi\u00e7a social\",\"Maria\",\"mariana\",\"Pastoral da Crian\u00e7a\",\"S\u00e3o Martinho de Lima\",\"ter\u00e7o dos homens\"],\"articleSection\":[\"Avisos\",\"Not\u00edcias\"],\"inLanguage\":\"pt-BR\",\"potentialAction\":[{\"@type\":\"CommentAction\",\"name\":\"Comment\",\"target\":[\"https:\/\/www.oarcanjo.net\/site\/terco-a-comunidade-reza-toda-terca-feira-as-15h-na-sexta-711-sera-o-terco-dos-homens\/#respond\"]}]},{\"@type\":\"WebPage\",\"@id\":\"https:\/\/www.oarcanjo.net\/site\/terco-a-comunidade-reza-toda-terca-feira-as-15h-na-sexta-711-sera-o-terco-dos-homens\/\",\"url\":\"https:\/\/www.oarcanjo.net\/site\/terco-a-comunidade-reza-toda-terca-feira-as-15h-na-sexta-711-sera-o-terco-dos-homens\/\",\"name\":\"A comunidade reza o ter\u00e7o toda ter\u00e7a-feira, \u00e0s 15h; na sexta, 7\/11, haver\u00e1 o Ter\u00e7o dos Homens - O Arcanjo no ar\",\"isPartOf\":{\"@id\":\"https:\/\/www.oarcanjo.net\/site\/#website\"},\"datePublished\":\"2014-11-03T21:36:37+00:00\",\"dateModified\":\"2014-11-03T21:45:17+00:00\",\"breadcrumb\":{\"@id\":\"https:\/\/www.oarcanjo.net\/site\/terco-a-comunidade-reza-toda-terca-feira-as-15h-na-sexta-711-sera-o-terco-dos-homens\/#breadcrumb\"},\"inLanguage\":\"pt-BR\",\"potentialAction\":[{\"@type\":\"ReadAction\",\"target\":[\"https:\/\/www.oarcanjo.net\/site\/terco-a-comunidade-reza-toda-terca-feira-as-15h-na-sexta-711-sera-o-terco-dos-homens\/\"]}]},{\"@type\":\"BreadcrumbList\",\"@id\":\"https:\/\/www.oarcanjo.net\/site\/terco-a-comunidade-reza-toda-terca-feira-as-15h-na-sexta-711-sera-o-terco-dos-homens\/#breadcrumb\",\"itemListElement\":[{\"@type\":\"ListItem\",\"position\":1,\"name\":\"In\u00edcio\",\"item\":\"https:\/\/www.oarcanjo.net\/site\/\"},{\"@type\":\"ListItem\",\"position\":2,\"name\":\"A comunidade reza o ter\u00e7o toda ter\u00e7a-feira, \u00e0s 15h; na sexta, 7\/11, haver\u00e1 o Ter\u00e7o dos Homens\"}]},{\"@type\":\"WebSite\",\"@id\":\"https:\/\/www.oarcanjo.net\/site\/#website\",\"url\":\"https:\/\/www.oarcanjo.net\/site\/\",\"name\":\"O Arcanjo no ar\",\"description\":\"Site da Par\u00f3quia S\u00e3o Miguel Arcanjo (Arquidiocese de SP)\",\"publisher\":{\"@id\":\"https:\/\/www.oarcanjo.net\/site\/#organization\"},\"potentialAction\":[{\"@type\":\"SearchAction\",\"target\":{\"@type\":\"EntryPoint\",\"urlTemplate\":\"https:\/\/www.oarcanjo.net\/site\/?s={search_term_string}\"},\"query-input\":{\"@type\":\"PropertyValueSpecification\",\"valueRequired\":true,\"valueName\":\"search_term_string\"}}],\"inLanguage\":\"pt-BR\"},{\"@type\":\"Organization\",\"@id\":\"https:\/\/www.oarcanjo.net\/site\/#organization\",\"name\":\"Par\u00f3quia S\u00e3o Miguel Arcanjo\",\"url\":\"https:\/\/www.oarcanjo.net\/site\/\",\"logo\":{\"@type\":\"ImageObject\",\"inLanguage\":\"pt-BR\",\"@id\":\"https:\/\/www.oarcanjo.net\/site\/#\/schema\/logo\/image\/\",\"url\":\"https:\/\/www.oarcanjo.net\/site\/wp-content\/uploads\/LogoOArcanjo.png\",\"contentUrl\":\"https:\/\/www.oarcanjo.net\/site\/wp-content\/uploads\/LogoOArcanjo.png\",\"width\":319,\"height\":99,\"caption\":\"Par\u00f3quia S\u00e3o Miguel Arcanjo\"},\"image\":{\"@id\":\"https:\/\/www.oarcanjo.net\/site\/#\/schema\/logo\/image\/\"},\"sameAs\":[\"https:\/\/www.facebook.com\/OArcanjoNoAr\/\"]},{\"@type\":\"Person\",\"@id\":\"https:\/\/www.oarcanjo.net\/site\/#\/schema\/person\/f7024d007863202483a31326673a0838\",\"name\":\"editor\",\"sameAs\":[\"http:\/\/www.oarcanjo.net\"]}]}<\/script>\n<!-- \/ Yoast SEO plugin. -->","yoast_head_json":{"title":"A comunidade reza o ter\u00e7o toda ter\u00e7a-feira, \u00e0s 15h; na sexta, 7\/11, haver\u00e1 o Ter\u00e7o dos Homens - O Arcanjo no ar","robots":{"index":"index","follow":"follow","max-snippet":"max-snippet:-1","max-image-preview":"max-image-preview:large","max-video-preview":"max-video-preview:-1"},"canonical":"https:\/\/www.oarcanjo.net\/site\/terco-a-comunidade-reza-toda-terca-feira-as-15h-na-sexta-711-sera-o-terco-dos-homens\/","og_locale":"pt_BR","og_type":"article","og_title":"A comunidade reza o ter\u00e7o toda ter\u00e7a-feira, \u00e0s 15h; na sexta, 7\/11, haver\u00e1 o Ter\u00e7o dos Homens - O Arcanjo no ar","og_description":"Toda ter\u00e7a-feira, a comunidade S\u00e3o Miguel Arcanjo reza o ter\u00e7o, a partir das 15h na igreja. Nesta sexta, a primeira do m\u00eas, haver\u00e1 tamb\u00e9m o Ter\u00e7o dos Homens, \u00e0s 20h30. Nos avisos da semana, o Pe. Julio contou a hist\u00f3ria de S\u00e3o Martinho de Lima, patrono da justi\u00e7a social. Assista na \u00edntegra, come\u00e7ando com a [&hellip;]","og_url":"https:\/\/www.oarcanjo.net\/site\/terco-a-comunidade-reza-toda-terca-feira-as-15h-na-sexta-711-sera-o-terco-dos-homens\/","og_site_name":"O Arcanjo no ar","article_publisher":"https:\/\/www.facebook.com\/OArcanjoNoAr\/","article_published_time":"2014-11-03T21:36:37+00:00","article_modified_time":"2014-11-03T21:45:17+00:00","og_image":[{"width":300,"height":300,"url":"https:\/\/www.oarcanjo.net\/site\/wp-content\/uploads\/logo-o-arcanjo-no-ar-facebook.png","type":"image\/png"}],"author":"editor","twitter_card":"summary_large_image","twitter_misc":{"Escrito por":"editor"},"schema":{"@context":"https:\/\/schema.org","@graph":[{"@type":"Article","@id":"https:\/\/www.oarcanjo.net\/site\/terco-a-comunidade-reza-toda-terca-feira-as-15h-na-sexta-711-sera-o-terco-dos-homens\/#article","isPartOf":{"@id":"https:\/\/www.oarcanjo.net\/site\/terco-a-comunidade-reza-toda-terca-feira-as-15h-na-sexta-711-sera-o-terco-dos-homens\/"},"author":{"name":"editor","@id":"https:\/\/www.oarcanjo.net\/site\/#\/schema\/person\/f7024d007863202483a31326673a0838"},"headline":"A comunidade reza o ter\u00e7o toda ter\u00e7a-feira, \u00e0s 15h; na sexta, 7\/11, haver\u00e1 o Ter\u00e7o dos Homens","datePublished":"2014-11-03T21:36:37+00:00","dateModified":"2014-11-03T21:45:17+00:00","mainEntityOfPage":{"@id":"https:\/\/www.oarcanjo.net\/site\/terco-a-comunidade-reza-toda-terca-feira-as-15h-na-sexta-711-sera-o-terco-dos-homens\/"},"wordCount":102,"commentCount":0,"publisher":{"@id":"https:\/\/www.oarcanjo.net\/site\/#organization"},"keywords":["Justi\u00e7a social","Maria","mariana","Pastoral da Crian\u00e7a","S\u00e3o Martinho de Lima","ter\u00e7o dos homens"],"articleSection":["Avisos","Not\u00edcias"],"inLanguage":"pt-BR","potentialAction":[{"@type":"CommentAction","name":"Comment","target":["https:\/\/www.oarcanjo.net\/site\/terco-a-comunidade-reza-toda-terca-feira-as-15h-na-sexta-711-sera-o-terco-dos-homens\/#respond"]}]},{"@type":"WebPage","@id":"https:\/\/www.oarcanjo.net\/site\/terco-a-comunidade-reza-toda-terca-feira-as-15h-na-sexta-711-sera-o-terco-dos-homens\/","url":"https:\/\/www.oarcanjo.net\/site\/terco-a-comunidade-reza-toda-terca-feira-as-15h-na-sexta-711-sera-o-terco-dos-homens\/","name":"A comunidade reza o ter\u00e7o toda ter\u00e7a-feira, \u00e0s 15h; na sexta, 7\/11, haver\u00e1 o Ter\u00e7o dos Homens - O Arcanjo no ar","isPartOf":{"@id":"https:\/\/www.oarcanjo.net\/site\/#website"},"datePublished":"2014-11-03T21:36:37+00:00","dateModified":"2014-11-03T21:45:17+00:00","breadcrumb":{"@id":"https:\/\/www.oarcanjo.net\/site\/terco-a-comunidade-reza-toda-terca-feira-as-15h-na-sexta-711-sera-o-terco-dos-homens\/#breadcrumb"},"inLanguage":"pt-BR","potentialAction":[{"@type":"ReadAction","target":["https:\/\/www.oarcanjo.net\/site\/terco-a-comunidade-reza-toda-terca-feira-as-15h-na-sexta-711-sera-o-terco-dos-homens\/"]}]},{"@type":"BreadcrumbList","@id":"https:\/\/www.oarcanjo.net\/site\/terco-a-comunidade-reza-toda-terca-feira-as-15h-na-sexta-711-sera-o-terco-dos-homens\/#breadcrumb","itemListElement":[{"@type":"ListItem","position":1,"name":"In\u00edcio","item":"https:\/\/www.oarcanjo.net\/site\/"},{"@type":"ListItem","position":2,"name":"A comunidade reza o ter\u00e7o toda ter\u00e7a-feira, \u00e0s 15h; na sexta, 7\/11, haver\u00e1 o Ter\u00e7o dos Homens"}]},{"@type":"WebSite","@id":"https:\/\/www.oarcanjo.net\/site\/#website","url":"https:\/\/www.oarcanjo.net\/site\/","name":"O Arcanjo no ar","description":"Site da Par\u00f3quia S\u00e3o Miguel Arcanjo (Arquidiocese de SP)","publisher":{"@id":"https:\/\/www.oarcanjo.net\/site\/#organization"},"potentialAction":[{"@type":"SearchAction","target":{"@type":"EntryPoint","urlTemplate":"https:\/\/www.oarcanjo.net\/site\/?s={search_term_string}"},"query-input":{"@type":"PropertyValueSpecification","valueRequired":true,"valueName":"search_term_string"}}],"inLanguage":"pt-BR"},{"@type":"Organization","@id":"https:\/\/www.oarcanjo.net\/site\/#organization","name":"Par\u00f3quia S\u00e3o Miguel Arcanjo","url":"https:\/\/www.oarcanjo.net\/site\/","logo":{"@type":"ImageObject","inLanguage":"pt-BR","@id":"https:\/\/www.oarcanjo.net\/site\/#\/schema\/logo\/image\/","url":"https:\/\/www.oarcanjo.net\/site\/wp-content\/uploads\/LogoOArcanjo.png","contentUrl":"https:\/\/www.oarcanjo.net\/site\/wp-content\/uploads\/LogoOArcanjo.png","width":319,"height":99,"caption":"Par\u00f3quia S\u00e3o Miguel Arcanjo"},"image":{"@id":"https:\/\/www.oarcanjo.net\/site\/#\/schema\/logo\/image\/"},"sameAs":["https:\/\/www.facebook.com\/OArcanjoNoAr\/"]},{"@type":"Person","@id":"https:\/\/www.oarcanjo.net\/site\/#\/schema\/person\/f7024d007863202483a31326673a0838","name":"editor","sameAs":["http:\/\/www.oarcanjo.net"]}]}},"publishpress_future_action":{"enabled":false,"date":"2026-05-09 06:41:48","action":"category","newStatus":"draft","terms":[],"taxonomy":"category"},"publishpress_future_workflow_manual_trigger":{"enabledWorkflows":[]},"_links":{"self":[{"href":"https:\/\/www.oarcanjo.net\/site\/wp-json\/wp\/v2\/posts\/53577"}],"collection":[{"href":"https:\/\/www.oarcanjo.net\/site\/wp-json\/wp\/v2\/posts"}],"about":[{"href":"https:\/\/www.oarcanjo.net\/site\/wp-json\/wp\/v2\/types\/post"}],"author":[{"embeddable":true,"href":"https:\/\/www.oarcanjo.net\/site\/wp-json\/wp\/v2\/users\/5"}],"replies":[{"embeddable":true,"href":"https:\/\/www.oarcanjo.net\/site\/wp-json\/wp\/v2\/comments?post=53577"}],"version-history":[{"count":0,"href":"https:\/\/www.oarcanjo.net\/site\/wp-json\/wp\/v2\/posts\/53577\/revisions"}],"wp:attachment":[{"href":"https:\/\/www.oarcanjo.net\/site\/wp-json\/wp\/v2\/media?parent=53577"}],"wp:term":[{"taxonomy":"category","embeddable":true,"href":"https:\/\/www.oarcanjo.net\/site\/wp-json\/wp\/v2\/categories?post=53577"},{"taxonomy":"post_tag","embeddable":true,"href":"https:\/\/www.oarcanjo.net\/site\/wp-json\/wp\/v2\/tags?post=53577"}],"curies":[{"name":"wp","href":"https:\/\/api.w.org\/{rel}","templated":true}]}}