
{"id":536,"date":"2008-11-02T21:46:07","date_gmt":"2008-11-03T00:46:07","guid":{"rendered":"http:\/\/www.oarcanjo.net\/site\/?p=536"},"modified":"2008-11-02T22:10:15","modified_gmt":"2008-11-03T01:10:15","slug":"sao-martinho-de-lima","status":"publish","type":"post","link":"https:\/\/www.oarcanjo.net\/site\/sao-martinho-de-lima\/","title":{"rendered":"S\u00e3o Martinho de Lima"},"content":{"rendered":"<div id=\"attachment_539\" style=\"width: 242px\" class=\"wp-caption left\"><img loading=\"lazy\" decoding=\"async\" aria-describedby=\"caption-attachment-539\" src=\"http:\/\/www.oarcanjo.net\/site\/wp-content\/uploads\/foto-imagem-saomartinholima2.jpg\" alt=\"S\u00e3o Martinho de Lima\" title=\"S\u00e3o Martinho de Lima\" width=\"232\" height=\"472\" class=\"size-full wp-image-539\" vspace=\"10\" \/><p id=\"caption-attachment-539\" class=\"wp-caption-text\">S\u00e3o Martinho de Lima<\/p><\/div>\n<p>Com \u201corgulho santo\u201d celebramos a santidade de vida de um santo do nosso ch\u00e3o latino-americano. S\u00e3o Martinho nasceu no Peru em 1579, filho de um conquistador espanhol com a mulata panamenha.<\/p>\n<p>Grande parte da sociedade de Lima n\u00e3o diferenciava tanto da nossa atual, pois sustentava a hip\u00f3crita postura do preconceito racial, por isso Martinho sofreu humilha\u00e7\u00f5es, por causa da sua pele escura. Aconteceu que S\u00e3o Martinho n\u00e3o foi reconhecido portador de sangue nobre, e nem precisava, porque educado crist\u00e3mente pela m\u00e3e, descobriu com a vida que o \u201caspecto mais sublime da dignidade humana est\u00e1 na voca\u00e7\u00e3o do homem \u00e0 comunh\u00e3o com Deus\u201d (Catecismo da Igreja Cat\u00f3lica).<\/p>\n<p>Com idade suficiente, S\u00e3o Martinho, homem cheio do Esp\u00edrito Santo e de obras no Amor, conseguia servir a Cristo no pr\u00f3ximo, primeiramente pelas suas diversas profiss\u00f5es (barbeiro, dentista, ajudante de m\u00e9dico), e mais tarde, amou Deus no outro e o outro em Deus, como irm\u00e3o da Ordem Dominicana.<\/p>\n<p>Mendigo por amor aos mendigos, S\u00e3o Martinho de Porres, ou de Lima, destacou-se dentre tantos pela sua luta contra o Tentador e a tenta\u00e7\u00e3o, al\u00e9m da humildade, piedade e caridade.<\/p>\n<p>Sendo assim, Deus p\u00f4de munir Martinho com muitos Carismas, como o de cura e milagres, sem que estes o orgulhasse e o impedisse de ir ao C\u00e9u, onde entrou em 1639.<\/p>\n<p>S\u00e3o Martinho de Lima&#8230;. rogai por n\u00f3s!<\/p>\n<p><em>Fonte: Santo do Dia &#8211; Can\u00e7\u00e3o Nova<br \/>\nDistribui\u00e7\u00e3o: Membros da Comunidade S\u00e3o Martinho de Lima<\/em><\/p>\n<div id=\"themify_builder_content-536\" data-postid=\"536\" class=\"themify_builder_content themify_builder_content-536 themify_builder themify_builder_front\">\n\t<\/div>\n<!-- \/themify_builder_content -->","protected":false},"excerpt":{"rendered":"<p>Com \u201corgulho santo\u201d celebramos a santidade de vida de um santo do nosso ch\u00e3o latino-americano. S\u00e3o Martinho nasceu no Peru em 1579, filho de um conquistador espanhol com a mulata panamenha. Grande parte da sociedade de Lima n\u00e3o diferenciava tanto da nossa atual, pois sustentava a hip\u00f3crita postura do preconceito racial, por isso Martinho sofreu [&hellip;]<\/p>\n","protected":false},"author":5,"featured_media":0,"comment_status":"open","ping_status":"open","sticky":false,"template":"","format":"standard","meta":{"ngg_post_thumbnail":0,"footnotes":""},"categories":[5],"tags":[75,50,74],"yoast_head":"<!-- This site is optimized with the Yoast SEO plugin v23.5 - https:\/\/yoast.com\/wordpress\/plugins\/seo\/ -->\n<title>S\u00e3o Martinho de Lima - O Arcanjo no ar<\/title>\n<meta name=\"robots\" content=\"index, follow, max-snippet:-1, max-image-preview:large, max-video-preview:-1\" \/>\n<link rel=\"canonical\" href=\"https:\/\/www.oarcanjo.net\/site\/sao-martinho-de-lima\/\" \/>\n<meta property=\"og:locale\" content=\"pt_BR\" \/>\n<meta property=\"og:type\" content=\"article\" \/>\n<meta property=\"og:title\" content=\"S\u00e3o Martinho de Lima - O Arcanjo no ar\" \/>\n<meta property=\"og:description\" content=\"Com \u201corgulho santo\u201d celebramos a santidade de vida de um santo do nosso ch\u00e3o latino-americano. S\u00e3o Martinho nasceu no Peru em 1579, filho de um conquistador espanhol com a mulata panamenha. Grande parte da sociedade de Lima n\u00e3o diferenciava tanto da nossa atual, pois sustentava a hip\u00f3crita postura do preconceito racial, por isso Martinho sofreu [&hellip;]\" \/>\n<meta property=\"og:url\" content=\"https:\/\/www.oarcanjo.net\/site\/sao-martinho-de-lima\/\" \/>\n<meta property=\"og:site_name\" content=\"O Arcanjo no ar\" \/>\n<meta property=\"article:publisher\" content=\"https:\/\/www.facebook.com\/OArcanjoNoAr\/\" \/>\n<meta property=\"article:published_time\" content=\"2008-11-03T00:46:07+00:00\" \/>\n<meta property=\"article:modified_time\" content=\"2008-11-03T01:10:15+00:00\" \/>\n<meta property=\"og:image\" content=\"http:\/\/www.oarcanjo.net\/site\/wp-content\/uploads\/foto-imagem-saomartinholima2.jpg\" \/>\n<meta name=\"author\" content=\"editor\" \/>\n<meta name=\"twitter:card\" content=\"summary_large_image\" \/>\n<meta name=\"twitter:label1\" content=\"Escrito por\" \/>\n\t<meta name=\"twitter:data1\" content=\"editor\" \/>\n\t<meta name=\"twitter:label2\" content=\"Est. tempo de leitura\" \/>\n\t<meta name=\"twitter:data2\" content=\"1 minuto\" \/>\n<script type=\"application\/ld+json\" class=\"yoast-schema-graph\">{\"@context\":\"https:\/\/schema.org\",\"@graph\":[{\"@type\":\"Article\",\"@id\":\"https:\/\/www.oarcanjo.net\/site\/sao-martinho-de-lima\/#article\",\"isPartOf\":{\"@id\":\"https:\/\/www.oarcanjo.net\/site\/sao-martinho-de-lima\/\"},\"author\":{\"name\":\"editor\",\"@id\":\"https:\/\/www.oarcanjo.net\/site\/#\/schema\/person\/f7024d007863202483a31326673a0838\"},\"headline\":\"S\u00e3o Martinho de Lima\",\"datePublished\":\"2008-11-03T00:46:07+00:00\",\"dateModified\":\"2008-11-03T01:10:15+00:00\",\"mainEntityOfPage\":{\"@id\":\"https:\/\/www.oarcanjo.net\/site\/sao-martinho-de-lima\/\"},\"wordCount\":280,\"commentCount\":0,\"publisher\":{\"@id\":\"https:\/\/www.oarcanjo.net\/site\/#organization\"},\"image\":{\"@id\":\"https:\/\/www.oarcanjo.net\/site\/sao-martinho-de-lima\/#primaryimage\"},\"thumbnailUrl\":\"http:\/\/www.oarcanjo.net\/site\/wp-content\/uploads\/foto-imagem-saomartinholima2.jpg\",\"keywords\":[\"Justi\u00e7a social\",\"Santo\",\"S\u00e3o Martinho de Lima\"],\"articleSection\":[\"Voz do Arcanjo\"],\"inLanguage\":\"pt-BR\",\"potentialAction\":[{\"@type\":\"CommentAction\",\"name\":\"Comment\",\"target\":[\"https:\/\/www.oarcanjo.net\/site\/sao-martinho-de-lima\/#respond\"]}]},{\"@type\":\"WebPage\",\"@id\":\"https:\/\/www.oarcanjo.net\/site\/sao-martinho-de-lima\/\",\"url\":\"https:\/\/www.oarcanjo.net\/site\/sao-martinho-de-lima\/\",\"name\":\"S\u00e3o Martinho de Lima - O Arcanjo no ar\",\"isPartOf\":{\"@id\":\"https:\/\/www.oarcanjo.net\/site\/#website\"},\"primaryImageOfPage\":{\"@id\":\"https:\/\/www.oarcanjo.net\/site\/sao-martinho-de-lima\/#primaryimage\"},\"image\":{\"@id\":\"https:\/\/www.oarcanjo.net\/site\/sao-martinho-de-lima\/#primaryimage\"},\"thumbnailUrl\":\"http:\/\/www.oarcanjo.net\/site\/wp-content\/uploads\/foto-imagem-saomartinholima2.jpg\",\"datePublished\":\"2008-11-03T00:46:07+00:00\",\"dateModified\":\"2008-11-03T01:10:15+00:00\",\"breadcrumb\":{\"@id\":\"https:\/\/www.oarcanjo.net\/site\/sao-martinho-de-lima\/#breadcrumb\"},\"inLanguage\":\"pt-BR\",\"potentialAction\":[{\"@type\":\"ReadAction\",\"target\":[\"https:\/\/www.oarcanjo.net\/site\/sao-martinho-de-lima\/\"]}]},{\"@type\":\"ImageObject\",\"inLanguage\":\"pt-BR\",\"@id\":\"https:\/\/www.oarcanjo.net\/site\/sao-martinho-de-lima\/#primaryimage\",\"url\":\"https:\/\/www.oarcanjo.net\/site\/wp-content\/uploads\/foto-imagem-saomartinholima2.jpg\",\"contentUrl\":\"https:\/\/www.oarcanjo.net\/site\/wp-content\/uploads\/foto-imagem-saomartinholima2.jpg\",\"width\":242,\"height\":486,\"caption\":\"S\u00e3o Martinho de Lima\"},{\"@type\":\"BreadcrumbList\",\"@id\":\"https:\/\/www.oarcanjo.net\/site\/sao-martinho-de-lima\/#breadcrumb\",\"itemListElement\":[{\"@type\":\"ListItem\",\"position\":1,\"name\":\"In\u00edcio\",\"item\":\"https:\/\/www.oarcanjo.net\/site\/\"},{\"@type\":\"ListItem\",\"position\":2,\"name\":\"S\u00e3o Martinho de Lima\"}]},{\"@type\":\"WebSite\",\"@id\":\"https:\/\/www.oarcanjo.net\/site\/#website\",\"url\":\"https:\/\/www.oarcanjo.net\/site\/\",\"name\":\"O Arcanjo no ar\",\"description\":\"Site da Par\u00f3quia S\u00e3o Miguel Arcanjo (Arquidiocese de SP)\",\"publisher\":{\"@id\":\"https:\/\/www.oarcanjo.net\/site\/#organization\"},\"potentialAction\":[{\"@type\":\"SearchAction\",\"target\":{\"@type\":\"EntryPoint\",\"urlTemplate\":\"https:\/\/www.oarcanjo.net\/site\/?s={search_term_string}\"},\"query-input\":{\"@type\":\"PropertyValueSpecification\",\"valueRequired\":true,\"valueName\":\"search_term_string\"}}],\"inLanguage\":\"pt-BR\"},{\"@type\":\"Organization\",\"@id\":\"https:\/\/www.oarcanjo.net\/site\/#organization\",\"name\":\"Par\u00f3quia S\u00e3o Miguel Arcanjo\",\"url\":\"https:\/\/www.oarcanjo.net\/site\/\",\"logo\":{\"@type\":\"ImageObject\",\"inLanguage\":\"pt-BR\",\"@id\":\"https:\/\/www.oarcanjo.net\/site\/#\/schema\/logo\/image\/\",\"url\":\"https:\/\/www.oarcanjo.net\/site\/wp-content\/uploads\/LogoOArcanjo.png\",\"contentUrl\":\"https:\/\/www.oarcanjo.net\/site\/wp-content\/uploads\/LogoOArcanjo.png\",\"width\":319,\"height\":99,\"caption\":\"Par\u00f3quia S\u00e3o Miguel Arcanjo\"},\"image\":{\"@id\":\"https:\/\/www.oarcanjo.net\/site\/#\/schema\/logo\/image\/\"},\"sameAs\":[\"https:\/\/www.facebook.com\/OArcanjoNoAr\/\"]},{\"@type\":\"Person\",\"@id\":\"https:\/\/www.oarcanjo.net\/site\/#\/schema\/person\/f7024d007863202483a31326673a0838\",\"name\":\"editor\",\"sameAs\":[\"http:\/\/www.oarcanjo.net\"]}]}<\/script>\n<!-- \/ Yoast SEO plugin. -->","yoast_head_json":{"title":"S\u00e3o Martinho de Lima - O Arcanjo no ar","robots":{"index":"index","follow":"follow","max-snippet":"max-snippet:-1","max-image-preview":"max-image-preview:large","max-video-preview":"max-video-preview:-1"},"canonical":"https:\/\/www.oarcanjo.net\/site\/sao-martinho-de-lima\/","og_locale":"pt_BR","og_type":"article","og_title":"S\u00e3o Martinho de Lima - O Arcanjo no ar","og_description":"Com \u201corgulho santo\u201d celebramos a santidade de vida de um santo do nosso ch\u00e3o latino-americano. S\u00e3o Martinho nasceu no Peru em 1579, filho de um conquistador espanhol com a mulata panamenha. Grande parte da sociedade de Lima n\u00e3o diferenciava tanto da nossa atual, pois sustentava a hip\u00f3crita postura do preconceito racial, por isso Martinho sofreu [&hellip;]","og_url":"https:\/\/www.oarcanjo.net\/site\/sao-martinho-de-lima\/","og_site_name":"O Arcanjo no ar","article_publisher":"https:\/\/www.facebook.com\/OArcanjoNoAr\/","article_published_time":"2008-11-03T00:46:07+00:00","article_modified_time":"2008-11-03T01:10:15+00:00","og_image":[{"url":"http:\/\/www.oarcanjo.net\/site\/wp-content\/uploads\/foto-imagem-saomartinholima2.jpg"}],"author":"editor","twitter_card":"summary_large_image","twitter_misc":{"Escrito por":"editor","Est. tempo de leitura":"1 minuto"},"schema":{"@context":"https:\/\/schema.org","@graph":[{"@type":"Article","@id":"https:\/\/www.oarcanjo.net\/site\/sao-martinho-de-lima\/#article","isPartOf":{"@id":"https:\/\/www.oarcanjo.net\/site\/sao-martinho-de-lima\/"},"author":{"name":"editor","@id":"https:\/\/www.oarcanjo.net\/site\/#\/schema\/person\/f7024d007863202483a31326673a0838"},"headline":"S\u00e3o Martinho de Lima","datePublished":"2008-11-03T00:46:07+00:00","dateModified":"2008-11-03T01:10:15+00:00","mainEntityOfPage":{"@id":"https:\/\/www.oarcanjo.net\/site\/sao-martinho-de-lima\/"},"wordCount":280,"commentCount":0,"publisher":{"@id":"https:\/\/www.oarcanjo.net\/site\/#organization"},"image":{"@id":"https:\/\/www.oarcanjo.net\/site\/sao-martinho-de-lima\/#primaryimage"},"thumbnailUrl":"http:\/\/www.oarcanjo.net\/site\/wp-content\/uploads\/foto-imagem-saomartinholima2.jpg","keywords":["Justi\u00e7a social","Santo","S\u00e3o Martinho de Lima"],"articleSection":["Voz do Arcanjo"],"inLanguage":"pt-BR","potentialAction":[{"@type":"CommentAction","name":"Comment","target":["https:\/\/www.oarcanjo.net\/site\/sao-martinho-de-lima\/#respond"]}]},{"@type":"WebPage","@id":"https:\/\/www.oarcanjo.net\/site\/sao-martinho-de-lima\/","url":"https:\/\/www.oarcanjo.net\/site\/sao-martinho-de-lima\/","name":"S\u00e3o Martinho de Lima - O Arcanjo no ar","isPartOf":{"@id":"https:\/\/www.oarcanjo.net\/site\/#website"},"primaryImageOfPage":{"@id":"https:\/\/www.oarcanjo.net\/site\/sao-martinho-de-lima\/#primaryimage"},"image":{"@id":"https:\/\/www.oarcanjo.net\/site\/sao-martinho-de-lima\/#primaryimage"},"thumbnailUrl":"http:\/\/www.oarcanjo.net\/site\/wp-content\/uploads\/foto-imagem-saomartinholima2.jpg","datePublished":"2008-11-03T00:46:07+00:00","dateModified":"2008-11-03T01:10:15+00:00","breadcrumb":{"@id":"https:\/\/www.oarcanjo.net\/site\/sao-martinho-de-lima\/#breadcrumb"},"inLanguage":"pt-BR","potentialAction":[{"@type":"ReadAction","target":["https:\/\/www.oarcanjo.net\/site\/sao-martinho-de-lima\/"]}]},{"@type":"ImageObject","inLanguage":"pt-BR","@id":"https:\/\/www.oarcanjo.net\/site\/sao-martinho-de-lima\/#primaryimage","url":"https:\/\/www.oarcanjo.net\/site\/wp-content\/uploads\/foto-imagem-saomartinholima2.jpg","contentUrl":"https:\/\/www.oarcanjo.net\/site\/wp-content\/uploads\/foto-imagem-saomartinholima2.jpg","width":242,"height":486,"caption":"S\u00e3o Martinho de Lima"},{"@type":"BreadcrumbList","@id":"https:\/\/www.oarcanjo.net\/site\/sao-martinho-de-lima\/#breadcrumb","itemListElement":[{"@type":"ListItem","position":1,"name":"In\u00edcio","item":"https:\/\/www.oarcanjo.net\/site\/"},{"@type":"ListItem","position":2,"name":"S\u00e3o Martinho de Lima"}]},{"@type":"WebSite","@id":"https:\/\/www.oarcanjo.net\/site\/#website","url":"https:\/\/www.oarcanjo.net\/site\/","name":"O Arcanjo no ar","description":"Site da Par\u00f3quia S\u00e3o Miguel Arcanjo (Arquidiocese de SP)","publisher":{"@id":"https:\/\/www.oarcanjo.net\/site\/#organization"},"potentialAction":[{"@type":"SearchAction","target":{"@type":"EntryPoint","urlTemplate":"https:\/\/www.oarcanjo.net\/site\/?s={search_term_string}"},"query-input":{"@type":"PropertyValueSpecification","valueRequired":true,"valueName":"search_term_string"}}],"inLanguage":"pt-BR"},{"@type":"Organization","@id":"https:\/\/www.oarcanjo.net\/site\/#organization","name":"Par\u00f3quia S\u00e3o Miguel Arcanjo","url":"https:\/\/www.oarcanjo.net\/site\/","logo":{"@type":"ImageObject","inLanguage":"pt-BR","@id":"https:\/\/www.oarcanjo.net\/site\/#\/schema\/logo\/image\/","url":"https:\/\/www.oarcanjo.net\/site\/wp-content\/uploads\/LogoOArcanjo.png","contentUrl":"https:\/\/www.oarcanjo.net\/site\/wp-content\/uploads\/LogoOArcanjo.png","width":319,"height":99,"caption":"Par\u00f3quia S\u00e3o Miguel Arcanjo"},"image":{"@id":"https:\/\/www.oarcanjo.net\/site\/#\/schema\/logo\/image\/"},"sameAs":["https:\/\/www.facebook.com\/OArcanjoNoAr\/"]},{"@type":"Person","@id":"https:\/\/www.oarcanjo.net\/site\/#\/schema\/person\/f7024d007863202483a31326673a0838","name":"editor","sameAs":["http:\/\/www.oarcanjo.net"]}]}},"publishpress_future_action":{"enabled":false,"date":"2026-05-07 11:03:27","action":"category","newStatus":"draft","terms":[],"taxonomy":"category"},"publishpress_future_workflow_manual_trigger":{"enabledWorkflows":[]},"_links":{"self":[{"href":"https:\/\/www.oarcanjo.net\/site\/wp-json\/wp\/v2\/posts\/536"}],"collection":[{"href":"https:\/\/www.oarcanjo.net\/site\/wp-json\/wp\/v2\/posts"}],"about":[{"href":"https:\/\/www.oarcanjo.net\/site\/wp-json\/wp\/v2\/types\/post"}],"author":[{"embeddable":true,"href":"https:\/\/www.oarcanjo.net\/site\/wp-json\/wp\/v2\/users\/5"}],"replies":[{"embeddable":true,"href":"https:\/\/www.oarcanjo.net\/site\/wp-json\/wp\/v2\/comments?post=536"}],"version-history":[{"count":0,"href":"https:\/\/www.oarcanjo.net\/site\/wp-json\/wp\/v2\/posts\/536\/revisions"}],"wp:attachment":[{"href":"https:\/\/www.oarcanjo.net\/site\/wp-json\/wp\/v2\/media?parent=536"}],"wp:term":[{"taxonomy":"category","embeddable":true,"href":"https:\/\/www.oarcanjo.net\/site\/wp-json\/wp\/v2\/categories?post=536"},{"taxonomy":"post_tag","embeddable":true,"href":"https:\/\/www.oarcanjo.net\/site\/wp-json\/wp\/v2\/tags?post=536"}],"curies":[{"name":"wp","href":"https:\/\/api.w.org\/{rel}","templated":true}]}}