
{"id":53603,"date":"2014-11-07T00:39:50","date_gmt":"2014-11-07T02:39:50","guid":{"rendered":"http:\/\/www.oarcanjo.net\/site\/?p=53603"},"modified":"2014-11-10T20:18:55","modified_gmt":"2014-11-10T22:18:55","slug":"entrevista-do-pe-julio-ao-jornal-o-sao-paulo","status":"publish","type":"post","link":"https:\/\/www.oarcanjo.net\/site\/entrevista-do-pe-julio-ao-jornal-o-sao-paulo\/","title":{"rendered":"Entrevista do Pe. Julio ao jornal O S\u00e3o Paulo"},"content":{"rendered":"<p>A edi\u00e7\u00e3o desta semana do jornal O S\u00e3o Paulo, seman\u00e1rio oficial da Arquidiocese de S\u00e3o Paulo, traz uma entrevista com o Pe. Julio Lancellotti, Vig\u00e1rio Episcopal para o Povo da Rua, sobre o discurso do Papa Francisco na abertura do Encontro Mundial de Movimentos Populares, realizado no Vaticano.<\/p>\n<p>Leia a \u00edntegra:<\/p>\n<div class=\"issuuembed\" style=\"width: 650px; height: 910px;\" data-configid=\"0\/10044138\"><\/div>\n<p><script src=\"\/\/e.issuu.com\/embed.js\" async=\"true\" type=\"text\/javascript\"><\/script><\/p>\n<p><a title=\"Francisco: \u201cNenhuma fam\u00edlia sem casa, nenhum campon\u00eas sem terra, nenhum trabalhador sem direitos\u201d\" href=\"http:\/\/www.oarcanjo.net\/site\/index.php\/destaque\/papa-francisco-encontro-mundial-movimentos-populares\/\">Clique aqui para acessar a mensagem do Papa<\/a><\/p>\n<div id=\"themify_builder_content-53603\" data-postid=\"53603\" class=\"themify_builder_content themify_builder_content-53603 themify_builder themify_builder_front\">\n\t<\/div>\n<!-- \/themify_builder_content -->","protected":false},"excerpt":{"rendered":"<p>A edi\u00e7\u00e3o desta semana do jornal O S\u00e3o Paulo, seman\u00e1rio oficial da Arquidiocese de S\u00e3o Paulo, traz uma entrevista com o Pe. Julio Lancellotti, Vig\u00e1rio Episcopal para o Povo da Rua, sobre o discurso do Papa Francisco na abertura do Encontro Mundial de Movimentos Populares, realizado no Vaticano. Leia a \u00edntegra: Clique aqui para acessar [&hellip;]<\/p>\n","protected":false},"author":5,"featured_media":53631,"comment_status":"open","ping_status":"open","sticky":false,"template":"","format":"standard","meta":{"ngg_post_thumbnail":0,"footnotes":""},"categories":[3,8],"tags":[373,1021,2237,1696,2433],"yoast_head":"<!-- This site is optimized with the Yoast SEO plugin v23.5 - https:\/\/yoast.com\/wordpress\/plugins\/seo\/ -->\n<title>Entrevista do Pe. Julio ao jornal O S\u00e3o Paulo - O Arcanjo no ar<\/title>\n<meta name=\"robots\" content=\"index, follow, max-snippet:-1, max-image-preview:large, max-video-preview:-1\" \/>\n<link rel=\"canonical\" href=\"https:\/\/www.oarcanjo.net\/site\/entrevista-do-pe-julio-ao-jornal-o-sao-paulo\/\" \/>\n<meta property=\"og:locale\" content=\"pt_BR\" \/>\n<meta property=\"og:type\" content=\"article\" \/>\n<meta property=\"og:title\" content=\"Entrevista do Pe. Julio ao jornal O S\u00e3o Paulo - O Arcanjo no ar\" \/>\n<meta property=\"og:description\" content=\"A edi\u00e7\u00e3o desta semana do jornal O S\u00e3o Paulo, seman\u00e1rio oficial da Arquidiocese de S\u00e3o Paulo, traz uma entrevista com o Pe. Julio Lancellotti, Vig\u00e1rio Episcopal para o Povo da Rua, sobre o discurso do Papa Francisco na abertura do Encontro Mundial de Movimentos Populares, realizado no Vaticano. Leia a \u00edntegra: Clique aqui para acessar [&hellip;]\" \/>\n<meta property=\"og:url\" content=\"https:\/\/www.oarcanjo.net\/site\/entrevista-do-pe-julio-ao-jornal-o-sao-paulo\/\" \/>\n<meta property=\"og:site_name\" content=\"O Arcanjo no ar\" \/>\n<meta property=\"article:publisher\" content=\"https:\/\/www.facebook.com\/OArcanjoNoAr\/\" \/>\n<meta property=\"article:published_time\" content=\"2014-11-07T02:39:50+00:00\" \/>\n<meta property=\"article:modified_time\" content=\"2014-11-10T22:18:55+00:00\" \/>\n<meta property=\"og:image\" content=\"https:\/\/www.oarcanjo.net\/site\/wp-content\/uploads\/banner-entrevista-o-sao-paulo-nov-2014.jpg\" \/>\n\t<meta property=\"og:image:width\" content=\"700\" \/>\n\t<meta property=\"og:image:height\" content=\"320\" \/>\n\t<meta property=\"og:image:type\" content=\"image\/jpeg\" \/>\n<meta name=\"author\" content=\"editor\" \/>\n<meta name=\"twitter:card\" content=\"summary_large_image\" \/>\n<meta name=\"twitter:label1\" content=\"Escrito por\" \/>\n\t<meta name=\"twitter:data1\" content=\"editor\" \/>\n<script type=\"application\/ld+json\" class=\"yoast-schema-graph\">{\"@context\":\"https:\/\/schema.org\",\"@graph\":[{\"@type\":\"Article\",\"@id\":\"https:\/\/www.oarcanjo.net\/site\/entrevista-do-pe-julio-ao-jornal-o-sao-paulo\/#article\",\"isPartOf\":{\"@id\":\"https:\/\/www.oarcanjo.net\/site\/entrevista-do-pe-julio-ao-jornal-o-sao-paulo\/\"},\"author\":{\"name\":\"editor\",\"@id\":\"https:\/\/www.oarcanjo.net\/site\/#\/schema\/person\/f7024d007863202483a31326673a0838\"},\"headline\":\"Entrevista do Pe. Julio ao jornal O S\u00e3o Paulo\",\"datePublished\":\"2014-11-07T02:39:50+00:00\",\"dateModified\":\"2014-11-10T22:18:55+00:00\",\"mainEntityOfPage\":{\"@id\":\"https:\/\/www.oarcanjo.net\/site\/entrevista-do-pe-julio-ao-jornal-o-sao-paulo\/\"},\"wordCount\":74,\"commentCount\":0,\"publisher\":{\"@id\":\"https:\/\/www.oarcanjo.net\/site\/#organization\"},\"image\":{\"@id\":\"https:\/\/www.oarcanjo.net\/site\/entrevista-do-pe-julio-ao-jornal-o-sao-paulo\/#primaryimage\"},\"thumbnailUrl\":\"https:\/\/www.oarcanjo.net\/site\/wp-content\/uploads\/banner-entrevista-o-sao-paulo-nov-2014.jpg\",\"keywords\":[\"Doutrina Social da Igreja\",\"mobiliza\u00e7\u00e3o popular\",\"movimentos populares\",\"movimentos sociais\",\"Papa Francisco\"],\"articleSection\":[\"Destaques\",\"Not\u00edcias\"],\"inLanguage\":\"pt-BR\",\"potentialAction\":[{\"@type\":\"CommentAction\",\"name\":\"Comment\",\"target\":[\"https:\/\/www.oarcanjo.net\/site\/entrevista-do-pe-julio-ao-jornal-o-sao-paulo\/#respond\"]}]},{\"@type\":\"WebPage\",\"@id\":\"https:\/\/www.oarcanjo.net\/site\/entrevista-do-pe-julio-ao-jornal-o-sao-paulo\/\",\"url\":\"https:\/\/www.oarcanjo.net\/site\/entrevista-do-pe-julio-ao-jornal-o-sao-paulo\/\",\"name\":\"Entrevista do Pe. Julio ao jornal O S\u00e3o Paulo - O Arcanjo no ar\",\"isPartOf\":{\"@id\":\"https:\/\/www.oarcanjo.net\/site\/#website\"},\"primaryImageOfPage\":{\"@id\":\"https:\/\/www.oarcanjo.net\/site\/entrevista-do-pe-julio-ao-jornal-o-sao-paulo\/#primaryimage\"},\"image\":{\"@id\":\"https:\/\/www.oarcanjo.net\/site\/entrevista-do-pe-julio-ao-jornal-o-sao-paulo\/#primaryimage\"},\"thumbnailUrl\":\"https:\/\/www.oarcanjo.net\/site\/wp-content\/uploads\/banner-entrevista-o-sao-paulo-nov-2014.jpg\",\"datePublished\":\"2014-11-07T02:39:50+00:00\",\"dateModified\":\"2014-11-10T22:18:55+00:00\",\"breadcrumb\":{\"@id\":\"https:\/\/www.oarcanjo.net\/site\/entrevista-do-pe-julio-ao-jornal-o-sao-paulo\/#breadcrumb\"},\"inLanguage\":\"pt-BR\",\"potentialAction\":[{\"@type\":\"ReadAction\",\"target\":[\"https:\/\/www.oarcanjo.net\/site\/entrevista-do-pe-julio-ao-jornal-o-sao-paulo\/\"]}]},{\"@type\":\"ImageObject\",\"inLanguage\":\"pt-BR\",\"@id\":\"https:\/\/www.oarcanjo.net\/site\/entrevista-do-pe-julio-ao-jornal-o-sao-paulo\/#primaryimage\",\"url\":\"https:\/\/www.oarcanjo.net\/site\/wp-content\/uploads\/banner-entrevista-o-sao-paulo-nov-2014.jpg\",\"contentUrl\":\"https:\/\/www.oarcanjo.net\/site\/wp-content\/uploads\/banner-entrevista-o-sao-paulo-nov-2014.jpg\",\"width\":700,\"height\":320},{\"@type\":\"BreadcrumbList\",\"@id\":\"https:\/\/www.oarcanjo.net\/site\/entrevista-do-pe-julio-ao-jornal-o-sao-paulo\/#breadcrumb\",\"itemListElement\":[{\"@type\":\"ListItem\",\"position\":1,\"name\":\"In\u00edcio\",\"item\":\"https:\/\/www.oarcanjo.net\/site\/\"},{\"@type\":\"ListItem\",\"position\":2,\"name\":\"Entrevista do Pe. Julio ao jornal O S\u00e3o Paulo\"}]},{\"@type\":\"WebSite\",\"@id\":\"https:\/\/www.oarcanjo.net\/site\/#website\",\"url\":\"https:\/\/www.oarcanjo.net\/site\/\",\"name\":\"O Arcanjo no ar\",\"description\":\"Site da Par\u00f3quia S\u00e3o Miguel Arcanjo (Arquidiocese de SP)\",\"publisher\":{\"@id\":\"https:\/\/www.oarcanjo.net\/site\/#organization\"},\"potentialAction\":[{\"@type\":\"SearchAction\",\"target\":{\"@type\":\"EntryPoint\",\"urlTemplate\":\"https:\/\/www.oarcanjo.net\/site\/?s={search_term_string}\"},\"query-input\":{\"@type\":\"PropertyValueSpecification\",\"valueRequired\":true,\"valueName\":\"search_term_string\"}}],\"inLanguage\":\"pt-BR\"},{\"@type\":\"Organization\",\"@id\":\"https:\/\/www.oarcanjo.net\/site\/#organization\",\"name\":\"Par\u00f3quia S\u00e3o Miguel Arcanjo\",\"url\":\"https:\/\/www.oarcanjo.net\/site\/\",\"logo\":{\"@type\":\"ImageObject\",\"inLanguage\":\"pt-BR\",\"@id\":\"https:\/\/www.oarcanjo.net\/site\/#\/schema\/logo\/image\/\",\"url\":\"https:\/\/www.oarcanjo.net\/site\/wp-content\/uploads\/LogoOArcanjo.png\",\"contentUrl\":\"https:\/\/www.oarcanjo.net\/site\/wp-content\/uploads\/LogoOArcanjo.png\",\"width\":319,\"height\":99,\"caption\":\"Par\u00f3quia S\u00e3o Miguel Arcanjo\"},\"image\":{\"@id\":\"https:\/\/www.oarcanjo.net\/site\/#\/schema\/logo\/image\/\"},\"sameAs\":[\"https:\/\/www.facebook.com\/OArcanjoNoAr\/\"]},{\"@type\":\"Person\",\"@id\":\"https:\/\/www.oarcanjo.net\/site\/#\/schema\/person\/f7024d007863202483a31326673a0838\",\"name\":\"editor\",\"sameAs\":[\"http:\/\/www.oarcanjo.net\"]}]}<\/script>\n<!-- \/ Yoast SEO plugin. -->","yoast_head_json":{"title":"Entrevista do Pe. Julio ao jornal O S\u00e3o Paulo - O Arcanjo no ar","robots":{"index":"index","follow":"follow","max-snippet":"max-snippet:-1","max-image-preview":"max-image-preview:large","max-video-preview":"max-video-preview:-1"},"canonical":"https:\/\/www.oarcanjo.net\/site\/entrevista-do-pe-julio-ao-jornal-o-sao-paulo\/","og_locale":"pt_BR","og_type":"article","og_title":"Entrevista do Pe. Julio ao jornal O S\u00e3o Paulo - O Arcanjo no ar","og_description":"A edi\u00e7\u00e3o desta semana do jornal O S\u00e3o Paulo, seman\u00e1rio oficial da Arquidiocese de S\u00e3o Paulo, traz uma entrevista com o Pe. Julio Lancellotti, Vig\u00e1rio Episcopal para o Povo da Rua, sobre o discurso do Papa Francisco na abertura do Encontro Mundial de Movimentos Populares, realizado no Vaticano. Leia a \u00edntegra: Clique aqui para acessar [&hellip;]","og_url":"https:\/\/www.oarcanjo.net\/site\/entrevista-do-pe-julio-ao-jornal-o-sao-paulo\/","og_site_name":"O Arcanjo no ar","article_publisher":"https:\/\/www.facebook.com\/OArcanjoNoAr\/","article_published_time":"2014-11-07T02:39:50+00:00","article_modified_time":"2014-11-10T22:18:55+00:00","og_image":[{"width":700,"height":320,"url":"https:\/\/www.oarcanjo.net\/site\/wp-content\/uploads\/banner-entrevista-o-sao-paulo-nov-2014.jpg","type":"image\/jpeg"}],"author":"editor","twitter_card":"summary_large_image","twitter_misc":{"Escrito por":"editor"},"schema":{"@context":"https:\/\/schema.org","@graph":[{"@type":"Article","@id":"https:\/\/www.oarcanjo.net\/site\/entrevista-do-pe-julio-ao-jornal-o-sao-paulo\/#article","isPartOf":{"@id":"https:\/\/www.oarcanjo.net\/site\/entrevista-do-pe-julio-ao-jornal-o-sao-paulo\/"},"author":{"name":"editor","@id":"https:\/\/www.oarcanjo.net\/site\/#\/schema\/person\/f7024d007863202483a31326673a0838"},"headline":"Entrevista do Pe. Julio ao jornal O S\u00e3o Paulo","datePublished":"2014-11-07T02:39:50+00:00","dateModified":"2014-11-10T22:18:55+00:00","mainEntityOfPage":{"@id":"https:\/\/www.oarcanjo.net\/site\/entrevista-do-pe-julio-ao-jornal-o-sao-paulo\/"},"wordCount":74,"commentCount":0,"publisher":{"@id":"https:\/\/www.oarcanjo.net\/site\/#organization"},"image":{"@id":"https:\/\/www.oarcanjo.net\/site\/entrevista-do-pe-julio-ao-jornal-o-sao-paulo\/#primaryimage"},"thumbnailUrl":"https:\/\/www.oarcanjo.net\/site\/wp-content\/uploads\/banner-entrevista-o-sao-paulo-nov-2014.jpg","keywords":["Doutrina Social da Igreja","mobiliza\u00e7\u00e3o popular","movimentos populares","movimentos sociais","Papa Francisco"],"articleSection":["Destaques","Not\u00edcias"],"inLanguage":"pt-BR","potentialAction":[{"@type":"CommentAction","name":"Comment","target":["https:\/\/www.oarcanjo.net\/site\/entrevista-do-pe-julio-ao-jornal-o-sao-paulo\/#respond"]}]},{"@type":"WebPage","@id":"https:\/\/www.oarcanjo.net\/site\/entrevista-do-pe-julio-ao-jornal-o-sao-paulo\/","url":"https:\/\/www.oarcanjo.net\/site\/entrevista-do-pe-julio-ao-jornal-o-sao-paulo\/","name":"Entrevista do Pe. Julio ao jornal O S\u00e3o Paulo - O Arcanjo no ar","isPartOf":{"@id":"https:\/\/www.oarcanjo.net\/site\/#website"},"primaryImageOfPage":{"@id":"https:\/\/www.oarcanjo.net\/site\/entrevista-do-pe-julio-ao-jornal-o-sao-paulo\/#primaryimage"},"image":{"@id":"https:\/\/www.oarcanjo.net\/site\/entrevista-do-pe-julio-ao-jornal-o-sao-paulo\/#primaryimage"},"thumbnailUrl":"https:\/\/www.oarcanjo.net\/site\/wp-content\/uploads\/banner-entrevista-o-sao-paulo-nov-2014.jpg","datePublished":"2014-11-07T02:39:50+00:00","dateModified":"2014-11-10T22:18:55+00:00","breadcrumb":{"@id":"https:\/\/www.oarcanjo.net\/site\/entrevista-do-pe-julio-ao-jornal-o-sao-paulo\/#breadcrumb"},"inLanguage":"pt-BR","potentialAction":[{"@type":"ReadAction","target":["https:\/\/www.oarcanjo.net\/site\/entrevista-do-pe-julio-ao-jornal-o-sao-paulo\/"]}]},{"@type":"ImageObject","inLanguage":"pt-BR","@id":"https:\/\/www.oarcanjo.net\/site\/entrevista-do-pe-julio-ao-jornal-o-sao-paulo\/#primaryimage","url":"https:\/\/www.oarcanjo.net\/site\/wp-content\/uploads\/banner-entrevista-o-sao-paulo-nov-2014.jpg","contentUrl":"https:\/\/www.oarcanjo.net\/site\/wp-content\/uploads\/banner-entrevista-o-sao-paulo-nov-2014.jpg","width":700,"height":320},{"@type":"BreadcrumbList","@id":"https:\/\/www.oarcanjo.net\/site\/entrevista-do-pe-julio-ao-jornal-o-sao-paulo\/#breadcrumb","itemListElement":[{"@type":"ListItem","position":1,"name":"In\u00edcio","item":"https:\/\/www.oarcanjo.net\/site\/"},{"@type":"ListItem","position":2,"name":"Entrevista do Pe. Julio ao jornal O S\u00e3o Paulo"}]},{"@type":"WebSite","@id":"https:\/\/www.oarcanjo.net\/site\/#website","url":"https:\/\/www.oarcanjo.net\/site\/","name":"O Arcanjo no ar","description":"Site da Par\u00f3quia S\u00e3o Miguel Arcanjo (Arquidiocese de SP)","publisher":{"@id":"https:\/\/www.oarcanjo.net\/site\/#organization"},"potentialAction":[{"@type":"SearchAction","target":{"@type":"EntryPoint","urlTemplate":"https:\/\/www.oarcanjo.net\/site\/?s={search_term_string}"},"query-input":{"@type":"PropertyValueSpecification","valueRequired":true,"valueName":"search_term_string"}}],"inLanguage":"pt-BR"},{"@type":"Organization","@id":"https:\/\/www.oarcanjo.net\/site\/#organization","name":"Par\u00f3quia S\u00e3o Miguel Arcanjo","url":"https:\/\/www.oarcanjo.net\/site\/","logo":{"@type":"ImageObject","inLanguage":"pt-BR","@id":"https:\/\/www.oarcanjo.net\/site\/#\/schema\/logo\/image\/","url":"https:\/\/www.oarcanjo.net\/site\/wp-content\/uploads\/LogoOArcanjo.png","contentUrl":"https:\/\/www.oarcanjo.net\/site\/wp-content\/uploads\/LogoOArcanjo.png","width":319,"height":99,"caption":"Par\u00f3quia S\u00e3o Miguel Arcanjo"},"image":{"@id":"https:\/\/www.oarcanjo.net\/site\/#\/schema\/logo\/image\/"},"sameAs":["https:\/\/www.facebook.com\/OArcanjoNoAr\/"]},{"@type":"Person","@id":"https:\/\/www.oarcanjo.net\/site\/#\/schema\/person\/f7024d007863202483a31326673a0838","name":"editor","sameAs":["http:\/\/www.oarcanjo.net"]}]}},"publishpress_future_action":{"enabled":false,"date":"2026-05-09 04:40:24","action":"category","newStatus":"draft","terms":[],"taxonomy":"category"},"publishpress_future_workflow_manual_trigger":{"enabledWorkflows":[]},"_links":{"self":[{"href":"https:\/\/www.oarcanjo.net\/site\/wp-json\/wp\/v2\/posts\/53603"}],"collection":[{"href":"https:\/\/www.oarcanjo.net\/site\/wp-json\/wp\/v2\/posts"}],"about":[{"href":"https:\/\/www.oarcanjo.net\/site\/wp-json\/wp\/v2\/types\/post"}],"author":[{"embeddable":true,"href":"https:\/\/www.oarcanjo.net\/site\/wp-json\/wp\/v2\/users\/5"}],"replies":[{"embeddable":true,"href":"https:\/\/www.oarcanjo.net\/site\/wp-json\/wp\/v2\/comments?post=53603"}],"version-history":[{"count":0,"href":"https:\/\/www.oarcanjo.net\/site\/wp-json\/wp\/v2\/posts\/53603\/revisions"}],"wp:featuredmedia":[{"embeddable":true,"href":"https:\/\/www.oarcanjo.net\/site\/wp-json\/wp\/v2\/media\/53631"}],"wp:attachment":[{"href":"https:\/\/www.oarcanjo.net\/site\/wp-json\/wp\/v2\/media?parent=53603"}],"wp:term":[{"taxonomy":"category","embeddable":true,"href":"https:\/\/www.oarcanjo.net\/site\/wp-json\/wp\/v2\/categories?post=53603"},{"taxonomy":"post_tag","embeddable":true,"href":"https:\/\/www.oarcanjo.net\/site\/wp-json\/wp\/v2\/tags?post=53603"}],"curies":[{"name":"wp","href":"https:\/\/api.w.org\/{rel}","templated":true}]}}