
{"id":53623,"date":"2014-11-10T20:05:16","date_gmt":"2014-11-10T22:05:16","guid":{"rendered":"http:\/\/www.oarcanjo.net\/site\/?p=53623"},"modified":"2014-11-10T20:09:06","modified_gmt":"2014-11-10T22:09:06","slug":"mais-de-500-mil-assinam-projeto-de-reforma-politica-e-eleicoes-limpas","status":"publish","type":"post","link":"https:\/\/www.oarcanjo.net\/site\/mais-de-500-mil-assinam-projeto-de-reforma-politica-e-eleicoes-limpas\/","title":{"rendered":"Mais de 500 mil pessoas assinam projeto de reforma pol\u00edtica e elei\u00e7\u00f5es limpas"},"content":{"rendered":"<p><img loading=\"lazy\" decoding=\"async\" class=\"alignnone size-full wp-image-53625\" src=\"http:\/\/www.oarcanjo.net\/site\/wp-content\/uploads\/logo-eleicoes-limpas.jpg\" alt=\"Elei\u00e7\u00f5es limpas\" width=\"750\" height=\"390\" srcset=\"https:\/\/www.oarcanjo.net\/site\/wp-content\/uploads\/logo-eleicoes-limpas.jpg 750w, https:\/\/www.oarcanjo.net\/site\/wp-content\/uploads\/logo-eleicoes-limpas-300x156.jpg 300w\" sizes=\"(max-width: 750px) 100vw, 750px\" \/><\/p>\n<p>Mais de 500 mil pessoas j\u00e1 assinaram o projeto de lei de iniciativa popular que prop\u00f5e reforma pol\u00edtica e elei\u00e7\u00f5es limpas no pa\u00eds. A proposta foi elaborada pela <strong>Coaliz\u00e3o pela Reforma Pol\u00edtica Democr\u00e1tica e Elei\u00e7\u00f5es Limpas<\/strong>, que re\u00fane diversas entidades da sociedade civil, entre elas a <strong>CNBB<\/strong> (Confer\u00eancia Nacional dos Bispos do Brasil), a <strong>OAB<\/strong> (Ordem dos Advogados do Brasil) e o <strong>MCCE<\/strong> (Movimento de Combate \u00e0 Corrup\u00e7\u00e3o Eleitoral), que atuou nas campanhas da <strong>Ficha Limpa<\/strong> e da <strong>Lei 9840<\/strong>, que pune casos de corrup\u00e7\u00e3o eleitoral.<\/p>\n<p>O projeto tem quatro pontos principais:<\/p>\n<p>1) Fim do financiamento de campanhas por empresas.<\/p>\n<p>2) Elei\u00e7\u00f5es em dois turnos para deputado e vereador &#8211; no primeiro turno, o eleitor vota em propostas apresentadas pelos partidos; no segundo, escolhe candidatos.<\/p>\n<p>3) Paridade de g\u00eanero &#8211; as listas de candidatos devem ter o mesmo n\u00famero de homens e mulheres.<\/p>\n<p>4) Fortalecimento dos mecanismos de democracia direta nas decis\u00f5es importantes.<\/p>\n<p><a title=\"Cartilha da Reforma Pol\u00edtica\" href=\"http:\/\/www.reformapoliticademocratica.org.br\/wp-content\/uploads\/2014\/08\/cartilha_coalizao_segunda_edicao.pdf\" target=\"_blank\"><img loading=\"lazy\" decoding=\"async\" class=\"alignnone size-full wp-image-53626\" src=\"http:\/\/www.oarcanjo.net\/site\/wp-content\/uploads\/cartilha.jpg\" alt=\"cartilha\" width=\"300\" height=\"420\" srcset=\"https:\/\/www.oarcanjo.net\/site\/wp-content\/uploads\/cartilha.jpg 300w, https:\/\/www.oarcanjo.net\/site\/wp-content\/uploads\/cartilha-214x300.jpg 214w\" sizes=\"(max-width: 300px) 100vw, 300px\" \/><br \/>\n<\/a>Clique na imagem acima para copiar a cartilha<\/p>\n<p>Para conhecer melhor o assunto, seguem dois v\u00eddeos:<\/p>\n<p><iframe loading=\"lazy\" src=\"\/\/www.youtube.com\/embed\/rFZWiXz7v_c?rel=0\" width=\"640\" height=\"360\" frameborder=\"0\" allowfullscreen=\"allowfullscreen\"><\/iframe><\/p>\n<p>&nbsp;<\/p>\n<p><iframe loading=\"lazy\" src=\"\/\/www.youtube.com\/embed\/VcfuR6p3RC0?rel=0\" width=\"640\" height=\"360\" frameborder=\"0\" allowfullscreen=\"allowfullscreen\"><\/iframe><\/p>\n<p><strong>Para mais informa\u00e7\u00f5es, acesse o site <a title=\"Reforma Pol\u00edtica Democr\u00e1tica e Elei\u00e7\u00f5es Limpas\" href=\"http:\/\/www.reformapoliticademocratica.org.br\/\" target=\"_blank\">www.reformapoliticademocratica.org.br\/<\/a><\/strong><\/p>\n<div id=\"themify_builder_content-53623\" data-postid=\"53623\" class=\"themify_builder_content themify_builder_content-53623 themify_builder themify_builder_front\">\n\t<\/div>\n<!-- \/themify_builder_content -->","protected":false},"excerpt":{"rendered":"<p>Mais de 500 mil pessoas j\u00e1 assinaram o projeto de lei de iniciativa popular que prop\u00f5e reforma pol\u00edtica e elei\u00e7\u00f5es limpas no pa\u00eds. A proposta foi elaborada pela Coaliz\u00e3o pela Reforma Pol\u00edtica Democr\u00e1tica e Elei\u00e7\u00f5es Limpas, que re\u00fane diversas entidades da sociedade civil, entre elas a CNBB (Confer\u00eancia Nacional dos Bispos do Brasil), a OAB [&hellip;]<\/p>\n","protected":false},"author":2,"featured_media":0,"comment_status":"open","ping_status":"open","sticky":false,"template":"","format":"standard","meta":{"ngg_post_thumbnail":0,"footnotes":""},"categories":[3,8,280],"tags":[],"yoast_head":"<!-- This site is optimized with the Yoast SEO plugin v23.5 - https:\/\/yoast.com\/wordpress\/plugins\/seo\/ -->\n<title>Mais de 500 mil pessoas assinam projeto de reforma pol\u00edtica e elei\u00e7\u00f5es limpas - O Arcanjo no ar<\/title>\n<meta name=\"robots\" content=\"index, follow, max-snippet:-1, max-image-preview:large, max-video-preview:-1\" \/>\n<link rel=\"canonical\" href=\"https:\/\/www.oarcanjo.net\/site\/mais-de-500-mil-assinam-projeto-de-reforma-politica-e-eleicoes-limpas\/\" \/>\n<meta property=\"og:locale\" content=\"pt_BR\" \/>\n<meta property=\"og:type\" content=\"article\" \/>\n<meta property=\"og:title\" content=\"Mais de 500 mil pessoas assinam projeto de reforma pol\u00edtica e elei\u00e7\u00f5es limpas - O Arcanjo no ar\" \/>\n<meta property=\"og:description\" content=\"Mais de 500 mil pessoas j\u00e1 assinaram o projeto de lei de iniciativa popular que prop\u00f5e reforma pol\u00edtica e elei\u00e7\u00f5es limpas no pa\u00eds. A proposta foi elaborada pela Coaliz\u00e3o pela Reforma Pol\u00edtica Democr\u00e1tica e Elei\u00e7\u00f5es Limpas, que re\u00fane diversas entidades da sociedade civil, entre elas a CNBB (Confer\u00eancia Nacional dos Bispos do Brasil), a OAB [&hellip;]\" \/>\n<meta property=\"og:url\" content=\"https:\/\/www.oarcanjo.net\/site\/mais-de-500-mil-assinam-projeto-de-reforma-politica-e-eleicoes-limpas\/\" \/>\n<meta property=\"og:site_name\" content=\"O Arcanjo no ar\" \/>\n<meta property=\"article:publisher\" content=\"https:\/\/www.facebook.com\/OArcanjoNoAr\/\" \/>\n<meta property=\"article:published_time\" content=\"2014-11-10T22:05:16+00:00\" \/>\n<meta property=\"article:modified_time\" content=\"2014-11-10T22:09:06+00:00\" \/>\n<meta property=\"og:image\" content=\"http:\/\/www.oarcanjo.net\/site\/wp-content\/uploads\/logo-eleicoes-limpas.jpg\" \/>\n<meta name=\"author\" content=\"rubens.meyer\" \/>\n<meta name=\"twitter:card\" content=\"summary_large_image\" \/>\n<meta name=\"twitter:label1\" content=\"Escrito por\" \/>\n\t<meta name=\"twitter:data1\" content=\"rubens.meyer\" \/>\n\t<meta name=\"twitter:label2\" content=\"Est. tempo de leitura\" \/>\n\t<meta name=\"twitter:data2\" content=\"1 minuto\" \/>\n<script type=\"application\/ld+json\" class=\"yoast-schema-graph\">{\"@context\":\"https:\/\/schema.org\",\"@graph\":[{\"@type\":\"Article\",\"@id\":\"https:\/\/www.oarcanjo.net\/site\/mais-de-500-mil-assinam-projeto-de-reforma-politica-e-eleicoes-limpas\/#article\",\"isPartOf\":{\"@id\":\"https:\/\/www.oarcanjo.net\/site\/mais-de-500-mil-assinam-projeto-de-reforma-politica-e-eleicoes-limpas\/\"},\"author\":{\"name\":\"rubens.meyer\",\"@id\":\"https:\/\/www.oarcanjo.net\/site\/#\/schema\/person\/8f702af457b0cfb4ac1a7228ee23f026\"},\"headline\":\"Mais de 500 mil pessoas assinam projeto de reforma pol\u00edtica e elei\u00e7\u00f5es limpas\",\"datePublished\":\"2014-11-10T22:05:16+00:00\",\"dateModified\":\"2014-11-10T22:09:06+00:00\",\"mainEntityOfPage\":{\"@id\":\"https:\/\/www.oarcanjo.net\/site\/mais-de-500-mil-assinam-projeto-de-reforma-politica-e-eleicoes-limpas\/\"},\"wordCount\":205,\"commentCount\":0,\"publisher\":{\"@id\":\"https:\/\/www.oarcanjo.net\/site\/#organization\"},\"image\":{\"@id\":\"https:\/\/www.oarcanjo.net\/site\/mais-de-500-mil-assinam-projeto-de-reforma-politica-e-eleicoes-limpas\/#primaryimage\"},\"thumbnailUrl\":\"http:\/\/www.oarcanjo.net\/site\/wp-content\/uploads\/logo-eleicoes-limpas.jpg\",\"articleSection\":[\"Destaques\",\"Not\u00edcias\",\"V\u00eddeos\"],\"inLanguage\":\"pt-BR\",\"potentialAction\":[{\"@type\":\"CommentAction\",\"name\":\"Comment\",\"target\":[\"https:\/\/www.oarcanjo.net\/site\/mais-de-500-mil-assinam-projeto-de-reforma-politica-e-eleicoes-limpas\/#respond\"]}]},{\"@type\":\"WebPage\",\"@id\":\"https:\/\/www.oarcanjo.net\/site\/mais-de-500-mil-assinam-projeto-de-reforma-politica-e-eleicoes-limpas\/\",\"url\":\"https:\/\/www.oarcanjo.net\/site\/mais-de-500-mil-assinam-projeto-de-reforma-politica-e-eleicoes-limpas\/\",\"name\":\"Mais de 500 mil pessoas assinam projeto de reforma pol\u00edtica e elei\u00e7\u00f5es limpas - O Arcanjo no ar\",\"isPartOf\":{\"@id\":\"https:\/\/www.oarcanjo.net\/site\/#website\"},\"primaryImageOfPage\":{\"@id\":\"https:\/\/www.oarcanjo.net\/site\/mais-de-500-mil-assinam-projeto-de-reforma-politica-e-eleicoes-limpas\/#primaryimage\"},\"image\":{\"@id\":\"https:\/\/www.oarcanjo.net\/site\/mais-de-500-mil-assinam-projeto-de-reforma-politica-e-eleicoes-limpas\/#primaryimage\"},\"thumbnailUrl\":\"http:\/\/www.oarcanjo.net\/site\/wp-content\/uploads\/logo-eleicoes-limpas.jpg\",\"datePublished\":\"2014-11-10T22:05:16+00:00\",\"dateModified\":\"2014-11-10T22:09:06+00:00\",\"breadcrumb\":{\"@id\":\"https:\/\/www.oarcanjo.net\/site\/mais-de-500-mil-assinam-projeto-de-reforma-politica-e-eleicoes-limpas\/#breadcrumb\"},\"inLanguage\":\"pt-BR\",\"potentialAction\":[{\"@type\":\"ReadAction\",\"target\":[\"https:\/\/www.oarcanjo.net\/site\/mais-de-500-mil-assinam-projeto-de-reforma-politica-e-eleicoes-limpas\/\"]}]},{\"@type\":\"ImageObject\",\"inLanguage\":\"pt-BR\",\"@id\":\"https:\/\/www.oarcanjo.net\/site\/mais-de-500-mil-assinam-projeto-de-reforma-politica-e-eleicoes-limpas\/#primaryimage\",\"url\":\"https:\/\/www.oarcanjo.net\/site\/wp-content\/uploads\/logo-eleicoes-limpas.jpg\",\"contentUrl\":\"https:\/\/www.oarcanjo.net\/site\/wp-content\/uploads\/logo-eleicoes-limpas.jpg\",\"width\":750,\"height\":390,\"caption\":\"Elei\u00e7\u00f5es limpas\"},{\"@type\":\"BreadcrumbList\",\"@id\":\"https:\/\/www.oarcanjo.net\/site\/mais-de-500-mil-assinam-projeto-de-reforma-politica-e-eleicoes-limpas\/#breadcrumb\",\"itemListElement\":[{\"@type\":\"ListItem\",\"position\":1,\"name\":\"In\u00edcio\",\"item\":\"https:\/\/www.oarcanjo.net\/site\/\"},{\"@type\":\"ListItem\",\"position\":2,\"name\":\"Mais de 500 mil pessoas assinam projeto de reforma pol\u00edtica e elei\u00e7\u00f5es limpas\"}]},{\"@type\":\"WebSite\",\"@id\":\"https:\/\/www.oarcanjo.net\/site\/#website\",\"url\":\"https:\/\/www.oarcanjo.net\/site\/\",\"name\":\"O Arcanjo no ar\",\"description\":\"Site da Par\u00f3quia S\u00e3o Miguel Arcanjo (Arquidiocese de SP)\",\"publisher\":{\"@id\":\"https:\/\/www.oarcanjo.net\/site\/#organization\"},\"potentialAction\":[{\"@type\":\"SearchAction\",\"target\":{\"@type\":\"EntryPoint\",\"urlTemplate\":\"https:\/\/www.oarcanjo.net\/site\/?s={search_term_string}\"},\"query-input\":{\"@type\":\"PropertyValueSpecification\",\"valueRequired\":true,\"valueName\":\"search_term_string\"}}],\"inLanguage\":\"pt-BR\"},{\"@type\":\"Organization\",\"@id\":\"https:\/\/www.oarcanjo.net\/site\/#organization\",\"name\":\"Par\u00f3quia S\u00e3o Miguel Arcanjo\",\"url\":\"https:\/\/www.oarcanjo.net\/site\/\",\"logo\":{\"@type\":\"ImageObject\",\"inLanguage\":\"pt-BR\",\"@id\":\"https:\/\/www.oarcanjo.net\/site\/#\/schema\/logo\/image\/\",\"url\":\"https:\/\/www.oarcanjo.net\/site\/wp-content\/uploads\/LogoOArcanjo.png\",\"contentUrl\":\"https:\/\/www.oarcanjo.net\/site\/wp-content\/uploads\/LogoOArcanjo.png\",\"width\":319,\"height\":99,\"caption\":\"Par\u00f3quia S\u00e3o Miguel Arcanjo\"},\"image\":{\"@id\":\"https:\/\/www.oarcanjo.net\/site\/#\/schema\/logo\/image\/\"},\"sameAs\":[\"https:\/\/www.facebook.com\/OArcanjoNoAr\/\"]},{\"@type\":\"Person\",\"@id\":\"https:\/\/www.oarcanjo.net\/site\/#\/schema\/person\/8f702af457b0cfb4ac1a7228ee23f026\",\"name\":\"rubens.meyer\"}]}<\/script>\n<!-- \/ Yoast SEO plugin. -->","yoast_head_json":{"title":"Mais de 500 mil pessoas assinam projeto de reforma pol\u00edtica e elei\u00e7\u00f5es limpas - O Arcanjo no ar","robots":{"index":"index","follow":"follow","max-snippet":"max-snippet:-1","max-image-preview":"max-image-preview:large","max-video-preview":"max-video-preview:-1"},"canonical":"https:\/\/www.oarcanjo.net\/site\/mais-de-500-mil-assinam-projeto-de-reforma-politica-e-eleicoes-limpas\/","og_locale":"pt_BR","og_type":"article","og_title":"Mais de 500 mil pessoas assinam projeto de reforma pol\u00edtica e elei\u00e7\u00f5es limpas - O Arcanjo no ar","og_description":"Mais de 500 mil pessoas j\u00e1 assinaram o projeto de lei de iniciativa popular que prop\u00f5e reforma pol\u00edtica e elei\u00e7\u00f5es limpas no pa\u00eds. A proposta foi elaborada pela Coaliz\u00e3o pela Reforma Pol\u00edtica Democr\u00e1tica e Elei\u00e7\u00f5es Limpas, que re\u00fane diversas entidades da sociedade civil, entre elas a CNBB (Confer\u00eancia Nacional dos Bispos do Brasil), a OAB [&hellip;]","og_url":"https:\/\/www.oarcanjo.net\/site\/mais-de-500-mil-assinam-projeto-de-reforma-politica-e-eleicoes-limpas\/","og_site_name":"O Arcanjo no ar","article_publisher":"https:\/\/www.facebook.com\/OArcanjoNoAr\/","article_published_time":"2014-11-10T22:05:16+00:00","article_modified_time":"2014-11-10T22:09:06+00:00","og_image":[{"url":"http:\/\/www.oarcanjo.net\/site\/wp-content\/uploads\/logo-eleicoes-limpas.jpg"}],"author":"rubens.meyer","twitter_card":"summary_large_image","twitter_misc":{"Escrito por":"rubens.meyer","Est. tempo de leitura":"1 minuto"},"schema":{"@context":"https:\/\/schema.org","@graph":[{"@type":"Article","@id":"https:\/\/www.oarcanjo.net\/site\/mais-de-500-mil-assinam-projeto-de-reforma-politica-e-eleicoes-limpas\/#article","isPartOf":{"@id":"https:\/\/www.oarcanjo.net\/site\/mais-de-500-mil-assinam-projeto-de-reforma-politica-e-eleicoes-limpas\/"},"author":{"name":"rubens.meyer","@id":"https:\/\/www.oarcanjo.net\/site\/#\/schema\/person\/8f702af457b0cfb4ac1a7228ee23f026"},"headline":"Mais de 500 mil pessoas assinam projeto de reforma pol\u00edtica e elei\u00e7\u00f5es limpas","datePublished":"2014-11-10T22:05:16+00:00","dateModified":"2014-11-10T22:09:06+00:00","mainEntityOfPage":{"@id":"https:\/\/www.oarcanjo.net\/site\/mais-de-500-mil-assinam-projeto-de-reforma-politica-e-eleicoes-limpas\/"},"wordCount":205,"commentCount":0,"publisher":{"@id":"https:\/\/www.oarcanjo.net\/site\/#organization"},"image":{"@id":"https:\/\/www.oarcanjo.net\/site\/mais-de-500-mil-assinam-projeto-de-reforma-politica-e-eleicoes-limpas\/#primaryimage"},"thumbnailUrl":"http:\/\/www.oarcanjo.net\/site\/wp-content\/uploads\/logo-eleicoes-limpas.jpg","articleSection":["Destaques","Not\u00edcias","V\u00eddeos"],"inLanguage":"pt-BR","potentialAction":[{"@type":"CommentAction","name":"Comment","target":["https:\/\/www.oarcanjo.net\/site\/mais-de-500-mil-assinam-projeto-de-reforma-politica-e-eleicoes-limpas\/#respond"]}]},{"@type":"WebPage","@id":"https:\/\/www.oarcanjo.net\/site\/mais-de-500-mil-assinam-projeto-de-reforma-politica-e-eleicoes-limpas\/","url":"https:\/\/www.oarcanjo.net\/site\/mais-de-500-mil-assinam-projeto-de-reforma-politica-e-eleicoes-limpas\/","name":"Mais de 500 mil pessoas assinam projeto de reforma pol\u00edtica e elei\u00e7\u00f5es limpas - O Arcanjo no ar","isPartOf":{"@id":"https:\/\/www.oarcanjo.net\/site\/#website"},"primaryImageOfPage":{"@id":"https:\/\/www.oarcanjo.net\/site\/mais-de-500-mil-assinam-projeto-de-reforma-politica-e-eleicoes-limpas\/#primaryimage"},"image":{"@id":"https:\/\/www.oarcanjo.net\/site\/mais-de-500-mil-assinam-projeto-de-reforma-politica-e-eleicoes-limpas\/#primaryimage"},"thumbnailUrl":"http:\/\/www.oarcanjo.net\/site\/wp-content\/uploads\/logo-eleicoes-limpas.jpg","datePublished":"2014-11-10T22:05:16+00:00","dateModified":"2014-11-10T22:09:06+00:00","breadcrumb":{"@id":"https:\/\/www.oarcanjo.net\/site\/mais-de-500-mil-assinam-projeto-de-reforma-politica-e-eleicoes-limpas\/#breadcrumb"},"inLanguage":"pt-BR","potentialAction":[{"@type":"ReadAction","target":["https:\/\/www.oarcanjo.net\/site\/mais-de-500-mil-assinam-projeto-de-reforma-politica-e-eleicoes-limpas\/"]}]},{"@type":"ImageObject","inLanguage":"pt-BR","@id":"https:\/\/www.oarcanjo.net\/site\/mais-de-500-mil-assinam-projeto-de-reforma-politica-e-eleicoes-limpas\/#primaryimage","url":"https:\/\/www.oarcanjo.net\/site\/wp-content\/uploads\/logo-eleicoes-limpas.jpg","contentUrl":"https:\/\/www.oarcanjo.net\/site\/wp-content\/uploads\/logo-eleicoes-limpas.jpg","width":750,"height":390,"caption":"Elei\u00e7\u00f5es limpas"},{"@type":"BreadcrumbList","@id":"https:\/\/www.oarcanjo.net\/site\/mais-de-500-mil-assinam-projeto-de-reforma-politica-e-eleicoes-limpas\/#breadcrumb","itemListElement":[{"@type":"ListItem","position":1,"name":"In\u00edcio","item":"https:\/\/www.oarcanjo.net\/site\/"},{"@type":"ListItem","position":2,"name":"Mais de 500 mil pessoas assinam projeto de reforma pol\u00edtica e elei\u00e7\u00f5es limpas"}]},{"@type":"WebSite","@id":"https:\/\/www.oarcanjo.net\/site\/#website","url":"https:\/\/www.oarcanjo.net\/site\/","name":"O Arcanjo no ar","description":"Site da Par\u00f3quia S\u00e3o Miguel Arcanjo (Arquidiocese de SP)","publisher":{"@id":"https:\/\/www.oarcanjo.net\/site\/#organization"},"potentialAction":[{"@type":"SearchAction","target":{"@type":"EntryPoint","urlTemplate":"https:\/\/www.oarcanjo.net\/site\/?s={search_term_string}"},"query-input":{"@type":"PropertyValueSpecification","valueRequired":true,"valueName":"search_term_string"}}],"inLanguage":"pt-BR"},{"@type":"Organization","@id":"https:\/\/www.oarcanjo.net\/site\/#organization","name":"Par\u00f3quia S\u00e3o Miguel Arcanjo","url":"https:\/\/www.oarcanjo.net\/site\/","logo":{"@type":"ImageObject","inLanguage":"pt-BR","@id":"https:\/\/www.oarcanjo.net\/site\/#\/schema\/logo\/image\/","url":"https:\/\/www.oarcanjo.net\/site\/wp-content\/uploads\/LogoOArcanjo.png","contentUrl":"https:\/\/www.oarcanjo.net\/site\/wp-content\/uploads\/LogoOArcanjo.png","width":319,"height":99,"caption":"Par\u00f3quia S\u00e3o Miguel Arcanjo"},"image":{"@id":"https:\/\/www.oarcanjo.net\/site\/#\/schema\/logo\/image\/"},"sameAs":["https:\/\/www.facebook.com\/OArcanjoNoAr\/"]},{"@type":"Person","@id":"https:\/\/www.oarcanjo.net\/site\/#\/schema\/person\/8f702af457b0cfb4ac1a7228ee23f026","name":"rubens.meyer"}]}},"publishpress_future_action":{"enabled":false,"date":"2026-05-09 04:50:30","action":"category","newStatus":"draft","terms":[],"taxonomy":"category"},"publishpress_future_workflow_manual_trigger":{"enabledWorkflows":[]},"_links":{"self":[{"href":"https:\/\/www.oarcanjo.net\/site\/wp-json\/wp\/v2\/posts\/53623"}],"collection":[{"href":"https:\/\/www.oarcanjo.net\/site\/wp-json\/wp\/v2\/posts"}],"about":[{"href":"https:\/\/www.oarcanjo.net\/site\/wp-json\/wp\/v2\/types\/post"}],"author":[{"embeddable":true,"href":"https:\/\/www.oarcanjo.net\/site\/wp-json\/wp\/v2\/users\/2"}],"replies":[{"embeddable":true,"href":"https:\/\/www.oarcanjo.net\/site\/wp-json\/wp\/v2\/comments?post=53623"}],"version-history":[{"count":0,"href":"https:\/\/www.oarcanjo.net\/site\/wp-json\/wp\/v2\/posts\/53623\/revisions"}],"wp:attachment":[{"href":"https:\/\/www.oarcanjo.net\/site\/wp-json\/wp\/v2\/media?parent=53623"}],"wp:term":[{"taxonomy":"category","embeddable":true,"href":"https:\/\/www.oarcanjo.net\/site\/wp-json\/wp\/v2\/categories?post=53623"},{"taxonomy":"post_tag","embeddable":true,"href":"https:\/\/www.oarcanjo.net\/site\/wp-json\/wp\/v2\/tags?post=53623"}],"curies":[{"name":"wp","href":"https:\/\/api.w.org\/{rel}","templated":true}]}}