
{"id":5364,"date":"2009-09-26T23:29:50","date_gmt":"2009-09-27T02:29:50","guid":{"rendered":"http:\/\/www.oarcanjo.net\/site\/?p=5364"},"modified":"2009-09-27T07:42:47","modified_gmt":"2009-09-27T10:42:47","slug":"27-de-setembro-sao-vicente-de-paulo","status":"publish","type":"post","link":"https:\/\/www.oarcanjo.net\/site\/27-de-setembro-sao-vicente-de-paulo\/","title":{"rendered":"27 de Setembro, S\u00e3o Vicente de Paulo!"},"content":{"rendered":"<p>Aos Domingos a mem\u00f3ria dos santos \u00e9 suprimida, mas hoje n\u00e3o podemos deixar de lembrar um gigante da caridade e amor aos empobrecidos, doentes e idosos o magnif\u00edco S\u00e3o Vicente de Paulo.<\/p>\n<p>Por ser o seu dia, hoje \u00e9 o Dia Internacional do Idoso!<\/p>\n<p>S\u00e3o Vicente foi ordenado padre aos 19 anos de idade e numa viagem de barco foi feito prisioneiro e vendido como escravo , por\u00e9m conseguiu escapar.<\/p>\n<p>Tornou-se grande defensor dos esquecidos e campe\u00e3o da caridade para com os abandonados, protetor dos doentes e empestiados condenados a morrer emparedados e fechados em suas casas sem comida, sem \u00e1gua e rem\u00e9dios, S\u00e3o Vicente vai busc\u00e1-los com coragem e libert\u00e1-los para que n\u00e3o morressem de maneira cruel e desumana, enfrenta apedrejamento e insultos, o tratam como louco e radical.<\/p>\n<p>Consegue o respeito e admira\u00e7\u00e3o de muitos, n\u00e3o busca nada para si, mas para as multid\u00f5es abandonadas e esquecidas, acolhe crian\u00e7as e idosos, forma grupos religiosos para educ\u00e1-los e proteg\u00ea-los.<\/p>\n<p>Com Santa Luiza de Marilac funda a congrega\u00e7\u00e3o das Filhas da Caridade. At\u00e9 hoje espalhadas por todo o mundo fazendo o bem de maneira her\u00f3ica e admir\u00e1vel!<\/p>\n<p>S\u00e3o Vicente faleceu a 27 de setembro de 1660, sendo canonizado em 1737.<\/p>\n<p>S\u00e3o Vicente de Paulo, rogai por n\u00f3s!<\/p>\n<p><object width=\"480\" height=\"385\"><param name=\"movie\" value=\"http:\/\/www.youtube.com\/v\/qSIR9kn-FM0&#038;hl=pt-br&#038;fs=1&#038;rel=0&#038;color1=0xe1600f&#038;color2=0xfebd01\"><\/param><param name=\"allowFullScreen\" value=\"true\"><\/param><param name=\"allowscriptaccess\" value=\"always\"><\/param><embed src=\"http:\/\/www.youtube.com\/v\/qSIR9kn-FM0&#038;hl=pt-br&#038;fs=1&#038;rel=0&#038;color1=0xe1600f&#038;color2=0xfebd01\" type=\"application\/x-shockwave-flash\" allowscriptaccess=\"always\" allowfullscreen=\"true\" width=\"480\" height=\"385\"><\/embed><\/object><\/p>\n<div id=\"themify_builder_content-5364\" data-postid=\"5364\" class=\"themify_builder_content themify_builder_content-5364 themify_builder themify_builder_front\">\n\t<\/div>\n<!-- \/themify_builder_content -->","protected":false},"excerpt":{"rendered":"<p>Aos Domingos a mem\u00f3ria dos santos \u00e9 suprimida, mas hoje n\u00e3o podemos deixar de lembrar um gigante da caridade e amor aos empobrecidos, doentes e idosos o magnif\u00edco S\u00e3o Vicente de Paulo. Por ser o seu dia, hoje \u00e9 o Dia Internacional do Idoso! S\u00e3o Vicente foi ordenado padre aos 19 anos de idade e [&hellip;]<\/p>\n","protected":false},"author":4,"featured_media":0,"comment_status":"open","ping_status":"open","sticky":false,"template":"","format":"standard","meta":{"ngg_post_thumbnail":0,"footnotes":""},"categories":[4],"tags":[100,1107,1106,1104,1105],"yoast_head":"<!-- This site is optimized with the Yoast SEO plugin v23.5 - https:\/\/yoast.com\/wordpress\/plugins\/seo\/ -->\n<title>27 de Setembro, S\u00e3o Vicente de Paulo! - O Arcanjo no ar<\/title>\n<meta name=\"robots\" content=\"index, follow, max-snippet:-1, max-image-preview:large, max-video-preview:-1\" \/>\n<link rel=\"canonical\" href=\"https:\/\/www.oarcanjo.net\/site\/27-de-setembro-sao-vicente-de-paulo\/\" \/>\n<meta property=\"og:locale\" content=\"pt_BR\" \/>\n<meta property=\"og:type\" content=\"article\" \/>\n<meta property=\"og:title\" content=\"27 de Setembro, S\u00e3o Vicente de Paulo! - O Arcanjo no ar\" \/>\n<meta property=\"og:description\" content=\"Aos Domingos a mem\u00f3ria dos santos \u00e9 suprimida, mas hoje n\u00e3o podemos deixar de lembrar um gigante da caridade e amor aos empobrecidos, doentes e idosos o magnif\u00edco S\u00e3o Vicente de Paulo. Por ser o seu dia, hoje \u00e9 o Dia Internacional do Idoso! S\u00e3o Vicente foi ordenado padre aos 19 anos de idade e [&hellip;]\" \/>\n<meta property=\"og:url\" content=\"https:\/\/www.oarcanjo.net\/site\/27-de-setembro-sao-vicente-de-paulo\/\" \/>\n<meta property=\"og:site_name\" content=\"O Arcanjo no ar\" \/>\n<meta property=\"article:publisher\" content=\"https:\/\/www.facebook.com\/OArcanjoNoAr\/\" \/>\n<meta property=\"article:published_time\" content=\"2009-09-27T02:29:50+00:00\" \/>\n<meta property=\"article:modified_time\" content=\"2009-09-27T10:42:47+00:00\" \/>\n<meta property=\"og:image\" content=\"https:\/\/www.oarcanjo.net\/site\/wp-content\/uploads\/logo-o-arcanjo-no-ar-facebook.png\" \/>\n\t<meta property=\"og:image:width\" content=\"300\" \/>\n\t<meta property=\"og:image:height\" content=\"300\" \/>\n\t<meta property=\"og:image:type\" content=\"image\/png\" \/>\n<meta name=\"author\" content=\"julio\" \/>\n<meta name=\"twitter:card\" content=\"summary_large_image\" \/>\n<meta name=\"twitter:label1\" content=\"Escrito por\" \/>\n\t<meta name=\"twitter:data1\" content=\"julio\" \/>\n\t<meta name=\"twitter:label2\" content=\"Est. tempo de leitura\" \/>\n\t<meta name=\"twitter:data2\" content=\"1 minuto\" \/>\n<script type=\"application\/ld+json\" class=\"yoast-schema-graph\">{\"@context\":\"https:\/\/schema.org\",\"@graph\":[{\"@type\":\"Article\",\"@id\":\"https:\/\/www.oarcanjo.net\/site\/27-de-setembro-sao-vicente-de-paulo\/#article\",\"isPartOf\":{\"@id\":\"https:\/\/www.oarcanjo.net\/site\/27-de-setembro-sao-vicente-de-paulo\/\"},\"author\":{\"name\":\"julio\",\"@id\":\"https:\/\/www.oarcanjo.net\/site\/#\/schema\/person\/d78ea01c648c91e29c364b516767079e\"},\"headline\":\"27 de Setembro, S\u00e3o Vicente de Paulo!\",\"datePublished\":\"2009-09-27T02:29:50+00:00\",\"dateModified\":\"2009-09-27T10:42:47+00:00\",\"mainEntityOfPage\":{\"@id\":\"https:\/\/www.oarcanjo.net\/site\/27-de-setembro-sao-vicente-de-paulo\/\"},\"wordCount\":231,\"commentCount\":4,\"publisher\":{\"@id\":\"https:\/\/www.oarcanjo.net\/site\/#organization\"},\"keywords\":[\"caridade\",\"Dia Internacional do Idoso\",\"empobrecidos\",\"S\u00e3o Vicente de Paulo\",\"vicentinos\"],\"articleSection\":[\"Blog\"],\"inLanguage\":\"pt-BR\",\"potentialAction\":[{\"@type\":\"CommentAction\",\"name\":\"Comment\",\"target\":[\"https:\/\/www.oarcanjo.net\/site\/27-de-setembro-sao-vicente-de-paulo\/#respond\"]}]},{\"@type\":\"WebPage\",\"@id\":\"https:\/\/www.oarcanjo.net\/site\/27-de-setembro-sao-vicente-de-paulo\/\",\"url\":\"https:\/\/www.oarcanjo.net\/site\/27-de-setembro-sao-vicente-de-paulo\/\",\"name\":\"27 de Setembro, S\u00e3o Vicente de Paulo! - O Arcanjo no ar\",\"isPartOf\":{\"@id\":\"https:\/\/www.oarcanjo.net\/site\/#website\"},\"datePublished\":\"2009-09-27T02:29:50+00:00\",\"dateModified\":\"2009-09-27T10:42:47+00:00\",\"breadcrumb\":{\"@id\":\"https:\/\/www.oarcanjo.net\/site\/27-de-setembro-sao-vicente-de-paulo\/#breadcrumb\"},\"inLanguage\":\"pt-BR\",\"potentialAction\":[{\"@type\":\"ReadAction\",\"target\":[\"https:\/\/www.oarcanjo.net\/site\/27-de-setembro-sao-vicente-de-paulo\/\"]}]},{\"@type\":\"BreadcrumbList\",\"@id\":\"https:\/\/www.oarcanjo.net\/site\/27-de-setembro-sao-vicente-de-paulo\/#breadcrumb\",\"itemListElement\":[{\"@type\":\"ListItem\",\"position\":1,\"name\":\"In\u00edcio\",\"item\":\"https:\/\/www.oarcanjo.net\/site\/\"},{\"@type\":\"ListItem\",\"position\":2,\"name\":\"27 de Setembro, S\u00e3o Vicente de Paulo!\"}]},{\"@type\":\"WebSite\",\"@id\":\"https:\/\/www.oarcanjo.net\/site\/#website\",\"url\":\"https:\/\/www.oarcanjo.net\/site\/\",\"name\":\"O Arcanjo no ar\",\"description\":\"Site da Par\u00f3quia S\u00e3o Miguel Arcanjo (Arquidiocese de SP)\",\"publisher\":{\"@id\":\"https:\/\/www.oarcanjo.net\/site\/#organization\"},\"potentialAction\":[{\"@type\":\"SearchAction\",\"target\":{\"@type\":\"EntryPoint\",\"urlTemplate\":\"https:\/\/www.oarcanjo.net\/site\/?s={search_term_string}\"},\"query-input\":{\"@type\":\"PropertyValueSpecification\",\"valueRequired\":true,\"valueName\":\"search_term_string\"}}],\"inLanguage\":\"pt-BR\"},{\"@type\":\"Organization\",\"@id\":\"https:\/\/www.oarcanjo.net\/site\/#organization\",\"name\":\"Par\u00f3quia S\u00e3o Miguel Arcanjo\",\"url\":\"https:\/\/www.oarcanjo.net\/site\/\",\"logo\":{\"@type\":\"ImageObject\",\"inLanguage\":\"pt-BR\",\"@id\":\"https:\/\/www.oarcanjo.net\/site\/#\/schema\/logo\/image\/\",\"url\":\"https:\/\/www.oarcanjo.net\/site\/wp-content\/uploads\/LogoOArcanjo.png\",\"contentUrl\":\"https:\/\/www.oarcanjo.net\/site\/wp-content\/uploads\/LogoOArcanjo.png\",\"width\":319,\"height\":99,\"caption\":\"Par\u00f3quia S\u00e3o Miguel Arcanjo\"},\"image\":{\"@id\":\"https:\/\/www.oarcanjo.net\/site\/#\/schema\/logo\/image\/\"},\"sameAs\":[\"https:\/\/www.facebook.com\/OArcanjoNoAr\/\"]},{\"@type\":\"Person\",\"@id\":\"https:\/\/www.oarcanjo.net\/site\/#\/schema\/person\/d78ea01c648c91e29c364b516767079e\",\"name\":\"julio\",\"sameAs\":[\"http:\/\/www.oarcanjo.net\"]}]}<\/script>\n<!-- \/ Yoast SEO plugin. -->","yoast_head_json":{"title":"27 de Setembro, S\u00e3o Vicente de Paulo! - O Arcanjo no ar","robots":{"index":"index","follow":"follow","max-snippet":"max-snippet:-1","max-image-preview":"max-image-preview:large","max-video-preview":"max-video-preview:-1"},"canonical":"https:\/\/www.oarcanjo.net\/site\/27-de-setembro-sao-vicente-de-paulo\/","og_locale":"pt_BR","og_type":"article","og_title":"27 de Setembro, S\u00e3o Vicente de Paulo! - O Arcanjo no ar","og_description":"Aos Domingos a mem\u00f3ria dos santos \u00e9 suprimida, mas hoje n\u00e3o podemos deixar de lembrar um gigante da caridade e amor aos empobrecidos, doentes e idosos o magnif\u00edco S\u00e3o Vicente de Paulo. Por ser o seu dia, hoje \u00e9 o Dia Internacional do Idoso! S\u00e3o Vicente foi ordenado padre aos 19 anos de idade e [&hellip;]","og_url":"https:\/\/www.oarcanjo.net\/site\/27-de-setembro-sao-vicente-de-paulo\/","og_site_name":"O Arcanjo no ar","article_publisher":"https:\/\/www.facebook.com\/OArcanjoNoAr\/","article_published_time":"2009-09-27T02:29:50+00:00","article_modified_time":"2009-09-27T10:42:47+00:00","og_image":[{"width":300,"height":300,"url":"https:\/\/www.oarcanjo.net\/site\/wp-content\/uploads\/logo-o-arcanjo-no-ar-facebook.png","type":"image\/png"}],"author":"julio","twitter_card":"summary_large_image","twitter_misc":{"Escrito por":"julio","Est. tempo de leitura":"1 minuto"},"schema":{"@context":"https:\/\/schema.org","@graph":[{"@type":"Article","@id":"https:\/\/www.oarcanjo.net\/site\/27-de-setembro-sao-vicente-de-paulo\/#article","isPartOf":{"@id":"https:\/\/www.oarcanjo.net\/site\/27-de-setembro-sao-vicente-de-paulo\/"},"author":{"name":"julio","@id":"https:\/\/www.oarcanjo.net\/site\/#\/schema\/person\/d78ea01c648c91e29c364b516767079e"},"headline":"27 de Setembro, S\u00e3o Vicente de Paulo!","datePublished":"2009-09-27T02:29:50+00:00","dateModified":"2009-09-27T10:42:47+00:00","mainEntityOfPage":{"@id":"https:\/\/www.oarcanjo.net\/site\/27-de-setembro-sao-vicente-de-paulo\/"},"wordCount":231,"commentCount":4,"publisher":{"@id":"https:\/\/www.oarcanjo.net\/site\/#organization"},"keywords":["caridade","Dia Internacional do Idoso","empobrecidos","S\u00e3o Vicente de Paulo","vicentinos"],"articleSection":["Blog"],"inLanguage":"pt-BR","potentialAction":[{"@type":"CommentAction","name":"Comment","target":["https:\/\/www.oarcanjo.net\/site\/27-de-setembro-sao-vicente-de-paulo\/#respond"]}]},{"@type":"WebPage","@id":"https:\/\/www.oarcanjo.net\/site\/27-de-setembro-sao-vicente-de-paulo\/","url":"https:\/\/www.oarcanjo.net\/site\/27-de-setembro-sao-vicente-de-paulo\/","name":"27 de Setembro, S\u00e3o Vicente de Paulo! - O Arcanjo no ar","isPartOf":{"@id":"https:\/\/www.oarcanjo.net\/site\/#website"},"datePublished":"2009-09-27T02:29:50+00:00","dateModified":"2009-09-27T10:42:47+00:00","breadcrumb":{"@id":"https:\/\/www.oarcanjo.net\/site\/27-de-setembro-sao-vicente-de-paulo\/#breadcrumb"},"inLanguage":"pt-BR","potentialAction":[{"@type":"ReadAction","target":["https:\/\/www.oarcanjo.net\/site\/27-de-setembro-sao-vicente-de-paulo\/"]}]},{"@type":"BreadcrumbList","@id":"https:\/\/www.oarcanjo.net\/site\/27-de-setembro-sao-vicente-de-paulo\/#breadcrumb","itemListElement":[{"@type":"ListItem","position":1,"name":"In\u00edcio","item":"https:\/\/www.oarcanjo.net\/site\/"},{"@type":"ListItem","position":2,"name":"27 de Setembro, S\u00e3o Vicente de Paulo!"}]},{"@type":"WebSite","@id":"https:\/\/www.oarcanjo.net\/site\/#website","url":"https:\/\/www.oarcanjo.net\/site\/","name":"O Arcanjo no ar","description":"Site da Par\u00f3quia S\u00e3o Miguel Arcanjo (Arquidiocese de SP)","publisher":{"@id":"https:\/\/www.oarcanjo.net\/site\/#organization"},"potentialAction":[{"@type":"SearchAction","target":{"@type":"EntryPoint","urlTemplate":"https:\/\/www.oarcanjo.net\/site\/?s={search_term_string}"},"query-input":{"@type":"PropertyValueSpecification","valueRequired":true,"valueName":"search_term_string"}}],"inLanguage":"pt-BR"},{"@type":"Organization","@id":"https:\/\/www.oarcanjo.net\/site\/#organization","name":"Par\u00f3quia S\u00e3o Miguel Arcanjo","url":"https:\/\/www.oarcanjo.net\/site\/","logo":{"@type":"ImageObject","inLanguage":"pt-BR","@id":"https:\/\/www.oarcanjo.net\/site\/#\/schema\/logo\/image\/","url":"https:\/\/www.oarcanjo.net\/site\/wp-content\/uploads\/LogoOArcanjo.png","contentUrl":"https:\/\/www.oarcanjo.net\/site\/wp-content\/uploads\/LogoOArcanjo.png","width":319,"height":99,"caption":"Par\u00f3quia S\u00e3o Miguel Arcanjo"},"image":{"@id":"https:\/\/www.oarcanjo.net\/site\/#\/schema\/logo\/image\/"},"sameAs":["https:\/\/www.facebook.com\/OArcanjoNoAr\/"]},{"@type":"Person","@id":"https:\/\/www.oarcanjo.net\/site\/#\/schema\/person\/d78ea01c648c91e29c364b516767079e","name":"julio","sameAs":["http:\/\/www.oarcanjo.net"]}]}},"publishpress_future_action":{"enabled":false,"date":"2026-05-09 03:04:20","action":"category","newStatus":"draft","terms":[],"taxonomy":"category"},"publishpress_future_workflow_manual_trigger":{"enabledWorkflows":[]},"_links":{"self":[{"href":"https:\/\/www.oarcanjo.net\/site\/wp-json\/wp\/v2\/posts\/5364"}],"collection":[{"href":"https:\/\/www.oarcanjo.net\/site\/wp-json\/wp\/v2\/posts"}],"about":[{"href":"https:\/\/www.oarcanjo.net\/site\/wp-json\/wp\/v2\/types\/post"}],"author":[{"embeddable":true,"href":"https:\/\/www.oarcanjo.net\/site\/wp-json\/wp\/v2\/users\/4"}],"replies":[{"embeddable":true,"href":"https:\/\/www.oarcanjo.net\/site\/wp-json\/wp\/v2\/comments?post=5364"}],"version-history":[{"count":0,"href":"https:\/\/www.oarcanjo.net\/site\/wp-json\/wp\/v2\/posts\/5364\/revisions"}],"wp:attachment":[{"href":"https:\/\/www.oarcanjo.net\/site\/wp-json\/wp\/v2\/media?parent=5364"}],"wp:term":[{"taxonomy":"category","embeddable":true,"href":"https:\/\/www.oarcanjo.net\/site\/wp-json\/wp\/v2\/categories?post=5364"},{"taxonomy":"post_tag","embeddable":true,"href":"https:\/\/www.oarcanjo.net\/site\/wp-json\/wp\/v2\/tags?post=5364"}],"curies":[{"name":"wp","href":"https:\/\/api.w.org\/{rel}","templated":true}]}}