
{"id":53700,"date":"2014-11-11T16:17:04","date_gmt":"2014-11-11T18:17:04","guid":{"rendered":"http:\/\/www.oarcanjo.net\/site\/?p=53700"},"modified":"2014-11-11T16:17:04","modified_gmt":"2014-11-11T18:17:04","slug":"irma-dulce-o-filme","status":"publish","type":"post","link":"https:\/\/www.oarcanjo.net\/site\/irma-dulce-o-filme\/","title":{"rendered":"Irm\u00e3 Dulce: o filme"},"content":{"rendered":"<h4><em>Dom Murilo S.R. Krieger<\/em><br \/>\n<em>Arcebispo de S\u00e3o Salvador da Bahia (BA) e Primaz do Brasil<\/em><\/h4>\n<p>Um filme sobre Irm\u00e3 Dulce? Quando a quest\u00e3o foi colocada, pensei logo nas vantagens e nos riscos. Vantagens: Jesus disse que a luz precisa ser colocada no alto, para que ilumine o ambiente em que est\u00e1. Ora, a vida de Irm\u00e3 Dulce \u00e9 rica de ensinamentos. Pequena e fr\u00e1gil, sens\u00edvel \u00e0 mis\u00e9ria humana, n\u00e3o procurou desculpas para ficar recolhida a seu convento.Pelo contr\u00e1rio, foi \u00e0 luta, dedicou-se aos pobres e doentes e multiplicou-se em pessoas que podiam ajud\u00e1-la. Riscos: o valor da vida de Irm\u00e3 Dulce se baseia especialmente na sua simplicidade. Um filme n\u00e3o iria idealizar essa vida, romance\u00e1-la ou, mesmo, esvazi\u00e1-la? Lembrei-me logo de outra religiosa, tamb\u00e9m pequena, fr\u00e1gil e doente: Bernadete de Soubirous, vidente de Lourdes (1858). Pouco antes de seu falecimento, algu\u00e9m lhe perguntou: \u201cQuando se escrever sobre os acontecimentos da Gruta de Lourdes, o que voc\u00ea gostaria que fosse escrito?\u201d Ela respondeu: \u201cA verdade. Somente a verdade\u201d.<\/p>\n<p>A verdade se imp\u00f5e; a verdade ilumina; a verdade liberta. Um filme sobre Irm\u00e3 Dulce s\u00f3 teria sentido se fosse express\u00e3o da verdade de sua vida. N\u00e3o fosse verdadeiro, os primeiros a critic\u00e1-lo seriam os que a conheceram. \u00c9 comum encontrarmos pessoas que fazem um coment\u00e1rio sobre um encontro que tiveram com Irm\u00e3 Dulce; com a descri\u00e7\u00e3o da rea\u00e7\u00e3o que ela teve diante de um problema; com a recorda\u00e7\u00e3o de uma resposta sua, quando diante de um desafio. V\u00ea-se, pois, que um filme sobre ela n\u00e3o poderia ser uma exalta\u00e7\u00e3o gratuita nem, muito menos, uma caricatura de sua vida. Por isso, as Obras Sociais de Irm\u00e3 Dulce colocaram como exig\u00eancia, para a concess\u00e3o da licen\u00e7a para a produ\u00e7\u00e3o de um filme sobre a vida de Irm\u00e3 Dulce, que o roteiro fosse previamente aprovado por seus respons\u00e1veis. Afinal, n\u00e3o poderia prevalecer a chamada \u201cl\u00f3gica do mercado\u201d, que prioriza o que agrada mais, o que vende melhor, o que causa maior sucesso.<\/p>\n<p>\u00c9 verdade que, com isso, os problemas n\u00e3o estavam resolvidos. Outras quest\u00f5es nasciam: como traduzir na linguagem do cinema a riqueza dos detalhes da vida de Irm\u00e3 Dulce? Se a inten\u00e7\u00e3o fosse fazer um document\u00e1rio, tudo seria mais f\u00e1cil. Mas como apresentar o olhar de Deus sobre sua vida? Tarefa dif\u00edcil, mas que n\u00e3o podia ser ignorada, especialmente desde que a Igreja, reconhecendo a heroicidade das virtudes dessa religiosa, a beatificou. Como esquecer a tarde memor\u00e1vel do dia 22 de maio de 2011, quando se tornou oficial uma certeza que j\u00e1 estava arraigada no cora\u00e7\u00e3o dos baianos: a de que o testemunho do \u201cAnjo Bom da Bahia\u201d poderia ser levado em considera\u00e7\u00e3o por quem quisesse seguir Jesus Cristo, particularmente em sua dedica\u00e7\u00e3o por aqueles que a sociedade costuma ignorar?<\/p>\n<p>Os desafios e as preocupa\u00e7\u00f5es diante da perspectiva do filme \u201cIrm\u00e3 Dulce\u201d n\u00e3o paravam por a\u00ed. Mas era preciso avan\u00e7ar. Assim, algumas convic\u00e7\u00f5es se impuseram: o que fosse retratado deveria ser verdadeiro; aceitar-se que nenhum filme sobre Irm\u00e3 Dulce seria completo e lembrar que uma obra art\u00edstica \u00e9 a express\u00e3o de um ponto de vista. Tomadas as decis\u00f5es, as filmagens come\u00e7aram.<\/p>\n<p>Agora, a obra est\u00e1 pronta. Mais alguns dias e o filme \u201cIrm\u00e3 Dulce\u201d estar\u00e1 nas telas de cinema de todo o Brasil. O que dizer dele? Estou feliz com o resultado. Sinto-me livre para dizer mais: o filme superou minhas expectativas. \u201cIrm\u00e3 Dulce\u201d \u00e9 um filme que eu gostaria de ter feito, se fosse cineasta.<\/p>\n<p>Cumprimento aqui todos os que trabalharam em fun\u00e7\u00e3o desse filme. N\u00e3o destaco nomes, para n\u00e3o cometer injusti\u00e7as. Numa obra como essa, de muitas m\u00e3os, os aplausos devem ser para todos. N\u00e3o sei o que a pr\u00f3pria Irm\u00e3 Dulce diria, se visse esse filme sobre a sua vida. \u00c9 poss\u00edvel, at\u00e9, que ela sa\u00edsse na metade da exibi\u00e7\u00e3o: vendo determinada cena, possivelmente se lembraria de algum pedido que um pobre lhe fez no dia anterior, de um rosto que ela viu no corredor de seu hospital (\u201cSer\u00e1 que aquela senhora j\u00e1 foi atendida?&#8230;\u201d) ou de um m\u00e9dico com quem ela precisava falar com urg\u00eancia. Que o filme esperasse; quem precisa de alguma ajuda, n\u00e3o pode esperar&#8230;<\/p>\n<div id=\"themify_builder_content-53700\" data-postid=\"53700\" class=\"themify_builder_content themify_builder_content-53700 themify_builder themify_builder_front\">\n\t<\/div>\n<!-- \/themify_builder_content -->","protected":false},"excerpt":{"rendered":"<p>Dom Murilo S.R. Krieger Arcebispo de S\u00e3o Salvador da Bahia (BA) e Primaz do Brasil Um filme sobre Irm\u00e3 Dulce? Quando a quest\u00e3o foi colocada, pensei logo nas vantagens e nos riscos. Vantagens: Jesus disse que a luz precisa ser colocada no alto, para que ilumine o ambiente em que est\u00e1. Ora, a vida de [&hellip;]<\/p>\n","protected":false},"author":3,"featured_media":0,"comment_status":"open","ping_status":"open","sticky":false,"template":"","format":"standard","meta":{"ngg_post_thumbnail":0,"footnotes":""},"categories":[9],"tags":[3212],"yoast_head":"<!-- This site is optimized with the Yoast SEO plugin v23.5 - https:\/\/yoast.com\/wordpress\/plugins\/seo\/ -->\n<title>Irm\u00e3 Dulce: o filme - O Arcanjo no ar<\/title>\n<meta name=\"robots\" content=\"index, follow, max-snippet:-1, max-image-preview:large, max-video-preview:-1\" \/>\n<link rel=\"canonical\" href=\"https:\/\/www.oarcanjo.net\/site\/irma-dulce-o-filme\/\" \/>\n<meta property=\"og:locale\" content=\"pt_BR\" \/>\n<meta property=\"og:type\" content=\"article\" \/>\n<meta property=\"og:title\" content=\"Irm\u00e3 Dulce: o filme - O Arcanjo no ar\" \/>\n<meta property=\"og:description\" content=\"Dom Murilo S.R. Krieger Arcebispo de S\u00e3o Salvador da Bahia (BA) e Primaz do Brasil Um filme sobre Irm\u00e3 Dulce? Quando a quest\u00e3o foi colocada, pensei logo nas vantagens e nos riscos. Vantagens: Jesus disse que a luz precisa ser colocada no alto, para que ilumine o ambiente em que est\u00e1. Ora, a vida de [&hellip;]\" \/>\n<meta property=\"og:url\" content=\"https:\/\/www.oarcanjo.net\/site\/irma-dulce-o-filme\/\" \/>\n<meta property=\"og:site_name\" content=\"O Arcanjo no ar\" \/>\n<meta property=\"article:publisher\" content=\"https:\/\/www.facebook.com\/OArcanjoNoAr\/\" \/>\n<meta property=\"article:published_time\" content=\"2014-11-11T18:17:04+00:00\" \/>\n<meta property=\"og:image\" content=\"https:\/\/www.oarcanjo.net\/site\/wp-content\/uploads\/logo-o-arcanjo-no-ar-facebook.png\" \/>\n\t<meta property=\"og:image:width\" content=\"300\" \/>\n\t<meta property=\"og:image:height\" content=\"300\" \/>\n\t<meta property=\"og:image:type\" content=\"image\/png\" \/>\n<meta name=\"author\" content=\"miriam.meyer\" \/>\n<meta name=\"twitter:card\" content=\"summary_large_image\" \/>\n<meta name=\"twitter:label1\" content=\"Escrito por\" \/>\n\t<meta name=\"twitter:data1\" content=\"miriam.meyer\" \/>\n\t<meta name=\"twitter:label2\" content=\"Est. tempo de leitura\" \/>\n\t<meta name=\"twitter:data2\" content=\"4 minutos\" \/>\n<script type=\"application\/ld+json\" class=\"yoast-schema-graph\">{\"@context\":\"https:\/\/schema.org\",\"@graph\":[{\"@type\":\"Article\",\"@id\":\"https:\/\/www.oarcanjo.net\/site\/irma-dulce-o-filme\/#article\",\"isPartOf\":{\"@id\":\"https:\/\/www.oarcanjo.net\/site\/irma-dulce-o-filme\/\"},\"author\":{\"name\":\"miriam.meyer\",\"@id\":\"https:\/\/www.oarcanjo.net\/site\/#\/schema\/person\/ce0fba3450314a09c6442cfee983a3d8\"},\"headline\":\"Irm\u00e3 Dulce: o filme\",\"datePublished\":\"2014-11-11T18:17:04+00:00\",\"dateModified\":\"2014-11-11T18:17:04+00:00\",\"mainEntityOfPage\":{\"@id\":\"https:\/\/www.oarcanjo.net\/site\/irma-dulce-o-filme\/\"},\"wordCount\":746,\"commentCount\":0,\"publisher\":{\"@id\":\"https:\/\/www.oarcanjo.net\/site\/#organization\"},\"keywords\":[\"Irm\u00e3 Dulce\"],\"articleSection\":[\"Reflex\u00f5es\"],\"inLanguage\":\"pt-BR\",\"potentialAction\":[{\"@type\":\"CommentAction\",\"name\":\"Comment\",\"target\":[\"https:\/\/www.oarcanjo.net\/site\/irma-dulce-o-filme\/#respond\"]}]},{\"@type\":\"WebPage\",\"@id\":\"https:\/\/www.oarcanjo.net\/site\/irma-dulce-o-filme\/\",\"url\":\"https:\/\/www.oarcanjo.net\/site\/irma-dulce-o-filme\/\",\"name\":\"Irm\u00e3 Dulce: o filme - O Arcanjo no ar\",\"isPartOf\":{\"@id\":\"https:\/\/www.oarcanjo.net\/site\/#website\"},\"datePublished\":\"2014-11-11T18:17:04+00:00\",\"dateModified\":\"2014-11-11T18:17:04+00:00\",\"breadcrumb\":{\"@id\":\"https:\/\/www.oarcanjo.net\/site\/irma-dulce-o-filme\/#breadcrumb\"},\"inLanguage\":\"pt-BR\",\"potentialAction\":[{\"@type\":\"ReadAction\",\"target\":[\"https:\/\/www.oarcanjo.net\/site\/irma-dulce-o-filme\/\"]}]},{\"@type\":\"BreadcrumbList\",\"@id\":\"https:\/\/www.oarcanjo.net\/site\/irma-dulce-o-filme\/#breadcrumb\",\"itemListElement\":[{\"@type\":\"ListItem\",\"position\":1,\"name\":\"In\u00edcio\",\"item\":\"https:\/\/www.oarcanjo.net\/site\/\"},{\"@type\":\"ListItem\",\"position\":2,\"name\":\"Irm\u00e3 Dulce: o filme\"}]},{\"@type\":\"WebSite\",\"@id\":\"https:\/\/www.oarcanjo.net\/site\/#website\",\"url\":\"https:\/\/www.oarcanjo.net\/site\/\",\"name\":\"O Arcanjo no ar\",\"description\":\"Site da Par\u00f3quia S\u00e3o Miguel Arcanjo (Arquidiocese de SP)\",\"publisher\":{\"@id\":\"https:\/\/www.oarcanjo.net\/site\/#organization\"},\"potentialAction\":[{\"@type\":\"SearchAction\",\"target\":{\"@type\":\"EntryPoint\",\"urlTemplate\":\"https:\/\/www.oarcanjo.net\/site\/?s={search_term_string}\"},\"query-input\":{\"@type\":\"PropertyValueSpecification\",\"valueRequired\":true,\"valueName\":\"search_term_string\"}}],\"inLanguage\":\"pt-BR\"},{\"@type\":\"Organization\",\"@id\":\"https:\/\/www.oarcanjo.net\/site\/#organization\",\"name\":\"Par\u00f3quia S\u00e3o Miguel Arcanjo\",\"url\":\"https:\/\/www.oarcanjo.net\/site\/\",\"logo\":{\"@type\":\"ImageObject\",\"inLanguage\":\"pt-BR\",\"@id\":\"https:\/\/www.oarcanjo.net\/site\/#\/schema\/logo\/image\/\",\"url\":\"https:\/\/www.oarcanjo.net\/site\/wp-content\/uploads\/LogoOArcanjo.png\",\"contentUrl\":\"https:\/\/www.oarcanjo.net\/site\/wp-content\/uploads\/LogoOArcanjo.png\",\"width\":319,\"height\":99,\"caption\":\"Par\u00f3quia S\u00e3o Miguel Arcanjo\"},\"image\":{\"@id\":\"https:\/\/www.oarcanjo.net\/site\/#\/schema\/logo\/image\/\"},\"sameAs\":[\"https:\/\/www.facebook.com\/OArcanjoNoAr\/\"]},{\"@type\":\"Person\",\"@id\":\"https:\/\/www.oarcanjo.net\/site\/#\/schema\/person\/ce0fba3450314a09c6442cfee983a3d8\",\"name\":\"miriam.meyer\"}]}<\/script>\n<!-- \/ Yoast SEO plugin. -->","yoast_head_json":{"title":"Irm\u00e3 Dulce: o filme - O Arcanjo no ar","robots":{"index":"index","follow":"follow","max-snippet":"max-snippet:-1","max-image-preview":"max-image-preview:large","max-video-preview":"max-video-preview:-1"},"canonical":"https:\/\/www.oarcanjo.net\/site\/irma-dulce-o-filme\/","og_locale":"pt_BR","og_type":"article","og_title":"Irm\u00e3 Dulce: o filme - O Arcanjo no ar","og_description":"Dom Murilo S.R. Krieger Arcebispo de S\u00e3o Salvador da Bahia (BA) e Primaz do Brasil Um filme sobre Irm\u00e3 Dulce? Quando a quest\u00e3o foi colocada, pensei logo nas vantagens e nos riscos. Vantagens: Jesus disse que a luz precisa ser colocada no alto, para que ilumine o ambiente em que est\u00e1. Ora, a vida de [&hellip;]","og_url":"https:\/\/www.oarcanjo.net\/site\/irma-dulce-o-filme\/","og_site_name":"O Arcanjo no ar","article_publisher":"https:\/\/www.facebook.com\/OArcanjoNoAr\/","article_published_time":"2014-11-11T18:17:04+00:00","og_image":[{"width":300,"height":300,"url":"https:\/\/www.oarcanjo.net\/site\/wp-content\/uploads\/logo-o-arcanjo-no-ar-facebook.png","type":"image\/png"}],"author":"miriam.meyer","twitter_card":"summary_large_image","twitter_misc":{"Escrito por":"miriam.meyer","Est. tempo de leitura":"4 minutos"},"schema":{"@context":"https:\/\/schema.org","@graph":[{"@type":"Article","@id":"https:\/\/www.oarcanjo.net\/site\/irma-dulce-o-filme\/#article","isPartOf":{"@id":"https:\/\/www.oarcanjo.net\/site\/irma-dulce-o-filme\/"},"author":{"name":"miriam.meyer","@id":"https:\/\/www.oarcanjo.net\/site\/#\/schema\/person\/ce0fba3450314a09c6442cfee983a3d8"},"headline":"Irm\u00e3 Dulce: o filme","datePublished":"2014-11-11T18:17:04+00:00","dateModified":"2014-11-11T18:17:04+00:00","mainEntityOfPage":{"@id":"https:\/\/www.oarcanjo.net\/site\/irma-dulce-o-filme\/"},"wordCount":746,"commentCount":0,"publisher":{"@id":"https:\/\/www.oarcanjo.net\/site\/#organization"},"keywords":["Irm\u00e3 Dulce"],"articleSection":["Reflex\u00f5es"],"inLanguage":"pt-BR","potentialAction":[{"@type":"CommentAction","name":"Comment","target":["https:\/\/www.oarcanjo.net\/site\/irma-dulce-o-filme\/#respond"]}]},{"@type":"WebPage","@id":"https:\/\/www.oarcanjo.net\/site\/irma-dulce-o-filme\/","url":"https:\/\/www.oarcanjo.net\/site\/irma-dulce-o-filme\/","name":"Irm\u00e3 Dulce: o filme - O Arcanjo no ar","isPartOf":{"@id":"https:\/\/www.oarcanjo.net\/site\/#website"},"datePublished":"2014-11-11T18:17:04+00:00","dateModified":"2014-11-11T18:17:04+00:00","breadcrumb":{"@id":"https:\/\/www.oarcanjo.net\/site\/irma-dulce-o-filme\/#breadcrumb"},"inLanguage":"pt-BR","potentialAction":[{"@type":"ReadAction","target":["https:\/\/www.oarcanjo.net\/site\/irma-dulce-o-filme\/"]}]},{"@type":"BreadcrumbList","@id":"https:\/\/www.oarcanjo.net\/site\/irma-dulce-o-filme\/#breadcrumb","itemListElement":[{"@type":"ListItem","position":1,"name":"In\u00edcio","item":"https:\/\/www.oarcanjo.net\/site\/"},{"@type":"ListItem","position":2,"name":"Irm\u00e3 Dulce: o filme"}]},{"@type":"WebSite","@id":"https:\/\/www.oarcanjo.net\/site\/#website","url":"https:\/\/www.oarcanjo.net\/site\/","name":"O Arcanjo no ar","description":"Site da Par\u00f3quia S\u00e3o Miguel Arcanjo (Arquidiocese de SP)","publisher":{"@id":"https:\/\/www.oarcanjo.net\/site\/#organization"},"potentialAction":[{"@type":"SearchAction","target":{"@type":"EntryPoint","urlTemplate":"https:\/\/www.oarcanjo.net\/site\/?s={search_term_string}"},"query-input":{"@type":"PropertyValueSpecification","valueRequired":true,"valueName":"search_term_string"}}],"inLanguage":"pt-BR"},{"@type":"Organization","@id":"https:\/\/www.oarcanjo.net\/site\/#organization","name":"Par\u00f3quia S\u00e3o Miguel Arcanjo","url":"https:\/\/www.oarcanjo.net\/site\/","logo":{"@type":"ImageObject","inLanguage":"pt-BR","@id":"https:\/\/www.oarcanjo.net\/site\/#\/schema\/logo\/image\/","url":"https:\/\/www.oarcanjo.net\/site\/wp-content\/uploads\/LogoOArcanjo.png","contentUrl":"https:\/\/www.oarcanjo.net\/site\/wp-content\/uploads\/LogoOArcanjo.png","width":319,"height":99,"caption":"Par\u00f3quia S\u00e3o Miguel Arcanjo"},"image":{"@id":"https:\/\/www.oarcanjo.net\/site\/#\/schema\/logo\/image\/"},"sameAs":["https:\/\/www.facebook.com\/OArcanjoNoAr\/"]},{"@type":"Person","@id":"https:\/\/www.oarcanjo.net\/site\/#\/schema\/person\/ce0fba3450314a09c6442cfee983a3d8","name":"miriam.meyer"}]}},"publishpress_future_action":{"enabled":false,"date":"2026-05-08 19:25:48","action":"category","newStatus":"draft","terms":[],"taxonomy":"category"},"publishpress_future_workflow_manual_trigger":{"enabledWorkflows":[]},"_links":{"self":[{"href":"https:\/\/www.oarcanjo.net\/site\/wp-json\/wp\/v2\/posts\/53700"}],"collection":[{"href":"https:\/\/www.oarcanjo.net\/site\/wp-json\/wp\/v2\/posts"}],"about":[{"href":"https:\/\/www.oarcanjo.net\/site\/wp-json\/wp\/v2\/types\/post"}],"author":[{"embeddable":true,"href":"https:\/\/www.oarcanjo.net\/site\/wp-json\/wp\/v2\/users\/3"}],"replies":[{"embeddable":true,"href":"https:\/\/www.oarcanjo.net\/site\/wp-json\/wp\/v2\/comments?post=53700"}],"version-history":[{"count":0,"href":"https:\/\/www.oarcanjo.net\/site\/wp-json\/wp\/v2\/posts\/53700\/revisions"}],"wp:attachment":[{"href":"https:\/\/www.oarcanjo.net\/site\/wp-json\/wp\/v2\/media?parent=53700"}],"wp:term":[{"taxonomy":"category","embeddable":true,"href":"https:\/\/www.oarcanjo.net\/site\/wp-json\/wp\/v2\/categories?post=53700"},{"taxonomy":"post_tag","embeddable":true,"href":"https:\/\/www.oarcanjo.net\/site\/wp-json\/wp\/v2\/tags?post=53700"}],"curies":[{"name":"wp","href":"https:\/\/api.w.org\/{rel}","templated":true}]}}