
{"id":5375,"date":"2009-09-28T01:18:05","date_gmt":"2009-09-28T04:18:05","guid":{"rendered":"http:\/\/www.oarcanjo.net\/site\/?p=5375"},"modified":"2009-09-29T09:53:43","modified_gmt":"2009-09-29T12:53:43","slug":"batizado-de-27-de-setembro-de-2009","status":"publish","type":"post","link":"https:\/\/www.oarcanjo.net\/site\/batizado-de-27-de-setembro-de-2009\/","title":{"rendered":"Batizado de 27 de setembro de 2009"},"content":{"rendered":"<p>No dia de S\u00e3o Vicente de Paulo, um bonito domingo, mais crian\u00e7as foram batizadas na Capela S\u00e3o Judas Tadeu.<\/p>\n<p>Os av\u00f3s foram os que mais se emocionaram, sobretudo porque tamb\u00e9m neste dia comemoramos o dia do idoso. A alegria foi contagiante.<\/p>\n<p>Foram batizados a Ana Carolyna, Anna Clara, Danilo, Esther, Giovanni, Isadora, Jo\u00e3o Miguel, Julia, Leandro, Pedro e Valenttine.<\/p>\n<p>Os pais da Esther, Jefferson e Cl\u00e1udia celebraram o seu casamento.<\/p>\n<p>No final da celebra\u00e7\u00e3o, recebemos a imagem de S\u00e3o Miguel Arcanjo, j\u00e1 preparando para a festa do padroeiro que ocorrer\u00e1 no dia 29\/09\/09.<\/p>\n<p>Veja abaixo as fotos do batizado:<\/p>\nngg_shortcode_0_placeholder\n<p><em>Fotos por\u00a0 Carlos Alberto Beatriz<\/em><\/p>\n<div id=\"themify_builder_content-5375\" data-postid=\"5375\" class=\"themify_builder_content themify_builder_content-5375 themify_builder themify_builder_front\">\n\t<\/div>\n<!-- \/themify_builder_content -->","protected":false},"excerpt":{"rendered":"<p>No dia de S\u00e3o Vicente de Paulo, um bonito domingo, mais crian\u00e7as foram batizadas na Capela S\u00e3o Judas Tadeu. Os av\u00f3s foram os que mais se emocionaram, sobretudo porque tamb\u00e9m neste dia comemoramos o dia do idoso. A alegria foi contagiante. Foram batizados a Ana Carolyna, Anna Clara, Danilo, Esther, Giovanni, Isadora, Jo\u00e3o Miguel, Julia, [&hellip;]<\/p>\n","protected":false},"author":5,"featured_media":0,"comment_status":"open","ping_status":"open","sticky":false,"template":"","format":"standard","meta":{"ngg_post_thumbnail":0,"footnotes":""},"categories":[3,8,7],"tags":[154],"yoast_head":"<!-- This site is optimized with the Yoast SEO plugin v23.5 - https:\/\/yoast.com\/wordpress\/plugins\/seo\/ -->\n<title>Batizado de 27 de setembro de 2009 - O Arcanjo no ar<\/title>\n<meta name=\"robots\" content=\"index, follow, max-snippet:-1, max-image-preview:large, max-video-preview:-1\" \/>\n<link rel=\"canonical\" href=\"https:\/\/www.oarcanjo.net\/site\/batizado-de-27-de-setembro-de-2009\/\" \/>\n<meta property=\"og:locale\" content=\"pt_BR\" \/>\n<meta property=\"og:type\" content=\"article\" \/>\n<meta property=\"og:title\" content=\"Batizado de 27 de setembro de 2009 - O Arcanjo no ar\" \/>\n<meta property=\"og:description\" content=\"No dia de S\u00e3o Vicente de Paulo, um bonito domingo, mais crian\u00e7as foram batizadas na Capela S\u00e3o Judas Tadeu. Os av\u00f3s foram os que mais se emocionaram, sobretudo porque tamb\u00e9m neste dia comemoramos o dia do idoso. A alegria foi contagiante. Foram batizados a Ana Carolyna, Anna Clara, Danilo, Esther, Giovanni, Isadora, Jo\u00e3o Miguel, Julia, [&hellip;]\" \/>\n<meta property=\"og:url\" content=\"https:\/\/www.oarcanjo.net\/site\/batizado-de-27-de-setembro-de-2009\/\" \/>\n<meta property=\"og:site_name\" content=\"O Arcanjo no ar\" \/>\n<meta property=\"article:publisher\" content=\"https:\/\/www.facebook.com\/OArcanjoNoAr\/\" \/>\n<meta property=\"article:published_time\" content=\"2009-09-28T04:18:05+00:00\" \/>\n<meta property=\"article:modified_time\" content=\"2009-09-29T12:53:43+00:00\" \/>\n<meta property=\"og:image\" content=\"https:\/\/www.oarcanjo.net\/site\/wp-content\/uploads\/logo-o-arcanjo-no-ar-facebook.png\" \/>\n\t<meta property=\"og:image:width\" content=\"300\" \/>\n\t<meta property=\"og:image:height\" content=\"300\" \/>\n\t<meta property=\"og:image:type\" content=\"image\/png\" \/>\n<meta name=\"author\" content=\"editor\" \/>\n<meta name=\"twitter:card\" content=\"summary_large_image\" \/>\n<meta name=\"twitter:label1\" content=\"Escrito por\" \/>\n\t<meta name=\"twitter:data1\" content=\"editor\" \/>\n\t<meta name=\"twitter:label2\" content=\"Est. tempo de leitura\" \/>\n\t<meta name=\"twitter:data2\" content=\"1 minuto\" \/>\n<script type=\"application\/ld+json\" class=\"yoast-schema-graph\">{\"@context\":\"https:\/\/schema.org\",\"@graph\":[{\"@type\":\"Article\",\"@id\":\"https:\/\/www.oarcanjo.net\/site\/batizado-de-27-de-setembro-de-2009\/#article\",\"isPartOf\":{\"@id\":\"https:\/\/www.oarcanjo.net\/site\/batizado-de-27-de-setembro-de-2009\/\"},\"author\":{\"name\":\"editor\",\"@id\":\"https:\/\/www.oarcanjo.net\/site\/#\/schema\/person\/f7024d007863202483a31326673a0838\"},\"headline\":\"Batizado de 27 de setembro de 2009\",\"datePublished\":\"2009-09-28T04:18:05+00:00\",\"dateModified\":\"2009-09-29T12:53:43+00:00\",\"mainEntityOfPage\":{\"@id\":\"https:\/\/www.oarcanjo.net\/site\/batizado-de-27-de-setembro-de-2009\/\"},\"wordCount\":119,\"commentCount\":8,\"publisher\":{\"@id\":\"https:\/\/www.oarcanjo.net\/site\/#organization\"},\"keywords\":[\"Batismo\"],\"articleSection\":[\"Destaques\",\"Not\u00edcias\",\"Rosto da comunidade\"],\"inLanguage\":\"pt-BR\",\"potentialAction\":[{\"@type\":\"CommentAction\",\"name\":\"Comment\",\"target\":[\"https:\/\/www.oarcanjo.net\/site\/batizado-de-27-de-setembro-de-2009\/#respond\"]}]},{\"@type\":\"WebPage\",\"@id\":\"https:\/\/www.oarcanjo.net\/site\/batizado-de-27-de-setembro-de-2009\/\",\"url\":\"https:\/\/www.oarcanjo.net\/site\/batizado-de-27-de-setembro-de-2009\/\",\"name\":\"Batizado de 27 de setembro de 2009 - O Arcanjo no ar\",\"isPartOf\":{\"@id\":\"https:\/\/www.oarcanjo.net\/site\/#website\"},\"datePublished\":\"2009-09-28T04:18:05+00:00\",\"dateModified\":\"2009-09-29T12:53:43+00:00\",\"breadcrumb\":{\"@id\":\"https:\/\/www.oarcanjo.net\/site\/batizado-de-27-de-setembro-de-2009\/#breadcrumb\"},\"inLanguage\":\"pt-BR\",\"potentialAction\":[{\"@type\":\"ReadAction\",\"target\":[\"https:\/\/www.oarcanjo.net\/site\/batizado-de-27-de-setembro-de-2009\/\"]}]},{\"@type\":\"BreadcrumbList\",\"@id\":\"https:\/\/www.oarcanjo.net\/site\/batizado-de-27-de-setembro-de-2009\/#breadcrumb\",\"itemListElement\":[{\"@type\":\"ListItem\",\"position\":1,\"name\":\"In\u00edcio\",\"item\":\"https:\/\/www.oarcanjo.net\/site\/\"},{\"@type\":\"ListItem\",\"position\":2,\"name\":\"Batizado de 27 de setembro de 2009\"}]},{\"@type\":\"WebSite\",\"@id\":\"https:\/\/www.oarcanjo.net\/site\/#website\",\"url\":\"https:\/\/www.oarcanjo.net\/site\/\",\"name\":\"O Arcanjo no ar\",\"description\":\"Site da Par\u00f3quia S\u00e3o Miguel Arcanjo (Arquidiocese de SP)\",\"publisher\":{\"@id\":\"https:\/\/www.oarcanjo.net\/site\/#organization\"},\"potentialAction\":[{\"@type\":\"SearchAction\",\"target\":{\"@type\":\"EntryPoint\",\"urlTemplate\":\"https:\/\/www.oarcanjo.net\/site\/?s={search_term_string}\"},\"query-input\":{\"@type\":\"PropertyValueSpecification\",\"valueRequired\":true,\"valueName\":\"search_term_string\"}}],\"inLanguage\":\"pt-BR\"},{\"@type\":\"Organization\",\"@id\":\"https:\/\/www.oarcanjo.net\/site\/#organization\",\"name\":\"Par\u00f3quia S\u00e3o Miguel Arcanjo\",\"url\":\"https:\/\/www.oarcanjo.net\/site\/\",\"logo\":{\"@type\":\"ImageObject\",\"inLanguage\":\"pt-BR\",\"@id\":\"https:\/\/www.oarcanjo.net\/site\/#\/schema\/logo\/image\/\",\"url\":\"https:\/\/www.oarcanjo.net\/site\/wp-content\/uploads\/LogoOArcanjo.png\",\"contentUrl\":\"https:\/\/www.oarcanjo.net\/site\/wp-content\/uploads\/LogoOArcanjo.png\",\"width\":319,\"height\":99,\"caption\":\"Par\u00f3quia S\u00e3o Miguel Arcanjo\"},\"image\":{\"@id\":\"https:\/\/www.oarcanjo.net\/site\/#\/schema\/logo\/image\/\"},\"sameAs\":[\"https:\/\/www.facebook.com\/OArcanjoNoAr\/\"]},{\"@type\":\"Person\",\"@id\":\"https:\/\/www.oarcanjo.net\/site\/#\/schema\/person\/f7024d007863202483a31326673a0838\",\"name\":\"editor\",\"sameAs\":[\"http:\/\/www.oarcanjo.net\"]}]}<\/script>\n<!-- \/ Yoast SEO plugin. -->","yoast_head_json":{"title":"Batizado de 27 de setembro de 2009 - O Arcanjo no ar","robots":{"index":"index","follow":"follow","max-snippet":"max-snippet:-1","max-image-preview":"max-image-preview:large","max-video-preview":"max-video-preview:-1"},"canonical":"https:\/\/www.oarcanjo.net\/site\/batizado-de-27-de-setembro-de-2009\/","og_locale":"pt_BR","og_type":"article","og_title":"Batizado de 27 de setembro de 2009 - O Arcanjo no ar","og_description":"No dia de S\u00e3o Vicente de Paulo, um bonito domingo, mais crian\u00e7as foram batizadas na Capela S\u00e3o Judas Tadeu. Os av\u00f3s foram os que mais se emocionaram, sobretudo porque tamb\u00e9m neste dia comemoramos o dia do idoso. A alegria foi contagiante. Foram batizados a Ana Carolyna, Anna Clara, Danilo, Esther, Giovanni, Isadora, Jo\u00e3o Miguel, Julia, [&hellip;]","og_url":"https:\/\/www.oarcanjo.net\/site\/batizado-de-27-de-setembro-de-2009\/","og_site_name":"O Arcanjo no ar","article_publisher":"https:\/\/www.facebook.com\/OArcanjoNoAr\/","article_published_time":"2009-09-28T04:18:05+00:00","article_modified_time":"2009-09-29T12:53:43+00:00","og_image":[{"width":300,"height":300,"url":"https:\/\/www.oarcanjo.net\/site\/wp-content\/uploads\/logo-o-arcanjo-no-ar-facebook.png","type":"image\/png"}],"author":"editor","twitter_card":"summary_large_image","twitter_misc":{"Escrito por":"editor","Est. tempo de leitura":"1 minuto"},"schema":{"@context":"https:\/\/schema.org","@graph":[{"@type":"Article","@id":"https:\/\/www.oarcanjo.net\/site\/batizado-de-27-de-setembro-de-2009\/#article","isPartOf":{"@id":"https:\/\/www.oarcanjo.net\/site\/batizado-de-27-de-setembro-de-2009\/"},"author":{"name":"editor","@id":"https:\/\/www.oarcanjo.net\/site\/#\/schema\/person\/f7024d007863202483a31326673a0838"},"headline":"Batizado de 27 de setembro de 2009","datePublished":"2009-09-28T04:18:05+00:00","dateModified":"2009-09-29T12:53:43+00:00","mainEntityOfPage":{"@id":"https:\/\/www.oarcanjo.net\/site\/batizado-de-27-de-setembro-de-2009\/"},"wordCount":119,"commentCount":8,"publisher":{"@id":"https:\/\/www.oarcanjo.net\/site\/#organization"},"keywords":["Batismo"],"articleSection":["Destaques","Not\u00edcias","Rosto da comunidade"],"inLanguage":"pt-BR","potentialAction":[{"@type":"CommentAction","name":"Comment","target":["https:\/\/www.oarcanjo.net\/site\/batizado-de-27-de-setembro-de-2009\/#respond"]}]},{"@type":"WebPage","@id":"https:\/\/www.oarcanjo.net\/site\/batizado-de-27-de-setembro-de-2009\/","url":"https:\/\/www.oarcanjo.net\/site\/batizado-de-27-de-setembro-de-2009\/","name":"Batizado de 27 de setembro de 2009 - O Arcanjo no ar","isPartOf":{"@id":"https:\/\/www.oarcanjo.net\/site\/#website"},"datePublished":"2009-09-28T04:18:05+00:00","dateModified":"2009-09-29T12:53:43+00:00","breadcrumb":{"@id":"https:\/\/www.oarcanjo.net\/site\/batizado-de-27-de-setembro-de-2009\/#breadcrumb"},"inLanguage":"pt-BR","potentialAction":[{"@type":"ReadAction","target":["https:\/\/www.oarcanjo.net\/site\/batizado-de-27-de-setembro-de-2009\/"]}]},{"@type":"BreadcrumbList","@id":"https:\/\/www.oarcanjo.net\/site\/batizado-de-27-de-setembro-de-2009\/#breadcrumb","itemListElement":[{"@type":"ListItem","position":1,"name":"In\u00edcio","item":"https:\/\/www.oarcanjo.net\/site\/"},{"@type":"ListItem","position":2,"name":"Batizado de 27 de setembro de 2009"}]},{"@type":"WebSite","@id":"https:\/\/www.oarcanjo.net\/site\/#website","url":"https:\/\/www.oarcanjo.net\/site\/","name":"O Arcanjo no ar","description":"Site da Par\u00f3quia S\u00e3o Miguel Arcanjo (Arquidiocese de SP)","publisher":{"@id":"https:\/\/www.oarcanjo.net\/site\/#organization"},"potentialAction":[{"@type":"SearchAction","target":{"@type":"EntryPoint","urlTemplate":"https:\/\/www.oarcanjo.net\/site\/?s={search_term_string}"},"query-input":{"@type":"PropertyValueSpecification","valueRequired":true,"valueName":"search_term_string"}}],"inLanguage":"pt-BR"},{"@type":"Organization","@id":"https:\/\/www.oarcanjo.net\/site\/#organization","name":"Par\u00f3quia S\u00e3o Miguel Arcanjo","url":"https:\/\/www.oarcanjo.net\/site\/","logo":{"@type":"ImageObject","inLanguage":"pt-BR","@id":"https:\/\/www.oarcanjo.net\/site\/#\/schema\/logo\/image\/","url":"https:\/\/www.oarcanjo.net\/site\/wp-content\/uploads\/LogoOArcanjo.png","contentUrl":"https:\/\/www.oarcanjo.net\/site\/wp-content\/uploads\/LogoOArcanjo.png","width":319,"height":99,"caption":"Par\u00f3quia S\u00e3o Miguel Arcanjo"},"image":{"@id":"https:\/\/www.oarcanjo.net\/site\/#\/schema\/logo\/image\/"},"sameAs":["https:\/\/www.facebook.com\/OArcanjoNoAr\/"]},{"@type":"Person","@id":"https:\/\/www.oarcanjo.net\/site\/#\/schema\/person\/f7024d007863202483a31326673a0838","name":"editor","sameAs":["http:\/\/www.oarcanjo.net"]}]}},"publishpress_future_action":{"enabled":false,"date":"2026-05-09 04:22:45","action":"category","newStatus":"draft","terms":[],"taxonomy":"category"},"publishpress_future_workflow_manual_trigger":{"enabledWorkflows":[]},"_links":{"self":[{"href":"https:\/\/www.oarcanjo.net\/site\/wp-json\/wp\/v2\/posts\/5375"}],"collection":[{"href":"https:\/\/www.oarcanjo.net\/site\/wp-json\/wp\/v2\/posts"}],"about":[{"href":"https:\/\/www.oarcanjo.net\/site\/wp-json\/wp\/v2\/types\/post"}],"author":[{"embeddable":true,"href":"https:\/\/www.oarcanjo.net\/site\/wp-json\/wp\/v2\/users\/5"}],"replies":[{"embeddable":true,"href":"https:\/\/www.oarcanjo.net\/site\/wp-json\/wp\/v2\/comments?post=5375"}],"version-history":[{"count":0,"href":"https:\/\/www.oarcanjo.net\/site\/wp-json\/wp\/v2\/posts\/5375\/revisions"}],"wp:attachment":[{"href":"https:\/\/www.oarcanjo.net\/site\/wp-json\/wp\/v2\/media?parent=5375"}],"wp:term":[{"taxonomy":"category","embeddable":true,"href":"https:\/\/www.oarcanjo.net\/site\/wp-json\/wp\/v2\/categories?post=5375"},{"taxonomy":"post_tag","embeddable":true,"href":"https:\/\/www.oarcanjo.net\/site\/wp-json\/wp\/v2\/tags?post=5375"}],"curies":[{"name":"wp","href":"https:\/\/api.w.org\/{rel}","templated":true}]}}