
{"id":5391,"date":"2009-09-29T02:37:42","date_gmt":"2009-09-29T05:37:42","guid":{"rendered":"http:\/\/www.oarcanjo.net\/site\/?p=5391"},"modified":"2009-10-08T08:16:46","modified_gmt":"2009-10-08T11:16:46","slug":"festa-a-sao-miguel-arcanjo","status":"publish","type":"post","link":"https:\/\/www.oarcanjo.net\/site\/festa-a-sao-miguel-arcanjo\/","title":{"rendered":"Festa de S\u00e3o Miguel Arcanjo"},"content":{"rendered":"<p>Hoje \u00e9 dia de S\u00e3o Miguel Arcanjo, dia de muita devo\u00e7\u00e3o, de ora\u00e7\u00e3o\u00a0e de nossa tradicional\u00a0festa. Teremos missas \u00e0s 7h30, \u00e0s 15h, presidida por D. Ang\u00e9lico Bernardino,\u00a0bispo em\u00e9rito de Blumenau e ex-bispo auxiliar da Arquidiocese de S\u00e3o Paulo, e\u00a0\u00e0s\u00a020h.<\/p>\n<p>Venha tamb\u00e9m pra comer e se divertir:<\/p>\n<p>\u00a0&#8211; <strong>Barraca de salgados<\/strong> &#8211; teremos pernil com molho ou vinagrete, beringela, cachorro quente, tortas etc<br \/>\nRespons\u00e1veis: <strong>Ang\u00e9lica<\/strong>, <strong>Marilurdes<\/strong>, <strong>Rita<\/strong> e <strong>Adua<\/strong><\/p>\n<p>\u00a0&#8211; <strong>Barraca de doces<\/strong> &#8211; teremos bolos de todas as variedades, inclusive o famoso Bolo de S\u00e3o Miguel<br \/>\nRespons\u00e1veis: <strong>Beth<\/strong>, <strong>Diva<\/strong>, <strong>Marlene<\/strong>, <strong>Erc\u00edlia<\/strong> e <strong>Fel\u00edcia <\/strong><\/p>\n<p>\u00a0&#8211; <strong>Barraca\u00a0de bebidas<\/strong> &#8211; teremos Coca-Cola, Guaran\u00e1, \u00e1gua t\u00f4nica e garrafinha de \u00e1gua<br \/>\nRespons\u00e1veis: <strong>Maria<\/strong>, <strong>Neide<\/strong>, <strong>Luizinho<\/strong>, <strong>T\u00e2nia<\/strong> e <strong>Joninho<\/strong><\/p>\n<p>\u00a0&#8211; A grande novidade \u00e9 que tamb\u00e9m\u00a0teremos deliciosos <strong>crepes de chocolate e queijo<br \/>\n<\/strong>Respons\u00e1veis: <strong>Helena<\/strong> e <strong>seu esposo<\/strong> e <strong>Danielle<\/strong>.<\/p>\n<p>Na barraca do caf\u00e9 e chocolate seremos atendidos pelas nossas amigas e colaboradoras <strong>Rosely<\/strong> e <strong>Rinalda<\/strong>.<\/p>\n<p>No nosso caixa est\u00e3o nossos amigos e colaboradores <strong>Pierre<\/strong>, <strong>Ros\u00e1ria<\/strong> e <strong>M\u00e9rcia<\/strong>.<\/p>\n<p><em>Para mais esclarecimentos, falar com\u00a0a <strong>Tereza <\/strong>pelo telefone (11) <strong>2692-6798<\/strong>.<\/em><\/p>\n<p><strong>Anivers\u00e1rio do site<\/strong><\/p>\n<p>Neste dia festivo, nossa comunidade comemora tamb\u00e9m o primeiro anivers\u00e1rio do site <strong>O Arcanjo no ar<\/strong>, lan\u00e7ado na festa de S\u00e3o Miguel pelo cardeal arcebispo de S\u00e3o Paulo, D. Odilo Pedro Scherer. Veja abaixo a mensagem do Pe. Julio sobre o assunto:<\/p>\n<p><object classid=\"clsid:d27cdb6e-ae6d-11cf-96b8-444553540000\" width=\"480\" height=\"295\" codebase=\"http:\/\/download.macromedia.com\/pub\/shockwave\/cabs\/flash\/swflash.cab#version=6,0,40,0\"><param name=\"allowFullScreen\" value=\"true\" \/><param name=\"allowscriptaccess\" value=\"always\" \/><param name=\"src\" value=\"http:\/\/www.youtube.com\/v\/SoPQIEUAQ50&amp;hl=pt-br&amp;fs=1&amp;rel=0&amp;color1=0xe1600f&amp;color2=0xfebd01\" \/><param name=\"allowfullscreen\" value=\"true\" \/><embed type=\"application\/x-shockwave-flash\" width=\"480\" height=\"295\" src=\"http:\/\/www.youtube.com\/v\/SoPQIEUAQ50&amp;hl=pt-br&amp;fs=1&amp;rel=0&amp;color1=0xe1600f&amp;color2=0xfebd01\" allowfullscreen=\"true\" allowscriptaccess=\"always\"><\/embed><\/object><\/p>\n<p><em>Veja as fotos cedidas por JPedro:<\/em><\/p>\nngg_shortcode_0_placeholder\n<p><em>E momentos da festa registrados por Wanderley Oliveira:<\/em><\/p>\nngg_shortcode_1_placeholder\n<div id=\"themify_builder_content-5391\" data-postid=\"5391\" class=\"themify_builder_content themify_builder_content-5391 themify_builder themify_builder_front\">\n\t<\/div>\n<!-- \/themify_builder_content -->","protected":false},"excerpt":{"rendered":"<p>Hoje \u00e9 dia de S\u00e3o Miguel Arcanjo, dia de muita devo\u00e7\u00e3o, de ora\u00e7\u00e3o\u00a0e de nossa tradicional\u00a0festa. Teremos missas \u00e0s 7h30, \u00e0s 15h, presidida por D. Ang\u00e9lico Bernardino,\u00a0bispo em\u00e9rito de Blumenau e ex-bispo auxiliar da Arquidiocese de S\u00e3o Paulo, e\u00a0\u00e0s\u00a020h. Venha tamb\u00e9m pra comer e se divertir: \u00a0&#8211; Barraca de salgados &#8211; teremos pernil com molho [&hellip;]<\/p>\n","protected":false},"author":5,"featured_media":0,"comment_status":"open","ping_status":"open","sticky":false,"template":"","format":"standard","meta":{"ngg_post_thumbnail":0,"footnotes":""},"categories":[8,280],"tags":[1019,14,1108],"yoast_head":"<!-- This site is optimized with the Yoast SEO plugin v23.5 - https:\/\/yoast.com\/wordpress\/plugins\/seo\/ -->\n<title>Festa de S\u00e3o Miguel Arcanjo - O Arcanjo no ar<\/title>\n<meta name=\"robots\" content=\"index, follow, max-snippet:-1, max-image-preview:large, max-video-preview:-1\" \/>\n<link rel=\"canonical\" href=\"https:\/\/www.oarcanjo.net\/site\/festa-a-sao-miguel-arcanjo\/\" \/>\n<meta property=\"og:locale\" content=\"pt_BR\" \/>\n<meta property=\"og:type\" content=\"article\" \/>\n<meta property=\"og:title\" content=\"Festa de S\u00e3o Miguel Arcanjo - O Arcanjo no ar\" \/>\n<meta property=\"og:description\" content=\"Hoje \u00e9 dia de S\u00e3o Miguel Arcanjo, dia de muita devo\u00e7\u00e3o, de ora\u00e7\u00e3o\u00a0e de nossa tradicional\u00a0festa. Teremos missas \u00e0s 7h30, \u00e0s 15h, presidida por D. Ang\u00e9lico Bernardino,\u00a0bispo em\u00e9rito de Blumenau e ex-bispo auxiliar da Arquidiocese de S\u00e3o Paulo, e\u00a0\u00e0s\u00a020h. Venha tamb\u00e9m pra comer e se divertir: \u00a0&#8211; Barraca de salgados &#8211; teremos pernil com molho [&hellip;]\" \/>\n<meta property=\"og:url\" content=\"https:\/\/www.oarcanjo.net\/site\/festa-a-sao-miguel-arcanjo\/\" \/>\n<meta property=\"og:site_name\" content=\"O Arcanjo no ar\" \/>\n<meta property=\"article:publisher\" content=\"https:\/\/www.facebook.com\/OArcanjoNoAr\/\" \/>\n<meta property=\"article:published_time\" content=\"2009-09-29T05:37:42+00:00\" \/>\n<meta property=\"article:modified_time\" content=\"2009-10-08T11:16:46+00:00\" \/>\n<meta property=\"og:image\" content=\"https:\/\/www.oarcanjo.net\/site\/wp-content\/uploads\/logo-o-arcanjo-no-ar-facebook.png\" \/>\n\t<meta property=\"og:image:width\" content=\"300\" \/>\n\t<meta property=\"og:image:height\" content=\"300\" \/>\n\t<meta property=\"og:image:type\" content=\"image\/png\" \/>\n<meta name=\"author\" content=\"editor\" \/>\n<meta name=\"twitter:card\" content=\"summary_large_image\" \/>\n<meta name=\"twitter:label1\" content=\"Escrito por\" \/>\n\t<meta name=\"twitter:data1\" content=\"editor\" \/>\n\t<meta name=\"twitter:label2\" content=\"Est. tempo de leitura\" \/>\n\t<meta name=\"twitter:data2\" content=\"1 minuto\" \/>\n<script type=\"application\/ld+json\" class=\"yoast-schema-graph\">{\"@context\":\"https:\/\/schema.org\",\"@graph\":[{\"@type\":\"Article\",\"@id\":\"https:\/\/www.oarcanjo.net\/site\/festa-a-sao-miguel-arcanjo\/#article\",\"isPartOf\":{\"@id\":\"https:\/\/www.oarcanjo.net\/site\/festa-a-sao-miguel-arcanjo\/\"},\"author\":{\"name\":\"editor\",\"@id\":\"https:\/\/www.oarcanjo.net\/site\/#\/schema\/person\/f7024d007863202483a31326673a0838\"},\"headline\":\"Festa de S\u00e3o Miguel Arcanjo\",\"datePublished\":\"2009-09-29T05:37:42+00:00\",\"dateModified\":\"2009-10-08T11:16:46+00:00\",\"mainEntityOfPage\":{\"@id\":\"https:\/\/www.oarcanjo.net\/site\/festa-a-sao-miguel-arcanjo\/\"},\"wordCount\":272,\"commentCount\":22,\"publisher\":{\"@id\":\"https:\/\/www.oarcanjo.net\/site\/#organization\"},\"keywords\":[\"festa de S\u00e3o Miguel Arcanjo\",\"ora\u00e7\u00e3o\",\"Prote\u00e7\u00e3o\"],\"articleSection\":[\"Not\u00edcias\",\"V\u00eddeos\"],\"inLanguage\":\"pt-BR\",\"potentialAction\":[{\"@type\":\"CommentAction\",\"name\":\"Comment\",\"target\":[\"https:\/\/www.oarcanjo.net\/site\/festa-a-sao-miguel-arcanjo\/#respond\"]}]},{\"@type\":\"WebPage\",\"@id\":\"https:\/\/www.oarcanjo.net\/site\/festa-a-sao-miguel-arcanjo\/\",\"url\":\"https:\/\/www.oarcanjo.net\/site\/festa-a-sao-miguel-arcanjo\/\",\"name\":\"Festa de S\u00e3o Miguel Arcanjo - O Arcanjo no ar\",\"isPartOf\":{\"@id\":\"https:\/\/www.oarcanjo.net\/site\/#website\"},\"datePublished\":\"2009-09-29T05:37:42+00:00\",\"dateModified\":\"2009-10-08T11:16:46+00:00\",\"breadcrumb\":{\"@id\":\"https:\/\/www.oarcanjo.net\/site\/festa-a-sao-miguel-arcanjo\/#breadcrumb\"},\"inLanguage\":\"pt-BR\",\"potentialAction\":[{\"@type\":\"ReadAction\",\"target\":[\"https:\/\/www.oarcanjo.net\/site\/festa-a-sao-miguel-arcanjo\/\"]}]},{\"@type\":\"BreadcrumbList\",\"@id\":\"https:\/\/www.oarcanjo.net\/site\/festa-a-sao-miguel-arcanjo\/#breadcrumb\",\"itemListElement\":[{\"@type\":\"ListItem\",\"position\":1,\"name\":\"In\u00edcio\",\"item\":\"https:\/\/www.oarcanjo.net\/site\/\"},{\"@type\":\"ListItem\",\"position\":2,\"name\":\"Festa de S\u00e3o Miguel Arcanjo\"}]},{\"@type\":\"WebSite\",\"@id\":\"https:\/\/www.oarcanjo.net\/site\/#website\",\"url\":\"https:\/\/www.oarcanjo.net\/site\/\",\"name\":\"O Arcanjo no ar\",\"description\":\"Site da Par\u00f3quia S\u00e3o Miguel Arcanjo (Arquidiocese de SP)\",\"publisher\":{\"@id\":\"https:\/\/www.oarcanjo.net\/site\/#organization\"},\"potentialAction\":[{\"@type\":\"SearchAction\",\"target\":{\"@type\":\"EntryPoint\",\"urlTemplate\":\"https:\/\/www.oarcanjo.net\/site\/?s={search_term_string}\"},\"query-input\":{\"@type\":\"PropertyValueSpecification\",\"valueRequired\":true,\"valueName\":\"search_term_string\"}}],\"inLanguage\":\"pt-BR\"},{\"@type\":\"Organization\",\"@id\":\"https:\/\/www.oarcanjo.net\/site\/#organization\",\"name\":\"Par\u00f3quia S\u00e3o Miguel Arcanjo\",\"url\":\"https:\/\/www.oarcanjo.net\/site\/\",\"logo\":{\"@type\":\"ImageObject\",\"inLanguage\":\"pt-BR\",\"@id\":\"https:\/\/www.oarcanjo.net\/site\/#\/schema\/logo\/image\/\",\"url\":\"https:\/\/www.oarcanjo.net\/site\/wp-content\/uploads\/LogoOArcanjo.png\",\"contentUrl\":\"https:\/\/www.oarcanjo.net\/site\/wp-content\/uploads\/LogoOArcanjo.png\",\"width\":319,\"height\":99,\"caption\":\"Par\u00f3quia S\u00e3o Miguel Arcanjo\"},\"image\":{\"@id\":\"https:\/\/www.oarcanjo.net\/site\/#\/schema\/logo\/image\/\"},\"sameAs\":[\"https:\/\/www.facebook.com\/OArcanjoNoAr\/\"]},{\"@type\":\"Person\",\"@id\":\"https:\/\/www.oarcanjo.net\/site\/#\/schema\/person\/f7024d007863202483a31326673a0838\",\"name\":\"editor\",\"sameAs\":[\"http:\/\/www.oarcanjo.net\"]}]}<\/script>\n<!-- \/ Yoast SEO plugin. -->","yoast_head_json":{"title":"Festa de S\u00e3o Miguel Arcanjo - O Arcanjo no ar","robots":{"index":"index","follow":"follow","max-snippet":"max-snippet:-1","max-image-preview":"max-image-preview:large","max-video-preview":"max-video-preview:-1"},"canonical":"https:\/\/www.oarcanjo.net\/site\/festa-a-sao-miguel-arcanjo\/","og_locale":"pt_BR","og_type":"article","og_title":"Festa de S\u00e3o Miguel Arcanjo - O Arcanjo no ar","og_description":"Hoje \u00e9 dia de S\u00e3o Miguel Arcanjo, dia de muita devo\u00e7\u00e3o, de ora\u00e7\u00e3o\u00a0e de nossa tradicional\u00a0festa. Teremos missas \u00e0s 7h30, \u00e0s 15h, presidida por D. Ang\u00e9lico Bernardino,\u00a0bispo em\u00e9rito de Blumenau e ex-bispo auxiliar da Arquidiocese de S\u00e3o Paulo, e\u00a0\u00e0s\u00a020h. Venha tamb\u00e9m pra comer e se divertir: \u00a0&#8211; Barraca de salgados &#8211; teremos pernil com molho [&hellip;]","og_url":"https:\/\/www.oarcanjo.net\/site\/festa-a-sao-miguel-arcanjo\/","og_site_name":"O Arcanjo no ar","article_publisher":"https:\/\/www.facebook.com\/OArcanjoNoAr\/","article_published_time":"2009-09-29T05:37:42+00:00","article_modified_time":"2009-10-08T11:16:46+00:00","og_image":[{"width":300,"height":300,"url":"https:\/\/www.oarcanjo.net\/site\/wp-content\/uploads\/logo-o-arcanjo-no-ar-facebook.png","type":"image\/png"}],"author":"editor","twitter_card":"summary_large_image","twitter_misc":{"Escrito por":"editor","Est. tempo de leitura":"1 minuto"},"schema":{"@context":"https:\/\/schema.org","@graph":[{"@type":"Article","@id":"https:\/\/www.oarcanjo.net\/site\/festa-a-sao-miguel-arcanjo\/#article","isPartOf":{"@id":"https:\/\/www.oarcanjo.net\/site\/festa-a-sao-miguel-arcanjo\/"},"author":{"name":"editor","@id":"https:\/\/www.oarcanjo.net\/site\/#\/schema\/person\/f7024d007863202483a31326673a0838"},"headline":"Festa de S\u00e3o Miguel Arcanjo","datePublished":"2009-09-29T05:37:42+00:00","dateModified":"2009-10-08T11:16:46+00:00","mainEntityOfPage":{"@id":"https:\/\/www.oarcanjo.net\/site\/festa-a-sao-miguel-arcanjo\/"},"wordCount":272,"commentCount":22,"publisher":{"@id":"https:\/\/www.oarcanjo.net\/site\/#organization"},"keywords":["festa de S\u00e3o Miguel Arcanjo","ora\u00e7\u00e3o","Prote\u00e7\u00e3o"],"articleSection":["Not\u00edcias","V\u00eddeos"],"inLanguage":"pt-BR","potentialAction":[{"@type":"CommentAction","name":"Comment","target":["https:\/\/www.oarcanjo.net\/site\/festa-a-sao-miguel-arcanjo\/#respond"]}]},{"@type":"WebPage","@id":"https:\/\/www.oarcanjo.net\/site\/festa-a-sao-miguel-arcanjo\/","url":"https:\/\/www.oarcanjo.net\/site\/festa-a-sao-miguel-arcanjo\/","name":"Festa de S\u00e3o Miguel Arcanjo - O Arcanjo no ar","isPartOf":{"@id":"https:\/\/www.oarcanjo.net\/site\/#website"},"datePublished":"2009-09-29T05:37:42+00:00","dateModified":"2009-10-08T11:16:46+00:00","breadcrumb":{"@id":"https:\/\/www.oarcanjo.net\/site\/festa-a-sao-miguel-arcanjo\/#breadcrumb"},"inLanguage":"pt-BR","potentialAction":[{"@type":"ReadAction","target":["https:\/\/www.oarcanjo.net\/site\/festa-a-sao-miguel-arcanjo\/"]}]},{"@type":"BreadcrumbList","@id":"https:\/\/www.oarcanjo.net\/site\/festa-a-sao-miguel-arcanjo\/#breadcrumb","itemListElement":[{"@type":"ListItem","position":1,"name":"In\u00edcio","item":"https:\/\/www.oarcanjo.net\/site\/"},{"@type":"ListItem","position":2,"name":"Festa de S\u00e3o Miguel Arcanjo"}]},{"@type":"WebSite","@id":"https:\/\/www.oarcanjo.net\/site\/#website","url":"https:\/\/www.oarcanjo.net\/site\/","name":"O Arcanjo no ar","description":"Site da Par\u00f3quia S\u00e3o Miguel Arcanjo (Arquidiocese de SP)","publisher":{"@id":"https:\/\/www.oarcanjo.net\/site\/#organization"},"potentialAction":[{"@type":"SearchAction","target":{"@type":"EntryPoint","urlTemplate":"https:\/\/www.oarcanjo.net\/site\/?s={search_term_string}"},"query-input":{"@type":"PropertyValueSpecification","valueRequired":true,"valueName":"search_term_string"}}],"inLanguage":"pt-BR"},{"@type":"Organization","@id":"https:\/\/www.oarcanjo.net\/site\/#organization","name":"Par\u00f3quia S\u00e3o Miguel Arcanjo","url":"https:\/\/www.oarcanjo.net\/site\/","logo":{"@type":"ImageObject","inLanguage":"pt-BR","@id":"https:\/\/www.oarcanjo.net\/site\/#\/schema\/logo\/image\/","url":"https:\/\/www.oarcanjo.net\/site\/wp-content\/uploads\/LogoOArcanjo.png","contentUrl":"https:\/\/www.oarcanjo.net\/site\/wp-content\/uploads\/LogoOArcanjo.png","width":319,"height":99,"caption":"Par\u00f3quia S\u00e3o Miguel Arcanjo"},"image":{"@id":"https:\/\/www.oarcanjo.net\/site\/#\/schema\/logo\/image\/"},"sameAs":["https:\/\/www.facebook.com\/OArcanjoNoAr\/"]},{"@type":"Person","@id":"https:\/\/www.oarcanjo.net\/site\/#\/schema\/person\/f7024d007863202483a31326673a0838","name":"editor","sameAs":["http:\/\/www.oarcanjo.net"]}]}},"publishpress_future_action":{"enabled":false,"date":"2026-05-09 01:25:29","action":"category","newStatus":"draft","terms":[],"taxonomy":"category"},"publishpress_future_workflow_manual_trigger":{"enabledWorkflows":[]},"_links":{"self":[{"href":"https:\/\/www.oarcanjo.net\/site\/wp-json\/wp\/v2\/posts\/5391"}],"collection":[{"href":"https:\/\/www.oarcanjo.net\/site\/wp-json\/wp\/v2\/posts"}],"about":[{"href":"https:\/\/www.oarcanjo.net\/site\/wp-json\/wp\/v2\/types\/post"}],"author":[{"embeddable":true,"href":"https:\/\/www.oarcanjo.net\/site\/wp-json\/wp\/v2\/users\/5"}],"replies":[{"embeddable":true,"href":"https:\/\/www.oarcanjo.net\/site\/wp-json\/wp\/v2\/comments?post=5391"}],"version-history":[{"count":0,"href":"https:\/\/www.oarcanjo.net\/site\/wp-json\/wp\/v2\/posts\/5391\/revisions"}],"wp:attachment":[{"href":"https:\/\/www.oarcanjo.net\/site\/wp-json\/wp\/v2\/media?parent=5391"}],"wp:term":[{"taxonomy":"category","embeddable":true,"href":"https:\/\/www.oarcanjo.net\/site\/wp-json\/wp\/v2\/categories?post=5391"},{"taxonomy":"post_tag","embeddable":true,"href":"https:\/\/www.oarcanjo.net\/site\/wp-json\/wp\/v2\/tags?post=5391"}],"curies":[{"name":"wp","href":"https:\/\/api.w.org\/{rel}","templated":true}]}}