
{"id":5407,"date":"2009-09-29T12:05:03","date_gmt":"2009-09-29T15:05:03","guid":{"rendered":"http:\/\/www.oarcanjo.net\/site\/?p=5407"},"modified":"2009-09-29T12:21:45","modified_gmt":"2009-09-29T15:21:45","slug":"mst-recebe-apoio-de-cnbb-e-abi-na-luta-pela-revisao-dos-indices","status":"publish","type":"post","link":"https:\/\/www.oarcanjo.net\/site\/mst-recebe-apoio-de-cnbb-e-abi-na-luta-pela-revisao-dos-indices\/","title":{"rendered":"MST recebe apoio de CNBB e ABI pela revis\u00e3o dos \u00edndices"},"content":{"rendered":"<p>Diante da ofensiva dos setores mais conservadores da sociedade, o MST recebeu apoio na luta pela revis\u00e3o dos \u00edndices de produtividade do presidente da Comiss\u00e3o Episcopal de Pastoral para o Servi\u00e7o da Caridade, da Justi\u00e7a e da Paz da CNBB (Confer\u00eancia Nacional dos Bispos do Brasil), Dom Pedro Luiz Stringhini, e do presidente da ABI (Associa\u00e7\u00e3o Brasileira de Imprensa), Maur\u00edcio de Lima Az\u00eado.<\/p>\n<p>&#8220;Solidarizamo-nos com as centenas de fam\u00edlias acampadas, algumas delas h\u00e1 muitos anos, \u00e0s margens das estradas em todo o territ\u00f3rio brasileiro&#8221;, afirma Dom Pedro Luiz, em nota enviada ao presidente Luiz In\u00e1cio Lula da Silva, na qual defende a atualiza\u00e7\u00e3o dos \u00edndices de produtividade (leia abaixo vers\u00e3o integral). &#8220;As Pastorais Sociais compartilham a convic\u00e7\u00e3o de que a reforma agr\u00e1ria contribui para a supera\u00e7\u00e3o da situa\u00e7\u00e3o de mis\u00e9ria e abandono dos acampados, muitos deles crian\u00e7as e idosos. Sobretudo, permite destinar as terras, prioritariamente, para a produ\u00e7\u00e3o de alimentos e a preserva\u00e7\u00e3o ambiental&#8221;.<\/p>\n<p>O presidente da ABI (Associa\u00e7\u00e3o Brasileira de Imprensa), Maur\u00edcio de Lima Az\u00eado, assinou o <a href=\"http:\/\/www.petitiononline.com\/manifmst\/petition.html\" target=\"_blank\">Manifesto em Defesa da Democracia e do MST<\/a>. Segundo o documento, &#8220;o compromisso do governo de rever os crit\u00e9rios de produtividade para a agricultura brasileira, responde a uma bandeira de quatro d\u00e9cadas de lutas dos movimentos dos trabalhadores do campo. Ao exigir a atualiza\u00e7\u00e3o desses \u00edndices, os trabalhadores do campo est\u00e3o apenas exigindo o cumprimento da Constitui\u00e7\u00e3o Federal, e que os avan\u00e7os cient\u00edficos e tecnol\u00f3gicos ocorridos nas \u00faltimas quatro d\u00e9cadas, sejam incorporados aos m\u00e9todos de medir a produtividade agr\u00edcola do nosso Pa\u00eds.<\/p>\n<p>O <a href=\"http:\/\/www.petitiononline.com\/manifmst\/petition.html\" target=\"_blank\">manifesto<\/a>, que recebeu mais de 3500 assinaturas, foi lan\u00e7ado por intelectuais, escritores, artistas, partidos, entidades nacionais e internacionais. O texto avalia que a amea\u00e7a de cria\u00e7\u00e3o de uma CPI contra o MST \u00e9 uma repres\u00e1lia \u00e0 bandeira da atualiza\u00e7\u00e3o dos \u00edndices de produtividade. &#8220;\u00c9 por essa raz\u00e3o que se arma, hoje, uma nova ofensiva dos setores mais conservadores da sociedade contra o Movimento dos Sem Terra \u2013 seja no Congresso Nacional, seja nos monop\u00f3lios de comunica\u00e7\u00e3o, seja nos lobbies de press\u00e3o em todas as esferas de Poder&#8221;, afirma o manifesto.<\/p>\n<hr \/>\n<p><em>A seguir a \u00edntegra da carta enviada por D. Pedro Luiz ao presidente Lula:<\/em><\/p>\n<p>Excelent\u00edssimo Senhor<br \/>\nLuiz In\u00e1cio Lula da Silva<br \/>\nPresidente da Rep\u00fablica Federativa do Brasil<\/p>\n<p>N\u00f3s, agentes de pastoral, coordenadores e coordenadoras nacionais e regionais, assessores e bispos referenciais das pastorais sociais, presentes no Encontro Nacional das Pastorais Sociais da CNBB \u2013 Confer\u00eancia Nacional dos Bispos do Brasil, atrav\u00e9s deste comunicado, solidarizamo-nos com as centenas de fam\u00edlias acampadas, algumas delas h\u00e1 muitos anos, \u00e0s margens das estradas em todo o territ\u00f3rio brasileiro.<\/p>\n<p>A Constitui\u00e7\u00e3o Brasileira determina que uma propriedade cumpra sua fun\u00e7\u00e3o social para que o seu propriet\u00e1rio continue tendo direito de posse sobre ela. Segundo a Constitui\u00e7\u00e3o, os \u00edndices de produtividade determinam se uma propriedade \u00e9 produtiva ou n\u00e3o. De acordo com a Lei, estes dados deveriam ser atualizados periodicamente, levando em conta os avan\u00e7os tecnol\u00f3gicos e o emprego de novos conhecimentos na produ\u00e7\u00e3o agr\u00edcola.<\/p>\n<p>No in\u00edcio do m\u00eas de agosto, Vossa Excel\u00eancia afirmou que, num prazo m\u00e1ximo de 15 dias, iria atualizar os \u00edndices de produtividade da terra, o que representaria avan\u00e7o no processo de reforma agr\u00e1ria no Brasil. Com esta atualiza\u00e7\u00e3o, os \u00f3rg\u00e3os respons\u00e1veis pela reforma agr\u00e1ria passam a ter mais agilidade e ferramentas para determinar que as propriedades cumpram sua fun\u00e7\u00e3o social ou venham a ser desapropriadas para fins de reforma agr\u00e1ria.<\/p>\n<p>A sociedade tem assistido os ataques ao Governo por parte de latifundi\u00e1rios contr\u00e1rios \u00e0 atualiza\u00e7\u00e3o desses \u00edndices. O pr\u00f3prio Minist\u00e9rio da Agricultura se recusou a assinar a portaria interministerial determinada pelo senhor Presidente da Rep\u00fablica.<\/p>\n<p>Os \u00edndices de produtividade utilizados pelo INCRA a partir de dados do IBGE de 1975 est\u00e3o defasados. Por isso, a atualiza\u00e7\u00e3o dos \u00edndices de produtividade \u00e9 pauta de mobiliza\u00e7\u00e3o dos movimentos de luta pela terra, e do F\u00f3rum Nacional de Reforma Agr\u00e1ria.<\/p>\n<p>As Pastorais Sociais compartilham a convic\u00e7\u00e3o de que a reforma agr\u00e1ria contribui para a supera\u00e7\u00e3o da situa\u00e7\u00e3o de mis\u00e9ria e abandono dos acampados, muitos deles crian\u00e7as e idosos. Sobretudo, permite destinar as terras, prioritariamente, para a produ\u00e7\u00e3o de alimentos e a preserva\u00e7\u00e3o ambiental.<\/p>\n<p>Reafirmando nosso compromisso com o povo do campo, os ind\u00edgenas, as comunidades negras e quilombolas, que lutam cotidianamente pela democratiza\u00e7\u00e3o da terra, solicitamos a Vossa Excel\u00eancia, em cumprimento do que estabelece a Constitui\u00e7\u00e3o Federal, a assinatura do decreto que atualiza os \u00edndices de produtividade no campo.<\/p>\n<p>Na oportunidade, expressamos a Vossa Excel\u00eancia os sentimentos de grande respeito, apre\u00e7o e confian\u00e7a.<\/p>\n<p>Fraternalmente,<\/p>\n<p>Dom Pedro Luiz Stringhini<br \/>\nPresidente da Comiss\u00e3o Episcopal de Pastoral para o Servi\u00e7o da Caridade, da Justi\u00e7a e da Paz<br \/>\nCNBB &#8211; Confer\u00eancia Nacional dos Bispos do Brasil<\/p>\n<div id=\"themify_builder_content-5407\" data-postid=\"5407\" class=\"themify_builder_content themify_builder_content-5407 themify_builder themify_builder_front\">\n\t<\/div>\n<!-- \/themify_builder_content -->","protected":false},"excerpt":{"rendered":"<p>Diante da ofensiva dos setores mais conservadores da sociedade, o MST recebeu apoio na luta pela revis\u00e3o dos \u00edndices de produtividade do presidente da Comiss\u00e3o Episcopal de Pastoral para o Servi\u00e7o da Caridade, da Justi\u00e7a e da Paz da CNBB (Confer\u00eancia Nacional dos Bispos do Brasil), Dom Pedro Luiz Stringhini, e do presidente da ABI [&hellip;]<\/p>\n","protected":false},"author":5,"featured_media":0,"comment_status":"open","ping_status":"open","sticky":false,"template":"","format":"standard","meta":{"ngg_post_thumbnail":0,"footnotes":""},"categories":[8],"tags":[63,1045,75,292,293],"yoast_head":"<!-- This site is optimized with the Yoast SEO plugin v23.5 - https:\/\/yoast.com\/wordpress\/plugins\/seo\/ -->\n<title>MST recebe apoio de CNBB e ABI pela revis\u00e3o dos \u00edndices - O Arcanjo no ar<\/title>\n<meta name=\"robots\" content=\"index, follow, max-snippet:-1, max-image-preview:large, max-video-preview:-1\" \/>\n<link rel=\"canonical\" href=\"https:\/\/www.oarcanjo.net\/site\/mst-recebe-apoio-de-cnbb-e-abi-na-luta-pela-revisao-dos-indices\/\" \/>\n<meta property=\"og:locale\" content=\"pt_BR\" \/>\n<meta property=\"og:type\" content=\"article\" \/>\n<meta property=\"og:title\" content=\"MST recebe apoio de CNBB e ABI pela revis\u00e3o dos \u00edndices - O Arcanjo no ar\" \/>\n<meta property=\"og:description\" content=\"Diante da ofensiva dos setores mais conservadores da sociedade, o MST recebeu apoio na luta pela revis\u00e3o dos \u00edndices de produtividade do presidente da Comiss\u00e3o Episcopal de Pastoral para o Servi\u00e7o da Caridade, da Justi\u00e7a e da Paz da CNBB (Confer\u00eancia Nacional dos Bispos do Brasil), Dom Pedro Luiz Stringhini, e do presidente da ABI [&hellip;]\" \/>\n<meta property=\"og:url\" content=\"https:\/\/www.oarcanjo.net\/site\/mst-recebe-apoio-de-cnbb-e-abi-na-luta-pela-revisao-dos-indices\/\" \/>\n<meta property=\"og:site_name\" content=\"O Arcanjo no ar\" \/>\n<meta property=\"article:publisher\" content=\"https:\/\/www.facebook.com\/OArcanjoNoAr\/\" \/>\n<meta property=\"article:published_time\" content=\"2009-09-29T15:05:03+00:00\" \/>\n<meta property=\"article:modified_time\" content=\"2009-09-29T15:21:45+00:00\" \/>\n<meta property=\"og:image\" content=\"https:\/\/www.oarcanjo.net\/site\/wp-content\/uploads\/logo-o-arcanjo-no-ar-facebook.png\" \/>\n\t<meta property=\"og:image:width\" content=\"300\" \/>\n\t<meta property=\"og:image:height\" content=\"300\" \/>\n\t<meta property=\"og:image:type\" content=\"image\/png\" \/>\n<meta name=\"author\" content=\"editor\" \/>\n<meta name=\"twitter:card\" content=\"summary_large_image\" \/>\n<meta name=\"twitter:label1\" content=\"Escrito por\" \/>\n\t<meta name=\"twitter:data1\" content=\"editor\" \/>\n\t<meta name=\"twitter:label2\" content=\"Est. tempo de leitura\" \/>\n\t<meta name=\"twitter:data2\" content=\"4 minutos\" \/>\n<script type=\"application\/ld+json\" class=\"yoast-schema-graph\">{\"@context\":\"https:\/\/schema.org\",\"@graph\":[{\"@type\":\"Article\",\"@id\":\"https:\/\/www.oarcanjo.net\/site\/mst-recebe-apoio-de-cnbb-e-abi-na-luta-pela-revisao-dos-indices\/#article\",\"isPartOf\":{\"@id\":\"https:\/\/www.oarcanjo.net\/site\/mst-recebe-apoio-de-cnbb-e-abi-na-luta-pela-revisao-dos-indices\/\"},\"author\":{\"name\":\"editor\",\"@id\":\"https:\/\/www.oarcanjo.net\/site\/#\/schema\/person\/f7024d007863202483a31326673a0838\"},\"headline\":\"MST recebe apoio de CNBB e ABI pela revis\u00e3o dos \u00edndices\",\"datePublished\":\"2009-09-29T15:05:03+00:00\",\"dateModified\":\"2009-09-29T15:21:45+00:00\",\"mainEntityOfPage\":{\"@id\":\"https:\/\/www.oarcanjo.net\/site\/mst-recebe-apoio-de-cnbb-e-abi-na-luta-pela-revisao-dos-indices\/\"},\"wordCount\":873,\"commentCount\":1,\"publisher\":{\"@id\":\"https:\/\/www.oarcanjo.net\/site\/#organization\"},\"keywords\":[\"CNBB\",\"inclus\u00e3o\",\"Justi\u00e7a social\",\"MST\",\"Reforma agr\u00e1ria\"],\"articleSection\":[\"Not\u00edcias\"],\"inLanguage\":\"pt-BR\",\"potentialAction\":[{\"@type\":\"CommentAction\",\"name\":\"Comment\",\"target\":[\"https:\/\/www.oarcanjo.net\/site\/mst-recebe-apoio-de-cnbb-e-abi-na-luta-pela-revisao-dos-indices\/#respond\"]}]},{\"@type\":\"WebPage\",\"@id\":\"https:\/\/www.oarcanjo.net\/site\/mst-recebe-apoio-de-cnbb-e-abi-na-luta-pela-revisao-dos-indices\/\",\"url\":\"https:\/\/www.oarcanjo.net\/site\/mst-recebe-apoio-de-cnbb-e-abi-na-luta-pela-revisao-dos-indices\/\",\"name\":\"MST recebe apoio de CNBB e ABI pela revis\u00e3o dos \u00edndices - O Arcanjo no ar\",\"isPartOf\":{\"@id\":\"https:\/\/www.oarcanjo.net\/site\/#website\"},\"datePublished\":\"2009-09-29T15:05:03+00:00\",\"dateModified\":\"2009-09-29T15:21:45+00:00\",\"breadcrumb\":{\"@id\":\"https:\/\/www.oarcanjo.net\/site\/mst-recebe-apoio-de-cnbb-e-abi-na-luta-pela-revisao-dos-indices\/#breadcrumb\"},\"inLanguage\":\"pt-BR\",\"potentialAction\":[{\"@type\":\"ReadAction\",\"target\":[\"https:\/\/www.oarcanjo.net\/site\/mst-recebe-apoio-de-cnbb-e-abi-na-luta-pela-revisao-dos-indices\/\"]}]},{\"@type\":\"BreadcrumbList\",\"@id\":\"https:\/\/www.oarcanjo.net\/site\/mst-recebe-apoio-de-cnbb-e-abi-na-luta-pela-revisao-dos-indices\/#breadcrumb\",\"itemListElement\":[{\"@type\":\"ListItem\",\"position\":1,\"name\":\"In\u00edcio\",\"item\":\"https:\/\/www.oarcanjo.net\/site\/\"},{\"@type\":\"ListItem\",\"position\":2,\"name\":\"MST recebe apoio de CNBB e ABI pela revis\u00e3o dos \u00edndices\"}]},{\"@type\":\"WebSite\",\"@id\":\"https:\/\/www.oarcanjo.net\/site\/#website\",\"url\":\"https:\/\/www.oarcanjo.net\/site\/\",\"name\":\"O Arcanjo no ar\",\"description\":\"Site da Par\u00f3quia S\u00e3o Miguel Arcanjo (Arquidiocese de SP)\",\"publisher\":{\"@id\":\"https:\/\/www.oarcanjo.net\/site\/#organization\"},\"potentialAction\":[{\"@type\":\"SearchAction\",\"target\":{\"@type\":\"EntryPoint\",\"urlTemplate\":\"https:\/\/www.oarcanjo.net\/site\/?s={search_term_string}\"},\"query-input\":{\"@type\":\"PropertyValueSpecification\",\"valueRequired\":true,\"valueName\":\"search_term_string\"}}],\"inLanguage\":\"pt-BR\"},{\"@type\":\"Organization\",\"@id\":\"https:\/\/www.oarcanjo.net\/site\/#organization\",\"name\":\"Par\u00f3quia S\u00e3o Miguel Arcanjo\",\"url\":\"https:\/\/www.oarcanjo.net\/site\/\",\"logo\":{\"@type\":\"ImageObject\",\"inLanguage\":\"pt-BR\",\"@id\":\"https:\/\/www.oarcanjo.net\/site\/#\/schema\/logo\/image\/\",\"url\":\"https:\/\/www.oarcanjo.net\/site\/wp-content\/uploads\/LogoOArcanjo.png\",\"contentUrl\":\"https:\/\/www.oarcanjo.net\/site\/wp-content\/uploads\/LogoOArcanjo.png\",\"width\":319,\"height\":99,\"caption\":\"Par\u00f3quia S\u00e3o Miguel Arcanjo\"},\"image\":{\"@id\":\"https:\/\/www.oarcanjo.net\/site\/#\/schema\/logo\/image\/\"},\"sameAs\":[\"https:\/\/www.facebook.com\/OArcanjoNoAr\/\"]},{\"@type\":\"Person\",\"@id\":\"https:\/\/www.oarcanjo.net\/site\/#\/schema\/person\/f7024d007863202483a31326673a0838\",\"name\":\"editor\",\"sameAs\":[\"http:\/\/www.oarcanjo.net\"]}]}<\/script>\n<!-- \/ Yoast SEO plugin. -->","yoast_head_json":{"title":"MST recebe apoio de CNBB e ABI pela revis\u00e3o dos \u00edndices - O Arcanjo no ar","robots":{"index":"index","follow":"follow","max-snippet":"max-snippet:-1","max-image-preview":"max-image-preview:large","max-video-preview":"max-video-preview:-1"},"canonical":"https:\/\/www.oarcanjo.net\/site\/mst-recebe-apoio-de-cnbb-e-abi-na-luta-pela-revisao-dos-indices\/","og_locale":"pt_BR","og_type":"article","og_title":"MST recebe apoio de CNBB e ABI pela revis\u00e3o dos \u00edndices - O Arcanjo no ar","og_description":"Diante da ofensiva dos setores mais conservadores da sociedade, o MST recebeu apoio na luta pela revis\u00e3o dos \u00edndices de produtividade do presidente da Comiss\u00e3o Episcopal de Pastoral para o Servi\u00e7o da Caridade, da Justi\u00e7a e da Paz da CNBB (Confer\u00eancia Nacional dos Bispos do Brasil), Dom Pedro Luiz Stringhini, e do presidente da ABI [&hellip;]","og_url":"https:\/\/www.oarcanjo.net\/site\/mst-recebe-apoio-de-cnbb-e-abi-na-luta-pela-revisao-dos-indices\/","og_site_name":"O Arcanjo no ar","article_publisher":"https:\/\/www.facebook.com\/OArcanjoNoAr\/","article_published_time":"2009-09-29T15:05:03+00:00","article_modified_time":"2009-09-29T15:21:45+00:00","og_image":[{"width":300,"height":300,"url":"https:\/\/www.oarcanjo.net\/site\/wp-content\/uploads\/logo-o-arcanjo-no-ar-facebook.png","type":"image\/png"}],"author":"editor","twitter_card":"summary_large_image","twitter_misc":{"Escrito por":"editor","Est. tempo de leitura":"4 minutos"},"schema":{"@context":"https:\/\/schema.org","@graph":[{"@type":"Article","@id":"https:\/\/www.oarcanjo.net\/site\/mst-recebe-apoio-de-cnbb-e-abi-na-luta-pela-revisao-dos-indices\/#article","isPartOf":{"@id":"https:\/\/www.oarcanjo.net\/site\/mst-recebe-apoio-de-cnbb-e-abi-na-luta-pela-revisao-dos-indices\/"},"author":{"name":"editor","@id":"https:\/\/www.oarcanjo.net\/site\/#\/schema\/person\/f7024d007863202483a31326673a0838"},"headline":"MST recebe apoio de CNBB e ABI pela revis\u00e3o dos \u00edndices","datePublished":"2009-09-29T15:05:03+00:00","dateModified":"2009-09-29T15:21:45+00:00","mainEntityOfPage":{"@id":"https:\/\/www.oarcanjo.net\/site\/mst-recebe-apoio-de-cnbb-e-abi-na-luta-pela-revisao-dos-indices\/"},"wordCount":873,"commentCount":1,"publisher":{"@id":"https:\/\/www.oarcanjo.net\/site\/#organization"},"keywords":["CNBB","inclus\u00e3o","Justi\u00e7a social","MST","Reforma agr\u00e1ria"],"articleSection":["Not\u00edcias"],"inLanguage":"pt-BR","potentialAction":[{"@type":"CommentAction","name":"Comment","target":["https:\/\/www.oarcanjo.net\/site\/mst-recebe-apoio-de-cnbb-e-abi-na-luta-pela-revisao-dos-indices\/#respond"]}]},{"@type":"WebPage","@id":"https:\/\/www.oarcanjo.net\/site\/mst-recebe-apoio-de-cnbb-e-abi-na-luta-pela-revisao-dos-indices\/","url":"https:\/\/www.oarcanjo.net\/site\/mst-recebe-apoio-de-cnbb-e-abi-na-luta-pela-revisao-dos-indices\/","name":"MST recebe apoio de CNBB e ABI pela revis\u00e3o dos \u00edndices - O Arcanjo no ar","isPartOf":{"@id":"https:\/\/www.oarcanjo.net\/site\/#website"},"datePublished":"2009-09-29T15:05:03+00:00","dateModified":"2009-09-29T15:21:45+00:00","breadcrumb":{"@id":"https:\/\/www.oarcanjo.net\/site\/mst-recebe-apoio-de-cnbb-e-abi-na-luta-pela-revisao-dos-indices\/#breadcrumb"},"inLanguage":"pt-BR","potentialAction":[{"@type":"ReadAction","target":["https:\/\/www.oarcanjo.net\/site\/mst-recebe-apoio-de-cnbb-e-abi-na-luta-pela-revisao-dos-indices\/"]}]},{"@type":"BreadcrumbList","@id":"https:\/\/www.oarcanjo.net\/site\/mst-recebe-apoio-de-cnbb-e-abi-na-luta-pela-revisao-dos-indices\/#breadcrumb","itemListElement":[{"@type":"ListItem","position":1,"name":"In\u00edcio","item":"https:\/\/www.oarcanjo.net\/site\/"},{"@type":"ListItem","position":2,"name":"MST recebe apoio de CNBB e ABI pela revis\u00e3o dos \u00edndices"}]},{"@type":"WebSite","@id":"https:\/\/www.oarcanjo.net\/site\/#website","url":"https:\/\/www.oarcanjo.net\/site\/","name":"O Arcanjo no ar","description":"Site da Par\u00f3quia S\u00e3o Miguel Arcanjo (Arquidiocese de SP)","publisher":{"@id":"https:\/\/www.oarcanjo.net\/site\/#organization"},"potentialAction":[{"@type":"SearchAction","target":{"@type":"EntryPoint","urlTemplate":"https:\/\/www.oarcanjo.net\/site\/?s={search_term_string}"},"query-input":{"@type":"PropertyValueSpecification","valueRequired":true,"valueName":"search_term_string"}}],"inLanguage":"pt-BR"},{"@type":"Organization","@id":"https:\/\/www.oarcanjo.net\/site\/#organization","name":"Par\u00f3quia S\u00e3o Miguel Arcanjo","url":"https:\/\/www.oarcanjo.net\/site\/","logo":{"@type":"ImageObject","inLanguage":"pt-BR","@id":"https:\/\/www.oarcanjo.net\/site\/#\/schema\/logo\/image\/","url":"https:\/\/www.oarcanjo.net\/site\/wp-content\/uploads\/LogoOArcanjo.png","contentUrl":"https:\/\/www.oarcanjo.net\/site\/wp-content\/uploads\/LogoOArcanjo.png","width":319,"height":99,"caption":"Par\u00f3quia S\u00e3o Miguel Arcanjo"},"image":{"@id":"https:\/\/www.oarcanjo.net\/site\/#\/schema\/logo\/image\/"},"sameAs":["https:\/\/www.facebook.com\/OArcanjoNoAr\/"]},{"@type":"Person","@id":"https:\/\/www.oarcanjo.net\/site\/#\/schema\/person\/f7024d007863202483a31326673a0838","name":"editor","sameAs":["http:\/\/www.oarcanjo.net"]}]}},"publishpress_future_action":{"enabled":false,"date":"2026-05-09 04:22:44","action":"category","newStatus":"draft","terms":[],"taxonomy":"category"},"publishpress_future_workflow_manual_trigger":{"enabledWorkflows":[]},"_links":{"self":[{"href":"https:\/\/www.oarcanjo.net\/site\/wp-json\/wp\/v2\/posts\/5407"}],"collection":[{"href":"https:\/\/www.oarcanjo.net\/site\/wp-json\/wp\/v2\/posts"}],"about":[{"href":"https:\/\/www.oarcanjo.net\/site\/wp-json\/wp\/v2\/types\/post"}],"author":[{"embeddable":true,"href":"https:\/\/www.oarcanjo.net\/site\/wp-json\/wp\/v2\/users\/5"}],"replies":[{"embeddable":true,"href":"https:\/\/www.oarcanjo.net\/site\/wp-json\/wp\/v2\/comments?post=5407"}],"version-history":[{"count":0,"href":"https:\/\/www.oarcanjo.net\/site\/wp-json\/wp\/v2\/posts\/5407\/revisions"}],"wp:attachment":[{"href":"https:\/\/www.oarcanjo.net\/site\/wp-json\/wp\/v2\/media?parent=5407"}],"wp:term":[{"taxonomy":"category","embeddable":true,"href":"https:\/\/www.oarcanjo.net\/site\/wp-json\/wp\/v2\/categories?post=5407"},{"taxonomy":"post_tag","embeddable":true,"href":"https:\/\/www.oarcanjo.net\/site\/wp-json\/wp\/v2\/tags?post=5407"}],"curies":[{"name":"wp","href":"https:\/\/api.w.org\/{rel}","templated":true}]}}