
{"id":5416,"date":"2009-09-29T19:31:56","date_gmt":"2009-09-29T22:31:56","guid":{"rendered":"http:\/\/www.oarcanjo.net\/site\/?p=5416"},"modified":"2010-08-16T00:21:15","modified_gmt":"2010-08-16T03:21:15","slug":"missa-ao-vivo","status":"publish","type":"post","link":"https:\/\/www.oarcanjo.net\/site\/missa-ao-vivo\/","title":{"rendered":"Festa de S\u00e3o Miguel na Internet"},"content":{"rendered":"<p>29 de setembro j\u00e1 \u00e9 tradicionalmente uma data comemorativa para a comunidade S\u00e3o Miguel Arcanjo. Este ano, a festa teve barracas de comidas e bebidas e missas \u00e0s 7h da manh\u00e3, 3h da tarde e 8h da noite.<\/p>\n<p>A celebra\u00e7\u00e3o da tarde foi presidida por D. Ang\u00e9lico Sandalo Bernardino, bispo em\u00e9rito de Blumenau (SC) e ex-bispo auxiliar da Arquidiocese de S\u00e3o Paulo, com passagens pelas regi\u00f5es S\u00e3o Miguel e Brasil\u00e2ndia. Na abertura, Pe. Julio Lancellotti homenageou o convidado especial:<\/p>\n<p><object id=\"qikPlayer\" classid=\"clsid:d27cdb6e-ae6d-11cf-96b8-444553540000\" width=\"425\" height=\"319\" codebase=\"http:\/\/download.macromedia.com\/pub\/shockwave\/cabs\/flash\/swflash.cab#version=6,0,40,0\"><param name=\"align\" value=\"middle\" \/><param name=\"allowScriptAccess\" value=\"sameDomain\" \/><param name=\"allowFullScreen\" value=\"true\" \/><param name=\"quality\" value=\"high\" \/><param name=\"bgcolor\" value=\"#333333\" \/><param name=\"FlashVars\" value=\"rssURL=http:\/\/qik.com\/video\/aa4d95a884924f0786c29bb90b7f53bb.rss&amp;autoPlay=false\" \/><param name=\"src\" value=\"http:\/\/qik.com\/swfs\/qikPlayer4.swf\" \/><param name=\"name\" value=\"qikPlayer\" \/><param name=\"flashvars\" value=\"rssURL=http:\/\/qik.com\/video\/aa4d95a884924f0786c29bb90b7f53bb.rss&amp;autoPlay=false\" \/><param name=\"allowfullscreen\" value=\"true\" \/><embed id=\"qikPlayer\" type=\"application\/x-shockwave-flash\" width=\"425\" height=\"319\" src=\"http:\/\/qik.com\/swfs\/qikPlayer4.swf\" flashvars=\"rssURL=http:\/\/qik.com\/video\/aa4d95a884924f0786c29bb90b7f53bb.rss&amp;autoPlay=false\" allowfullscreen=\"true\" allowscriptaccess=\"sameDomain\" quality=\"high\" bgcolor=\"#333333\" align=\"middle\" name=\"qikPlayer\"><\/embed><\/object><\/p>\n<p>Veja abaixo a homilia de D. Ang\u00e9lico:<\/p>\n<p><object id=\"qikPlayer\" classid=\"clsid:d27cdb6e-ae6d-11cf-96b8-444553540000\" width=\"425\" height=\"319\" codebase=\"http:\/\/download.macromedia.com\/pub\/shockwave\/cabs\/flash\/swflash.cab#version=6,0,40,0\"><param name=\"align\" value=\"middle\" \/><param name=\"allowScriptAccess\" value=\"sameDomain\" \/><param name=\"allowFullScreen\" value=\"true\" \/><param name=\"quality\" value=\"high\" \/><param name=\"bgcolor\" value=\"#333333\" \/><param name=\"FlashVars\" value=\"rssURL=http:\/\/qik.com\/video\/0c4a3dcb5c9441f49b042cb0e9e33b9a.rss&amp;autoPlay=false\" \/><param name=\"src\" value=\"http:\/\/qik.com\/swfs\/qikPlayer4.swf\" \/><param name=\"name\" value=\"qikPlayer\" \/><param name=\"flashvars\" value=\"rssURL=http:\/\/qik.com\/video\/0c4a3dcb5c9441f49b042cb0e9e33b9a.rss&amp;autoPlay=false\" \/><param name=\"allowfullscreen\" value=\"true\" \/><embed id=\"qikPlayer\" type=\"application\/x-shockwave-flash\" width=\"425\" height=\"319\" src=\"http:\/\/qik.com\/swfs\/qikPlayer4.swf\" flashvars=\"rssURL=http:\/\/qik.com\/video\/0c4a3dcb5c9441f49b042cb0e9e33b9a.rss&amp;autoPlay=false\" allowfullscreen=\"true\" allowscriptaccess=\"sameDomain\" quality=\"high\" bgcolor=\"#333333\" align=\"middle\" name=\"qikPlayer\"><\/embed><\/object><\/p>\n<p>Na festa de S\u00e3o Miguel, o site O Arcanjo no ar comemorou o primeiro anivers\u00e1rio com trechos ao vivo da missa das 20h. Veja:<\/p>\n<p>* Entrada da B\u00edblia<\/p>\n<p>\u00a0<object id=\"qikPlayer\" classid=\"clsid:d27cdb6e-ae6d-11cf-96b8-444553540000\" width=\"425\" height=\"319\" codebase=\"http:\/\/download.macromedia.com\/pub\/shockwave\/cabs\/flash\/swflash.cab#version=6,0,40,0\"><param name=\"align\" value=\"middle\" \/><param name=\"allowScriptAccess\" value=\"sameDomain\" \/><param name=\"allowFullScreen\" value=\"true\" \/><param name=\"quality\" value=\"high\" \/><param name=\"bgcolor\" value=\"#333333\" \/><param name=\"FlashVars\" value=\"rssURL=http:\/\/qik.com\/video\/57d1d15c2d3c41b1a37dd116dc9ae27d.rss&amp;autoPlay=false\" \/><param name=\"src\" value=\"http:\/\/qik.com\/swfs\/qikPlayer4.swf\" \/><param name=\"name\" value=\"qikPlayer\" \/><param name=\"flashvars\" value=\"rssURL=http:\/\/qik.com\/video\/57d1d15c2d3c41b1a37dd116dc9ae27d.rss&amp;autoPlay=false\" \/><param name=\"allowfullscreen\" value=\"true\" \/><embed id=\"qikPlayer\" type=\"application\/x-shockwave-flash\" width=\"425\" height=\"319\" src=\"http:\/\/qik.com\/swfs\/qikPlayer4.swf\" flashvars=\"rssURL=http:\/\/qik.com\/video\/57d1d15c2d3c41b1a37dd116dc9ae27d.rss&amp;autoPlay=false\" allowfullscreen=\"true\" allowscriptaccess=\"sameDomain\" quality=\"high\" bgcolor=\"#333333\" align=\"middle\" name=\"qikPlayer\"><\/embed><\/object><\/p>\n<p>* Homilia<\/p>\n<p>\u00a0<object id=\"qikPlayer\" classid=\"clsid:d27cdb6e-ae6d-11cf-96b8-444553540000\" width=\"425\" height=\"319\" codebase=\"http:\/\/download.macromedia.com\/pub\/shockwave\/cabs\/flash\/swflash.cab#version=6,0,40,0\"><param name=\"align\" value=\"middle\" \/><param name=\"allowScriptAccess\" value=\"sameDomain\" \/><param name=\"allowFullScreen\" value=\"true\" \/><param name=\"quality\" value=\"high\" \/><param name=\"bgcolor\" value=\"#333333\" \/><param name=\"FlashVars\" value=\"rssURL=http:\/\/qik.com\/video\/c4da8337bb45440390ff9c0a9ad03287.rss&amp;autoPlay=false\" \/><param name=\"src\" value=\"http:\/\/qik.com\/swfs\/qikPlayer4.swf\" \/><param name=\"name\" value=\"qikPlayer\" \/><param name=\"flashvars\" value=\"rssURL=http:\/\/qik.com\/video\/c4da8337bb45440390ff9c0a9ad03287.rss&amp;autoPlay=false\" \/><param name=\"allowfullscreen\" value=\"true\" \/><embed id=\"qikPlayer\" type=\"application\/x-shockwave-flash\" width=\"425\" height=\"319\" src=\"http:\/\/qik.com\/swfs\/qikPlayer4.swf\" flashvars=\"rssURL=http:\/\/qik.com\/video\/c4da8337bb45440390ff9c0a9ad03287.rss&amp;autoPlay=false\" allowfullscreen=\"true\" allowscriptaccess=\"sameDomain\" quality=\"high\" bgcolor=\"#333333\" align=\"middle\" name=\"qikPlayer\"><\/embed><\/object><\/p>\n<p>* Comemora\u00e7\u00e3o do 1\u00ba ano do site<\/p>\n<p><object id=\"qikPlayer\" classid=\"clsid:d27cdb6e-ae6d-11cf-96b8-444553540000\" width=\"425\" height=\"319\" codebase=\"http:\/\/download.macromedia.com\/pub\/shockwave\/cabs\/flash\/swflash.cab#version=6,0,40,0\"><param name=\"align\" value=\"middle\" \/><param name=\"allowScriptAccess\" value=\"sameDomain\" \/><param name=\"allowFullScreen\" value=\"true\" \/><param name=\"quality\" value=\"high\" \/><param name=\"bgcolor\" value=\"#333333\" \/><param name=\"FlashVars\" value=\"rssURL=http:\/\/qik.com\/video\/c54b0e240b49442a82d8616bfe6f9e2e.rss&amp;autoPlay=false\" \/><param name=\"src\" value=\"http:\/\/qik.com\/swfs\/qikPlayer4.swf\" \/><param name=\"name\" value=\"qikPlayer\" \/><param name=\"flashvars\" value=\"rssURL=http:\/\/qik.com\/video\/c54b0e240b49442a82d8616bfe6f9e2e.rss&amp;autoPlay=false\" \/><param name=\"allowfullscreen\" value=\"true\" \/><embed id=\"qikPlayer\" type=\"application\/x-shockwave-flash\" width=\"425\" height=\"319\" src=\"http:\/\/qik.com\/swfs\/qikPlayer4.swf\" flashvars=\"rssURL=http:\/\/qik.com\/video\/c54b0e240b49442a82d8616bfe6f9e2e.rss&amp;autoPlay=false\" allowfullscreen=\"true\" allowscriptaccess=\"sameDomain\" quality=\"high\" bgcolor=\"#333333\" align=\"middle\" name=\"qikPlayer\"><\/embed><\/object><\/p>\n<p>* Fogos de artif\u00edcio<\/p>\n<p><object id=\"qikPlayer\" classid=\"clsid:d27cdb6e-ae6d-11cf-96b8-444553540000\" width=\"425\" height=\"319\" codebase=\"http:\/\/download.macromedia.com\/pub\/shockwave\/cabs\/flash\/swflash.cab#version=6,0,40,0\"><param name=\"align\" value=\"middle\" \/><param name=\"allowScriptAccess\" value=\"sameDomain\" \/><param name=\"allowFullScreen\" value=\"true\" \/><param name=\"quality\" value=\"high\" \/><param name=\"bgcolor\" value=\"#333333\" \/><param name=\"FlashVars\" value=\"rssURL=http:\/\/qik.com\/video\/e439712aa05341f9aa96749a0d4d61cf.rss&amp;autoPlay=false\" \/><param name=\"src\" value=\"http:\/\/qik.com\/swfs\/qikPlayer4.swf\" \/><param name=\"name\" value=\"qikPlayer\" \/><param name=\"flashvars\" value=\"rssURL=http:\/\/qik.com\/video\/e439712aa05341f9aa96749a0d4d61cf.rss&amp;autoPlay=false\" \/><param name=\"allowfullscreen\" value=\"true\" \/><embed id=\"qikPlayer\" type=\"application\/x-shockwave-flash\" width=\"425\" height=\"319\" src=\"http:\/\/qik.com\/swfs\/qikPlayer4.swf\" flashvars=\"rssURL=http:\/\/qik.com\/video\/e439712aa05341f9aa96749a0d4d61cf.rss&amp;autoPlay=false\" allowfullscreen=\"true\" allowscriptaccess=\"sameDomain\" quality=\"high\" bgcolor=\"#333333\" align=\"middle\" name=\"qikPlayer\"><\/embed><\/object><\/p>\n<p><em>Veja tamb\u00e9m fotos,\u00a0gentilmente cedidas por JPedro:<\/em><\/p>\nngg_shortcode_0_placeholder\n<p><em>E as fotos de Wanderley Oliveira:<\/em><\/p>\nngg_shortcode_1_placeholder\n<div id=\"themify_builder_content-5416\" data-postid=\"5416\" class=\"themify_builder_content themify_builder_content-5416 themify_builder themify_builder_front\">\n\t<\/div>\n<!-- \/themify_builder_content -->","protected":false},"excerpt":{"rendered":"<p>29 de setembro j\u00e1 \u00e9 tradicionalmente uma data comemorativa para a comunidade S\u00e3o Miguel Arcanjo. Este ano, a festa teve barracas de comidas e bebidas e missas \u00e0s 7h da manh\u00e3, 3h da tarde e 8h da noite. A celebra\u00e7\u00e3o da tarde foi presidida por D. Ang\u00e9lico Sandalo Bernardino, bispo em\u00e9rito de Blumenau (SC) e [&hellip;]<\/p>\n","protected":false},"author":2,"featured_media":0,"comment_status":"open","ping_status":"open","sticky":false,"template":"","format":"standard","meta":{"ngg_post_thumbnail":0,"footnotes":""},"categories":[8,280],"tags":[1109,1058,162,10],"yoast_head":"<!-- This site is optimized with the Yoast SEO plugin v23.5 - https:\/\/yoast.com\/wordpress\/plugins\/seo\/ -->\n<title>Festa de S\u00e3o Miguel na Internet - O Arcanjo no ar<\/title>\n<meta name=\"robots\" content=\"index, follow, max-snippet:-1, max-image-preview:large, max-video-preview:-1\" \/>\n<link rel=\"canonical\" href=\"https:\/\/www.oarcanjo.net\/site\/missa-ao-vivo\/\" \/>\n<meta property=\"og:locale\" content=\"pt_BR\" \/>\n<meta property=\"og:type\" content=\"article\" \/>\n<meta property=\"og:title\" content=\"Festa de S\u00e3o Miguel na Internet - O Arcanjo no ar\" \/>\n<meta property=\"og:description\" content=\"29 de setembro j\u00e1 \u00e9 tradicionalmente uma data comemorativa para a comunidade S\u00e3o Miguel Arcanjo. Este ano, a festa teve barracas de comidas e bebidas e missas \u00e0s 7h da manh\u00e3, 3h da tarde e 8h da noite. A celebra\u00e7\u00e3o da tarde foi presidida por D. Ang\u00e9lico Sandalo Bernardino, bispo em\u00e9rito de Blumenau (SC) e [&hellip;]\" \/>\n<meta property=\"og:url\" content=\"https:\/\/www.oarcanjo.net\/site\/missa-ao-vivo\/\" \/>\n<meta property=\"og:site_name\" content=\"O Arcanjo no ar\" \/>\n<meta property=\"article:publisher\" content=\"https:\/\/www.facebook.com\/OArcanjoNoAr\/\" \/>\n<meta property=\"article:published_time\" content=\"2009-09-29T22:31:56+00:00\" \/>\n<meta property=\"article:modified_time\" content=\"2010-08-16T03:21:15+00:00\" \/>\n<meta property=\"og:image\" content=\"https:\/\/www.oarcanjo.net\/site\/wp-content\/uploads\/logo-o-arcanjo-no-ar-facebook.png\" \/>\n\t<meta property=\"og:image:width\" content=\"300\" \/>\n\t<meta property=\"og:image:height\" content=\"300\" \/>\n\t<meta property=\"og:image:type\" content=\"image\/png\" \/>\n<meta name=\"author\" content=\"rubens.meyer\" \/>\n<meta name=\"twitter:card\" content=\"summary_large_image\" \/>\n<meta name=\"twitter:label1\" content=\"Escrito por\" \/>\n\t<meta name=\"twitter:data1\" content=\"rubens.meyer\" \/>\n\t<meta name=\"twitter:label2\" content=\"Est. tempo de leitura\" \/>\n\t<meta name=\"twitter:data2\" content=\"1 minuto\" \/>\n<script type=\"application\/ld+json\" class=\"yoast-schema-graph\">{\"@context\":\"https:\/\/schema.org\",\"@graph\":[{\"@type\":\"Article\",\"@id\":\"https:\/\/www.oarcanjo.net\/site\/missa-ao-vivo\/#article\",\"isPartOf\":{\"@id\":\"https:\/\/www.oarcanjo.net\/site\/missa-ao-vivo\/\"},\"author\":{\"name\":\"rubens.meyer\",\"@id\":\"https:\/\/www.oarcanjo.net\/site\/#\/schema\/person\/8f702af457b0cfb4ac1a7228ee23f026\"},\"headline\":\"Festa de S\u00e3o Miguel na Internet\",\"datePublished\":\"2009-09-29T22:31:56+00:00\",\"dateModified\":\"2010-08-16T03:21:15+00:00\",\"mainEntityOfPage\":{\"@id\":\"https:\/\/www.oarcanjo.net\/site\/missa-ao-vivo\/\"},\"wordCount\":159,\"commentCount\":21,\"publisher\":{\"@id\":\"https:\/\/www.oarcanjo.net\/site\/#organization\"},\"keywords\":[\"Dom Ang\u00e9lico Bernardino\",\"Festa de S\u00e3o Miguel\",\"J\u00falio Lancellotti\",\"S\u00e3o Miguel Arcanjo\"],\"articleSection\":[\"Not\u00edcias\",\"V\u00eddeos\"],\"inLanguage\":\"pt-BR\",\"potentialAction\":[{\"@type\":\"CommentAction\",\"name\":\"Comment\",\"target\":[\"https:\/\/www.oarcanjo.net\/site\/missa-ao-vivo\/#respond\"]}]},{\"@type\":\"WebPage\",\"@id\":\"https:\/\/www.oarcanjo.net\/site\/missa-ao-vivo\/\",\"url\":\"https:\/\/www.oarcanjo.net\/site\/missa-ao-vivo\/\",\"name\":\"Festa de S\u00e3o Miguel na Internet - O Arcanjo no ar\",\"isPartOf\":{\"@id\":\"https:\/\/www.oarcanjo.net\/site\/#website\"},\"datePublished\":\"2009-09-29T22:31:56+00:00\",\"dateModified\":\"2010-08-16T03:21:15+00:00\",\"breadcrumb\":{\"@id\":\"https:\/\/www.oarcanjo.net\/site\/missa-ao-vivo\/#breadcrumb\"},\"inLanguage\":\"pt-BR\",\"potentialAction\":[{\"@type\":\"ReadAction\",\"target\":[\"https:\/\/www.oarcanjo.net\/site\/missa-ao-vivo\/\"]}]},{\"@type\":\"BreadcrumbList\",\"@id\":\"https:\/\/www.oarcanjo.net\/site\/missa-ao-vivo\/#breadcrumb\",\"itemListElement\":[{\"@type\":\"ListItem\",\"position\":1,\"name\":\"In\u00edcio\",\"item\":\"https:\/\/www.oarcanjo.net\/site\/\"},{\"@type\":\"ListItem\",\"position\":2,\"name\":\"Festa de S\u00e3o Miguel na Internet\"}]},{\"@type\":\"WebSite\",\"@id\":\"https:\/\/www.oarcanjo.net\/site\/#website\",\"url\":\"https:\/\/www.oarcanjo.net\/site\/\",\"name\":\"O Arcanjo no ar\",\"description\":\"Site da Par\u00f3quia S\u00e3o Miguel Arcanjo (Arquidiocese de SP)\",\"publisher\":{\"@id\":\"https:\/\/www.oarcanjo.net\/site\/#organization\"},\"potentialAction\":[{\"@type\":\"SearchAction\",\"target\":{\"@type\":\"EntryPoint\",\"urlTemplate\":\"https:\/\/www.oarcanjo.net\/site\/?s={search_term_string}\"},\"query-input\":{\"@type\":\"PropertyValueSpecification\",\"valueRequired\":true,\"valueName\":\"search_term_string\"}}],\"inLanguage\":\"pt-BR\"},{\"@type\":\"Organization\",\"@id\":\"https:\/\/www.oarcanjo.net\/site\/#organization\",\"name\":\"Par\u00f3quia S\u00e3o Miguel Arcanjo\",\"url\":\"https:\/\/www.oarcanjo.net\/site\/\",\"logo\":{\"@type\":\"ImageObject\",\"inLanguage\":\"pt-BR\",\"@id\":\"https:\/\/www.oarcanjo.net\/site\/#\/schema\/logo\/image\/\",\"url\":\"https:\/\/www.oarcanjo.net\/site\/wp-content\/uploads\/LogoOArcanjo.png\",\"contentUrl\":\"https:\/\/www.oarcanjo.net\/site\/wp-content\/uploads\/LogoOArcanjo.png\",\"width\":319,\"height\":99,\"caption\":\"Par\u00f3quia S\u00e3o Miguel Arcanjo\"},\"image\":{\"@id\":\"https:\/\/www.oarcanjo.net\/site\/#\/schema\/logo\/image\/\"},\"sameAs\":[\"https:\/\/www.facebook.com\/OArcanjoNoAr\/\"]},{\"@type\":\"Person\",\"@id\":\"https:\/\/www.oarcanjo.net\/site\/#\/schema\/person\/8f702af457b0cfb4ac1a7228ee23f026\",\"name\":\"rubens.meyer\"}]}<\/script>\n<!-- \/ Yoast SEO plugin. -->","yoast_head_json":{"title":"Festa de S\u00e3o Miguel na Internet - O Arcanjo no ar","robots":{"index":"index","follow":"follow","max-snippet":"max-snippet:-1","max-image-preview":"max-image-preview:large","max-video-preview":"max-video-preview:-1"},"canonical":"https:\/\/www.oarcanjo.net\/site\/missa-ao-vivo\/","og_locale":"pt_BR","og_type":"article","og_title":"Festa de S\u00e3o Miguel na Internet - O Arcanjo no ar","og_description":"29 de setembro j\u00e1 \u00e9 tradicionalmente uma data comemorativa para a comunidade S\u00e3o Miguel Arcanjo. Este ano, a festa teve barracas de comidas e bebidas e missas \u00e0s 7h da manh\u00e3, 3h da tarde e 8h da noite. A celebra\u00e7\u00e3o da tarde foi presidida por D. Ang\u00e9lico Sandalo Bernardino, bispo em\u00e9rito de Blumenau (SC) e [&hellip;]","og_url":"https:\/\/www.oarcanjo.net\/site\/missa-ao-vivo\/","og_site_name":"O Arcanjo no ar","article_publisher":"https:\/\/www.facebook.com\/OArcanjoNoAr\/","article_published_time":"2009-09-29T22:31:56+00:00","article_modified_time":"2010-08-16T03:21:15+00:00","og_image":[{"width":300,"height":300,"url":"https:\/\/www.oarcanjo.net\/site\/wp-content\/uploads\/logo-o-arcanjo-no-ar-facebook.png","type":"image\/png"}],"author":"rubens.meyer","twitter_card":"summary_large_image","twitter_misc":{"Escrito por":"rubens.meyer","Est. tempo de leitura":"1 minuto"},"schema":{"@context":"https:\/\/schema.org","@graph":[{"@type":"Article","@id":"https:\/\/www.oarcanjo.net\/site\/missa-ao-vivo\/#article","isPartOf":{"@id":"https:\/\/www.oarcanjo.net\/site\/missa-ao-vivo\/"},"author":{"name":"rubens.meyer","@id":"https:\/\/www.oarcanjo.net\/site\/#\/schema\/person\/8f702af457b0cfb4ac1a7228ee23f026"},"headline":"Festa de S\u00e3o Miguel na Internet","datePublished":"2009-09-29T22:31:56+00:00","dateModified":"2010-08-16T03:21:15+00:00","mainEntityOfPage":{"@id":"https:\/\/www.oarcanjo.net\/site\/missa-ao-vivo\/"},"wordCount":159,"commentCount":21,"publisher":{"@id":"https:\/\/www.oarcanjo.net\/site\/#organization"},"keywords":["Dom Ang\u00e9lico Bernardino","Festa de S\u00e3o Miguel","J\u00falio Lancellotti","S\u00e3o Miguel Arcanjo"],"articleSection":["Not\u00edcias","V\u00eddeos"],"inLanguage":"pt-BR","potentialAction":[{"@type":"CommentAction","name":"Comment","target":["https:\/\/www.oarcanjo.net\/site\/missa-ao-vivo\/#respond"]}]},{"@type":"WebPage","@id":"https:\/\/www.oarcanjo.net\/site\/missa-ao-vivo\/","url":"https:\/\/www.oarcanjo.net\/site\/missa-ao-vivo\/","name":"Festa de S\u00e3o Miguel na Internet - O Arcanjo no ar","isPartOf":{"@id":"https:\/\/www.oarcanjo.net\/site\/#website"},"datePublished":"2009-09-29T22:31:56+00:00","dateModified":"2010-08-16T03:21:15+00:00","breadcrumb":{"@id":"https:\/\/www.oarcanjo.net\/site\/missa-ao-vivo\/#breadcrumb"},"inLanguage":"pt-BR","potentialAction":[{"@type":"ReadAction","target":["https:\/\/www.oarcanjo.net\/site\/missa-ao-vivo\/"]}]},{"@type":"BreadcrumbList","@id":"https:\/\/www.oarcanjo.net\/site\/missa-ao-vivo\/#breadcrumb","itemListElement":[{"@type":"ListItem","position":1,"name":"In\u00edcio","item":"https:\/\/www.oarcanjo.net\/site\/"},{"@type":"ListItem","position":2,"name":"Festa de S\u00e3o Miguel na Internet"}]},{"@type":"WebSite","@id":"https:\/\/www.oarcanjo.net\/site\/#website","url":"https:\/\/www.oarcanjo.net\/site\/","name":"O Arcanjo no ar","description":"Site da Par\u00f3quia S\u00e3o Miguel Arcanjo (Arquidiocese de SP)","publisher":{"@id":"https:\/\/www.oarcanjo.net\/site\/#organization"},"potentialAction":[{"@type":"SearchAction","target":{"@type":"EntryPoint","urlTemplate":"https:\/\/www.oarcanjo.net\/site\/?s={search_term_string}"},"query-input":{"@type":"PropertyValueSpecification","valueRequired":true,"valueName":"search_term_string"}}],"inLanguage":"pt-BR"},{"@type":"Organization","@id":"https:\/\/www.oarcanjo.net\/site\/#organization","name":"Par\u00f3quia S\u00e3o Miguel Arcanjo","url":"https:\/\/www.oarcanjo.net\/site\/","logo":{"@type":"ImageObject","inLanguage":"pt-BR","@id":"https:\/\/www.oarcanjo.net\/site\/#\/schema\/logo\/image\/","url":"https:\/\/www.oarcanjo.net\/site\/wp-content\/uploads\/LogoOArcanjo.png","contentUrl":"https:\/\/www.oarcanjo.net\/site\/wp-content\/uploads\/LogoOArcanjo.png","width":319,"height":99,"caption":"Par\u00f3quia S\u00e3o Miguel Arcanjo"},"image":{"@id":"https:\/\/www.oarcanjo.net\/site\/#\/schema\/logo\/image\/"},"sameAs":["https:\/\/www.facebook.com\/OArcanjoNoAr\/"]},{"@type":"Person","@id":"https:\/\/www.oarcanjo.net\/site\/#\/schema\/person\/8f702af457b0cfb4ac1a7228ee23f026","name":"rubens.meyer"}]}},"publishpress_future_action":{"enabled":false,"date":"2026-05-09 01:25:47","action":"category","newStatus":"draft","terms":[],"taxonomy":"category"},"publishpress_future_workflow_manual_trigger":{"enabledWorkflows":[]},"_links":{"self":[{"href":"https:\/\/www.oarcanjo.net\/site\/wp-json\/wp\/v2\/posts\/5416"}],"collection":[{"href":"https:\/\/www.oarcanjo.net\/site\/wp-json\/wp\/v2\/posts"}],"about":[{"href":"https:\/\/www.oarcanjo.net\/site\/wp-json\/wp\/v2\/types\/post"}],"author":[{"embeddable":true,"href":"https:\/\/www.oarcanjo.net\/site\/wp-json\/wp\/v2\/users\/2"}],"replies":[{"embeddable":true,"href":"https:\/\/www.oarcanjo.net\/site\/wp-json\/wp\/v2\/comments?post=5416"}],"version-history":[{"count":0,"href":"https:\/\/www.oarcanjo.net\/site\/wp-json\/wp\/v2\/posts\/5416\/revisions"}],"wp:attachment":[{"href":"https:\/\/www.oarcanjo.net\/site\/wp-json\/wp\/v2\/media?parent=5416"}],"wp:term":[{"taxonomy":"category","embeddable":true,"href":"https:\/\/www.oarcanjo.net\/site\/wp-json\/wp\/v2\/categories?post=5416"},{"taxonomy":"post_tag","embeddable":true,"href":"https:\/\/www.oarcanjo.net\/site\/wp-json\/wp\/v2\/tags?post=5416"}],"curies":[{"name":"wp","href":"https:\/\/api.w.org\/{rel}","templated":true}]}}