
{"id":5430,"date":"2009-09-30T00:43:46","date_gmt":"2009-09-30T03:43:46","guid":{"rendered":"http:\/\/www.oarcanjo.net\/site\/?p=5430"},"modified":"2009-09-30T00:50:45","modified_gmt":"2009-09-30T03:50:45","slug":"o-arcanjo-no-ar-faz-um-ano","status":"publish","type":"post","link":"https:\/\/www.oarcanjo.net\/site\/o-arcanjo-no-ar-faz-um-ano\/","title":{"rendered":"O Arcanjo no ar faz um ano!"},"content":{"rendered":"<p>O site da comunidade S\u00e3o Miguel Arcanjo fez um ano no dia da festa de S\u00e3o Miguel. Em 2008, nossa p\u00e1gina foi inaugurada pelo cardeal arcebispo de S\u00e3o Paulo, D. Odilo Pedro Scherer.<\/p>\n<p>Desde ent\u00e3o, milhares de pessoas entraram no site &#8211; houve mais de 100 mil visitas, pouco menos de 900 conte\u00fados publicados (textos, artigos, v\u00eddeos, boletins sonoros) e quase\u00a0 dois mil coment\u00e1rios. O Arcanjo \u00e9 um espa\u00e7o aberto, que conta com a colabora\u00e7\u00e3o do p\u00fablico.<\/p>\n<p>Assista \u00e0 mensagem do Pe. Julio para o anivers\u00e1rio:<\/p>\n<p><object classid=\"clsid:d27cdb6e-ae6d-11cf-96b8-444553540000\" width=\"480\" height=\"295\" codebase=\"http:\/\/download.macromedia.com\/pub\/shockwave\/cabs\/flash\/swflash.cab#version=6,0,40,0\"><param name=\"allowFullScreen\" value=\"true\" \/><param name=\"allowscriptaccess\" value=\"always\" \/><param name=\"src\" value=\"http:\/\/www.youtube.com\/v\/SoPQIEUAQ50&amp;hl=pt-br&amp;fs=1&amp;rel=0&amp;color1=0xe1600f&amp;color2=0xfebd01\" \/><param name=\"allowfullscreen\" value=\"true\" \/><embed type=\"application\/x-shockwave-flash\" width=\"480\" height=\"295\" src=\"http:\/\/www.youtube.com\/v\/SoPQIEUAQ50&amp;hl=pt-br&amp;fs=1&amp;rel=0&amp;color1=0xe1600f&amp;color2=0xfebd01\" allowfullscreen=\"true\" allowscriptaccess=\"always\"><\/embed><\/object><\/p>\n<p>Ap\u00f3s celebrar a missa das 15h na igreja S\u00e3o Miguel, D. Ang\u00e9lico gravou mensagem sobre o site:<\/p>\n<p><object classid=\"clsid:d27cdb6e-ae6d-11cf-96b8-444553540000\" width=\"480\" height=\"295\" codebase=\"http:\/\/download.macromedia.com\/pub\/shockwave\/cabs\/flash\/swflash.cab#version=6,0,40,0\"><param name=\"allowFullScreen\" value=\"true\" \/><param name=\"allowscriptaccess\" value=\"always\" \/><param name=\"src\" value=\"http:\/\/www.youtube.com\/v\/IffXR34AjVQ&amp;hl=pt-br&amp;fs=1&amp;rel=0&amp;color1=0xe1600f&amp;color2=0xfebd01\" \/><param name=\"allowfullscreen\" value=\"true\" \/><embed type=\"application\/x-shockwave-flash\" width=\"480\" height=\"295\" src=\"http:\/\/www.youtube.com\/v\/IffXR34AjVQ&amp;hl=pt-br&amp;fs=1&amp;rel=0&amp;color1=0xe1600f&amp;color2=0xfebd01\" allowfullscreen=\"true\" allowscriptaccess=\"always\"><\/embed><\/object><\/p>\n<p>Como parte das comemora\u00e7\u00f5es, o site adotou um novo programa que permite transmitir \u00e1udio e v\u00eddeo ao vivo pela Internet usando um celular &#8211; veja o resultado do final da missa das 20h, quando a comunidade celebrou o primeiro ano d&#8217;O Arcanjo:<\/p>\n<p><object id=\"qikPlayer\" classid=\"clsid:d27cdb6e-ae6d-11cf-96b8-444553540000\" width=\"425\" height=\"319\" codebase=\"http:\/\/download.macromedia.com\/pub\/shockwave\/cabs\/flash\/swflash.cab#version=6,0,40,0\"><param name=\"align\" value=\"middle\" \/><param name=\"allowScriptAccess\" value=\"sameDomain\" \/><param name=\"allowFullScreen\" value=\"true\" \/><param name=\"quality\" value=\"high\" \/><param name=\"bgcolor\" value=\"#333333\" \/><param name=\"FlashVars\" value=\"rssURL=http:\/\/qik.com\/video\/c54b0e240b49442a82d8616bfe6f9e2e.rss&amp;autoPlay=false\" \/><param name=\"src\" value=\"http:\/\/qik.com\/swfs\/qikPlayer4.swf\" \/><param name=\"name\" value=\"qikPlayer\" \/><param name=\"flashvars\" value=\"rssURL=http:\/\/qik.com\/video\/c54b0e240b49442a82d8616bfe6f9e2e.rss&amp;autoPlay=false\" \/><param name=\"allowfullscreen\" value=\"true\" \/><embed id=\"qikPlayer\" type=\"application\/x-shockwave-flash\" width=\"425\" height=\"319\" src=\"http:\/\/qik.com\/swfs\/qikPlayer4.swf\" flashvars=\"rssURL=http:\/\/qik.com\/video\/c54b0e240b49442a82d8616bfe6f9e2e.rss&amp;autoPlay=false\" allowfullscreen=\"true\" allowscriptaccess=\"sameDomain\" quality=\"high\" bgcolor=\"#333333\" align=\"middle\" name=\"qikPlayer\"><\/embed><\/object><\/p>\n<div id=\"themify_builder_content-5430\" data-postid=\"5430\" class=\"themify_builder_content themify_builder_content-5430 themify_builder themify_builder_front\">\n\t<\/div>\n<!-- \/themify_builder_content -->","protected":false},"excerpt":{"rendered":"<p>O site da comunidade S\u00e3o Miguel Arcanjo fez um ano no dia da festa de S\u00e3o Miguel. Em 2008, nossa p\u00e1gina foi inaugurada pelo cardeal arcebispo de S\u00e3o Paulo, D. Odilo Pedro Scherer. Desde ent\u00e3o, milhares de pessoas entraram no site &#8211; houve mais de 100 mil visitas, pouco menos de 900 conte\u00fados publicados (textos, [&hellip;]<\/p>\n","protected":false},"author":5,"featured_media":0,"comment_status":"open","ping_status":"open","sticky":false,"template":"","format":"standard","meta":{"ngg_post_thumbnail":0,"footnotes":""},"categories":[8,280],"tags":[21,10,1110],"yoast_head":"<!-- This site is optimized with the Yoast SEO plugin v23.5 - https:\/\/yoast.com\/wordpress\/plugins\/seo\/ -->\n<title>O Arcanjo no ar faz um ano! - O Arcanjo no ar<\/title>\n<meta name=\"robots\" content=\"index, follow, max-snippet:-1, max-image-preview:large, max-video-preview:-1\" \/>\n<link rel=\"canonical\" href=\"https:\/\/www.oarcanjo.net\/site\/o-arcanjo-no-ar-faz-um-ano\/\" \/>\n<meta property=\"og:locale\" content=\"pt_BR\" \/>\n<meta property=\"og:type\" content=\"article\" \/>\n<meta property=\"og:title\" content=\"O Arcanjo no ar faz um ano! - O Arcanjo no ar\" \/>\n<meta property=\"og:description\" content=\"O site da comunidade S\u00e3o Miguel Arcanjo fez um ano no dia da festa de S\u00e3o Miguel. Em 2008, nossa p\u00e1gina foi inaugurada pelo cardeal arcebispo de S\u00e3o Paulo, D. Odilo Pedro Scherer. Desde ent\u00e3o, milhares de pessoas entraram no site &#8211; houve mais de 100 mil visitas, pouco menos de 900 conte\u00fados publicados (textos, [&hellip;]\" \/>\n<meta property=\"og:url\" content=\"https:\/\/www.oarcanjo.net\/site\/o-arcanjo-no-ar-faz-um-ano\/\" \/>\n<meta property=\"og:site_name\" content=\"O Arcanjo no ar\" \/>\n<meta property=\"article:publisher\" content=\"https:\/\/www.facebook.com\/OArcanjoNoAr\/\" \/>\n<meta property=\"article:published_time\" content=\"2009-09-30T03:43:46+00:00\" \/>\n<meta property=\"article:modified_time\" content=\"2009-09-30T03:50:45+00:00\" \/>\n<meta property=\"og:image\" content=\"https:\/\/www.oarcanjo.net\/site\/wp-content\/uploads\/logo-o-arcanjo-no-ar-facebook.png\" \/>\n\t<meta property=\"og:image:width\" content=\"300\" \/>\n\t<meta property=\"og:image:height\" content=\"300\" \/>\n\t<meta property=\"og:image:type\" content=\"image\/png\" \/>\n<meta name=\"author\" content=\"editor\" \/>\n<meta name=\"twitter:card\" content=\"summary_large_image\" \/>\n<meta name=\"twitter:label1\" content=\"Escrito por\" \/>\n\t<meta name=\"twitter:data1\" content=\"editor\" \/>\n\t<meta name=\"twitter:label2\" content=\"Est. tempo de leitura\" \/>\n\t<meta name=\"twitter:data2\" content=\"1 minuto\" \/>\n<script type=\"application\/ld+json\" class=\"yoast-schema-graph\">{\"@context\":\"https:\/\/schema.org\",\"@graph\":[{\"@type\":\"Article\",\"@id\":\"https:\/\/www.oarcanjo.net\/site\/o-arcanjo-no-ar-faz-um-ano\/#article\",\"isPartOf\":{\"@id\":\"https:\/\/www.oarcanjo.net\/site\/o-arcanjo-no-ar-faz-um-ano\/\"},\"author\":{\"name\":\"editor\",\"@id\":\"https:\/\/www.oarcanjo.net\/site\/#\/schema\/person\/f7024d007863202483a31326673a0838\"},\"headline\":\"O Arcanjo no ar faz um ano!\",\"datePublished\":\"2009-09-30T03:43:46+00:00\",\"dateModified\":\"2009-09-30T03:50:45+00:00\",\"mainEntityOfPage\":{\"@id\":\"https:\/\/www.oarcanjo.net\/site\/o-arcanjo-no-ar-faz-um-ano\/\"},\"wordCount\":164,\"commentCount\":9,\"publisher\":{\"@id\":\"https:\/\/www.oarcanjo.net\/site\/#organization\"},\"keywords\":[\"internet\",\"S\u00e3o Miguel Arcanjo\",\"web\"],\"articleSection\":[\"Not\u00edcias\",\"V\u00eddeos\"],\"inLanguage\":\"pt-BR\",\"potentialAction\":[{\"@type\":\"CommentAction\",\"name\":\"Comment\",\"target\":[\"https:\/\/www.oarcanjo.net\/site\/o-arcanjo-no-ar-faz-um-ano\/#respond\"]}]},{\"@type\":\"WebPage\",\"@id\":\"https:\/\/www.oarcanjo.net\/site\/o-arcanjo-no-ar-faz-um-ano\/\",\"url\":\"https:\/\/www.oarcanjo.net\/site\/o-arcanjo-no-ar-faz-um-ano\/\",\"name\":\"O Arcanjo no ar faz um ano! - O Arcanjo no ar\",\"isPartOf\":{\"@id\":\"https:\/\/www.oarcanjo.net\/site\/#website\"},\"datePublished\":\"2009-09-30T03:43:46+00:00\",\"dateModified\":\"2009-09-30T03:50:45+00:00\",\"breadcrumb\":{\"@id\":\"https:\/\/www.oarcanjo.net\/site\/o-arcanjo-no-ar-faz-um-ano\/#breadcrumb\"},\"inLanguage\":\"pt-BR\",\"potentialAction\":[{\"@type\":\"ReadAction\",\"target\":[\"https:\/\/www.oarcanjo.net\/site\/o-arcanjo-no-ar-faz-um-ano\/\"]}]},{\"@type\":\"BreadcrumbList\",\"@id\":\"https:\/\/www.oarcanjo.net\/site\/o-arcanjo-no-ar-faz-um-ano\/#breadcrumb\",\"itemListElement\":[{\"@type\":\"ListItem\",\"position\":1,\"name\":\"In\u00edcio\",\"item\":\"https:\/\/www.oarcanjo.net\/site\/\"},{\"@type\":\"ListItem\",\"position\":2,\"name\":\"O Arcanjo no ar faz um ano!\"}]},{\"@type\":\"WebSite\",\"@id\":\"https:\/\/www.oarcanjo.net\/site\/#website\",\"url\":\"https:\/\/www.oarcanjo.net\/site\/\",\"name\":\"O Arcanjo no ar\",\"description\":\"Site da Par\u00f3quia S\u00e3o Miguel Arcanjo (Arquidiocese de SP)\",\"publisher\":{\"@id\":\"https:\/\/www.oarcanjo.net\/site\/#organization\"},\"potentialAction\":[{\"@type\":\"SearchAction\",\"target\":{\"@type\":\"EntryPoint\",\"urlTemplate\":\"https:\/\/www.oarcanjo.net\/site\/?s={search_term_string}\"},\"query-input\":{\"@type\":\"PropertyValueSpecification\",\"valueRequired\":true,\"valueName\":\"search_term_string\"}}],\"inLanguage\":\"pt-BR\"},{\"@type\":\"Organization\",\"@id\":\"https:\/\/www.oarcanjo.net\/site\/#organization\",\"name\":\"Par\u00f3quia S\u00e3o Miguel Arcanjo\",\"url\":\"https:\/\/www.oarcanjo.net\/site\/\",\"logo\":{\"@type\":\"ImageObject\",\"inLanguage\":\"pt-BR\",\"@id\":\"https:\/\/www.oarcanjo.net\/site\/#\/schema\/logo\/image\/\",\"url\":\"https:\/\/www.oarcanjo.net\/site\/wp-content\/uploads\/LogoOArcanjo.png\",\"contentUrl\":\"https:\/\/www.oarcanjo.net\/site\/wp-content\/uploads\/LogoOArcanjo.png\",\"width\":319,\"height\":99,\"caption\":\"Par\u00f3quia S\u00e3o Miguel Arcanjo\"},\"image\":{\"@id\":\"https:\/\/www.oarcanjo.net\/site\/#\/schema\/logo\/image\/\"},\"sameAs\":[\"https:\/\/www.facebook.com\/OArcanjoNoAr\/\"]},{\"@type\":\"Person\",\"@id\":\"https:\/\/www.oarcanjo.net\/site\/#\/schema\/person\/f7024d007863202483a31326673a0838\",\"name\":\"editor\",\"sameAs\":[\"http:\/\/www.oarcanjo.net\"]}]}<\/script>\n<!-- \/ Yoast SEO plugin. -->","yoast_head_json":{"title":"O Arcanjo no ar faz um ano! - O Arcanjo no ar","robots":{"index":"index","follow":"follow","max-snippet":"max-snippet:-1","max-image-preview":"max-image-preview:large","max-video-preview":"max-video-preview:-1"},"canonical":"https:\/\/www.oarcanjo.net\/site\/o-arcanjo-no-ar-faz-um-ano\/","og_locale":"pt_BR","og_type":"article","og_title":"O Arcanjo no ar faz um ano! - O Arcanjo no ar","og_description":"O site da comunidade S\u00e3o Miguel Arcanjo fez um ano no dia da festa de S\u00e3o Miguel. Em 2008, nossa p\u00e1gina foi inaugurada pelo cardeal arcebispo de S\u00e3o Paulo, D. Odilo Pedro Scherer. Desde ent\u00e3o, milhares de pessoas entraram no site &#8211; houve mais de 100 mil visitas, pouco menos de 900 conte\u00fados publicados (textos, [&hellip;]","og_url":"https:\/\/www.oarcanjo.net\/site\/o-arcanjo-no-ar-faz-um-ano\/","og_site_name":"O Arcanjo no ar","article_publisher":"https:\/\/www.facebook.com\/OArcanjoNoAr\/","article_published_time":"2009-09-30T03:43:46+00:00","article_modified_time":"2009-09-30T03:50:45+00:00","og_image":[{"width":300,"height":300,"url":"https:\/\/www.oarcanjo.net\/site\/wp-content\/uploads\/logo-o-arcanjo-no-ar-facebook.png","type":"image\/png"}],"author":"editor","twitter_card":"summary_large_image","twitter_misc":{"Escrito por":"editor","Est. tempo de leitura":"1 minuto"},"schema":{"@context":"https:\/\/schema.org","@graph":[{"@type":"Article","@id":"https:\/\/www.oarcanjo.net\/site\/o-arcanjo-no-ar-faz-um-ano\/#article","isPartOf":{"@id":"https:\/\/www.oarcanjo.net\/site\/o-arcanjo-no-ar-faz-um-ano\/"},"author":{"name":"editor","@id":"https:\/\/www.oarcanjo.net\/site\/#\/schema\/person\/f7024d007863202483a31326673a0838"},"headline":"O Arcanjo no ar faz um ano!","datePublished":"2009-09-30T03:43:46+00:00","dateModified":"2009-09-30T03:50:45+00:00","mainEntityOfPage":{"@id":"https:\/\/www.oarcanjo.net\/site\/o-arcanjo-no-ar-faz-um-ano\/"},"wordCount":164,"commentCount":9,"publisher":{"@id":"https:\/\/www.oarcanjo.net\/site\/#organization"},"keywords":["internet","S\u00e3o Miguel Arcanjo","web"],"articleSection":["Not\u00edcias","V\u00eddeos"],"inLanguage":"pt-BR","potentialAction":[{"@type":"CommentAction","name":"Comment","target":["https:\/\/www.oarcanjo.net\/site\/o-arcanjo-no-ar-faz-um-ano\/#respond"]}]},{"@type":"WebPage","@id":"https:\/\/www.oarcanjo.net\/site\/o-arcanjo-no-ar-faz-um-ano\/","url":"https:\/\/www.oarcanjo.net\/site\/o-arcanjo-no-ar-faz-um-ano\/","name":"O Arcanjo no ar faz um ano! - O Arcanjo no ar","isPartOf":{"@id":"https:\/\/www.oarcanjo.net\/site\/#website"},"datePublished":"2009-09-30T03:43:46+00:00","dateModified":"2009-09-30T03:50:45+00:00","breadcrumb":{"@id":"https:\/\/www.oarcanjo.net\/site\/o-arcanjo-no-ar-faz-um-ano\/#breadcrumb"},"inLanguage":"pt-BR","potentialAction":[{"@type":"ReadAction","target":["https:\/\/www.oarcanjo.net\/site\/o-arcanjo-no-ar-faz-um-ano\/"]}]},{"@type":"BreadcrumbList","@id":"https:\/\/www.oarcanjo.net\/site\/o-arcanjo-no-ar-faz-um-ano\/#breadcrumb","itemListElement":[{"@type":"ListItem","position":1,"name":"In\u00edcio","item":"https:\/\/www.oarcanjo.net\/site\/"},{"@type":"ListItem","position":2,"name":"O Arcanjo no ar faz um ano!"}]},{"@type":"WebSite","@id":"https:\/\/www.oarcanjo.net\/site\/#website","url":"https:\/\/www.oarcanjo.net\/site\/","name":"O Arcanjo no ar","description":"Site da Par\u00f3quia S\u00e3o Miguel Arcanjo (Arquidiocese de SP)","publisher":{"@id":"https:\/\/www.oarcanjo.net\/site\/#organization"},"potentialAction":[{"@type":"SearchAction","target":{"@type":"EntryPoint","urlTemplate":"https:\/\/www.oarcanjo.net\/site\/?s={search_term_string}"},"query-input":{"@type":"PropertyValueSpecification","valueRequired":true,"valueName":"search_term_string"}}],"inLanguage":"pt-BR"},{"@type":"Organization","@id":"https:\/\/www.oarcanjo.net\/site\/#organization","name":"Par\u00f3quia S\u00e3o Miguel Arcanjo","url":"https:\/\/www.oarcanjo.net\/site\/","logo":{"@type":"ImageObject","inLanguage":"pt-BR","@id":"https:\/\/www.oarcanjo.net\/site\/#\/schema\/logo\/image\/","url":"https:\/\/www.oarcanjo.net\/site\/wp-content\/uploads\/LogoOArcanjo.png","contentUrl":"https:\/\/www.oarcanjo.net\/site\/wp-content\/uploads\/LogoOArcanjo.png","width":319,"height":99,"caption":"Par\u00f3quia S\u00e3o Miguel Arcanjo"},"image":{"@id":"https:\/\/www.oarcanjo.net\/site\/#\/schema\/logo\/image\/"},"sameAs":["https:\/\/www.facebook.com\/OArcanjoNoAr\/"]},{"@type":"Person","@id":"https:\/\/www.oarcanjo.net\/site\/#\/schema\/person\/f7024d007863202483a31326673a0838","name":"editor","sameAs":["http:\/\/www.oarcanjo.net"]}]}},"publishpress_future_action":{"enabled":false,"date":"2026-05-09 01:25:27","action":"category","newStatus":"draft","terms":[],"taxonomy":"category"},"publishpress_future_workflow_manual_trigger":{"enabledWorkflows":[]},"_links":{"self":[{"href":"https:\/\/www.oarcanjo.net\/site\/wp-json\/wp\/v2\/posts\/5430"}],"collection":[{"href":"https:\/\/www.oarcanjo.net\/site\/wp-json\/wp\/v2\/posts"}],"about":[{"href":"https:\/\/www.oarcanjo.net\/site\/wp-json\/wp\/v2\/types\/post"}],"author":[{"embeddable":true,"href":"https:\/\/www.oarcanjo.net\/site\/wp-json\/wp\/v2\/users\/5"}],"replies":[{"embeddable":true,"href":"https:\/\/www.oarcanjo.net\/site\/wp-json\/wp\/v2\/comments?post=5430"}],"version-history":[{"count":0,"href":"https:\/\/www.oarcanjo.net\/site\/wp-json\/wp\/v2\/posts\/5430\/revisions"}],"wp:attachment":[{"href":"https:\/\/www.oarcanjo.net\/site\/wp-json\/wp\/v2\/media?parent=5430"}],"wp:term":[{"taxonomy":"category","embeddable":true,"href":"https:\/\/www.oarcanjo.net\/site\/wp-json\/wp\/v2\/categories?post=5430"},{"taxonomy":"post_tag","embeddable":true,"href":"https:\/\/www.oarcanjo.net\/site\/wp-json\/wp\/v2\/tags?post=5430"}],"curies":[{"name":"wp","href":"https:\/\/api.w.org\/{rel}","templated":true}]}}