
{"id":5448,"date":"2009-09-30T14:24:54","date_gmt":"2009-09-30T17:24:54","guid":{"rendered":"http:\/\/www.oarcanjo.net\/site\/?p=5448"},"modified":"2009-10-04T00:42:58","modified_gmt":"2009-10-04T03:42:58","slug":"01-de-outubro-santa-teresinha-do-menino-jesus","status":"publish","type":"post","link":"https:\/\/www.oarcanjo.net\/site\/01-de-outubro-santa-teresinha-do-menino-jesus\/","title":{"rendered":"1 de outubro, SANTA TERESINHA do MENINO JESUS!"},"content":{"rendered":"<p><a href=\"http:\/\/www.oarcanjo.net\/site\/wp-content\/uploads\/banner-santa-teresinha.jpg\"><\/a>O m\u00eas de outubro, m\u00eas das miss\u00f5es, desafio permanente da Igreja que s\u00f3 \u00e9 a Igreja de JESUS CRISTO se for mission\u00e1ria!<\/p>\n<p>Iniciamos com a mem\u00f3ria de Santa Teresinha do Menino JESUS e da Sagrada Face.\u00a0 Santa Teresinha querida da Igreja e do povo, flor esplendorosa e cheia de simplicidade, doutora da Igreja, rosa perfumada de santidade e afeto.<\/p>\n<p>Na Igreja quero ser o AMOR, declarou esta santa que permanece no cora\u00e7\u00e3o do povo e enfeita o c\u00e9u e a terra.<\/p>\n<p>Teresa de Lisieux nasceu na Fran\u00e7a\u00a0a 02 de janeiro de 1873 e faleceu em 30 de setembro de 1897 aos 24 anos!<\/p>\n<p>Sua vida no carmelo foi de santifica\u00e7\u00e3o e busca da pequena via, chegar a DEUS, pelo AMOR, viver e morrer de AMOR!<\/p>\n<p>Para mim olhar para Santa Teresinha \u00e9 olhar e ver que DEUS est\u00e1 junto dos pequeninos e fracos, dos que confiam em seu AMOR em qualquer circust\u00e2ncia da vida, dos que buscam o sentido da vida no AMOR.<\/p>\n<p>Teresinha \u00e9 entrega e confian\u00e7a, constancia na ora\u00e7\u00e3o e no afeto, n\u00e3o ter medo de ser pequeno e incapaz de grandes empreendimentos e em tudo confiar e esperar.<\/p>\n<p>Teresinha \u00e9 a Santa das bem aventuran\u00e7as, das pequenas coisas feitas com grandeza de cora\u00e7\u00e3o.<\/p>\n<p>Na minha cabeceira tenho a sua imagem e todos os dias ao amenhecer e antes de adormecer a beijo e pe\u00e7o a sua prote\u00e7\u00e3o, n\u00e3o preciso dizer-lhe nada porque me conhece bem e sei que intercede por mim.<\/p>\n<p>Todos os dias a invoco na celebra\u00e7\u00e3o da missa, pois Teresinha tinha especial carinho pelos padres.<\/p>\n<p>Teresinha querida santa, como confio em tua prote\u00e7\u00e3o, faz chover sobre n\u00f3s gra\u00e7as que tanto necessitamos para que\u00a0amemos a JESUS como amastes, sempre e at\u00e9 o fim!<\/p>\n<p><object classid=\"clsid:d27cdb6e-ae6d-11cf-96b8-444553540000\" width=\"480\" height=\"385\" codebase=\"http:\/\/download.macromedia.com\/pub\/shockwave\/cabs\/flash\/swflash.cab#version=6,0,40,0\"><param name=\"allowFullScreen\" value=\"true\" \/><param name=\"allowscriptaccess\" value=\"always\" \/><param name=\"src\" value=\"http:\/\/www.youtube.com\/v\/okHfThVxXAY&amp;hl=pt-br&amp;fs=1&amp;rel=0&amp;color1=0xe1600f&amp;color2=0xfebd01\" \/><param name=\"allowfullscreen\" value=\"true\" \/><embed type=\"application\/x-shockwave-flash\" width=\"480\" height=\"385\" src=\"http:\/\/www.youtube.com\/v\/okHfThVxXAY&amp;hl=pt-br&amp;fs=1&amp;rel=0&amp;color1=0xe1600f&amp;color2=0xfebd01\" allowfullscreen=\"true\" allowscriptaccess=\"always\"><\/embed><\/object><\/p>\n<div id=\"themify_builder_content-5448\" data-postid=\"5448\" class=\"themify_builder_content themify_builder_content-5448 themify_builder themify_builder_front\">\n\t<\/div>\n<!-- \/themify_builder_content -->","protected":false},"excerpt":{"rendered":"<p>O m\u00eas de outubro, m\u00eas das miss\u00f5es, desafio permanente da Igreja que s\u00f3 \u00e9 a Igreja de JESUS CRISTO se for mission\u00e1ria! Iniciamos com a mem\u00f3ria de Santa Teresinha do Menino JESUS e da Sagrada Face.\u00a0 Santa Teresinha querida da Igreja e do povo, flor esplendorosa e cheia de simplicidade, doutora da Igreja, rosa perfumada [&hellip;]<\/p>\n","protected":false},"author":4,"featured_media":0,"comment_status":"open","ping_status":"open","sticky":false,"template":"","format":"standard","meta":{"ngg_post_thumbnail":0,"footnotes":""},"categories":[4],"tags":[1111],"yoast_head":"<!-- This site is optimized with the Yoast SEO plugin v23.5 - https:\/\/yoast.com\/wordpress\/plugins\/seo\/ -->\n<title>1 de outubro, SANTA TERESINHA do MENINO JESUS! - O Arcanjo no ar<\/title>\n<meta name=\"robots\" content=\"index, follow, max-snippet:-1, max-image-preview:large, max-video-preview:-1\" \/>\n<link rel=\"canonical\" href=\"https:\/\/www.oarcanjo.net\/site\/01-de-outubro-santa-teresinha-do-menino-jesus\/\" \/>\n<meta property=\"og:locale\" content=\"pt_BR\" \/>\n<meta property=\"og:type\" content=\"article\" \/>\n<meta property=\"og:title\" content=\"1 de outubro, SANTA TERESINHA do MENINO JESUS! - O Arcanjo no ar\" \/>\n<meta property=\"og:description\" content=\"O m\u00eas de outubro, m\u00eas das miss\u00f5es, desafio permanente da Igreja que s\u00f3 \u00e9 a Igreja de JESUS CRISTO se for mission\u00e1ria! Iniciamos com a mem\u00f3ria de Santa Teresinha do Menino JESUS e da Sagrada Face.\u00a0 Santa Teresinha querida da Igreja e do povo, flor esplendorosa e cheia de simplicidade, doutora da Igreja, rosa perfumada [&hellip;]\" \/>\n<meta property=\"og:url\" content=\"https:\/\/www.oarcanjo.net\/site\/01-de-outubro-santa-teresinha-do-menino-jesus\/\" \/>\n<meta property=\"og:site_name\" content=\"O Arcanjo no ar\" \/>\n<meta property=\"article:publisher\" content=\"https:\/\/www.facebook.com\/OArcanjoNoAr\/\" \/>\n<meta property=\"article:published_time\" content=\"2009-09-30T17:24:54+00:00\" \/>\n<meta property=\"article:modified_time\" content=\"2009-10-04T03:42:58+00:00\" \/>\n<meta property=\"og:image\" content=\"https:\/\/www.oarcanjo.net\/site\/wp-content\/uploads\/logo-o-arcanjo-no-ar-facebook.png\" \/>\n\t<meta property=\"og:image:width\" content=\"300\" \/>\n\t<meta property=\"og:image:height\" content=\"300\" \/>\n\t<meta property=\"og:image:type\" content=\"image\/png\" \/>\n<meta name=\"author\" content=\"julio\" \/>\n<meta name=\"twitter:card\" content=\"summary_large_image\" \/>\n<meta name=\"twitter:label1\" content=\"Escrito por\" \/>\n\t<meta name=\"twitter:data1\" content=\"julio\" \/>\n\t<meta name=\"twitter:label2\" content=\"Est. tempo de leitura\" \/>\n\t<meta name=\"twitter:data2\" content=\"2 minutos\" \/>\n<script type=\"application\/ld+json\" class=\"yoast-schema-graph\">{\"@context\":\"https:\/\/schema.org\",\"@graph\":[{\"@type\":\"Article\",\"@id\":\"https:\/\/www.oarcanjo.net\/site\/01-de-outubro-santa-teresinha-do-menino-jesus\/#article\",\"isPartOf\":{\"@id\":\"https:\/\/www.oarcanjo.net\/site\/01-de-outubro-santa-teresinha-do-menino-jesus\/\"},\"author\":{\"name\":\"julio\",\"@id\":\"https:\/\/www.oarcanjo.net\/site\/#\/schema\/person\/d78ea01c648c91e29c364b516767079e\"},\"headline\":\"1 de outubro, SANTA TERESINHA do MENINO JESUS!\",\"datePublished\":\"2009-09-30T17:24:54+00:00\",\"dateModified\":\"2009-10-04T03:42:58+00:00\",\"mainEntityOfPage\":{\"@id\":\"https:\/\/www.oarcanjo.net\/site\/01-de-outubro-santa-teresinha-do-menino-jesus\/\"},\"wordCount\":309,\"commentCount\":15,\"publisher\":{\"@id\":\"https:\/\/www.oarcanjo.net\/site\/#organization\"},\"keywords\":[\"Santa Teresinha do Menino Jesus\"],\"articleSection\":[\"Blog\"],\"inLanguage\":\"pt-BR\",\"potentialAction\":[{\"@type\":\"CommentAction\",\"name\":\"Comment\",\"target\":[\"https:\/\/www.oarcanjo.net\/site\/01-de-outubro-santa-teresinha-do-menino-jesus\/#respond\"]}]},{\"@type\":\"WebPage\",\"@id\":\"https:\/\/www.oarcanjo.net\/site\/01-de-outubro-santa-teresinha-do-menino-jesus\/\",\"url\":\"https:\/\/www.oarcanjo.net\/site\/01-de-outubro-santa-teresinha-do-menino-jesus\/\",\"name\":\"1 de outubro, SANTA TERESINHA do MENINO JESUS! - O Arcanjo no ar\",\"isPartOf\":{\"@id\":\"https:\/\/www.oarcanjo.net\/site\/#website\"},\"datePublished\":\"2009-09-30T17:24:54+00:00\",\"dateModified\":\"2009-10-04T03:42:58+00:00\",\"breadcrumb\":{\"@id\":\"https:\/\/www.oarcanjo.net\/site\/01-de-outubro-santa-teresinha-do-menino-jesus\/#breadcrumb\"},\"inLanguage\":\"pt-BR\",\"potentialAction\":[{\"@type\":\"ReadAction\",\"target\":[\"https:\/\/www.oarcanjo.net\/site\/01-de-outubro-santa-teresinha-do-menino-jesus\/\"]}]},{\"@type\":\"BreadcrumbList\",\"@id\":\"https:\/\/www.oarcanjo.net\/site\/01-de-outubro-santa-teresinha-do-menino-jesus\/#breadcrumb\",\"itemListElement\":[{\"@type\":\"ListItem\",\"position\":1,\"name\":\"In\u00edcio\",\"item\":\"https:\/\/www.oarcanjo.net\/site\/\"},{\"@type\":\"ListItem\",\"position\":2,\"name\":\"1 de outubro, SANTA TERESINHA do MENINO JESUS!\"}]},{\"@type\":\"WebSite\",\"@id\":\"https:\/\/www.oarcanjo.net\/site\/#website\",\"url\":\"https:\/\/www.oarcanjo.net\/site\/\",\"name\":\"O Arcanjo no ar\",\"description\":\"Site da Par\u00f3quia S\u00e3o Miguel Arcanjo (Arquidiocese de SP)\",\"publisher\":{\"@id\":\"https:\/\/www.oarcanjo.net\/site\/#organization\"},\"potentialAction\":[{\"@type\":\"SearchAction\",\"target\":{\"@type\":\"EntryPoint\",\"urlTemplate\":\"https:\/\/www.oarcanjo.net\/site\/?s={search_term_string}\"},\"query-input\":{\"@type\":\"PropertyValueSpecification\",\"valueRequired\":true,\"valueName\":\"search_term_string\"}}],\"inLanguage\":\"pt-BR\"},{\"@type\":\"Organization\",\"@id\":\"https:\/\/www.oarcanjo.net\/site\/#organization\",\"name\":\"Par\u00f3quia S\u00e3o Miguel Arcanjo\",\"url\":\"https:\/\/www.oarcanjo.net\/site\/\",\"logo\":{\"@type\":\"ImageObject\",\"inLanguage\":\"pt-BR\",\"@id\":\"https:\/\/www.oarcanjo.net\/site\/#\/schema\/logo\/image\/\",\"url\":\"https:\/\/www.oarcanjo.net\/site\/wp-content\/uploads\/LogoOArcanjo.png\",\"contentUrl\":\"https:\/\/www.oarcanjo.net\/site\/wp-content\/uploads\/LogoOArcanjo.png\",\"width\":319,\"height\":99,\"caption\":\"Par\u00f3quia S\u00e3o Miguel Arcanjo\"},\"image\":{\"@id\":\"https:\/\/www.oarcanjo.net\/site\/#\/schema\/logo\/image\/\"},\"sameAs\":[\"https:\/\/www.facebook.com\/OArcanjoNoAr\/\"]},{\"@type\":\"Person\",\"@id\":\"https:\/\/www.oarcanjo.net\/site\/#\/schema\/person\/d78ea01c648c91e29c364b516767079e\",\"name\":\"julio\",\"sameAs\":[\"http:\/\/www.oarcanjo.net\"]}]}<\/script>\n<!-- \/ Yoast SEO plugin. -->","yoast_head_json":{"title":"1 de outubro, SANTA TERESINHA do MENINO JESUS! - O Arcanjo no ar","robots":{"index":"index","follow":"follow","max-snippet":"max-snippet:-1","max-image-preview":"max-image-preview:large","max-video-preview":"max-video-preview:-1"},"canonical":"https:\/\/www.oarcanjo.net\/site\/01-de-outubro-santa-teresinha-do-menino-jesus\/","og_locale":"pt_BR","og_type":"article","og_title":"1 de outubro, SANTA TERESINHA do MENINO JESUS! - O Arcanjo no ar","og_description":"O m\u00eas de outubro, m\u00eas das miss\u00f5es, desafio permanente da Igreja que s\u00f3 \u00e9 a Igreja de JESUS CRISTO se for mission\u00e1ria! Iniciamos com a mem\u00f3ria de Santa Teresinha do Menino JESUS e da Sagrada Face.\u00a0 Santa Teresinha querida da Igreja e do povo, flor esplendorosa e cheia de simplicidade, doutora da Igreja, rosa perfumada [&hellip;]","og_url":"https:\/\/www.oarcanjo.net\/site\/01-de-outubro-santa-teresinha-do-menino-jesus\/","og_site_name":"O Arcanjo no ar","article_publisher":"https:\/\/www.facebook.com\/OArcanjoNoAr\/","article_published_time":"2009-09-30T17:24:54+00:00","article_modified_time":"2009-10-04T03:42:58+00:00","og_image":[{"width":300,"height":300,"url":"https:\/\/www.oarcanjo.net\/site\/wp-content\/uploads\/logo-o-arcanjo-no-ar-facebook.png","type":"image\/png"}],"author":"julio","twitter_card":"summary_large_image","twitter_misc":{"Escrito por":"julio","Est. tempo de leitura":"2 minutos"},"schema":{"@context":"https:\/\/schema.org","@graph":[{"@type":"Article","@id":"https:\/\/www.oarcanjo.net\/site\/01-de-outubro-santa-teresinha-do-menino-jesus\/#article","isPartOf":{"@id":"https:\/\/www.oarcanjo.net\/site\/01-de-outubro-santa-teresinha-do-menino-jesus\/"},"author":{"name":"julio","@id":"https:\/\/www.oarcanjo.net\/site\/#\/schema\/person\/d78ea01c648c91e29c364b516767079e"},"headline":"1 de outubro, SANTA TERESINHA do MENINO JESUS!","datePublished":"2009-09-30T17:24:54+00:00","dateModified":"2009-10-04T03:42:58+00:00","mainEntityOfPage":{"@id":"https:\/\/www.oarcanjo.net\/site\/01-de-outubro-santa-teresinha-do-menino-jesus\/"},"wordCount":309,"commentCount":15,"publisher":{"@id":"https:\/\/www.oarcanjo.net\/site\/#organization"},"keywords":["Santa Teresinha do Menino Jesus"],"articleSection":["Blog"],"inLanguage":"pt-BR","potentialAction":[{"@type":"CommentAction","name":"Comment","target":["https:\/\/www.oarcanjo.net\/site\/01-de-outubro-santa-teresinha-do-menino-jesus\/#respond"]}]},{"@type":"WebPage","@id":"https:\/\/www.oarcanjo.net\/site\/01-de-outubro-santa-teresinha-do-menino-jesus\/","url":"https:\/\/www.oarcanjo.net\/site\/01-de-outubro-santa-teresinha-do-menino-jesus\/","name":"1 de outubro, SANTA TERESINHA do MENINO JESUS! - O Arcanjo no ar","isPartOf":{"@id":"https:\/\/www.oarcanjo.net\/site\/#website"},"datePublished":"2009-09-30T17:24:54+00:00","dateModified":"2009-10-04T03:42:58+00:00","breadcrumb":{"@id":"https:\/\/www.oarcanjo.net\/site\/01-de-outubro-santa-teresinha-do-menino-jesus\/#breadcrumb"},"inLanguage":"pt-BR","potentialAction":[{"@type":"ReadAction","target":["https:\/\/www.oarcanjo.net\/site\/01-de-outubro-santa-teresinha-do-menino-jesus\/"]}]},{"@type":"BreadcrumbList","@id":"https:\/\/www.oarcanjo.net\/site\/01-de-outubro-santa-teresinha-do-menino-jesus\/#breadcrumb","itemListElement":[{"@type":"ListItem","position":1,"name":"In\u00edcio","item":"https:\/\/www.oarcanjo.net\/site\/"},{"@type":"ListItem","position":2,"name":"1 de outubro, SANTA TERESINHA do MENINO JESUS!"}]},{"@type":"WebSite","@id":"https:\/\/www.oarcanjo.net\/site\/#website","url":"https:\/\/www.oarcanjo.net\/site\/","name":"O Arcanjo no ar","description":"Site da Par\u00f3quia S\u00e3o Miguel Arcanjo (Arquidiocese de SP)","publisher":{"@id":"https:\/\/www.oarcanjo.net\/site\/#organization"},"potentialAction":[{"@type":"SearchAction","target":{"@type":"EntryPoint","urlTemplate":"https:\/\/www.oarcanjo.net\/site\/?s={search_term_string}"},"query-input":{"@type":"PropertyValueSpecification","valueRequired":true,"valueName":"search_term_string"}}],"inLanguage":"pt-BR"},{"@type":"Organization","@id":"https:\/\/www.oarcanjo.net\/site\/#organization","name":"Par\u00f3quia S\u00e3o Miguel Arcanjo","url":"https:\/\/www.oarcanjo.net\/site\/","logo":{"@type":"ImageObject","inLanguage":"pt-BR","@id":"https:\/\/www.oarcanjo.net\/site\/#\/schema\/logo\/image\/","url":"https:\/\/www.oarcanjo.net\/site\/wp-content\/uploads\/LogoOArcanjo.png","contentUrl":"https:\/\/www.oarcanjo.net\/site\/wp-content\/uploads\/LogoOArcanjo.png","width":319,"height":99,"caption":"Par\u00f3quia S\u00e3o Miguel Arcanjo"},"image":{"@id":"https:\/\/www.oarcanjo.net\/site\/#\/schema\/logo\/image\/"},"sameAs":["https:\/\/www.facebook.com\/OArcanjoNoAr\/"]},{"@type":"Person","@id":"https:\/\/www.oarcanjo.net\/site\/#\/schema\/person\/d78ea01c648c91e29c364b516767079e","name":"julio","sameAs":["http:\/\/www.oarcanjo.net"]}]}},"publishpress_future_action":{"enabled":false,"date":"2026-05-09 03:03:50","action":"category","newStatus":"draft","terms":[],"taxonomy":"category"},"publishpress_future_workflow_manual_trigger":{"enabledWorkflows":[]},"_links":{"self":[{"href":"https:\/\/www.oarcanjo.net\/site\/wp-json\/wp\/v2\/posts\/5448"}],"collection":[{"href":"https:\/\/www.oarcanjo.net\/site\/wp-json\/wp\/v2\/posts"}],"about":[{"href":"https:\/\/www.oarcanjo.net\/site\/wp-json\/wp\/v2\/types\/post"}],"author":[{"embeddable":true,"href":"https:\/\/www.oarcanjo.net\/site\/wp-json\/wp\/v2\/users\/4"}],"replies":[{"embeddable":true,"href":"https:\/\/www.oarcanjo.net\/site\/wp-json\/wp\/v2\/comments?post=5448"}],"version-history":[{"count":0,"href":"https:\/\/www.oarcanjo.net\/site\/wp-json\/wp\/v2\/posts\/5448\/revisions"}],"wp:attachment":[{"href":"https:\/\/www.oarcanjo.net\/site\/wp-json\/wp\/v2\/media?parent=5448"}],"wp:term":[{"taxonomy":"category","embeddable":true,"href":"https:\/\/www.oarcanjo.net\/site\/wp-json\/wp\/v2\/categories?post=5448"},{"taxonomy":"post_tag","embeddable":true,"href":"https:\/\/www.oarcanjo.net\/site\/wp-json\/wp\/v2\/tags?post=5448"}],"curies":[{"name":"wp","href":"https:\/\/api.w.org\/{rel}","templated":true}]}}