
{"id":5454,"date":"2009-09-27T08:00:55","date_gmt":"2009-09-27T11:00:55","guid":{"rendered":"http:\/\/www.oarcanjo.net\/site\/?p=5454"},"modified":"2009-09-30T22:24:00","modified_gmt":"2009-10-01T01:24:00","slug":"carta-do-clero-de-manausam","status":"publish","type":"post","link":"https:\/\/www.oarcanjo.net\/site\/carta-do-clero-de-manausam\/","title":{"rendered":"Carta do Clero de Manaus\/AM"},"content":{"rendered":"<p>Ag\u00eancia Adital<\/p>\n<p><em>Felizes os perseguidos por causa da justi\u00e7a, porque deles \u00e9 o reino dos C\u00e9us. (Mt 5,10)<\/em><\/p>\n<p>Considerando os \u00faltimos e violentos acontecimentos que t\u00eam ferido profundamente nosso povo e, particularmente, aqueles que atingiram diretamente diversos seguimentos de nossa Igreja Cat\u00f3lica, (invas\u00e3o de casas religiosas, seq\u00fcestros) que culminaram com o cruel e vil assassinato do mission\u00e1rio italiano, Ruggero Ruvoletto, o Padre Rog\u00e9rio, da \u00c1rea Mission\u00e1ria Imaculado Cora\u00e7\u00e3o de Maria, bairro de Santa Etelvina, n\u00f3s membros do clero de Manaus, n\u00e3o podemos deixar de manifestar nossa palavra de indigna\u00e7\u00e3o e rep\u00fadio diante deste conturbado quadro que envolve nosso povo, abandonado \u00e0 pr\u00f3pria sorte.<\/p>\n<p>A repercuss\u00e3o do assassinato do Padre Rog\u00e9rio fez emergir em cada um de n\u00f3s, como em toda a sociedade um sentimento de medo e inseguran\u00e7a, mas ao mesmo tempo uma rea\u00e7\u00e3o de indigna\u00e7\u00e3o que nos motiva a um compromisso pela paz. A discuss\u00e3o suscitada pela Campanha da Fraternidade de 2009 sobre a Seguran\u00e7a P\u00fablica deve ser mantida com vigor e efic\u00e1cia. Seguran\u00e7a \u00e9 uma pol\u00edtica de Estado, n\u00e3o de governo, pautada na defesa da dignidade da pessoa com valoriza\u00e7\u00e3o e respeito \u00e0 vida e \u00e0 cidadania. Assistimos a um mega-investimento do er\u00e1rio p\u00fablico em estruturas, obras e publicidade e do outro lado os servi\u00e7os essenciais \u00e0 popula\u00e7\u00e3o, apresentam qualidade question\u00e1vel. A fragilidade do aparato de seguran\u00e7a provoca cada vez mais o descr\u00e9dito da popula\u00e7\u00e3o nas institui\u00e7\u00f5es respons\u00e1veis pelo seu bem-estar. O povo desconfia de quem deve proteger!<\/p>\n<p>N\u00e3o podemos continuar fazendo de conta que as coisas est\u00e3o bem! As coisas n\u00e3o est\u00e3o bem! As estat\u00edsticas n\u00e3o s\u00e3o necess\u00e1rias neste momento de perceber que agress\u00f5es, assaltos, assassinatos, seq\u00fcestros, conflitos violentos se espalharam em nossos bairros como uma epidemia fora do controle. Passados mais de sete dias do assassinato do Pe. Rog\u00e9rio, n\u00e3o temos outra resposta a n\u00e3o ser os desencontros noticiados pelos meios de comunica\u00e7\u00e3o. Queremos acreditar numa s\u00e9ria investiga\u00e7\u00e3o dos fatos que nos apresentem uma resposta esclarecedora e verdadeira. Nos fazemos solid\u00e1rios com o povo de Santa Etelvina e o clamor deste povo ecoa em nossas vozes: &#8220;Queremos justi\u00e7a!&#8221; Mas entendemos tamb\u00e9m, que justi\u00e7a n\u00e3o \u00e9 vingan\u00e7a. O Deus da vida \u00e9 tamb\u00e9m o Deus da Miseric\u00f3rdia! Como membros da Igreja de Manaus, tornamos p\u00fablico o nosso perd\u00e3o aos agressores. Nos fazemos solid\u00e1rios ao Pe. Sandro Sebasti\u00e3o e com as lideran\u00e7as das comunidades da \u00c1rea Mission\u00e1ria Imaculado Cora\u00e7\u00e3o de Maria, para que continuem a caminhada de luta, f\u00e9 e esperan\u00e7a que vinha sendo conduzida pelo irm\u00e3o Pe. Rog\u00e9rio.<\/p>\n<p>Por fim, conclamamos as organiza\u00e7\u00f5es populares, as institui\u00e7\u00f5es e servi\u00e7os comprometidos com a transforma\u00e7\u00e3o social, as igrejas, os demais seguimentos da sociedade e as autoridades competentes para que inauguremos uma corrente de iniciativas que discutam, reflitam, debatam a quest\u00e3o da Seguran\u00e7a P\u00fablica. Que realizemos juntos um verdadeiro mutir\u00e3o em favor da vida e da paz. Coloquemos na nossa pauta a necessidade de resgate da justi\u00e7a social. S\u00f3 a Justi\u00e7a gera Paz!<\/p>\n<p>Manaus, 26 de setembro de 2009.<\/p>\n<p>O clero de Manaus, junto com seus bispos.<\/p>\n<div id=\"themify_builder_content-5454\" data-postid=\"5454\" class=\"themify_builder_content themify_builder_content-5454 themify_builder themify_builder_front\">\n\t<\/div>\n<!-- \/themify_builder_content -->","protected":false},"excerpt":{"rendered":"<p>Ag\u00eancia Adital Felizes os perseguidos por causa da justi\u00e7a, porque deles \u00e9 o reino dos C\u00e9us. (Mt 5,10) Considerando os \u00faltimos e violentos acontecimentos que t\u00eam ferido profundamente nosso povo e, particularmente, aqueles que atingiram diretamente diversos seguimentos de nossa Igreja Cat\u00f3lica, (invas\u00e3o de casas religiosas, seq\u00fcestros) que culminaram com o cruel e vil assassinato [&hellip;]<\/p>\n","protected":false},"author":5,"featured_media":0,"comment_status":"open","ping_status":"open","sticky":false,"template":"","format":"standard","meta":{"ngg_post_thumbnail":0,"footnotes":""},"categories":[8],"tags":[834,1112,1113,410,450,20],"yoast_head":"<!-- This site is optimized with the Yoast SEO plugin v23.5 - https:\/\/yoast.com\/wordpress\/plugins\/seo\/ -->\n<title>Carta do Clero de Manaus\/AM - O Arcanjo no ar<\/title>\n<meta name=\"robots\" content=\"index, follow, max-snippet:-1, max-image-preview:large, max-video-preview:-1\" \/>\n<link rel=\"canonical\" href=\"https:\/\/www.oarcanjo.net\/site\/carta-do-clero-de-manausam\/\" \/>\n<meta property=\"og:locale\" content=\"pt_BR\" \/>\n<meta property=\"og:type\" content=\"article\" \/>\n<meta property=\"og:title\" content=\"Carta do Clero de Manaus\/AM - O Arcanjo no ar\" \/>\n<meta property=\"og:description\" content=\"Ag\u00eancia Adital Felizes os perseguidos por causa da justi\u00e7a, porque deles \u00e9 o reino dos C\u00e9us. (Mt 5,10) Considerando os \u00faltimos e violentos acontecimentos que t\u00eam ferido profundamente nosso povo e, particularmente, aqueles que atingiram diretamente diversos seguimentos de nossa Igreja Cat\u00f3lica, (invas\u00e3o de casas religiosas, seq\u00fcestros) que culminaram com o cruel e vil assassinato [&hellip;]\" \/>\n<meta property=\"og:url\" content=\"https:\/\/www.oarcanjo.net\/site\/carta-do-clero-de-manausam\/\" \/>\n<meta property=\"og:site_name\" content=\"O Arcanjo no ar\" \/>\n<meta property=\"article:publisher\" content=\"https:\/\/www.facebook.com\/OArcanjoNoAr\/\" \/>\n<meta property=\"article:published_time\" content=\"2009-09-27T11:00:55+00:00\" \/>\n<meta property=\"article:modified_time\" content=\"2009-10-01T01:24:00+00:00\" \/>\n<meta property=\"og:image\" content=\"https:\/\/www.oarcanjo.net\/site\/wp-content\/uploads\/logo-o-arcanjo-no-ar-facebook.png\" \/>\n\t<meta property=\"og:image:width\" content=\"300\" \/>\n\t<meta property=\"og:image:height\" content=\"300\" \/>\n\t<meta property=\"og:image:type\" content=\"image\/png\" \/>\n<meta name=\"author\" content=\"editor\" \/>\n<meta name=\"twitter:card\" content=\"summary_large_image\" \/>\n<meta name=\"twitter:label1\" content=\"Escrito por\" \/>\n\t<meta name=\"twitter:data1\" content=\"editor\" \/>\n\t<meta name=\"twitter:label2\" content=\"Est. tempo de leitura\" \/>\n\t<meta name=\"twitter:data2\" content=\"3 minutos\" \/>\n<script type=\"application\/ld+json\" class=\"yoast-schema-graph\">{\"@context\":\"https:\/\/schema.org\",\"@graph\":[{\"@type\":\"Article\",\"@id\":\"https:\/\/www.oarcanjo.net\/site\/carta-do-clero-de-manausam\/#article\",\"isPartOf\":{\"@id\":\"https:\/\/www.oarcanjo.net\/site\/carta-do-clero-de-manausam\/\"},\"author\":{\"name\":\"editor\",\"@id\":\"https:\/\/www.oarcanjo.net\/site\/#\/schema\/person\/f7024d007863202483a31326673a0838\"},\"headline\":\"Carta do Clero de Manaus\/AM\",\"datePublished\":\"2009-09-27T11:00:55+00:00\",\"dateModified\":\"2009-10-01T01:24:00+00:00\",\"mainEntityOfPage\":{\"@id\":\"https:\/\/www.oarcanjo.net\/site\/carta-do-clero-de-manausam\/\"},\"wordCount\":574,\"commentCount\":0,\"publisher\":{\"@id\":\"https:\/\/www.oarcanjo.net\/site\/#organization\"},\"keywords\":[\"assassinato\",\"Padre Rog\u00e9rio\",\"Ruggero Ruvoletto\",\"seguran\u00e7a p\u00fablica\",\"tr\u00e1fico de drogas\",\"viol\u00eancia\"],\"articleSection\":[\"Not\u00edcias\"],\"inLanguage\":\"pt-BR\",\"potentialAction\":[{\"@type\":\"CommentAction\",\"name\":\"Comment\",\"target\":[\"https:\/\/www.oarcanjo.net\/site\/carta-do-clero-de-manausam\/#respond\"]}]},{\"@type\":\"WebPage\",\"@id\":\"https:\/\/www.oarcanjo.net\/site\/carta-do-clero-de-manausam\/\",\"url\":\"https:\/\/www.oarcanjo.net\/site\/carta-do-clero-de-manausam\/\",\"name\":\"Carta do Clero de Manaus\/AM - O Arcanjo no ar\",\"isPartOf\":{\"@id\":\"https:\/\/www.oarcanjo.net\/site\/#website\"},\"datePublished\":\"2009-09-27T11:00:55+00:00\",\"dateModified\":\"2009-10-01T01:24:00+00:00\",\"breadcrumb\":{\"@id\":\"https:\/\/www.oarcanjo.net\/site\/carta-do-clero-de-manausam\/#breadcrumb\"},\"inLanguage\":\"pt-BR\",\"potentialAction\":[{\"@type\":\"ReadAction\",\"target\":[\"https:\/\/www.oarcanjo.net\/site\/carta-do-clero-de-manausam\/\"]}]},{\"@type\":\"BreadcrumbList\",\"@id\":\"https:\/\/www.oarcanjo.net\/site\/carta-do-clero-de-manausam\/#breadcrumb\",\"itemListElement\":[{\"@type\":\"ListItem\",\"position\":1,\"name\":\"In\u00edcio\",\"item\":\"https:\/\/www.oarcanjo.net\/site\/\"},{\"@type\":\"ListItem\",\"position\":2,\"name\":\"Carta do Clero de Manaus\/AM\"}]},{\"@type\":\"WebSite\",\"@id\":\"https:\/\/www.oarcanjo.net\/site\/#website\",\"url\":\"https:\/\/www.oarcanjo.net\/site\/\",\"name\":\"O Arcanjo no ar\",\"description\":\"Site da Par\u00f3quia S\u00e3o Miguel Arcanjo (Arquidiocese de SP)\",\"publisher\":{\"@id\":\"https:\/\/www.oarcanjo.net\/site\/#organization\"},\"potentialAction\":[{\"@type\":\"SearchAction\",\"target\":{\"@type\":\"EntryPoint\",\"urlTemplate\":\"https:\/\/www.oarcanjo.net\/site\/?s={search_term_string}\"},\"query-input\":{\"@type\":\"PropertyValueSpecification\",\"valueRequired\":true,\"valueName\":\"search_term_string\"}}],\"inLanguage\":\"pt-BR\"},{\"@type\":\"Organization\",\"@id\":\"https:\/\/www.oarcanjo.net\/site\/#organization\",\"name\":\"Par\u00f3quia S\u00e3o Miguel Arcanjo\",\"url\":\"https:\/\/www.oarcanjo.net\/site\/\",\"logo\":{\"@type\":\"ImageObject\",\"inLanguage\":\"pt-BR\",\"@id\":\"https:\/\/www.oarcanjo.net\/site\/#\/schema\/logo\/image\/\",\"url\":\"https:\/\/www.oarcanjo.net\/site\/wp-content\/uploads\/LogoOArcanjo.png\",\"contentUrl\":\"https:\/\/www.oarcanjo.net\/site\/wp-content\/uploads\/LogoOArcanjo.png\",\"width\":319,\"height\":99,\"caption\":\"Par\u00f3quia S\u00e3o Miguel Arcanjo\"},\"image\":{\"@id\":\"https:\/\/www.oarcanjo.net\/site\/#\/schema\/logo\/image\/\"},\"sameAs\":[\"https:\/\/www.facebook.com\/OArcanjoNoAr\/\"]},{\"@type\":\"Person\",\"@id\":\"https:\/\/www.oarcanjo.net\/site\/#\/schema\/person\/f7024d007863202483a31326673a0838\",\"name\":\"editor\",\"sameAs\":[\"http:\/\/www.oarcanjo.net\"]}]}<\/script>\n<!-- \/ Yoast SEO plugin. -->","yoast_head_json":{"title":"Carta do Clero de Manaus\/AM - O Arcanjo no ar","robots":{"index":"index","follow":"follow","max-snippet":"max-snippet:-1","max-image-preview":"max-image-preview:large","max-video-preview":"max-video-preview:-1"},"canonical":"https:\/\/www.oarcanjo.net\/site\/carta-do-clero-de-manausam\/","og_locale":"pt_BR","og_type":"article","og_title":"Carta do Clero de Manaus\/AM - O Arcanjo no ar","og_description":"Ag\u00eancia Adital Felizes os perseguidos por causa da justi\u00e7a, porque deles \u00e9 o reino dos C\u00e9us. (Mt 5,10) Considerando os \u00faltimos e violentos acontecimentos que t\u00eam ferido profundamente nosso povo e, particularmente, aqueles que atingiram diretamente diversos seguimentos de nossa Igreja Cat\u00f3lica, (invas\u00e3o de casas religiosas, seq\u00fcestros) que culminaram com o cruel e vil assassinato [&hellip;]","og_url":"https:\/\/www.oarcanjo.net\/site\/carta-do-clero-de-manausam\/","og_site_name":"O Arcanjo no ar","article_publisher":"https:\/\/www.facebook.com\/OArcanjoNoAr\/","article_published_time":"2009-09-27T11:00:55+00:00","article_modified_time":"2009-10-01T01:24:00+00:00","og_image":[{"width":300,"height":300,"url":"https:\/\/www.oarcanjo.net\/site\/wp-content\/uploads\/logo-o-arcanjo-no-ar-facebook.png","type":"image\/png"}],"author":"editor","twitter_card":"summary_large_image","twitter_misc":{"Escrito por":"editor","Est. tempo de leitura":"3 minutos"},"schema":{"@context":"https:\/\/schema.org","@graph":[{"@type":"Article","@id":"https:\/\/www.oarcanjo.net\/site\/carta-do-clero-de-manausam\/#article","isPartOf":{"@id":"https:\/\/www.oarcanjo.net\/site\/carta-do-clero-de-manausam\/"},"author":{"name":"editor","@id":"https:\/\/www.oarcanjo.net\/site\/#\/schema\/person\/f7024d007863202483a31326673a0838"},"headline":"Carta do Clero de Manaus\/AM","datePublished":"2009-09-27T11:00:55+00:00","dateModified":"2009-10-01T01:24:00+00:00","mainEntityOfPage":{"@id":"https:\/\/www.oarcanjo.net\/site\/carta-do-clero-de-manausam\/"},"wordCount":574,"commentCount":0,"publisher":{"@id":"https:\/\/www.oarcanjo.net\/site\/#organization"},"keywords":["assassinato","Padre Rog\u00e9rio","Ruggero Ruvoletto","seguran\u00e7a p\u00fablica","tr\u00e1fico de drogas","viol\u00eancia"],"articleSection":["Not\u00edcias"],"inLanguage":"pt-BR","potentialAction":[{"@type":"CommentAction","name":"Comment","target":["https:\/\/www.oarcanjo.net\/site\/carta-do-clero-de-manausam\/#respond"]}]},{"@type":"WebPage","@id":"https:\/\/www.oarcanjo.net\/site\/carta-do-clero-de-manausam\/","url":"https:\/\/www.oarcanjo.net\/site\/carta-do-clero-de-manausam\/","name":"Carta do Clero de Manaus\/AM - O Arcanjo no ar","isPartOf":{"@id":"https:\/\/www.oarcanjo.net\/site\/#website"},"datePublished":"2009-09-27T11:00:55+00:00","dateModified":"2009-10-01T01:24:00+00:00","breadcrumb":{"@id":"https:\/\/www.oarcanjo.net\/site\/carta-do-clero-de-manausam\/#breadcrumb"},"inLanguage":"pt-BR","potentialAction":[{"@type":"ReadAction","target":["https:\/\/www.oarcanjo.net\/site\/carta-do-clero-de-manausam\/"]}]},{"@type":"BreadcrumbList","@id":"https:\/\/www.oarcanjo.net\/site\/carta-do-clero-de-manausam\/#breadcrumb","itemListElement":[{"@type":"ListItem","position":1,"name":"In\u00edcio","item":"https:\/\/www.oarcanjo.net\/site\/"},{"@type":"ListItem","position":2,"name":"Carta do Clero de Manaus\/AM"}]},{"@type":"WebSite","@id":"https:\/\/www.oarcanjo.net\/site\/#website","url":"https:\/\/www.oarcanjo.net\/site\/","name":"O Arcanjo no ar","description":"Site da Par\u00f3quia S\u00e3o Miguel Arcanjo (Arquidiocese de SP)","publisher":{"@id":"https:\/\/www.oarcanjo.net\/site\/#organization"},"potentialAction":[{"@type":"SearchAction","target":{"@type":"EntryPoint","urlTemplate":"https:\/\/www.oarcanjo.net\/site\/?s={search_term_string}"},"query-input":{"@type":"PropertyValueSpecification","valueRequired":true,"valueName":"search_term_string"}}],"inLanguage":"pt-BR"},{"@type":"Organization","@id":"https:\/\/www.oarcanjo.net\/site\/#organization","name":"Par\u00f3quia S\u00e3o Miguel Arcanjo","url":"https:\/\/www.oarcanjo.net\/site\/","logo":{"@type":"ImageObject","inLanguage":"pt-BR","@id":"https:\/\/www.oarcanjo.net\/site\/#\/schema\/logo\/image\/","url":"https:\/\/www.oarcanjo.net\/site\/wp-content\/uploads\/LogoOArcanjo.png","contentUrl":"https:\/\/www.oarcanjo.net\/site\/wp-content\/uploads\/LogoOArcanjo.png","width":319,"height":99,"caption":"Par\u00f3quia S\u00e3o Miguel Arcanjo"},"image":{"@id":"https:\/\/www.oarcanjo.net\/site\/#\/schema\/logo\/image\/"},"sameAs":["https:\/\/www.facebook.com\/OArcanjoNoAr\/"]},{"@type":"Person","@id":"https:\/\/www.oarcanjo.net\/site\/#\/schema\/person\/f7024d007863202483a31326673a0838","name":"editor","sameAs":["http:\/\/www.oarcanjo.net"]}]}},"publishpress_future_action":{"enabled":false,"date":"2026-05-09 06:30:45","action":"category","newStatus":"draft","terms":[],"taxonomy":"category"},"publishpress_future_workflow_manual_trigger":{"enabledWorkflows":[]},"_links":{"self":[{"href":"https:\/\/www.oarcanjo.net\/site\/wp-json\/wp\/v2\/posts\/5454"}],"collection":[{"href":"https:\/\/www.oarcanjo.net\/site\/wp-json\/wp\/v2\/posts"}],"about":[{"href":"https:\/\/www.oarcanjo.net\/site\/wp-json\/wp\/v2\/types\/post"}],"author":[{"embeddable":true,"href":"https:\/\/www.oarcanjo.net\/site\/wp-json\/wp\/v2\/users\/5"}],"replies":[{"embeddable":true,"href":"https:\/\/www.oarcanjo.net\/site\/wp-json\/wp\/v2\/comments?post=5454"}],"version-history":[{"count":0,"href":"https:\/\/www.oarcanjo.net\/site\/wp-json\/wp\/v2\/posts\/5454\/revisions"}],"wp:attachment":[{"href":"https:\/\/www.oarcanjo.net\/site\/wp-json\/wp\/v2\/media?parent=5454"}],"wp:term":[{"taxonomy":"category","embeddable":true,"href":"https:\/\/www.oarcanjo.net\/site\/wp-json\/wp\/v2\/categories?post=5454"},{"taxonomy":"post_tag","embeddable":true,"href":"https:\/\/www.oarcanjo.net\/site\/wp-json\/wp\/v2\/tags?post=5454"}],"curies":[{"name":"wp","href":"https:\/\/api.w.org\/{rel}","templated":true}]}}