
{"id":5461,"date":"2009-09-28T22:33:37","date_gmt":"2009-09-29T01:33:37","guid":{"rendered":"http:\/\/www.oarcanjo.net\/site\/?p=5461"},"modified":"2009-09-30T22:50:54","modified_gmt":"2009-10-01T01:50:54","slug":"a-igreja-perde-mais-um-sacerdote","status":"publish","type":"post","link":"https:\/\/www.oarcanjo.net\/site\/a-igreja-perde-mais-um-sacerdote\/","title":{"rendered":"A Igreja perde mais um sacerdote"},"content":{"rendered":"<p>O Pe. Evaldo Martiol, 33 anos, da diocese de Ca\u00e7ador, em Santa Catarina, foi assassinado por um jovem de 21 anos e um adolescente de 15. Ambos, tio e sobrinho, respectivamente.<\/p>\n<p>O sacerdote foi v\u00edtima de latroc\u00ednio, roubo seguido de morte, no s\u00e1bado, 26\/09. Ele voltava de uma capela e aproveitou para passar na casa da m\u00e3e de outro padre. Quando sa\u00eda, os criminosos pediram carona e o renderam no caminho. Ele foi levado a uma dist\u00e2ncia de 5 km fora da zona urbana de Ca\u00e7ador, onde levou quatro tiros\u00a0e morreu na hora.<\/p>\n<p>No dia seguinte, depois da den\u00fancia de outra v\u00edtima assaltada pelas mesmas pessoas, a pol\u00edcia identificou os criminosos, que levaram o carro, celular e documentos do padre. Os dois confessaram o crime e indicaram \u00e0 pol\u00edcia onde estava o corpo da v\u00edtima.<\/p>\n<p>O vel\u00f3rio aconteceu\u00a0na catedral de Ca\u00e7ador, onde o sacerdote trabalhava. Segundo o bispo diocesano de Ca\u00e7ador, Dom Luiz Carlos Eccel, nem em sua ordena\u00e7\u00e3o episcopal estiveram presentes tantas pessoas, como no vel\u00f3rio de padre Everaldo.<\/p>\n<p>&#8220;A catedral estava lotada, as pessoas emocionadas porque o padre Everaldo era um filho querido que vivia de fazer amizades com todos. Seu modo de evangelizar era por meio da amizade&#8221;, afirmou, emocionado, o bispo.<\/p>\n<p>Natural do munic\u00edpio catarinense de Timb\u00f3 Grande, padre Evaldo Martiol foi ordenado sacerdote em 26 de abril de 2003. Trabalhou na par\u00f3quia de Friburgo, Salto Veloso e, por fim, na Catedral, par\u00f3quia S\u00e3o Francisco de Assis de Ca\u00e7ador.<\/p>\n<p><strong>Viol\u00eancia<\/strong><\/p>\n<p>Em pouco mais de tr\u00eas meses, a Igreja Cat\u00f3lica perdeu tr\u00eas sacerdotes v\u00edtimas de assassinato. O primeiro foi o assessor nacional do Setor Juventude da Confer\u00eancia Nacional dos Bispos do Brasil (CNBB), padre Gisley Gomes Azevedo, 31, assassinado por um grupo de jovens na noite do dia 15 de junho, em Brazl\u00e2ndia, cidade sat\u00e9lite de Bras\u00edlia.<\/p>\n<p>Em Manaus, o padre italiano Ruggero Ruvoletto, 52, foi assassinado no \u00faltimo dia 19, com um tiro na cabe\u00e7a. Ele foi encontrado no seu quarto, depois que outros padres que moravam com ele ouviram o disparo, pela manh\u00e3, por volta das 7h.<\/p>\n<div id=\"themify_builder_content-5461\" data-postid=\"5461\" class=\"themify_builder_content themify_builder_content-5461 themify_builder themify_builder_front\">\n\t<\/div>\n<!-- \/themify_builder_content -->","protected":false},"excerpt":{"rendered":"<p>O Pe. Evaldo Martiol, 33 anos, da diocese de Ca\u00e7ador, em Santa Catarina, foi assassinado por um jovem de 21 anos e um adolescente de 15. Ambos, tio e sobrinho, respectivamente. O sacerdote foi v\u00edtima de latroc\u00ednio, roubo seguido de morte, no s\u00e1bado, 26\/09. Ele voltava de uma capela e aproveitou para passar na casa [&hellip;]<\/p>\n","protected":false},"author":5,"featured_media":0,"comment_status":"open","ping_status":"open","sticky":false,"template":"","format":"standard","meta":{"ngg_post_thumbnail":0,"footnotes":""},"categories":[8],"tags":[834,231,20],"yoast_head":"<!-- This site is optimized with the Yoast SEO plugin v23.5 - https:\/\/yoast.com\/wordpress\/plugins\/seo\/ -->\n<title>A Igreja perde mais um sacerdote - O Arcanjo no ar<\/title>\n<meta name=\"robots\" content=\"index, follow, max-snippet:-1, max-image-preview:large, max-video-preview:-1\" \/>\n<link rel=\"canonical\" href=\"https:\/\/www.oarcanjo.net\/site\/a-igreja-perde-mais-um-sacerdote\/\" \/>\n<meta property=\"og:locale\" content=\"pt_BR\" \/>\n<meta property=\"og:type\" content=\"article\" \/>\n<meta property=\"og:title\" content=\"A Igreja perde mais um sacerdote - O Arcanjo no ar\" \/>\n<meta property=\"og:description\" content=\"O Pe. Evaldo Martiol, 33 anos, da diocese de Ca\u00e7ador, em Santa Catarina, foi assassinado por um jovem de 21 anos e um adolescente de 15. Ambos, tio e sobrinho, respectivamente. O sacerdote foi v\u00edtima de latroc\u00ednio, roubo seguido de morte, no s\u00e1bado, 26\/09. Ele voltava de uma capela e aproveitou para passar na casa [&hellip;]\" \/>\n<meta property=\"og:url\" content=\"https:\/\/www.oarcanjo.net\/site\/a-igreja-perde-mais-um-sacerdote\/\" \/>\n<meta property=\"og:site_name\" content=\"O Arcanjo no ar\" \/>\n<meta property=\"article:publisher\" content=\"https:\/\/www.facebook.com\/OArcanjoNoAr\/\" \/>\n<meta property=\"article:published_time\" content=\"2009-09-29T01:33:37+00:00\" \/>\n<meta property=\"article:modified_time\" content=\"2009-10-01T01:50:54+00:00\" \/>\n<meta property=\"og:image\" content=\"https:\/\/www.oarcanjo.net\/site\/wp-content\/uploads\/logo-o-arcanjo-no-ar-facebook.png\" \/>\n\t<meta property=\"og:image:width\" content=\"300\" \/>\n\t<meta property=\"og:image:height\" content=\"300\" \/>\n\t<meta property=\"og:image:type\" content=\"image\/png\" \/>\n<meta name=\"author\" content=\"editor\" \/>\n<meta name=\"twitter:card\" content=\"summary_large_image\" \/>\n<meta name=\"twitter:label1\" content=\"Escrito por\" \/>\n\t<meta name=\"twitter:data1\" content=\"editor\" \/>\n\t<meta name=\"twitter:label2\" content=\"Est. tempo de leitura\" \/>\n\t<meta name=\"twitter:data2\" content=\"2 minutos\" \/>\n<script type=\"application\/ld+json\" class=\"yoast-schema-graph\">{\"@context\":\"https:\/\/schema.org\",\"@graph\":[{\"@type\":\"Article\",\"@id\":\"https:\/\/www.oarcanjo.net\/site\/a-igreja-perde-mais-um-sacerdote\/#article\",\"isPartOf\":{\"@id\":\"https:\/\/www.oarcanjo.net\/site\/a-igreja-perde-mais-um-sacerdote\/\"},\"author\":{\"name\":\"editor\",\"@id\":\"https:\/\/www.oarcanjo.net\/site\/#\/schema\/person\/f7024d007863202483a31326673a0838\"},\"headline\":\"A Igreja perde mais um sacerdote\",\"datePublished\":\"2009-09-29T01:33:37+00:00\",\"dateModified\":\"2009-10-01T01:50:54+00:00\",\"mainEntityOfPage\":{\"@id\":\"https:\/\/www.oarcanjo.net\/site\/a-igreja-perde-mais-um-sacerdote\/\"},\"wordCount\":371,\"commentCount\":2,\"publisher\":{\"@id\":\"https:\/\/www.oarcanjo.net\/site\/#organization\"},\"keywords\":[\"assassinato\",\"seguran\u00e7a\",\"viol\u00eancia\"],\"articleSection\":[\"Not\u00edcias\"],\"inLanguage\":\"pt-BR\",\"potentialAction\":[{\"@type\":\"CommentAction\",\"name\":\"Comment\",\"target\":[\"https:\/\/www.oarcanjo.net\/site\/a-igreja-perde-mais-um-sacerdote\/#respond\"]}]},{\"@type\":\"WebPage\",\"@id\":\"https:\/\/www.oarcanjo.net\/site\/a-igreja-perde-mais-um-sacerdote\/\",\"url\":\"https:\/\/www.oarcanjo.net\/site\/a-igreja-perde-mais-um-sacerdote\/\",\"name\":\"A Igreja perde mais um sacerdote - O Arcanjo no ar\",\"isPartOf\":{\"@id\":\"https:\/\/www.oarcanjo.net\/site\/#website\"},\"datePublished\":\"2009-09-29T01:33:37+00:00\",\"dateModified\":\"2009-10-01T01:50:54+00:00\",\"breadcrumb\":{\"@id\":\"https:\/\/www.oarcanjo.net\/site\/a-igreja-perde-mais-um-sacerdote\/#breadcrumb\"},\"inLanguage\":\"pt-BR\",\"potentialAction\":[{\"@type\":\"ReadAction\",\"target\":[\"https:\/\/www.oarcanjo.net\/site\/a-igreja-perde-mais-um-sacerdote\/\"]}]},{\"@type\":\"BreadcrumbList\",\"@id\":\"https:\/\/www.oarcanjo.net\/site\/a-igreja-perde-mais-um-sacerdote\/#breadcrumb\",\"itemListElement\":[{\"@type\":\"ListItem\",\"position\":1,\"name\":\"In\u00edcio\",\"item\":\"https:\/\/www.oarcanjo.net\/site\/\"},{\"@type\":\"ListItem\",\"position\":2,\"name\":\"A Igreja perde mais um sacerdote\"}]},{\"@type\":\"WebSite\",\"@id\":\"https:\/\/www.oarcanjo.net\/site\/#website\",\"url\":\"https:\/\/www.oarcanjo.net\/site\/\",\"name\":\"O Arcanjo no ar\",\"description\":\"Site da Par\u00f3quia S\u00e3o Miguel Arcanjo (Arquidiocese de SP)\",\"publisher\":{\"@id\":\"https:\/\/www.oarcanjo.net\/site\/#organization\"},\"potentialAction\":[{\"@type\":\"SearchAction\",\"target\":{\"@type\":\"EntryPoint\",\"urlTemplate\":\"https:\/\/www.oarcanjo.net\/site\/?s={search_term_string}\"},\"query-input\":{\"@type\":\"PropertyValueSpecification\",\"valueRequired\":true,\"valueName\":\"search_term_string\"}}],\"inLanguage\":\"pt-BR\"},{\"@type\":\"Organization\",\"@id\":\"https:\/\/www.oarcanjo.net\/site\/#organization\",\"name\":\"Par\u00f3quia S\u00e3o Miguel Arcanjo\",\"url\":\"https:\/\/www.oarcanjo.net\/site\/\",\"logo\":{\"@type\":\"ImageObject\",\"inLanguage\":\"pt-BR\",\"@id\":\"https:\/\/www.oarcanjo.net\/site\/#\/schema\/logo\/image\/\",\"url\":\"https:\/\/www.oarcanjo.net\/site\/wp-content\/uploads\/LogoOArcanjo.png\",\"contentUrl\":\"https:\/\/www.oarcanjo.net\/site\/wp-content\/uploads\/LogoOArcanjo.png\",\"width\":319,\"height\":99,\"caption\":\"Par\u00f3quia S\u00e3o Miguel Arcanjo\"},\"image\":{\"@id\":\"https:\/\/www.oarcanjo.net\/site\/#\/schema\/logo\/image\/\"},\"sameAs\":[\"https:\/\/www.facebook.com\/OArcanjoNoAr\/\"]},{\"@type\":\"Person\",\"@id\":\"https:\/\/www.oarcanjo.net\/site\/#\/schema\/person\/f7024d007863202483a31326673a0838\",\"name\":\"editor\",\"sameAs\":[\"http:\/\/www.oarcanjo.net\"]}]}<\/script>\n<!-- \/ Yoast SEO plugin. -->","yoast_head_json":{"title":"A Igreja perde mais um sacerdote - O Arcanjo no ar","robots":{"index":"index","follow":"follow","max-snippet":"max-snippet:-1","max-image-preview":"max-image-preview:large","max-video-preview":"max-video-preview:-1"},"canonical":"https:\/\/www.oarcanjo.net\/site\/a-igreja-perde-mais-um-sacerdote\/","og_locale":"pt_BR","og_type":"article","og_title":"A Igreja perde mais um sacerdote - O Arcanjo no ar","og_description":"O Pe. Evaldo Martiol, 33 anos, da diocese de Ca\u00e7ador, em Santa Catarina, foi assassinado por um jovem de 21 anos e um adolescente de 15. Ambos, tio e sobrinho, respectivamente. O sacerdote foi v\u00edtima de latroc\u00ednio, roubo seguido de morte, no s\u00e1bado, 26\/09. Ele voltava de uma capela e aproveitou para passar na casa [&hellip;]","og_url":"https:\/\/www.oarcanjo.net\/site\/a-igreja-perde-mais-um-sacerdote\/","og_site_name":"O Arcanjo no ar","article_publisher":"https:\/\/www.facebook.com\/OArcanjoNoAr\/","article_published_time":"2009-09-29T01:33:37+00:00","article_modified_time":"2009-10-01T01:50:54+00:00","og_image":[{"width":300,"height":300,"url":"https:\/\/www.oarcanjo.net\/site\/wp-content\/uploads\/logo-o-arcanjo-no-ar-facebook.png","type":"image\/png"}],"author":"editor","twitter_card":"summary_large_image","twitter_misc":{"Escrito por":"editor","Est. tempo de leitura":"2 minutos"},"schema":{"@context":"https:\/\/schema.org","@graph":[{"@type":"Article","@id":"https:\/\/www.oarcanjo.net\/site\/a-igreja-perde-mais-um-sacerdote\/#article","isPartOf":{"@id":"https:\/\/www.oarcanjo.net\/site\/a-igreja-perde-mais-um-sacerdote\/"},"author":{"name":"editor","@id":"https:\/\/www.oarcanjo.net\/site\/#\/schema\/person\/f7024d007863202483a31326673a0838"},"headline":"A Igreja perde mais um sacerdote","datePublished":"2009-09-29T01:33:37+00:00","dateModified":"2009-10-01T01:50:54+00:00","mainEntityOfPage":{"@id":"https:\/\/www.oarcanjo.net\/site\/a-igreja-perde-mais-um-sacerdote\/"},"wordCount":371,"commentCount":2,"publisher":{"@id":"https:\/\/www.oarcanjo.net\/site\/#organization"},"keywords":["assassinato","seguran\u00e7a","viol\u00eancia"],"articleSection":["Not\u00edcias"],"inLanguage":"pt-BR","potentialAction":[{"@type":"CommentAction","name":"Comment","target":["https:\/\/www.oarcanjo.net\/site\/a-igreja-perde-mais-um-sacerdote\/#respond"]}]},{"@type":"WebPage","@id":"https:\/\/www.oarcanjo.net\/site\/a-igreja-perde-mais-um-sacerdote\/","url":"https:\/\/www.oarcanjo.net\/site\/a-igreja-perde-mais-um-sacerdote\/","name":"A Igreja perde mais um sacerdote - O Arcanjo no ar","isPartOf":{"@id":"https:\/\/www.oarcanjo.net\/site\/#website"},"datePublished":"2009-09-29T01:33:37+00:00","dateModified":"2009-10-01T01:50:54+00:00","breadcrumb":{"@id":"https:\/\/www.oarcanjo.net\/site\/a-igreja-perde-mais-um-sacerdote\/#breadcrumb"},"inLanguage":"pt-BR","potentialAction":[{"@type":"ReadAction","target":["https:\/\/www.oarcanjo.net\/site\/a-igreja-perde-mais-um-sacerdote\/"]}]},{"@type":"BreadcrumbList","@id":"https:\/\/www.oarcanjo.net\/site\/a-igreja-perde-mais-um-sacerdote\/#breadcrumb","itemListElement":[{"@type":"ListItem","position":1,"name":"In\u00edcio","item":"https:\/\/www.oarcanjo.net\/site\/"},{"@type":"ListItem","position":2,"name":"A Igreja perde mais um sacerdote"}]},{"@type":"WebSite","@id":"https:\/\/www.oarcanjo.net\/site\/#website","url":"https:\/\/www.oarcanjo.net\/site\/","name":"O Arcanjo no ar","description":"Site da Par\u00f3quia S\u00e3o Miguel Arcanjo (Arquidiocese de SP)","publisher":{"@id":"https:\/\/www.oarcanjo.net\/site\/#organization"},"potentialAction":[{"@type":"SearchAction","target":{"@type":"EntryPoint","urlTemplate":"https:\/\/www.oarcanjo.net\/site\/?s={search_term_string}"},"query-input":{"@type":"PropertyValueSpecification","valueRequired":true,"valueName":"search_term_string"}}],"inLanguage":"pt-BR"},{"@type":"Organization","@id":"https:\/\/www.oarcanjo.net\/site\/#organization","name":"Par\u00f3quia S\u00e3o Miguel Arcanjo","url":"https:\/\/www.oarcanjo.net\/site\/","logo":{"@type":"ImageObject","inLanguage":"pt-BR","@id":"https:\/\/www.oarcanjo.net\/site\/#\/schema\/logo\/image\/","url":"https:\/\/www.oarcanjo.net\/site\/wp-content\/uploads\/LogoOArcanjo.png","contentUrl":"https:\/\/www.oarcanjo.net\/site\/wp-content\/uploads\/LogoOArcanjo.png","width":319,"height":99,"caption":"Par\u00f3quia S\u00e3o Miguel Arcanjo"},"image":{"@id":"https:\/\/www.oarcanjo.net\/site\/#\/schema\/logo\/image\/"},"sameAs":["https:\/\/www.facebook.com\/OArcanjoNoAr\/"]},{"@type":"Person","@id":"https:\/\/www.oarcanjo.net\/site\/#\/schema\/person\/f7024d007863202483a31326673a0838","name":"editor","sameAs":["http:\/\/www.oarcanjo.net"]}]}},"publishpress_future_action":{"enabled":false,"date":"2026-05-09 02:54:12","action":"category","newStatus":"draft","terms":[],"taxonomy":"category"},"publishpress_future_workflow_manual_trigger":{"enabledWorkflows":[]},"_links":{"self":[{"href":"https:\/\/www.oarcanjo.net\/site\/wp-json\/wp\/v2\/posts\/5461"}],"collection":[{"href":"https:\/\/www.oarcanjo.net\/site\/wp-json\/wp\/v2\/posts"}],"about":[{"href":"https:\/\/www.oarcanjo.net\/site\/wp-json\/wp\/v2\/types\/post"}],"author":[{"embeddable":true,"href":"https:\/\/www.oarcanjo.net\/site\/wp-json\/wp\/v2\/users\/5"}],"replies":[{"embeddable":true,"href":"https:\/\/www.oarcanjo.net\/site\/wp-json\/wp\/v2\/comments?post=5461"}],"version-history":[{"count":0,"href":"https:\/\/www.oarcanjo.net\/site\/wp-json\/wp\/v2\/posts\/5461\/revisions"}],"wp:attachment":[{"href":"https:\/\/www.oarcanjo.net\/site\/wp-json\/wp\/v2\/media?parent=5461"}],"wp:term":[{"taxonomy":"category","embeddable":true,"href":"https:\/\/www.oarcanjo.net\/site\/wp-json\/wp\/v2\/categories?post=5461"},{"taxonomy":"post_tag","embeddable":true,"href":"https:\/\/www.oarcanjo.net\/site\/wp-json\/wp\/v2\/tags?post=5461"}],"curies":[{"name":"wp","href":"https:\/\/api.w.org\/{rel}","templated":true}]}}