
{"id":5468,"date":"2009-09-29T23:30:20","date_gmt":"2009-09-30T02:30:20","guid":{"rendered":"http:\/\/www.oarcanjo.net\/site\/?p=5468"},"modified":"2009-09-30T23:23:11","modified_gmt":"2009-10-01T02:23:11","slug":"projeto-ficha-limpa-e-entregue-ao-presidente-da-camara","status":"publish","type":"post","link":"https:\/\/www.oarcanjo.net\/site\/projeto-ficha-limpa-e-entregue-ao-presidente-da-camara\/","title":{"rendered":"Projeto &#8220;Ficha Limpa&#8221; \u00e9 entregue ao presidente da C\u00e2mara"},"content":{"rendered":"<p>Ag\u00eancia Adital<\/p>\n<p>O Projeto de Lei de Iniciativa Popular que impede a candidatura de pessoas em d\u00e9bito com a justi\u00e7a entrou em nova fase ao ser entregue ao presidente da C\u00e2mara dos Deputados, Michel Temer. Ap\u00f3s receber 1,3 milh\u00e3o de assinaturas em apenas um ano e tr\u00eas meses, o projeto, mais conhecido como &#8220;Ficha Limpa&#8221;, segue agora para tramita\u00e7\u00e3o na C\u00e2mara. Um grupo de parlamentares j\u00e1 se articula com os integrantes do Movimento de Combate \u00e0 Corrup\u00e7\u00e3o Eleitoral (MCCE), respons\u00e1vel pela campanha juntamente com a Confer\u00eancia Nacional dos Bispos do Brasil (CNBB), para garantir o sucesso do projeto.<\/p>\n<p>&#8220;Tenho a alegria c\u00edvica de receber o povo deflagrando o processo de uma nova lei [de iniciativa popular]&#8221;, disse o presidente da C\u00e2mara ao receber pol\u00edticos, lideran\u00e7as do MCCE e populares que lotaram o Sal\u00e3o Verde do Congresso para o ato de entrega das assinaturas. &#8220;Isso \u00e9 demonstra\u00e7\u00e3o da democracia direta&#8221;, completou o deputado, recordando os dez anos da Lei 9.840, a primeira de iniciativa popular no pa\u00eds, comemorados este ano.<\/p>\n<p>O secret\u00e1rio da CNBB, dom Dimas Lara Barbosa, exaltou o trabalho do MCCE e dos volunt\u00e1rios que trabalharam na coleta das assinaturas. Ele tamb\u00e9m lembrou os dez anos da Lei 9.840. &#8220;Estamos pedindo \u00e9tica na pol\u00edtica e no trato com a coisa p\u00fablica&#8221;, disse o secret\u00e1rio.<\/p>\n<p>No Sal\u00e3o Verde da C\u00e2mara, carrinhos com pilhas de formul\u00e1rios com as assinaturas da Campanha Ficha Limpa davam a dimens\u00e3o do trabalho do MCCE. Um grupo de crian\u00e7as ficou todo o tempo ao lado dos formul\u00e1rios. &#8220;As crian\u00e7as s\u00e3o o hoje do nosso pa\u00eds. Esperamos que elas tenham, dos que se candidatam, o exemplo e a dedica\u00e7\u00e3o ao bem comum&#8221;, sublinhou dom Dimas. Ao final, as crian\u00e7as cantaram o Hino Nacional.<\/p>\n<p>O que todos se perguntam agora \u00e9 se o projeto caminhar\u00e1 no Congresso e se ser\u00e1 aprovado a tempo de ser aplicado nas pr\u00f3ximas elei\u00e7\u00f5es. O primeiro projeto de lei de iniciativa popular foi aprovado em tempo recorde de 35 dias, quando o mesmo Michel Temer era presidente da C\u00e2mara. &#8220;Espero que este projeto tenha a mesma tramita\u00e7\u00e3o [do primeiro projeto de lei de iniciativa popular]. Espero que, em pouqu\u00edssimo tempo, tenhamos aqui uma nova reuni\u00e3o para comemorar o sucesso do projeto&#8221;, observou Temer.<\/p>\n<p>Segundo Temer, o projeto entregue \u00e0 C\u00e2mara ser\u00e1 apreciado pelo Congresso &#8220;que ter\u00e1 liberdade de sugerir mudan\u00e7as&#8221;. &#8220;Tamb\u00e9m queremos participar do processo de elabora\u00e7\u00e3o da lei&#8221;, destacou.<\/p>\n<div id=\"themify_builder_content-5468\" data-postid=\"5468\" class=\"themify_builder_content themify_builder_content-5468 themify_builder themify_builder_front\">\n\t<\/div>\n<!-- \/themify_builder_content -->","protected":false},"excerpt":{"rendered":"<p>Ag\u00eancia Adital O Projeto de Lei de Iniciativa Popular que impede a candidatura de pessoas em d\u00e9bito com a justi\u00e7a entrou em nova fase ao ser entregue ao presidente da C\u00e2mara dos Deputados, Michel Temer. Ap\u00f3s receber 1,3 milh\u00e3o de assinaturas em apenas um ano e tr\u00eas meses, o projeto, mais conhecido como &#8220;Ficha Limpa&#8221;, [&hellip;]<\/p>\n","protected":false},"author":5,"featured_media":0,"comment_status":"open","ping_status":"open","sticky":false,"template":"","format":"standard","meta":{"ngg_post_thumbnail":0,"footnotes":""},"categories":[8],"tags":[],"yoast_head":"<!-- This site is optimized with the Yoast SEO plugin v23.5 - https:\/\/yoast.com\/wordpress\/plugins\/seo\/ -->\n<title>Projeto &quot;Ficha Limpa&quot; \u00e9 entregue ao presidente da C\u00e2mara - O Arcanjo no ar<\/title>\n<meta name=\"robots\" content=\"index, follow, max-snippet:-1, max-image-preview:large, max-video-preview:-1\" \/>\n<link rel=\"canonical\" href=\"https:\/\/www.oarcanjo.net\/site\/projeto-ficha-limpa-e-entregue-ao-presidente-da-camara\/\" \/>\n<meta property=\"og:locale\" content=\"pt_BR\" \/>\n<meta property=\"og:type\" content=\"article\" \/>\n<meta property=\"og:title\" content=\"Projeto &quot;Ficha Limpa&quot; \u00e9 entregue ao presidente da C\u00e2mara - O Arcanjo no ar\" \/>\n<meta property=\"og:description\" content=\"Ag\u00eancia Adital O Projeto de Lei de Iniciativa Popular que impede a candidatura de pessoas em d\u00e9bito com a justi\u00e7a entrou em nova fase ao ser entregue ao presidente da C\u00e2mara dos Deputados, Michel Temer. Ap\u00f3s receber 1,3 milh\u00e3o de assinaturas em apenas um ano e tr\u00eas meses, o projeto, mais conhecido como &#8220;Ficha Limpa&#8221;, [&hellip;]\" \/>\n<meta property=\"og:url\" content=\"https:\/\/www.oarcanjo.net\/site\/projeto-ficha-limpa-e-entregue-ao-presidente-da-camara\/\" \/>\n<meta property=\"og:site_name\" content=\"O Arcanjo no ar\" \/>\n<meta property=\"article:publisher\" content=\"https:\/\/www.facebook.com\/OArcanjoNoAr\/\" \/>\n<meta property=\"article:published_time\" content=\"2009-09-30T02:30:20+00:00\" \/>\n<meta property=\"article:modified_time\" content=\"2009-10-01T02:23:11+00:00\" \/>\n<meta property=\"og:image\" content=\"https:\/\/www.oarcanjo.net\/site\/wp-content\/uploads\/logo-o-arcanjo-no-ar-facebook.png\" \/>\n\t<meta property=\"og:image:width\" content=\"300\" \/>\n\t<meta property=\"og:image:height\" content=\"300\" \/>\n\t<meta property=\"og:image:type\" content=\"image\/png\" \/>\n<meta name=\"author\" content=\"editor\" \/>\n<meta name=\"twitter:card\" content=\"summary_large_image\" \/>\n<meta name=\"twitter:label1\" content=\"Escrito por\" \/>\n\t<meta name=\"twitter:data1\" content=\"editor\" \/>\n\t<meta name=\"twitter:label2\" content=\"Est. tempo de leitura\" \/>\n\t<meta name=\"twitter:data2\" content=\"2 minutos\" \/>\n<script type=\"application\/ld+json\" class=\"yoast-schema-graph\">{\"@context\":\"https:\/\/schema.org\",\"@graph\":[{\"@type\":\"Article\",\"@id\":\"https:\/\/www.oarcanjo.net\/site\/projeto-ficha-limpa-e-entregue-ao-presidente-da-camara\/#article\",\"isPartOf\":{\"@id\":\"https:\/\/www.oarcanjo.net\/site\/projeto-ficha-limpa-e-entregue-ao-presidente-da-camara\/\"},\"author\":{\"name\":\"editor\",\"@id\":\"https:\/\/www.oarcanjo.net\/site\/#\/schema\/person\/f7024d007863202483a31326673a0838\"},\"headline\":\"Projeto &#8220;Ficha Limpa&#8221; \u00e9 entregue ao presidente da C\u00e2mara\",\"datePublished\":\"2009-09-30T02:30:20+00:00\",\"dateModified\":\"2009-10-01T02:23:11+00:00\",\"mainEntityOfPage\":{\"@id\":\"https:\/\/www.oarcanjo.net\/site\/projeto-ficha-limpa-e-entregue-ao-presidente-da-camara\/\"},\"wordCount\":444,\"commentCount\":0,\"publisher\":{\"@id\":\"https:\/\/www.oarcanjo.net\/site\/#organization\"},\"articleSection\":[\"Not\u00edcias\"],\"inLanguage\":\"pt-BR\",\"potentialAction\":[{\"@type\":\"CommentAction\",\"name\":\"Comment\",\"target\":[\"https:\/\/www.oarcanjo.net\/site\/projeto-ficha-limpa-e-entregue-ao-presidente-da-camara\/#respond\"]}]},{\"@type\":\"WebPage\",\"@id\":\"https:\/\/www.oarcanjo.net\/site\/projeto-ficha-limpa-e-entregue-ao-presidente-da-camara\/\",\"url\":\"https:\/\/www.oarcanjo.net\/site\/projeto-ficha-limpa-e-entregue-ao-presidente-da-camara\/\",\"name\":\"Projeto \\\"Ficha Limpa\\\" \u00e9 entregue ao presidente da C\u00e2mara - O Arcanjo no ar\",\"isPartOf\":{\"@id\":\"https:\/\/www.oarcanjo.net\/site\/#website\"},\"datePublished\":\"2009-09-30T02:30:20+00:00\",\"dateModified\":\"2009-10-01T02:23:11+00:00\",\"breadcrumb\":{\"@id\":\"https:\/\/www.oarcanjo.net\/site\/projeto-ficha-limpa-e-entregue-ao-presidente-da-camara\/#breadcrumb\"},\"inLanguage\":\"pt-BR\",\"potentialAction\":[{\"@type\":\"ReadAction\",\"target\":[\"https:\/\/www.oarcanjo.net\/site\/projeto-ficha-limpa-e-entregue-ao-presidente-da-camara\/\"]}]},{\"@type\":\"BreadcrumbList\",\"@id\":\"https:\/\/www.oarcanjo.net\/site\/projeto-ficha-limpa-e-entregue-ao-presidente-da-camara\/#breadcrumb\",\"itemListElement\":[{\"@type\":\"ListItem\",\"position\":1,\"name\":\"In\u00edcio\",\"item\":\"https:\/\/www.oarcanjo.net\/site\/\"},{\"@type\":\"ListItem\",\"position\":2,\"name\":\"Projeto &#8220;Ficha Limpa&#8221; \u00e9 entregue ao presidente da C\u00e2mara\"}]},{\"@type\":\"WebSite\",\"@id\":\"https:\/\/www.oarcanjo.net\/site\/#website\",\"url\":\"https:\/\/www.oarcanjo.net\/site\/\",\"name\":\"O Arcanjo no ar\",\"description\":\"Site da Par\u00f3quia S\u00e3o Miguel Arcanjo (Arquidiocese de SP)\",\"publisher\":{\"@id\":\"https:\/\/www.oarcanjo.net\/site\/#organization\"},\"potentialAction\":[{\"@type\":\"SearchAction\",\"target\":{\"@type\":\"EntryPoint\",\"urlTemplate\":\"https:\/\/www.oarcanjo.net\/site\/?s={search_term_string}\"},\"query-input\":{\"@type\":\"PropertyValueSpecification\",\"valueRequired\":true,\"valueName\":\"search_term_string\"}}],\"inLanguage\":\"pt-BR\"},{\"@type\":\"Organization\",\"@id\":\"https:\/\/www.oarcanjo.net\/site\/#organization\",\"name\":\"Par\u00f3quia S\u00e3o Miguel Arcanjo\",\"url\":\"https:\/\/www.oarcanjo.net\/site\/\",\"logo\":{\"@type\":\"ImageObject\",\"inLanguage\":\"pt-BR\",\"@id\":\"https:\/\/www.oarcanjo.net\/site\/#\/schema\/logo\/image\/\",\"url\":\"https:\/\/www.oarcanjo.net\/site\/wp-content\/uploads\/LogoOArcanjo.png\",\"contentUrl\":\"https:\/\/www.oarcanjo.net\/site\/wp-content\/uploads\/LogoOArcanjo.png\",\"width\":319,\"height\":99,\"caption\":\"Par\u00f3quia S\u00e3o Miguel Arcanjo\"},\"image\":{\"@id\":\"https:\/\/www.oarcanjo.net\/site\/#\/schema\/logo\/image\/\"},\"sameAs\":[\"https:\/\/www.facebook.com\/OArcanjoNoAr\/\"]},{\"@type\":\"Person\",\"@id\":\"https:\/\/www.oarcanjo.net\/site\/#\/schema\/person\/f7024d007863202483a31326673a0838\",\"name\":\"editor\",\"sameAs\":[\"http:\/\/www.oarcanjo.net\"]}]}<\/script>\n<!-- \/ Yoast SEO plugin. -->","yoast_head_json":{"title":"Projeto \"Ficha Limpa\" \u00e9 entregue ao presidente da C\u00e2mara - O Arcanjo no ar","robots":{"index":"index","follow":"follow","max-snippet":"max-snippet:-1","max-image-preview":"max-image-preview:large","max-video-preview":"max-video-preview:-1"},"canonical":"https:\/\/www.oarcanjo.net\/site\/projeto-ficha-limpa-e-entregue-ao-presidente-da-camara\/","og_locale":"pt_BR","og_type":"article","og_title":"Projeto \"Ficha Limpa\" \u00e9 entregue ao presidente da C\u00e2mara - O Arcanjo no ar","og_description":"Ag\u00eancia Adital O Projeto de Lei de Iniciativa Popular que impede a candidatura de pessoas em d\u00e9bito com a justi\u00e7a entrou em nova fase ao ser entregue ao presidente da C\u00e2mara dos Deputados, Michel Temer. Ap\u00f3s receber 1,3 milh\u00e3o de assinaturas em apenas um ano e tr\u00eas meses, o projeto, mais conhecido como &#8220;Ficha Limpa&#8221;, [&hellip;]","og_url":"https:\/\/www.oarcanjo.net\/site\/projeto-ficha-limpa-e-entregue-ao-presidente-da-camara\/","og_site_name":"O Arcanjo no ar","article_publisher":"https:\/\/www.facebook.com\/OArcanjoNoAr\/","article_published_time":"2009-09-30T02:30:20+00:00","article_modified_time":"2009-10-01T02:23:11+00:00","og_image":[{"width":300,"height":300,"url":"https:\/\/www.oarcanjo.net\/site\/wp-content\/uploads\/logo-o-arcanjo-no-ar-facebook.png","type":"image\/png"}],"author":"editor","twitter_card":"summary_large_image","twitter_misc":{"Escrito por":"editor","Est. tempo de leitura":"2 minutos"},"schema":{"@context":"https:\/\/schema.org","@graph":[{"@type":"Article","@id":"https:\/\/www.oarcanjo.net\/site\/projeto-ficha-limpa-e-entregue-ao-presidente-da-camara\/#article","isPartOf":{"@id":"https:\/\/www.oarcanjo.net\/site\/projeto-ficha-limpa-e-entregue-ao-presidente-da-camara\/"},"author":{"name":"editor","@id":"https:\/\/www.oarcanjo.net\/site\/#\/schema\/person\/f7024d007863202483a31326673a0838"},"headline":"Projeto &#8220;Ficha Limpa&#8221; \u00e9 entregue ao presidente da C\u00e2mara","datePublished":"2009-09-30T02:30:20+00:00","dateModified":"2009-10-01T02:23:11+00:00","mainEntityOfPage":{"@id":"https:\/\/www.oarcanjo.net\/site\/projeto-ficha-limpa-e-entregue-ao-presidente-da-camara\/"},"wordCount":444,"commentCount":0,"publisher":{"@id":"https:\/\/www.oarcanjo.net\/site\/#organization"},"articleSection":["Not\u00edcias"],"inLanguage":"pt-BR","potentialAction":[{"@type":"CommentAction","name":"Comment","target":["https:\/\/www.oarcanjo.net\/site\/projeto-ficha-limpa-e-entregue-ao-presidente-da-camara\/#respond"]}]},{"@type":"WebPage","@id":"https:\/\/www.oarcanjo.net\/site\/projeto-ficha-limpa-e-entregue-ao-presidente-da-camara\/","url":"https:\/\/www.oarcanjo.net\/site\/projeto-ficha-limpa-e-entregue-ao-presidente-da-camara\/","name":"Projeto \"Ficha Limpa\" \u00e9 entregue ao presidente da C\u00e2mara - O Arcanjo no ar","isPartOf":{"@id":"https:\/\/www.oarcanjo.net\/site\/#website"},"datePublished":"2009-09-30T02:30:20+00:00","dateModified":"2009-10-01T02:23:11+00:00","breadcrumb":{"@id":"https:\/\/www.oarcanjo.net\/site\/projeto-ficha-limpa-e-entregue-ao-presidente-da-camara\/#breadcrumb"},"inLanguage":"pt-BR","potentialAction":[{"@type":"ReadAction","target":["https:\/\/www.oarcanjo.net\/site\/projeto-ficha-limpa-e-entregue-ao-presidente-da-camara\/"]}]},{"@type":"BreadcrumbList","@id":"https:\/\/www.oarcanjo.net\/site\/projeto-ficha-limpa-e-entregue-ao-presidente-da-camara\/#breadcrumb","itemListElement":[{"@type":"ListItem","position":1,"name":"In\u00edcio","item":"https:\/\/www.oarcanjo.net\/site\/"},{"@type":"ListItem","position":2,"name":"Projeto &#8220;Ficha Limpa&#8221; \u00e9 entregue ao presidente da C\u00e2mara"}]},{"@type":"WebSite","@id":"https:\/\/www.oarcanjo.net\/site\/#website","url":"https:\/\/www.oarcanjo.net\/site\/","name":"O Arcanjo no ar","description":"Site da Par\u00f3quia S\u00e3o Miguel Arcanjo (Arquidiocese de SP)","publisher":{"@id":"https:\/\/www.oarcanjo.net\/site\/#organization"},"potentialAction":[{"@type":"SearchAction","target":{"@type":"EntryPoint","urlTemplate":"https:\/\/www.oarcanjo.net\/site\/?s={search_term_string}"},"query-input":{"@type":"PropertyValueSpecification","valueRequired":true,"valueName":"search_term_string"}}],"inLanguage":"pt-BR"},{"@type":"Organization","@id":"https:\/\/www.oarcanjo.net\/site\/#organization","name":"Par\u00f3quia S\u00e3o Miguel Arcanjo","url":"https:\/\/www.oarcanjo.net\/site\/","logo":{"@type":"ImageObject","inLanguage":"pt-BR","@id":"https:\/\/www.oarcanjo.net\/site\/#\/schema\/logo\/image\/","url":"https:\/\/www.oarcanjo.net\/site\/wp-content\/uploads\/LogoOArcanjo.png","contentUrl":"https:\/\/www.oarcanjo.net\/site\/wp-content\/uploads\/LogoOArcanjo.png","width":319,"height":99,"caption":"Par\u00f3quia S\u00e3o Miguel Arcanjo"},"image":{"@id":"https:\/\/www.oarcanjo.net\/site\/#\/schema\/logo\/image\/"},"sameAs":["https:\/\/www.facebook.com\/OArcanjoNoAr\/"]},{"@type":"Person","@id":"https:\/\/www.oarcanjo.net\/site\/#\/schema\/person\/f7024d007863202483a31326673a0838","name":"editor","sameAs":["http:\/\/www.oarcanjo.net"]}]}},"publishpress_future_action":{"enabled":false,"date":"2026-05-09 03:03:48","action":"category","newStatus":"draft","terms":[],"taxonomy":"category"},"publishpress_future_workflow_manual_trigger":{"enabledWorkflows":[]},"_links":{"self":[{"href":"https:\/\/www.oarcanjo.net\/site\/wp-json\/wp\/v2\/posts\/5468"}],"collection":[{"href":"https:\/\/www.oarcanjo.net\/site\/wp-json\/wp\/v2\/posts"}],"about":[{"href":"https:\/\/www.oarcanjo.net\/site\/wp-json\/wp\/v2\/types\/post"}],"author":[{"embeddable":true,"href":"https:\/\/www.oarcanjo.net\/site\/wp-json\/wp\/v2\/users\/5"}],"replies":[{"embeddable":true,"href":"https:\/\/www.oarcanjo.net\/site\/wp-json\/wp\/v2\/comments?post=5468"}],"version-history":[{"count":0,"href":"https:\/\/www.oarcanjo.net\/site\/wp-json\/wp\/v2\/posts\/5468\/revisions"}],"wp:attachment":[{"href":"https:\/\/www.oarcanjo.net\/site\/wp-json\/wp\/v2\/media?parent=5468"}],"wp:term":[{"taxonomy":"category","embeddable":true,"href":"https:\/\/www.oarcanjo.net\/site\/wp-json\/wp\/v2\/categories?post=5468"},{"taxonomy":"post_tag","embeddable":true,"href":"https:\/\/www.oarcanjo.net\/site\/wp-json\/wp\/v2\/tags?post=5468"}],"curies":[{"name":"wp","href":"https:\/\/api.w.org\/{rel}","templated":true}]}}