
{"id":5508,"date":"2009-10-03T18:34:05","date_gmt":"2009-10-03T21:34:05","guid":{"rendered":"http:\/\/www.oarcanjo.net\/site\/?p=5508"},"modified":"2009-10-15T18:34:08","modified_gmt":"2009-10-15T21:34:08","slug":"o-dia-das-criancas-esta-chegando","status":"publish","type":"post","link":"https:\/\/www.oarcanjo.net\/site\/o-dia-das-criancas-esta-chegando\/","title":{"rendered":"O dia das crian\u00e7as chegou !!!E o de Nossa padroeira tamb\u00e9m !!!"},"content":{"rendered":"<p>O dia das crian\u00e7as e o\u00a0de Nossa\u00a0Aparecida que \u00e9 dia 12 de outubro est\u00e1 chegou como passa r\u00e1pido parecia ontem que o ano estava come\u00e7ando.\u00a0Bom este dia \u00e9 muito especial afinal \u00e9 o dia de nossas crian\u00e7as de Nossa Senhora Aparecida e tamb\u00e9m para quem n\u00e3o mais crian\u00e7a pois nunca perdemos nossa crian\u00e7a dentro de n\u00f3s basta querer ainda ter dentro de si.Bom para uma crian\u00e7a ficar feliz n\u00e3o basta s\u00f3 dar presentes tem que dar amor ,ensinar o que \u00e9 certo e errado ,falar de Deus ,ensinar a ter educa\u00e7\u00e3o afinal elas s\u00e3o o\u00a0 futuro de nosso pa\u00eds ,do mundo.S\u00e3o elas que poderam mudar este nosso mundo e claro os jovens de agora e as pessoas.\u00a0E neste dia que \u00e9 o dia da nossa padroeira que protege nossa crian\u00e7as e todos.Bom que todos tenham um \u00f3timo dia das crian\u00e7as.<\/p>\n<p><img loading=\"lazy\" decoding=\"async\" class=\"aligncenter size-medium wp-image-5676\" src=\"http:\/\/www.oarcanjo.net\/site\/wp-content\/uploads\/b26f53194848e47c7d30c2c7ae21597f-256x300.jpg\" alt=\"\" width=\"256\" height=\"300\" srcset=\"https:\/\/www.oarcanjo.net\/site\/wp-content\/uploads\/b26f53194848e47c7d30c2c7ae21597f-256x300.jpg 256w, https:\/\/www.oarcanjo.net\/site\/wp-content\/uploads\/b26f53194848e47c7d30c2c7ae21597f.jpg 410w\" sizes=\"(max-width: 256px) 100vw, 256px\" \/><\/p>\n<p>\u00a0<\/p>\n<p><img loading=\"lazy\" decoding=\"async\" class=\"aligncenter size-medium wp-image-5674\" src=\"http:\/\/www.oarcanjo.net\/site\/wp-content\/uploads\/catequese3-300x225.jpg\" alt=\"\" width=\"300\" height=\"225\" srcset=\"https:\/\/www.oarcanjo.net\/site\/wp-content\/uploads\/catequese3-300x225.jpg 300w, https:\/\/www.oarcanjo.net\/site\/wp-content\/uploads\/catequese3.jpg 400w\" sizes=\"(max-width: 300px) 100vw, 300px\" \/><\/p>\n<p>\u00a0<\/p>\n<p>\u00a0<\/p>\n<p>\u00a0<\/p>\n<p><img loading=\"lazy\" decoding=\"async\" class=\"aligncenter size-medium wp-image-5509\" src=\"http:\/\/www.oarcanjo.net\/site\/wp-content\/uploads\/322-300x253.jpg\" alt=\"\" width=\"300\" height=\"253\" srcset=\"https:\/\/www.oarcanjo.net\/site\/wp-content\/uploads\/322-300x253.jpg 300w, https:\/\/www.oarcanjo.net\/site\/wp-content\/uploads\/322.jpg 341w\" sizes=\"(max-width: 300px) 100vw, 300px\" \/><\/p>\n<div id=\"themify_builder_content-5508\" data-postid=\"5508\" class=\"themify_builder_content themify_builder_content-5508 themify_builder themify_builder_front\">\n\t<\/div>\n<!-- \/themify_builder_content -->","protected":false},"excerpt":{"rendered":"<p>O dia das crian\u00e7as e o\u00a0de Nossa\u00a0Aparecida que \u00e9 dia 12 de outubro est\u00e1 chegou como passa r\u00e1pido parecia ontem que o ano estava come\u00e7ando.\u00a0Bom este dia \u00e9 muito especial afinal \u00e9 o dia de nossas crian\u00e7as de Nossa Senhora Aparecida e tamb\u00e9m para quem n\u00e3o mais crian\u00e7a pois nunca perdemos nossa crian\u00e7a dentro de [&hellip;]<\/p>\n","protected":false},"author":12,"featured_media":0,"comment_status":"open","ping_status":"open","sticky":false,"template":"","format":"standard","meta":{"ngg_post_thumbnail":0,"footnotes":""},"categories":[395],"tags":[],"yoast_head":"<!-- This site is optimized with the Yoast SEO plugin v23.5 - https:\/\/yoast.com\/wordpress\/plugins\/seo\/ -->\n<title>O dia das crian\u00e7as chegou !!!E o de Nossa padroeira tamb\u00e9m !!! - O Arcanjo no ar<\/title>\n<meta name=\"robots\" content=\"index, follow, max-snippet:-1, max-image-preview:large, max-video-preview:-1\" \/>\n<link rel=\"canonical\" href=\"https:\/\/www.oarcanjo.net\/site\/o-dia-das-criancas-esta-chegando\/\" \/>\n<meta property=\"og:locale\" content=\"pt_BR\" \/>\n<meta property=\"og:type\" content=\"article\" \/>\n<meta property=\"og:title\" content=\"O dia das crian\u00e7as chegou !!!E o de Nossa padroeira tamb\u00e9m !!! - O Arcanjo no ar\" \/>\n<meta property=\"og:description\" content=\"O dia das crian\u00e7as e o\u00a0de Nossa\u00a0Aparecida que \u00e9 dia 12 de outubro est\u00e1 chegou como passa r\u00e1pido parecia ontem que o ano estava come\u00e7ando.\u00a0Bom este dia \u00e9 muito especial afinal \u00e9 o dia de nossas crian\u00e7as de Nossa Senhora Aparecida e tamb\u00e9m para quem n\u00e3o mais crian\u00e7a pois nunca perdemos nossa crian\u00e7a dentro de [&hellip;]\" \/>\n<meta property=\"og:url\" content=\"https:\/\/www.oarcanjo.net\/site\/o-dia-das-criancas-esta-chegando\/\" \/>\n<meta property=\"og:site_name\" content=\"O Arcanjo no ar\" \/>\n<meta property=\"article:publisher\" content=\"https:\/\/www.facebook.com\/OArcanjoNoAr\/\" \/>\n<meta property=\"article:published_time\" content=\"2009-10-03T21:34:05+00:00\" \/>\n<meta property=\"article:modified_time\" content=\"2009-10-15T21:34:08+00:00\" \/>\n<meta property=\"og:image\" content=\"http:\/\/www.oarcanjo.net\/site\/wp-content\/uploads\/b26f53194848e47c7d30c2c7ae21597f-256x300.jpg\" \/>\n<meta name=\"author\" content=\"mariana\" \/>\n<meta name=\"twitter:card\" content=\"summary_large_image\" \/>\n<meta name=\"twitter:label1\" content=\"Escrito por\" \/>\n\t<meta name=\"twitter:data1\" content=\"mariana\" \/>\n\t<meta name=\"twitter:label2\" content=\"Est. tempo de leitura\" \/>\n\t<meta name=\"twitter:data2\" content=\"1 minuto\" \/>\n<script type=\"application\/ld+json\" class=\"yoast-schema-graph\">{\"@context\":\"https:\/\/schema.org\",\"@graph\":[{\"@type\":\"Article\",\"@id\":\"https:\/\/www.oarcanjo.net\/site\/o-dia-das-criancas-esta-chegando\/#article\",\"isPartOf\":{\"@id\":\"https:\/\/www.oarcanjo.net\/site\/o-dia-das-criancas-esta-chegando\/\"},\"author\":{\"name\":\"mariana\",\"@id\":\"https:\/\/www.oarcanjo.net\/site\/#\/schema\/person\/e54a5c62347067e278a5d0cf64f6a6e6\"},\"headline\":\"O dia das crian\u00e7as chegou !!!E o de Nossa padroeira tamb\u00e9m !!!\",\"datePublished\":\"2009-10-03T21:34:05+00:00\",\"dateModified\":\"2009-10-15T21:34:08+00:00\",\"mainEntityOfPage\":{\"@id\":\"https:\/\/www.oarcanjo.net\/site\/o-dia-das-criancas-esta-chegando\/\"},\"wordCount\":171,\"commentCount\":0,\"publisher\":{\"@id\":\"https:\/\/www.oarcanjo.net\/site\/#organization\"},\"image\":{\"@id\":\"https:\/\/www.oarcanjo.net\/site\/o-dia-das-criancas-esta-chegando\/#primaryimage\"},\"thumbnailUrl\":\"http:\/\/www.oarcanjo.net\/site\/wp-content\/uploads\/b26f53194848e47c7d30c2c7ae21597f-256x300.jpg\",\"articleSection\":[\"Jovens\"],\"inLanguage\":\"pt-BR\",\"potentialAction\":[{\"@type\":\"CommentAction\",\"name\":\"Comment\",\"target\":[\"https:\/\/www.oarcanjo.net\/site\/o-dia-das-criancas-esta-chegando\/#respond\"]}]},{\"@type\":\"WebPage\",\"@id\":\"https:\/\/www.oarcanjo.net\/site\/o-dia-das-criancas-esta-chegando\/\",\"url\":\"https:\/\/www.oarcanjo.net\/site\/o-dia-das-criancas-esta-chegando\/\",\"name\":\"O dia das crian\u00e7as chegou !!!E o de Nossa padroeira tamb\u00e9m !!! - O Arcanjo no ar\",\"isPartOf\":{\"@id\":\"https:\/\/www.oarcanjo.net\/site\/#website\"},\"primaryImageOfPage\":{\"@id\":\"https:\/\/www.oarcanjo.net\/site\/o-dia-das-criancas-esta-chegando\/#primaryimage\"},\"image\":{\"@id\":\"https:\/\/www.oarcanjo.net\/site\/o-dia-das-criancas-esta-chegando\/#primaryimage\"},\"thumbnailUrl\":\"http:\/\/www.oarcanjo.net\/site\/wp-content\/uploads\/b26f53194848e47c7d30c2c7ae21597f-256x300.jpg\",\"datePublished\":\"2009-10-03T21:34:05+00:00\",\"dateModified\":\"2009-10-15T21:34:08+00:00\",\"breadcrumb\":{\"@id\":\"https:\/\/www.oarcanjo.net\/site\/o-dia-das-criancas-esta-chegando\/#breadcrumb\"},\"inLanguage\":\"pt-BR\",\"potentialAction\":[{\"@type\":\"ReadAction\",\"target\":[\"https:\/\/www.oarcanjo.net\/site\/o-dia-das-criancas-esta-chegando\/\"]}]},{\"@type\":\"ImageObject\",\"inLanguage\":\"pt-BR\",\"@id\":\"https:\/\/www.oarcanjo.net\/site\/o-dia-das-criancas-esta-chegando\/#primaryimage\",\"url\":\"https:\/\/www.oarcanjo.net\/site\/wp-content\/uploads\/b26f53194848e47c7d30c2c7ae21597f.jpg\",\"contentUrl\":\"https:\/\/www.oarcanjo.net\/site\/wp-content\/uploads\/b26f53194848e47c7d30c2c7ae21597f.jpg\",\"width\":\"410\",\"height\":\"480\"},{\"@type\":\"BreadcrumbList\",\"@id\":\"https:\/\/www.oarcanjo.net\/site\/o-dia-das-criancas-esta-chegando\/#breadcrumb\",\"itemListElement\":[{\"@type\":\"ListItem\",\"position\":1,\"name\":\"In\u00edcio\",\"item\":\"https:\/\/www.oarcanjo.net\/site\/\"},{\"@type\":\"ListItem\",\"position\":2,\"name\":\"O dia das crian\u00e7as chegou !!!E o de Nossa padroeira tamb\u00e9m !!!\"}]},{\"@type\":\"WebSite\",\"@id\":\"https:\/\/www.oarcanjo.net\/site\/#website\",\"url\":\"https:\/\/www.oarcanjo.net\/site\/\",\"name\":\"O Arcanjo no ar\",\"description\":\"Site da Par\u00f3quia S\u00e3o Miguel Arcanjo (Arquidiocese de SP)\",\"publisher\":{\"@id\":\"https:\/\/www.oarcanjo.net\/site\/#organization\"},\"potentialAction\":[{\"@type\":\"SearchAction\",\"target\":{\"@type\":\"EntryPoint\",\"urlTemplate\":\"https:\/\/www.oarcanjo.net\/site\/?s={search_term_string}\"},\"query-input\":{\"@type\":\"PropertyValueSpecification\",\"valueRequired\":true,\"valueName\":\"search_term_string\"}}],\"inLanguage\":\"pt-BR\"},{\"@type\":\"Organization\",\"@id\":\"https:\/\/www.oarcanjo.net\/site\/#organization\",\"name\":\"Par\u00f3quia S\u00e3o Miguel Arcanjo\",\"url\":\"https:\/\/www.oarcanjo.net\/site\/\",\"logo\":{\"@type\":\"ImageObject\",\"inLanguage\":\"pt-BR\",\"@id\":\"https:\/\/www.oarcanjo.net\/site\/#\/schema\/logo\/image\/\",\"url\":\"https:\/\/www.oarcanjo.net\/site\/wp-content\/uploads\/LogoOArcanjo.png\",\"contentUrl\":\"https:\/\/www.oarcanjo.net\/site\/wp-content\/uploads\/LogoOArcanjo.png\",\"width\":319,\"height\":99,\"caption\":\"Par\u00f3quia S\u00e3o Miguel Arcanjo\"},\"image\":{\"@id\":\"https:\/\/www.oarcanjo.net\/site\/#\/schema\/logo\/image\/\"},\"sameAs\":[\"https:\/\/www.facebook.com\/OArcanjoNoAr\/\"]},{\"@type\":\"Person\",\"@id\":\"https:\/\/www.oarcanjo.net\/site\/#\/schema\/person\/e54a5c62347067e278a5d0cf64f6a6e6\",\"name\":\"mariana\"}]}<\/script>\n<!-- \/ Yoast SEO plugin. -->","yoast_head_json":{"title":"O dia das crian\u00e7as chegou !!!E o de Nossa padroeira tamb\u00e9m !!! - O Arcanjo no ar","robots":{"index":"index","follow":"follow","max-snippet":"max-snippet:-1","max-image-preview":"max-image-preview:large","max-video-preview":"max-video-preview:-1"},"canonical":"https:\/\/www.oarcanjo.net\/site\/o-dia-das-criancas-esta-chegando\/","og_locale":"pt_BR","og_type":"article","og_title":"O dia das crian\u00e7as chegou !!!E o de Nossa padroeira tamb\u00e9m !!! - O Arcanjo no ar","og_description":"O dia das crian\u00e7as e o\u00a0de Nossa\u00a0Aparecida que \u00e9 dia 12 de outubro est\u00e1 chegou como passa r\u00e1pido parecia ontem que o ano estava come\u00e7ando.\u00a0Bom este dia \u00e9 muito especial afinal \u00e9 o dia de nossas crian\u00e7as de Nossa Senhora Aparecida e tamb\u00e9m para quem n\u00e3o mais crian\u00e7a pois nunca perdemos nossa crian\u00e7a dentro de [&hellip;]","og_url":"https:\/\/www.oarcanjo.net\/site\/o-dia-das-criancas-esta-chegando\/","og_site_name":"O Arcanjo no ar","article_publisher":"https:\/\/www.facebook.com\/OArcanjoNoAr\/","article_published_time":"2009-10-03T21:34:05+00:00","article_modified_time":"2009-10-15T21:34:08+00:00","og_image":[{"url":"http:\/\/www.oarcanjo.net\/site\/wp-content\/uploads\/b26f53194848e47c7d30c2c7ae21597f-256x300.jpg"}],"author":"mariana","twitter_card":"summary_large_image","twitter_misc":{"Escrito por":"mariana","Est. tempo de leitura":"1 minuto"},"schema":{"@context":"https:\/\/schema.org","@graph":[{"@type":"Article","@id":"https:\/\/www.oarcanjo.net\/site\/o-dia-das-criancas-esta-chegando\/#article","isPartOf":{"@id":"https:\/\/www.oarcanjo.net\/site\/o-dia-das-criancas-esta-chegando\/"},"author":{"name":"mariana","@id":"https:\/\/www.oarcanjo.net\/site\/#\/schema\/person\/e54a5c62347067e278a5d0cf64f6a6e6"},"headline":"O dia das crian\u00e7as chegou !!!E o de Nossa padroeira tamb\u00e9m !!!","datePublished":"2009-10-03T21:34:05+00:00","dateModified":"2009-10-15T21:34:08+00:00","mainEntityOfPage":{"@id":"https:\/\/www.oarcanjo.net\/site\/o-dia-das-criancas-esta-chegando\/"},"wordCount":171,"commentCount":0,"publisher":{"@id":"https:\/\/www.oarcanjo.net\/site\/#organization"},"image":{"@id":"https:\/\/www.oarcanjo.net\/site\/o-dia-das-criancas-esta-chegando\/#primaryimage"},"thumbnailUrl":"http:\/\/www.oarcanjo.net\/site\/wp-content\/uploads\/b26f53194848e47c7d30c2c7ae21597f-256x300.jpg","articleSection":["Jovens"],"inLanguage":"pt-BR","potentialAction":[{"@type":"CommentAction","name":"Comment","target":["https:\/\/www.oarcanjo.net\/site\/o-dia-das-criancas-esta-chegando\/#respond"]}]},{"@type":"WebPage","@id":"https:\/\/www.oarcanjo.net\/site\/o-dia-das-criancas-esta-chegando\/","url":"https:\/\/www.oarcanjo.net\/site\/o-dia-das-criancas-esta-chegando\/","name":"O dia das crian\u00e7as chegou !!!E o de Nossa padroeira tamb\u00e9m !!! - O Arcanjo no ar","isPartOf":{"@id":"https:\/\/www.oarcanjo.net\/site\/#website"},"primaryImageOfPage":{"@id":"https:\/\/www.oarcanjo.net\/site\/o-dia-das-criancas-esta-chegando\/#primaryimage"},"image":{"@id":"https:\/\/www.oarcanjo.net\/site\/o-dia-das-criancas-esta-chegando\/#primaryimage"},"thumbnailUrl":"http:\/\/www.oarcanjo.net\/site\/wp-content\/uploads\/b26f53194848e47c7d30c2c7ae21597f-256x300.jpg","datePublished":"2009-10-03T21:34:05+00:00","dateModified":"2009-10-15T21:34:08+00:00","breadcrumb":{"@id":"https:\/\/www.oarcanjo.net\/site\/o-dia-das-criancas-esta-chegando\/#breadcrumb"},"inLanguage":"pt-BR","potentialAction":[{"@type":"ReadAction","target":["https:\/\/www.oarcanjo.net\/site\/o-dia-das-criancas-esta-chegando\/"]}]},{"@type":"ImageObject","inLanguage":"pt-BR","@id":"https:\/\/www.oarcanjo.net\/site\/o-dia-das-criancas-esta-chegando\/#primaryimage","url":"https:\/\/www.oarcanjo.net\/site\/wp-content\/uploads\/b26f53194848e47c7d30c2c7ae21597f.jpg","contentUrl":"https:\/\/www.oarcanjo.net\/site\/wp-content\/uploads\/b26f53194848e47c7d30c2c7ae21597f.jpg","width":"410","height":"480"},{"@type":"BreadcrumbList","@id":"https:\/\/www.oarcanjo.net\/site\/o-dia-das-criancas-esta-chegando\/#breadcrumb","itemListElement":[{"@type":"ListItem","position":1,"name":"In\u00edcio","item":"https:\/\/www.oarcanjo.net\/site\/"},{"@type":"ListItem","position":2,"name":"O dia das crian\u00e7as chegou !!!E o de Nossa padroeira tamb\u00e9m !!!"}]},{"@type":"WebSite","@id":"https:\/\/www.oarcanjo.net\/site\/#website","url":"https:\/\/www.oarcanjo.net\/site\/","name":"O Arcanjo no ar","description":"Site da Par\u00f3quia S\u00e3o Miguel Arcanjo (Arquidiocese de SP)","publisher":{"@id":"https:\/\/www.oarcanjo.net\/site\/#organization"},"potentialAction":[{"@type":"SearchAction","target":{"@type":"EntryPoint","urlTemplate":"https:\/\/www.oarcanjo.net\/site\/?s={search_term_string}"},"query-input":{"@type":"PropertyValueSpecification","valueRequired":true,"valueName":"search_term_string"}}],"inLanguage":"pt-BR"},{"@type":"Organization","@id":"https:\/\/www.oarcanjo.net\/site\/#organization","name":"Par\u00f3quia S\u00e3o Miguel Arcanjo","url":"https:\/\/www.oarcanjo.net\/site\/","logo":{"@type":"ImageObject","inLanguage":"pt-BR","@id":"https:\/\/www.oarcanjo.net\/site\/#\/schema\/logo\/image\/","url":"https:\/\/www.oarcanjo.net\/site\/wp-content\/uploads\/LogoOArcanjo.png","contentUrl":"https:\/\/www.oarcanjo.net\/site\/wp-content\/uploads\/LogoOArcanjo.png","width":319,"height":99,"caption":"Par\u00f3quia S\u00e3o Miguel Arcanjo"},"image":{"@id":"https:\/\/www.oarcanjo.net\/site\/#\/schema\/logo\/image\/"},"sameAs":["https:\/\/www.facebook.com\/OArcanjoNoAr\/"]},{"@type":"Person","@id":"https:\/\/www.oarcanjo.net\/site\/#\/schema\/person\/e54a5c62347067e278a5d0cf64f6a6e6","name":"mariana"}]}},"publishpress_future_action":{"enabled":false,"date":"2026-05-07 00:25:12","action":"category","newStatus":"draft","terms":[],"taxonomy":"category"},"publishpress_future_workflow_manual_trigger":{"enabledWorkflows":[]},"_links":{"self":[{"href":"https:\/\/www.oarcanjo.net\/site\/wp-json\/wp\/v2\/posts\/5508"}],"collection":[{"href":"https:\/\/www.oarcanjo.net\/site\/wp-json\/wp\/v2\/posts"}],"about":[{"href":"https:\/\/www.oarcanjo.net\/site\/wp-json\/wp\/v2\/types\/post"}],"author":[{"embeddable":true,"href":"https:\/\/www.oarcanjo.net\/site\/wp-json\/wp\/v2\/users\/12"}],"replies":[{"embeddable":true,"href":"https:\/\/www.oarcanjo.net\/site\/wp-json\/wp\/v2\/comments?post=5508"}],"version-history":[{"count":0,"href":"https:\/\/www.oarcanjo.net\/site\/wp-json\/wp\/v2\/posts\/5508\/revisions"}],"wp:attachment":[{"href":"https:\/\/www.oarcanjo.net\/site\/wp-json\/wp\/v2\/media?parent=5508"}],"wp:term":[{"taxonomy":"category","embeddable":true,"href":"https:\/\/www.oarcanjo.net\/site\/wp-json\/wp\/v2\/categories?post=5508"},{"taxonomy":"post_tag","embeddable":true,"href":"https:\/\/www.oarcanjo.net\/site\/wp-json\/wp\/v2\/tags?post=5508"}],"curies":[{"name":"wp","href":"https:\/\/api.w.org\/{rel}","templated":true}]}}