
{"id":55085,"date":"2014-11-17T11:06:00","date_gmt":"2014-11-17T13:06:00","guid":{"rendered":"http:\/\/www.oarcanjo.net\/site\/?p=55085"},"modified":"2014-11-17T11:06:00","modified_gmt":"2014-11-17T13:06:00","slug":"papa-a-igreja-nao-deve-se-isolar-em-um-microclima-eclesiastico","status":"publish","type":"post","link":"https:\/\/www.oarcanjo.net\/site\/papa-a-igreja-nao-deve-se-isolar-em-um-microclima-eclesiastico\/","title":{"rendered":"Papa: a Igreja n\u00e3o deve se isolar em um &#8220;microclima eclesi\u00e1stico&#8221;"},"content":{"rendered":"<p>Na missa desta segunda-feira, na Casa Santa Marta, o Papa falou dos crist\u00e3os que correm o risco de se isolarem em um \u201cmicroclima eclesi\u00e1stico\u201d, ou seja, que querem estar com Jesus, mas n\u00e3o com os pobres.<\/p>\n<p>Para Francisco, a Igreja vive em todas as \u00e9pocas a tenta\u00e7\u00e3o de olhar para Jesus esquecendo de ver Nele o pobre que pede ajuda, fechando-se em um \u201cmicroclima eclesi\u00e1stico\u201d, ao inv\u00e9s de se abrir aos exclu\u00eddos sociais. A homilia foi inspirada em uma das p\u00e1ginas mais intensas do Evangelho, cujo protagonista \u00e9 o cego de Jeric\u00f3.<\/p>\n<p>O cego, explicou o Papa, representa \u201ca primeira classe de pessoas\u201d que povoa a narra\u00e7\u00e3o do evangelista Lucas. Um homem que n\u00e3o contava nada, mas que \u201ctinha sede de salva\u00e7\u00e3o\u201d, \u201cde ser curado\u201d, e que, portanto, grita mais forte do que o muro de indiferen\u00e7a que o circunda, \u201cpara bater \u00e0 porta do cora\u00e7\u00e3o de Jesus\u201d. A este homem se op\u00f5e o c\u00edrculo dos disc\u00edpulos, que querem cal\u00e1-lo para evitar que incomode e, assim \u2013 afirmou o Papa \u2013 afastar \u201co Senhor da periferia\u201d:<\/p>\n<p>\u201c<strong>Esta periferia n\u00e3o podia chegar ao Senhor, porque este c\u00edrculo \u2013 mas com muita boa vontade, hein \u2013 fechava a porta. E isso acontece com frequ\u00eancia entre n\u00f3s, fi\u00e9is: quando encontramos o Senhor, sem que percebamos, se cria este microclima eclesi\u00e1stico. N\u00e3o s\u00f3 os padres, os bispos, mas tamb\u00e9m os fi\u00e9is: \u2018Mas n\u00f3s somos os que est\u00e3o com o Senhor\u2019. E de tanto olhar para Ele, n\u00e3o olhamos para as suas necessidades: n\u00e3o olhamos para o Senhor que tem fome, que tem sede, que est\u00e1 na pris\u00e3o, que est\u00e1 no hospital. \u2018Aquele Senhor n\u00e3o, pois \u00e9 um marginalizado\u2019. E este clima nos faz t\u00e3o mal<\/strong>\u201d.<\/p>\n<p>A seguir, o Papa descreveu o grupo dos que se sentem eleitos pelo Senhor e que, por isso mesmo, querem afastar qualquer pessoa que posa incomod\u00e1-Lo \u2013 inclusive as crian\u00e7as. Essas pessoas, observou, esqueceram e abandonaram o primeiro amor:<\/p>\n<p>\u201c<strong>Quando na Igreja os fi\u00e9is, os ministros se tornam assim&#8230; n\u00e3o eclesial, mas \u2018eclesi\u00e1stico\u2019, de privil\u00e9gio de proximidade ao Senhor, t\u00eam a tenta\u00e7\u00e3o de esquecer o primeiro amor, aquele amor t\u00e3o bonito que todos n\u00f3s recebemos quando Ele nos chamou, nos salvou. Esta \u00e9 uma tenta\u00e7\u00e3o dos disc\u00edpulos: esquecer o primeiro amor, ou seja, esquecer inclusive as periferias, onde eu me encontrava, e tamb\u00e9m me envergonhar disso<\/strong>\u201d.<\/p>\n<p>H\u00e1 ainda o terceiro grupo nesta narra\u00e7\u00e3o: o povo simples, que louva a Deus pela cura do cego. \u201cQuantas vezes, afirmou o Papa, encontramos pessoas simples, quantas idosas que caminham, com sacrif\u00edcio, para rezar em um santu\u00e1rio de Nossa Senhora\u201d. \u201cN\u00e3o pedem privil\u00e9gios, mas somente gra\u00e7a\u201d. \u00c9 o \u201cpovo fiel\u201d, que \u201csabe seguir o Senhor sem pedir qualquer privil\u00e9gio\u201d, capaz de \u201cperder tempo com Ele\u201d e, sobretudo, de n\u00e3o esquecer a \u201cIgreja marginalizada\u201d das crian\u00e7as, dos doentes, dos prisioneiros. O Papa ent\u00e3o conclui:<\/p>\n<p>\u201c<strong>Pe\u00e7amos ao Senhor a gra\u00e7a de que todos n\u00f3s, que temos a gra\u00e7a de sermos chamados, de jamais nos afastar desta Igreja; de jamais entrar neste microclima dos disc\u00edpulos eclesi\u00e1sticos, privilegiados, que se afastam da Igreja de Deus, que sofre, que pede salva\u00e7\u00e3o, que pede f\u00e9, que pede a Palavra de Deus. Pe\u00e7amos a gra\u00e7a de ser povo fiel de Deus, sem pedir ao Senhor qualquer privil\u00e9gio que nos afaste de Seu povo<\/strong>\u201d.<\/p>\n<p><em>Fonte: News.va<\/em><\/p>\n<div id=\"themify_builder_content-55085\" data-postid=\"55085\" class=\"themify_builder_content themify_builder_content-55085 themify_builder themify_builder_front\">\n\t<\/div>\n<!-- \/themify_builder_content -->","protected":false},"excerpt":{"rendered":"<p>Na missa desta segunda-feira, na Casa Santa Marta, o Papa falou dos crist\u00e3os que correm o risco de se isolarem em um \u201cmicroclima eclesi\u00e1stico\u201d, ou seja, que querem estar com Jesus, mas n\u00e3o com os pobres. Para Francisco, a Igreja vive em todas as \u00e9pocas a tenta\u00e7\u00e3o de olhar para Jesus esquecendo de ver Nele [&hellip;]<\/p>\n","protected":false},"author":3,"featured_media":0,"comment_status":"open","ping_status":"open","sticky":false,"template":"","format":"standard","meta":{"ngg_post_thumbnail":0,"footnotes":""},"categories":[8],"tags":[3152,2433,189,2950],"yoast_head":"<!-- This site is optimized with the Yoast SEO plugin v23.5 - https:\/\/yoast.com\/wordpress\/plugins\/seo\/ -->\n<title>Papa: a Igreja n\u00e3o deve se isolar em um &quot;microclima eclesi\u00e1stico&quot; - O Arcanjo no ar<\/title>\n<meta name=\"robots\" content=\"index, follow, max-snippet:-1, max-image-preview:large, max-video-preview:-1\" \/>\n<link rel=\"canonical\" href=\"https:\/\/www.oarcanjo.net\/site\/papa-a-igreja-nao-deve-se-isolar-em-um-microclima-eclesiastico\/\" \/>\n<meta property=\"og:locale\" content=\"pt_BR\" \/>\n<meta property=\"og:type\" content=\"article\" \/>\n<meta property=\"og:title\" content=\"Papa: a Igreja n\u00e3o deve se isolar em um &quot;microclima eclesi\u00e1stico&quot; - O Arcanjo no ar\" \/>\n<meta property=\"og:description\" content=\"Na missa desta segunda-feira, na Casa Santa Marta, o Papa falou dos crist\u00e3os que correm o risco de se isolarem em um \u201cmicroclima eclesi\u00e1stico\u201d, ou seja, que querem estar com Jesus, mas n\u00e3o com os pobres. Para Francisco, a Igreja vive em todas as \u00e9pocas a tenta\u00e7\u00e3o de olhar para Jesus esquecendo de ver Nele [&hellip;]\" \/>\n<meta property=\"og:url\" content=\"https:\/\/www.oarcanjo.net\/site\/papa-a-igreja-nao-deve-se-isolar-em-um-microclima-eclesiastico\/\" \/>\n<meta property=\"og:site_name\" content=\"O Arcanjo no ar\" \/>\n<meta property=\"article:publisher\" content=\"https:\/\/www.facebook.com\/OArcanjoNoAr\/\" \/>\n<meta property=\"article:published_time\" content=\"2014-11-17T13:06:00+00:00\" \/>\n<meta property=\"og:image\" content=\"https:\/\/www.oarcanjo.net\/site\/wp-content\/uploads\/logo-o-arcanjo-no-ar-facebook.png\" \/>\n\t<meta property=\"og:image:width\" content=\"300\" \/>\n\t<meta property=\"og:image:height\" content=\"300\" \/>\n\t<meta property=\"og:image:type\" content=\"image\/png\" \/>\n<meta name=\"author\" content=\"miriam.meyer\" \/>\n<meta name=\"twitter:card\" content=\"summary_large_image\" \/>\n<meta name=\"twitter:label1\" content=\"Escrito por\" \/>\n\t<meta name=\"twitter:data1\" content=\"miriam.meyer\" \/>\n\t<meta name=\"twitter:label2\" content=\"Est. tempo de leitura\" \/>\n\t<meta name=\"twitter:data2\" content=\"3 minutos\" \/>\n<script type=\"application\/ld+json\" class=\"yoast-schema-graph\">{\"@context\":\"https:\/\/schema.org\",\"@graph\":[{\"@type\":\"Article\",\"@id\":\"https:\/\/www.oarcanjo.net\/site\/papa-a-igreja-nao-deve-se-isolar-em-um-microclima-eclesiastico\/#article\",\"isPartOf\":{\"@id\":\"https:\/\/www.oarcanjo.net\/site\/papa-a-igreja-nao-deve-se-isolar-em-um-microclima-eclesiastico\/\"},\"author\":{\"name\":\"miriam.meyer\",\"@id\":\"https:\/\/www.oarcanjo.net\/site\/#\/schema\/person\/ce0fba3450314a09c6442cfee983a3d8\"},\"headline\":\"Papa: a Igreja n\u00e3o deve se isolar em um &#8220;microclima eclesi\u00e1stico&#8221;\",\"datePublished\":\"2014-11-17T13:06:00+00:00\",\"dateModified\":\"2014-11-17T13:06:00+00:00\",\"mainEntityOfPage\":{\"@id\":\"https:\/\/www.oarcanjo.net\/site\/papa-a-igreja-nao-deve-se-isolar-em-um-microclima-eclesiastico\/\"},\"wordCount\":615,\"commentCount\":0,\"publisher\":{\"@id\":\"https:\/\/www.oarcanjo.net\/site\/#organization\"},\"keywords\":[\"Microclima eclesi\u00e1stico\",\"Papa Francisco\",\"pobres\",\"Povo\"],\"articleSection\":[\"Not\u00edcias\"],\"inLanguage\":\"pt-BR\",\"potentialAction\":[{\"@type\":\"CommentAction\",\"name\":\"Comment\",\"target\":[\"https:\/\/www.oarcanjo.net\/site\/papa-a-igreja-nao-deve-se-isolar-em-um-microclima-eclesiastico\/#respond\"]}]},{\"@type\":\"WebPage\",\"@id\":\"https:\/\/www.oarcanjo.net\/site\/papa-a-igreja-nao-deve-se-isolar-em-um-microclima-eclesiastico\/\",\"url\":\"https:\/\/www.oarcanjo.net\/site\/papa-a-igreja-nao-deve-se-isolar-em-um-microclima-eclesiastico\/\",\"name\":\"Papa: a Igreja n\u00e3o deve se isolar em um \\\"microclima eclesi\u00e1stico\\\" - O Arcanjo no ar\",\"isPartOf\":{\"@id\":\"https:\/\/www.oarcanjo.net\/site\/#website\"},\"datePublished\":\"2014-11-17T13:06:00+00:00\",\"dateModified\":\"2014-11-17T13:06:00+00:00\",\"breadcrumb\":{\"@id\":\"https:\/\/www.oarcanjo.net\/site\/papa-a-igreja-nao-deve-se-isolar-em-um-microclima-eclesiastico\/#breadcrumb\"},\"inLanguage\":\"pt-BR\",\"potentialAction\":[{\"@type\":\"ReadAction\",\"target\":[\"https:\/\/www.oarcanjo.net\/site\/papa-a-igreja-nao-deve-se-isolar-em-um-microclima-eclesiastico\/\"]}]},{\"@type\":\"BreadcrumbList\",\"@id\":\"https:\/\/www.oarcanjo.net\/site\/papa-a-igreja-nao-deve-se-isolar-em-um-microclima-eclesiastico\/#breadcrumb\",\"itemListElement\":[{\"@type\":\"ListItem\",\"position\":1,\"name\":\"In\u00edcio\",\"item\":\"https:\/\/www.oarcanjo.net\/site\/\"},{\"@type\":\"ListItem\",\"position\":2,\"name\":\"Papa: a Igreja n\u00e3o deve se isolar em um &#8220;microclima eclesi\u00e1stico&#8221;\"}]},{\"@type\":\"WebSite\",\"@id\":\"https:\/\/www.oarcanjo.net\/site\/#website\",\"url\":\"https:\/\/www.oarcanjo.net\/site\/\",\"name\":\"O Arcanjo no ar\",\"description\":\"Site da Par\u00f3quia S\u00e3o Miguel Arcanjo (Arquidiocese de SP)\",\"publisher\":{\"@id\":\"https:\/\/www.oarcanjo.net\/site\/#organization\"},\"potentialAction\":[{\"@type\":\"SearchAction\",\"target\":{\"@type\":\"EntryPoint\",\"urlTemplate\":\"https:\/\/www.oarcanjo.net\/site\/?s={search_term_string}\"},\"query-input\":{\"@type\":\"PropertyValueSpecification\",\"valueRequired\":true,\"valueName\":\"search_term_string\"}}],\"inLanguage\":\"pt-BR\"},{\"@type\":\"Organization\",\"@id\":\"https:\/\/www.oarcanjo.net\/site\/#organization\",\"name\":\"Par\u00f3quia S\u00e3o Miguel Arcanjo\",\"url\":\"https:\/\/www.oarcanjo.net\/site\/\",\"logo\":{\"@type\":\"ImageObject\",\"inLanguage\":\"pt-BR\",\"@id\":\"https:\/\/www.oarcanjo.net\/site\/#\/schema\/logo\/image\/\",\"url\":\"https:\/\/www.oarcanjo.net\/site\/wp-content\/uploads\/LogoOArcanjo.png\",\"contentUrl\":\"https:\/\/www.oarcanjo.net\/site\/wp-content\/uploads\/LogoOArcanjo.png\",\"width\":319,\"height\":99,\"caption\":\"Par\u00f3quia S\u00e3o Miguel Arcanjo\"},\"image\":{\"@id\":\"https:\/\/www.oarcanjo.net\/site\/#\/schema\/logo\/image\/\"},\"sameAs\":[\"https:\/\/www.facebook.com\/OArcanjoNoAr\/\"]},{\"@type\":\"Person\",\"@id\":\"https:\/\/www.oarcanjo.net\/site\/#\/schema\/person\/ce0fba3450314a09c6442cfee983a3d8\",\"name\":\"miriam.meyer\"}]}<\/script>\n<!-- \/ Yoast SEO plugin. -->","yoast_head_json":{"title":"Papa: a Igreja n\u00e3o deve se isolar em um \"microclima eclesi\u00e1stico\" - O Arcanjo no ar","robots":{"index":"index","follow":"follow","max-snippet":"max-snippet:-1","max-image-preview":"max-image-preview:large","max-video-preview":"max-video-preview:-1"},"canonical":"https:\/\/www.oarcanjo.net\/site\/papa-a-igreja-nao-deve-se-isolar-em-um-microclima-eclesiastico\/","og_locale":"pt_BR","og_type":"article","og_title":"Papa: a Igreja n\u00e3o deve se isolar em um \"microclima eclesi\u00e1stico\" - O Arcanjo no ar","og_description":"Na missa desta segunda-feira, na Casa Santa Marta, o Papa falou dos crist\u00e3os que correm o risco de se isolarem em um \u201cmicroclima eclesi\u00e1stico\u201d, ou seja, que querem estar com Jesus, mas n\u00e3o com os pobres. Para Francisco, a Igreja vive em todas as \u00e9pocas a tenta\u00e7\u00e3o de olhar para Jesus esquecendo de ver Nele [&hellip;]","og_url":"https:\/\/www.oarcanjo.net\/site\/papa-a-igreja-nao-deve-se-isolar-em-um-microclima-eclesiastico\/","og_site_name":"O Arcanjo no ar","article_publisher":"https:\/\/www.facebook.com\/OArcanjoNoAr\/","article_published_time":"2014-11-17T13:06:00+00:00","og_image":[{"width":300,"height":300,"url":"https:\/\/www.oarcanjo.net\/site\/wp-content\/uploads\/logo-o-arcanjo-no-ar-facebook.png","type":"image\/png"}],"author":"miriam.meyer","twitter_card":"summary_large_image","twitter_misc":{"Escrito por":"miriam.meyer","Est. tempo de leitura":"3 minutos"},"schema":{"@context":"https:\/\/schema.org","@graph":[{"@type":"Article","@id":"https:\/\/www.oarcanjo.net\/site\/papa-a-igreja-nao-deve-se-isolar-em-um-microclima-eclesiastico\/#article","isPartOf":{"@id":"https:\/\/www.oarcanjo.net\/site\/papa-a-igreja-nao-deve-se-isolar-em-um-microclima-eclesiastico\/"},"author":{"name":"miriam.meyer","@id":"https:\/\/www.oarcanjo.net\/site\/#\/schema\/person\/ce0fba3450314a09c6442cfee983a3d8"},"headline":"Papa: a Igreja n\u00e3o deve se isolar em um &#8220;microclima eclesi\u00e1stico&#8221;","datePublished":"2014-11-17T13:06:00+00:00","dateModified":"2014-11-17T13:06:00+00:00","mainEntityOfPage":{"@id":"https:\/\/www.oarcanjo.net\/site\/papa-a-igreja-nao-deve-se-isolar-em-um-microclima-eclesiastico\/"},"wordCount":615,"commentCount":0,"publisher":{"@id":"https:\/\/www.oarcanjo.net\/site\/#organization"},"keywords":["Microclima eclesi\u00e1stico","Papa Francisco","pobres","Povo"],"articleSection":["Not\u00edcias"],"inLanguage":"pt-BR","potentialAction":[{"@type":"CommentAction","name":"Comment","target":["https:\/\/www.oarcanjo.net\/site\/papa-a-igreja-nao-deve-se-isolar-em-um-microclima-eclesiastico\/#respond"]}]},{"@type":"WebPage","@id":"https:\/\/www.oarcanjo.net\/site\/papa-a-igreja-nao-deve-se-isolar-em-um-microclima-eclesiastico\/","url":"https:\/\/www.oarcanjo.net\/site\/papa-a-igreja-nao-deve-se-isolar-em-um-microclima-eclesiastico\/","name":"Papa: a Igreja n\u00e3o deve se isolar em um \"microclima eclesi\u00e1stico\" - O Arcanjo no ar","isPartOf":{"@id":"https:\/\/www.oarcanjo.net\/site\/#website"},"datePublished":"2014-11-17T13:06:00+00:00","dateModified":"2014-11-17T13:06:00+00:00","breadcrumb":{"@id":"https:\/\/www.oarcanjo.net\/site\/papa-a-igreja-nao-deve-se-isolar-em-um-microclima-eclesiastico\/#breadcrumb"},"inLanguage":"pt-BR","potentialAction":[{"@type":"ReadAction","target":["https:\/\/www.oarcanjo.net\/site\/papa-a-igreja-nao-deve-se-isolar-em-um-microclima-eclesiastico\/"]}]},{"@type":"BreadcrumbList","@id":"https:\/\/www.oarcanjo.net\/site\/papa-a-igreja-nao-deve-se-isolar-em-um-microclima-eclesiastico\/#breadcrumb","itemListElement":[{"@type":"ListItem","position":1,"name":"In\u00edcio","item":"https:\/\/www.oarcanjo.net\/site\/"},{"@type":"ListItem","position":2,"name":"Papa: a Igreja n\u00e3o deve se isolar em um &#8220;microclima eclesi\u00e1stico&#8221;"}]},{"@type":"WebSite","@id":"https:\/\/www.oarcanjo.net\/site\/#website","url":"https:\/\/www.oarcanjo.net\/site\/","name":"O Arcanjo no ar","description":"Site da Par\u00f3quia S\u00e3o Miguel Arcanjo (Arquidiocese de SP)","publisher":{"@id":"https:\/\/www.oarcanjo.net\/site\/#organization"},"potentialAction":[{"@type":"SearchAction","target":{"@type":"EntryPoint","urlTemplate":"https:\/\/www.oarcanjo.net\/site\/?s={search_term_string}"},"query-input":{"@type":"PropertyValueSpecification","valueRequired":true,"valueName":"search_term_string"}}],"inLanguage":"pt-BR"},{"@type":"Organization","@id":"https:\/\/www.oarcanjo.net\/site\/#organization","name":"Par\u00f3quia S\u00e3o Miguel Arcanjo","url":"https:\/\/www.oarcanjo.net\/site\/","logo":{"@type":"ImageObject","inLanguage":"pt-BR","@id":"https:\/\/www.oarcanjo.net\/site\/#\/schema\/logo\/image\/","url":"https:\/\/www.oarcanjo.net\/site\/wp-content\/uploads\/LogoOArcanjo.png","contentUrl":"https:\/\/www.oarcanjo.net\/site\/wp-content\/uploads\/LogoOArcanjo.png","width":319,"height":99,"caption":"Par\u00f3quia S\u00e3o Miguel Arcanjo"},"image":{"@id":"https:\/\/www.oarcanjo.net\/site\/#\/schema\/logo\/image\/"},"sameAs":["https:\/\/www.facebook.com\/OArcanjoNoAr\/"]},{"@type":"Person","@id":"https:\/\/www.oarcanjo.net\/site\/#\/schema\/person\/ce0fba3450314a09c6442cfee983a3d8","name":"miriam.meyer"}]}},"publishpress_future_action":{"enabled":false,"date":"2026-05-09 09:50:13","action":"category","newStatus":"draft","terms":[],"taxonomy":"category"},"publishpress_future_workflow_manual_trigger":{"enabledWorkflows":[]},"_links":{"self":[{"href":"https:\/\/www.oarcanjo.net\/site\/wp-json\/wp\/v2\/posts\/55085"}],"collection":[{"href":"https:\/\/www.oarcanjo.net\/site\/wp-json\/wp\/v2\/posts"}],"about":[{"href":"https:\/\/www.oarcanjo.net\/site\/wp-json\/wp\/v2\/types\/post"}],"author":[{"embeddable":true,"href":"https:\/\/www.oarcanjo.net\/site\/wp-json\/wp\/v2\/users\/3"}],"replies":[{"embeddable":true,"href":"https:\/\/www.oarcanjo.net\/site\/wp-json\/wp\/v2\/comments?post=55085"}],"version-history":[{"count":0,"href":"https:\/\/www.oarcanjo.net\/site\/wp-json\/wp\/v2\/posts\/55085\/revisions"}],"wp:attachment":[{"href":"https:\/\/www.oarcanjo.net\/site\/wp-json\/wp\/v2\/media?parent=55085"}],"wp:term":[{"taxonomy":"category","embeddable":true,"href":"https:\/\/www.oarcanjo.net\/site\/wp-json\/wp\/v2\/categories?post=55085"},{"taxonomy":"post_tag","embeddable":true,"href":"https:\/\/www.oarcanjo.net\/site\/wp-json\/wp\/v2\/tags?post=55085"}],"curies":[{"name":"wp","href":"https:\/\/api.w.org\/{rel}","templated":true}]}}