
{"id":5526,"date":"2009-10-03T10:49:47","date_gmt":"2009-10-03T13:49:47","guid":{"rendered":"http:\/\/www.oarcanjo.net\/site\/?p=5526"},"modified":"2009-10-04T11:18:25","modified_gmt":"2009-10-04T14:18:25","slug":"cantico-das-criaturas","status":"publish","type":"post","link":"https:\/\/www.oarcanjo.net\/site\/cantico-das-criaturas\/","title":{"rendered":"C\u00e2ntico das Criaturas"},"content":{"rendered":"<p><em>S\u00e3o Francisco de Assis<\/em><\/p>\n<p>Alt\u00edssimo, onipotente, bom Senhor,<br \/>\nteus s\u00e3o o louvor, a gl\u00f3ria, a honra e toda\u00a0ben\u00e7\u00e3o.<br \/>\nS\u00f3 a ti, Alt\u00edssimo, s\u00e3o devidos;<br \/>\ne\u00a0homem algum \u00e9 digno de te mencinar.<br \/>\nLouvado sejas, meu senhor,<br \/>\ncom todas as tuas criaturas,<br \/>\nespecialmente o senhor irm\u00e3o sol<br \/>\nque clareia o dia e com sua luz nos ilumina.<br \/>\nEle \u00e9 belo e radiante com grande esplendor:<br \/>\nde ti, Alt\u00edssimo, \u00e9\u00a0a imagem.<br \/>\nLouvado sejas, meu Senhor,<br \/>\npela irm\u00e3 luz e as estrelas,<br \/>\nque no c\u00e9u formaste claras e preciosas e belas.<br \/>\nLouvado sejas, meu Senhor,<br \/>\npelo irm\u00e3o vento , pelo ar,<br \/>\nou nublado ou sereno, e todo o tempo,<br \/>\npelo qual \u00e0s tuas criaturas d\u00e1s sustento.<br \/>\nLouvado sejas, meu Senhor,<br \/>\npela irm\u00e3 \u00e1gua,<br \/>\nque \u00e9 mui \u00fatil e humilde e preciosa e casta.<br \/>\nLouvado sejas, meu Senhor,<br \/>\npelo irm\u00e3o Fogo,<br \/>\npelo qual iluminas a noite.<br \/>\nE ele \u00e9 belo e jucundo e vigoroso e forte.<br \/>\nLouvado sejas, meu Senhor,<br \/>\npor nossa irm\u00e3 a m\u00e3e terra,<br \/>\nque nos sustenta e governa,<br \/>\ne produz frutos diversos e coloridas flores e ervas.<br \/>\nLouvado sejas, meu Senhor,<br \/>\npelos que perdoam por teu amor,<br \/>\ne suportam efermidades e tribula\u00e7\u00f5es.<br \/>\nBem-aventurados os que as sustentam em paz,<br \/>\nque por ti, Alt\u00edssimo , ser\u00e3o coroados.<br \/>\nLouvado sejas, meu Senhor,<br \/>\npor nossa irm\u00e3 a Morte corporal,<br \/>\nda qual homem algum pode escapar.<br \/>\nAi dos que morrerem em pecado mortal!<br \/>\nFelizes os que ela achar<br \/>\nconformes \u00e0 tua sant\u00edssima vontade,<br \/>\nporque a morte segunda n\u00e3o lhes far\u00e1 mal!<br \/>\nLouvai e bendizei a meu Senhor,<br \/>\ne dai-lhe gra\u00e7as,<br \/>\ne servi-o com grande humildade.<\/p>\n<p>Do livro <strong><em>Sede de Deus \u2013 Ora\u00e7\u00f5es do Juda\u00edsmo, Cristianismo e Isl\u00e3<\/em><\/strong>, Editora Vozes<\/p>\n<div id=\"themify_builder_content-5526\" data-postid=\"5526\" class=\"themify_builder_content themify_builder_content-5526 themify_builder themify_builder_front\">\n\t<\/div>\n<!-- \/themify_builder_content -->","protected":false},"excerpt":{"rendered":"<p>S\u00e3o Francisco de Assis Alt\u00edssimo, onipotente, bom Senhor, teus s\u00e3o o louvor, a gl\u00f3ria, a honra e toda\u00a0ben\u00e7\u00e3o. S\u00f3 a ti, Alt\u00edssimo, s\u00e3o devidos; e\u00a0homem algum \u00e9 digno de te mencinar. Louvado sejas, meu senhor, com todas as tuas criaturas, especialmente o senhor irm\u00e3o sol que clareia o dia e com sua luz nos ilumina. [&hellip;]<\/p>\n","protected":false},"author":5,"featured_media":0,"comment_status":"open","ping_status":"open","sticky":false,"template":"","format":"standard","meta":{"ngg_post_thumbnail":0,"footnotes":""},"categories":[6],"tags":[1136,1137,3201,732],"yoast_head":"<!-- This site is optimized with the Yoast SEO plugin v23.5 - https:\/\/yoast.com\/wordpress\/plugins\/seo\/ -->\n<title>C\u00e2ntico das Criaturas - O Arcanjo no ar<\/title>\n<meta name=\"robots\" content=\"index, follow, max-snippet:-1, max-image-preview:large, max-video-preview:-1\" \/>\n<link rel=\"canonical\" href=\"https:\/\/www.oarcanjo.net\/site\/cantico-das-criaturas\/\" \/>\n<meta property=\"og:locale\" content=\"pt_BR\" \/>\n<meta property=\"og:type\" content=\"article\" \/>\n<meta property=\"og:title\" content=\"C\u00e2ntico das Criaturas - O Arcanjo no ar\" \/>\n<meta property=\"og:description\" content=\"S\u00e3o Francisco de Assis Alt\u00edssimo, onipotente, bom Senhor, teus s\u00e3o o louvor, a gl\u00f3ria, a honra e toda\u00a0ben\u00e7\u00e3o. S\u00f3 a ti, Alt\u00edssimo, s\u00e3o devidos; e\u00a0homem algum \u00e9 digno de te mencinar. Louvado sejas, meu senhor, com todas as tuas criaturas, especialmente o senhor irm\u00e3o sol que clareia o dia e com sua luz nos ilumina. [&hellip;]\" \/>\n<meta property=\"og:url\" content=\"https:\/\/www.oarcanjo.net\/site\/cantico-das-criaturas\/\" \/>\n<meta property=\"og:site_name\" content=\"O Arcanjo no ar\" \/>\n<meta property=\"article:publisher\" content=\"https:\/\/www.facebook.com\/OArcanjoNoAr\/\" \/>\n<meta property=\"article:published_time\" content=\"2009-10-03T13:49:47+00:00\" \/>\n<meta property=\"article:modified_time\" content=\"2009-10-04T14:18:25+00:00\" \/>\n<meta property=\"og:image\" content=\"https:\/\/www.oarcanjo.net\/site\/wp-content\/uploads\/logo-o-arcanjo-no-ar-facebook.png\" \/>\n\t<meta property=\"og:image:width\" content=\"300\" \/>\n\t<meta property=\"og:image:height\" content=\"300\" \/>\n\t<meta property=\"og:image:type\" content=\"image\/png\" \/>\n<meta name=\"author\" content=\"editor\" \/>\n<meta name=\"twitter:card\" content=\"summary_large_image\" \/>\n<meta name=\"twitter:label1\" content=\"Escrito por\" \/>\n\t<meta name=\"twitter:data1\" content=\"editor\" \/>\n\t<meta name=\"twitter:label2\" content=\"Est. tempo de leitura\" \/>\n\t<meta name=\"twitter:data2\" content=\"1 minuto\" \/>\n<script type=\"application\/ld+json\" class=\"yoast-schema-graph\">{\"@context\":\"https:\/\/schema.org\",\"@graph\":[{\"@type\":\"Article\",\"@id\":\"https:\/\/www.oarcanjo.net\/site\/cantico-das-criaturas\/#article\",\"isPartOf\":{\"@id\":\"https:\/\/www.oarcanjo.net\/site\/cantico-das-criaturas\/\"},\"author\":{\"name\":\"editor\",\"@id\":\"https:\/\/www.oarcanjo.net\/site\/#\/schema\/person\/f7024d007863202483a31326673a0838\"},\"headline\":\"C\u00e2ntico das Criaturas\",\"datePublished\":\"2009-10-03T13:49:47+00:00\",\"dateModified\":\"2009-10-04T14:18:25+00:00\",\"mainEntityOfPage\":{\"@id\":\"https:\/\/www.oarcanjo.net\/site\/cantico-das-criaturas\/\"},\"wordCount\":293,\"commentCount\":0,\"publisher\":{\"@id\":\"https:\/\/www.oarcanjo.net\/site\/#organization\"},\"keywords\":[\"C\u00e2ntico\",\"Criaturas\",\"Ora\u00e7\u00f5es\",\"S\u00e3o Francisco de Assis\"],\"articleSection\":[\"Ora\u00e7\u00f5es\"],\"inLanguage\":\"pt-BR\",\"potentialAction\":[{\"@type\":\"CommentAction\",\"name\":\"Comment\",\"target\":[\"https:\/\/www.oarcanjo.net\/site\/cantico-das-criaturas\/#respond\"]}]},{\"@type\":\"WebPage\",\"@id\":\"https:\/\/www.oarcanjo.net\/site\/cantico-das-criaturas\/\",\"url\":\"https:\/\/www.oarcanjo.net\/site\/cantico-das-criaturas\/\",\"name\":\"C\u00e2ntico das Criaturas - O Arcanjo no ar\",\"isPartOf\":{\"@id\":\"https:\/\/www.oarcanjo.net\/site\/#website\"},\"datePublished\":\"2009-10-03T13:49:47+00:00\",\"dateModified\":\"2009-10-04T14:18:25+00:00\",\"breadcrumb\":{\"@id\":\"https:\/\/www.oarcanjo.net\/site\/cantico-das-criaturas\/#breadcrumb\"},\"inLanguage\":\"pt-BR\",\"potentialAction\":[{\"@type\":\"ReadAction\",\"target\":[\"https:\/\/www.oarcanjo.net\/site\/cantico-das-criaturas\/\"]}]},{\"@type\":\"BreadcrumbList\",\"@id\":\"https:\/\/www.oarcanjo.net\/site\/cantico-das-criaturas\/#breadcrumb\",\"itemListElement\":[{\"@type\":\"ListItem\",\"position\":1,\"name\":\"In\u00edcio\",\"item\":\"https:\/\/www.oarcanjo.net\/site\/\"},{\"@type\":\"ListItem\",\"position\":2,\"name\":\"C\u00e2ntico das Criaturas\"}]},{\"@type\":\"WebSite\",\"@id\":\"https:\/\/www.oarcanjo.net\/site\/#website\",\"url\":\"https:\/\/www.oarcanjo.net\/site\/\",\"name\":\"O Arcanjo no ar\",\"description\":\"Site da Par\u00f3quia S\u00e3o Miguel Arcanjo (Arquidiocese de SP)\",\"publisher\":{\"@id\":\"https:\/\/www.oarcanjo.net\/site\/#organization\"},\"potentialAction\":[{\"@type\":\"SearchAction\",\"target\":{\"@type\":\"EntryPoint\",\"urlTemplate\":\"https:\/\/www.oarcanjo.net\/site\/?s={search_term_string}\"},\"query-input\":{\"@type\":\"PropertyValueSpecification\",\"valueRequired\":true,\"valueName\":\"search_term_string\"}}],\"inLanguage\":\"pt-BR\"},{\"@type\":\"Organization\",\"@id\":\"https:\/\/www.oarcanjo.net\/site\/#organization\",\"name\":\"Par\u00f3quia S\u00e3o Miguel Arcanjo\",\"url\":\"https:\/\/www.oarcanjo.net\/site\/\",\"logo\":{\"@type\":\"ImageObject\",\"inLanguage\":\"pt-BR\",\"@id\":\"https:\/\/www.oarcanjo.net\/site\/#\/schema\/logo\/image\/\",\"url\":\"https:\/\/www.oarcanjo.net\/site\/wp-content\/uploads\/LogoOArcanjo.png\",\"contentUrl\":\"https:\/\/www.oarcanjo.net\/site\/wp-content\/uploads\/LogoOArcanjo.png\",\"width\":319,\"height\":99,\"caption\":\"Par\u00f3quia S\u00e3o Miguel Arcanjo\"},\"image\":{\"@id\":\"https:\/\/www.oarcanjo.net\/site\/#\/schema\/logo\/image\/\"},\"sameAs\":[\"https:\/\/www.facebook.com\/OArcanjoNoAr\/\"]},{\"@type\":\"Person\",\"@id\":\"https:\/\/www.oarcanjo.net\/site\/#\/schema\/person\/f7024d007863202483a31326673a0838\",\"name\":\"editor\",\"sameAs\":[\"http:\/\/www.oarcanjo.net\"]}]}<\/script>\n<!-- \/ Yoast SEO plugin. -->","yoast_head_json":{"title":"C\u00e2ntico das Criaturas - O Arcanjo no ar","robots":{"index":"index","follow":"follow","max-snippet":"max-snippet:-1","max-image-preview":"max-image-preview:large","max-video-preview":"max-video-preview:-1"},"canonical":"https:\/\/www.oarcanjo.net\/site\/cantico-das-criaturas\/","og_locale":"pt_BR","og_type":"article","og_title":"C\u00e2ntico das Criaturas - O Arcanjo no ar","og_description":"S\u00e3o Francisco de Assis Alt\u00edssimo, onipotente, bom Senhor, teus s\u00e3o o louvor, a gl\u00f3ria, a honra e toda\u00a0ben\u00e7\u00e3o. S\u00f3 a ti, Alt\u00edssimo, s\u00e3o devidos; e\u00a0homem algum \u00e9 digno de te mencinar. Louvado sejas, meu senhor, com todas as tuas criaturas, especialmente o senhor irm\u00e3o sol que clareia o dia e com sua luz nos ilumina. [&hellip;]","og_url":"https:\/\/www.oarcanjo.net\/site\/cantico-das-criaturas\/","og_site_name":"O Arcanjo no ar","article_publisher":"https:\/\/www.facebook.com\/OArcanjoNoAr\/","article_published_time":"2009-10-03T13:49:47+00:00","article_modified_time":"2009-10-04T14:18:25+00:00","og_image":[{"width":300,"height":300,"url":"https:\/\/www.oarcanjo.net\/site\/wp-content\/uploads\/logo-o-arcanjo-no-ar-facebook.png","type":"image\/png"}],"author":"editor","twitter_card":"summary_large_image","twitter_misc":{"Escrito por":"editor","Est. tempo de leitura":"1 minuto"},"schema":{"@context":"https:\/\/schema.org","@graph":[{"@type":"Article","@id":"https:\/\/www.oarcanjo.net\/site\/cantico-das-criaturas\/#article","isPartOf":{"@id":"https:\/\/www.oarcanjo.net\/site\/cantico-das-criaturas\/"},"author":{"name":"editor","@id":"https:\/\/www.oarcanjo.net\/site\/#\/schema\/person\/f7024d007863202483a31326673a0838"},"headline":"C\u00e2ntico das Criaturas","datePublished":"2009-10-03T13:49:47+00:00","dateModified":"2009-10-04T14:18:25+00:00","mainEntityOfPage":{"@id":"https:\/\/www.oarcanjo.net\/site\/cantico-das-criaturas\/"},"wordCount":293,"commentCount":0,"publisher":{"@id":"https:\/\/www.oarcanjo.net\/site\/#organization"},"keywords":["C\u00e2ntico","Criaturas","Ora\u00e7\u00f5es","S\u00e3o Francisco de Assis"],"articleSection":["Ora\u00e7\u00f5es"],"inLanguage":"pt-BR","potentialAction":[{"@type":"CommentAction","name":"Comment","target":["https:\/\/www.oarcanjo.net\/site\/cantico-das-criaturas\/#respond"]}]},{"@type":"WebPage","@id":"https:\/\/www.oarcanjo.net\/site\/cantico-das-criaturas\/","url":"https:\/\/www.oarcanjo.net\/site\/cantico-das-criaturas\/","name":"C\u00e2ntico das Criaturas - O Arcanjo no ar","isPartOf":{"@id":"https:\/\/www.oarcanjo.net\/site\/#website"},"datePublished":"2009-10-03T13:49:47+00:00","dateModified":"2009-10-04T14:18:25+00:00","breadcrumb":{"@id":"https:\/\/www.oarcanjo.net\/site\/cantico-das-criaturas\/#breadcrumb"},"inLanguage":"pt-BR","potentialAction":[{"@type":"ReadAction","target":["https:\/\/www.oarcanjo.net\/site\/cantico-das-criaturas\/"]}]},{"@type":"BreadcrumbList","@id":"https:\/\/www.oarcanjo.net\/site\/cantico-das-criaturas\/#breadcrumb","itemListElement":[{"@type":"ListItem","position":1,"name":"In\u00edcio","item":"https:\/\/www.oarcanjo.net\/site\/"},{"@type":"ListItem","position":2,"name":"C\u00e2ntico das Criaturas"}]},{"@type":"WebSite","@id":"https:\/\/www.oarcanjo.net\/site\/#website","url":"https:\/\/www.oarcanjo.net\/site\/","name":"O Arcanjo no ar","description":"Site da Par\u00f3quia S\u00e3o Miguel Arcanjo (Arquidiocese de SP)","publisher":{"@id":"https:\/\/www.oarcanjo.net\/site\/#organization"},"potentialAction":[{"@type":"SearchAction","target":{"@type":"EntryPoint","urlTemplate":"https:\/\/www.oarcanjo.net\/site\/?s={search_term_string}"},"query-input":{"@type":"PropertyValueSpecification","valueRequired":true,"valueName":"search_term_string"}}],"inLanguage":"pt-BR"},{"@type":"Organization","@id":"https:\/\/www.oarcanjo.net\/site\/#organization","name":"Par\u00f3quia S\u00e3o Miguel Arcanjo","url":"https:\/\/www.oarcanjo.net\/site\/","logo":{"@type":"ImageObject","inLanguage":"pt-BR","@id":"https:\/\/www.oarcanjo.net\/site\/#\/schema\/logo\/image\/","url":"https:\/\/www.oarcanjo.net\/site\/wp-content\/uploads\/LogoOArcanjo.png","contentUrl":"https:\/\/www.oarcanjo.net\/site\/wp-content\/uploads\/LogoOArcanjo.png","width":319,"height":99,"caption":"Par\u00f3quia S\u00e3o Miguel Arcanjo"},"image":{"@id":"https:\/\/www.oarcanjo.net\/site\/#\/schema\/logo\/image\/"},"sameAs":["https:\/\/www.facebook.com\/OArcanjoNoAr\/"]},{"@type":"Person","@id":"https:\/\/www.oarcanjo.net\/site\/#\/schema\/person\/f7024d007863202483a31326673a0838","name":"editor","sameAs":["http:\/\/www.oarcanjo.net"]}]}},"publishpress_future_action":{"enabled":false,"date":"2026-05-07 17:09:35","action":"category","newStatus":"draft","terms":[],"taxonomy":"category"},"publishpress_future_workflow_manual_trigger":{"enabledWorkflows":[]},"_links":{"self":[{"href":"https:\/\/www.oarcanjo.net\/site\/wp-json\/wp\/v2\/posts\/5526"}],"collection":[{"href":"https:\/\/www.oarcanjo.net\/site\/wp-json\/wp\/v2\/posts"}],"about":[{"href":"https:\/\/www.oarcanjo.net\/site\/wp-json\/wp\/v2\/types\/post"}],"author":[{"embeddable":true,"href":"https:\/\/www.oarcanjo.net\/site\/wp-json\/wp\/v2\/users\/5"}],"replies":[{"embeddable":true,"href":"https:\/\/www.oarcanjo.net\/site\/wp-json\/wp\/v2\/comments?post=5526"}],"version-history":[{"count":0,"href":"https:\/\/www.oarcanjo.net\/site\/wp-json\/wp\/v2\/posts\/5526\/revisions"}],"wp:attachment":[{"href":"https:\/\/www.oarcanjo.net\/site\/wp-json\/wp\/v2\/media?parent=5526"}],"wp:term":[{"taxonomy":"category","embeddable":true,"href":"https:\/\/www.oarcanjo.net\/site\/wp-json\/wp\/v2\/categories?post=5526"},{"taxonomy":"post_tag","embeddable":true,"href":"https:\/\/www.oarcanjo.net\/site\/wp-json\/wp\/v2\/tags?post=5526"}],"curies":[{"name":"wp","href":"https:\/\/api.w.org\/{rel}","templated":true}]}}