
{"id":5548,"date":"2009-10-06T05:20:56","date_gmt":"2009-10-06T08:20:56","guid":{"rendered":"http:\/\/www.oarcanjo.net\/site\/?p=5548"},"modified":"2009-10-06T05:26:56","modified_gmt":"2009-10-06T08:26:56","slug":"celebracao-do-dia-nacional-da-juventude","status":"publish","type":"post","link":"https:\/\/www.oarcanjo.net\/site\/celebracao-do-dia-nacional-da-juventude\/","title":{"rendered":"Celebra\u00e7\u00e3o do Dia Nacional da Juventude"},"content":{"rendered":"<p>O 10\u00ba Plano de Pastoral de nossa Arquidiocese, na p\u00e1gina 88, prop\u00f5e \u00e0s nossas comunidades <em>&#8220;que renovem a op\u00e7\u00e3o preferencial pelos jovens, de maneira eficaz e realista, apoiando, motivando, acompanhando e participando de sua vida e promovendo uma cultura que favore\u00e7a sua identifica\u00e7\u00e3o com ideais de dignidade, liberdade, solidariedade, justi\u00e7a, paz, di\u00e1logo e espiritualidade&#8221;<\/em>.<\/p>\n<p>Neste contexto, toda Igreja \u00e9 convidada a celebrar com entusiasmo o Dia Nacional da Juventude (DNJ), cujo tema \u00e9<em> &#8220;Juventude em marcha contra a viol\u00eancia&#8221;<\/em>, com o lema: <em>&#8220;Contra o exterm\u00ednio da juventude, a favor da Vida!&#8221;<\/em>. O tema e o lema do DNJ d\u00e3o continuidade ao ciclo de debates e celebra\u00e7\u00f5es iniciados com a Campanha da Fraternidade 2009 da CNBB, com o eixo: <em>&#8220;Defesa da Vida&#8221;<\/em>.<\/p>\n<p>Em nossa Arquidiocese, o DNJ ser\u00e1 celebrado no <strong>dia 25 de outubro<\/strong>, domingo, das <strong>10h \u00e0s 17h<\/strong>, no <strong>Parque Ibirapuera<\/strong>, localizado na Av. Pedro \u00c1lvares Cabral, s\/n\u00ba. Nossas comunidades e par\u00f3quias poder\u00e3o estacionar \u00f4nibus fretados e autom\u00f3veis na Assembl\u00e9ia Legislativa do Estado de S\u00e3o Paulo, situada bem em frente ao Parque Ibirapuera, na Av. Pedro \u00c1lvares Cabral, 201.<\/p>\n<p><strong>A programa\u00e7\u00e3o prev\u00ea:<\/strong><\/p>\n<p>10h &#8211; Abertura e acolhida<br \/>\n11h &#8211; Celebra\u00e7\u00e3o Eucar\u00edstica na Arena de Eventos<br \/>\n12h30 &#8211; Gesto Simb\u00f3lico pela Vida da juventude na Pra\u00e7a da Paz<br \/>\n13h &#8211; Apresenta\u00e7\u00f5es Art\u00edsticas na Arena de Eventos, Oficinas e Relatos de Experi\u00eancias sobre temas ligados \u00e0 Cultura da Paz, na Marquise do Parque<br \/>\n16h\u00a0 &#8211; Show musical de encerramento do evento<\/p>\n<p>Mais informa\u00e7\u00f5es poder\u00e3o ser obtidas no site <a href=\"http:\/\/www.setorjuventude.org.br\" target=\"_blank\">www.setorjuventude.org.br<\/a> ou no Secretariado Arquidiocesano de Pastoral, pelo telefone: 11 3826-0133, ramal 232. Clique <a href=\"http:\/\/www.oarcanjo.net\/site\/wp-content\/uploads\/CartazDNJ2009-SaoPaulo.pdf\" target=\"_blank\">aqui<\/a> para ver o cartaz e <a href=\"http:\/\/www.oarcanjo.net\/site\/wp-content\/uploads\/FolderExplicativoDNJ2009.pdf\" target=\"_blank\">aqui<\/a> para fazer download do folder e a ajudar a divulgar o evento.<\/p>\n<p><em>Texto retirado da carta convite de D. Odilo Pedro Scherer, Arcebispo Metropolitano de S\u00e3o Paulo e de\u00a0D. Tarc\u00edsio Scaramussa, sdb, Bispo Auxiliar de S\u00e3o Paulo, Respons\u00e1vel pelo Setor Juventude<\/em><\/p>\n<div id=\"themify_builder_content-5548\" data-postid=\"5548\" class=\"themify_builder_content themify_builder_content-5548 themify_builder themify_builder_front\">\n\t<\/div>\n<!-- \/themify_builder_content -->","protected":false},"excerpt":{"rendered":"<p>O 10\u00ba Plano de Pastoral de nossa Arquidiocese, na p\u00e1gina 88, prop\u00f5e \u00e0s nossas comunidades &#8220;que renovem a op\u00e7\u00e3o preferencial pelos jovens, de maneira eficaz e realista, apoiando, motivando, acompanhando e participando de sua vida e promovendo uma cultura que favore\u00e7a sua identifica\u00e7\u00e3o com ideais de dignidade, liberdade, solidariedade, justi\u00e7a, paz, di\u00e1logo e espiritualidade&#8221;. Neste [&hellip;]<\/p>\n","protected":false},"author":5,"featured_media":0,"comment_status":"open","ping_status":"open","sticky":false,"template":"","format":"standard","meta":{"ngg_post_thumbnail":0,"footnotes":""},"categories":[8],"tags":[1142,1143,3207],"yoast_head":"<!-- This site is optimized with the Yoast SEO plugin v23.5 - https:\/\/yoast.com\/wordpress\/plugins\/seo\/ -->\n<title>Celebra\u00e7\u00e3o do Dia Nacional da Juventude - O Arcanjo no ar<\/title>\n<meta name=\"robots\" content=\"index, follow, max-snippet:-1, max-image-preview:large, max-video-preview:-1\" \/>\n<link rel=\"canonical\" href=\"https:\/\/www.oarcanjo.net\/site\/celebracao-do-dia-nacional-da-juventude\/\" \/>\n<meta property=\"og:locale\" content=\"pt_BR\" \/>\n<meta property=\"og:type\" content=\"article\" \/>\n<meta property=\"og:title\" content=\"Celebra\u00e7\u00e3o do Dia Nacional da Juventude - O Arcanjo no ar\" \/>\n<meta property=\"og:description\" content=\"O 10\u00ba Plano de Pastoral de nossa Arquidiocese, na p\u00e1gina 88, prop\u00f5e \u00e0s nossas comunidades &#8220;que renovem a op\u00e7\u00e3o preferencial pelos jovens, de maneira eficaz e realista, apoiando, motivando, acompanhando e participando de sua vida e promovendo uma cultura que favore\u00e7a sua identifica\u00e7\u00e3o com ideais de dignidade, liberdade, solidariedade, justi\u00e7a, paz, di\u00e1logo e espiritualidade&#8221;. Neste [&hellip;]\" \/>\n<meta property=\"og:url\" content=\"https:\/\/www.oarcanjo.net\/site\/celebracao-do-dia-nacional-da-juventude\/\" \/>\n<meta property=\"og:site_name\" content=\"O Arcanjo no ar\" \/>\n<meta property=\"article:publisher\" content=\"https:\/\/www.facebook.com\/OArcanjoNoAr\/\" \/>\n<meta property=\"article:published_time\" content=\"2009-10-06T08:20:56+00:00\" \/>\n<meta property=\"article:modified_time\" content=\"2009-10-06T08:26:56+00:00\" \/>\n<meta property=\"og:image\" content=\"https:\/\/www.oarcanjo.net\/site\/wp-content\/uploads\/logo-o-arcanjo-no-ar-facebook.png\" \/>\n\t<meta property=\"og:image:width\" content=\"300\" \/>\n\t<meta property=\"og:image:height\" content=\"300\" \/>\n\t<meta property=\"og:image:type\" content=\"image\/png\" \/>\n<meta name=\"author\" content=\"editor\" \/>\n<meta name=\"twitter:card\" content=\"summary_large_image\" \/>\n<meta name=\"twitter:label1\" content=\"Escrito por\" \/>\n\t<meta name=\"twitter:data1\" content=\"editor\" \/>\n\t<meta name=\"twitter:label2\" content=\"Est. tempo de leitura\" \/>\n\t<meta name=\"twitter:data2\" content=\"2 minutos\" \/>\n<script type=\"application\/ld+json\" class=\"yoast-schema-graph\">{\"@context\":\"https:\/\/schema.org\",\"@graph\":[{\"@type\":\"Article\",\"@id\":\"https:\/\/www.oarcanjo.net\/site\/celebracao-do-dia-nacional-da-juventude\/#article\",\"isPartOf\":{\"@id\":\"https:\/\/www.oarcanjo.net\/site\/celebracao-do-dia-nacional-da-juventude\/\"},\"author\":{\"name\":\"editor\",\"@id\":\"https:\/\/www.oarcanjo.net\/site\/#\/schema\/person\/f7024d007863202483a31326673a0838\"},\"headline\":\"Celebra\u00e7\u00e3o do Dia Nacional da Juventude\",\"datePublished\":\"2009-10-06T08:20:56+00:00\",\"dateModified\":\"2009-10-06T08:26:56+00:00\",\"mainEntityOfPage\":{\"@id\":\"https:\/\/www.oarcanjo.net\/site\/celebracao-do-dia-nacional-da-juventude\/\"},\"wordCount\":340,\"commentCount\":0,\"publisher\":{\"@id\":\"https:\/\/www.oarcanjo.net\/site\/#organization\"},\"keywords\":[\"Dia Nacional da Juventude\",\"DNJ\",\"Jovens\"],\"articleSection\":[\"Not\u00edcias\"],\"inLanguage\":\"pt-BR\",\"potentialAction\":[{\"@type\":\"CommentAction\",\"name\":\"Comment\",\"target\":[\"https:\/\/www.oarcanjo.net\/site\/celebracao-do-dia-nacional-da-juventude\/#respond\"]}]},{\"@type\":\"WebPage\",\"@id\":\"https:\/\/www.oarcanjo.net\/site\/celebracao-do-dia-nacional-da-juventude\/\",\"url\":\"https:\/\/www.oarcanjo.net\/site\/celebracao-do-dia-nacional-da-juventude\/\",\"name\":\"Celebra\u00e7\u00e3o do Dia Nacional da Juventude - O Arcanjo no ar\",\"isPartOf\":{\"@id\":\"https:\/\/www.oarcanjo.net\/site\/#website\"},\"datePublished\":\"2009-10-06T08:20:56+00:00\",\"dateModified\":\"2009-10-06T08:26:56+00:00\",\"breadcrumb\":{\"@id\":\"https:\/\/www.oarcanjo.net\/site\/celebracao-do-dia-nacional-da-juventude\/#breadcrumb\"},\"inLanguage\":\"pt-BR\",\"potentialAction\":[{\"@type\":\"ReadAction\",\"target\":[\"https:\/\/www.oarcanjo.net\/site\/celebracao-do-dia-nacional-da-juventude\/\"]}]},{\"@type\":\"BreadcrumbList\",\"@id\":\"https:\/\/www.oarcanjo.net\/site\/celebracao-do-dia-nacional-da-juventude\/#breadcrumb\",\"itemListElement\":[{\"@type\":\"ListItem\",\"position\":1,\"name\":\"In\u00edcio\",\"item\":\"https:\/\/www.oarcanjo.net\/site\/\"},{\"@type\":\"ListItem\",\"position\":2,\"name\":\"Celebra\u00e7\u00e3o do Dia Nacional da Juventude\"}]},{\"@type\":\"WebSite\",\"@id\":\"https:\/\/www.oarcanjo.net\/site\/#website\",\"url\":\"https:\/\/www.oarcanjo.net\/site\/\",\"name\":\"O Arcanjo no ar\",\"description\":\"Site da Par\u00f3quia S\u00e3o Miguel Arcanjo (Arquidiocese de SP)\",\"publisher\":{\"@id\":\"https:\/\/www.oarcanjo.net\/site\/#organization\"},\"potentialAction\":[{\"@type\":\"SearchAction\",\"target\":{\"@type\":\"EntryPoint\",\"urlTemplate\":\"https:\/\/www.oarcanjo.net\/site\/?s={search_term_string}\"},\"query-input\":{\"@type\":\"PropertyValueSpecification\",\"valueRequired\":true,\"valueName\":\"search_term_string\"}}],\"inLanguage\":\"pt-BR\"},{\"@type\":\"Organization\",\"@id\":\"https:\/\/www.oarcanjo.net\/site\/#organization\",\"name\":\"Par\u00f3quia S\u00e3o Miguel Arcanjo\",\"url\":\"https:\/\/www.oarcanjo.net\/site\/\",\"logo\":{\"@type\":\"ImageObject\",\"inLanguage\":\"pt-BR\",\"@id\":\"https:\/\/www.oarcanjo.net\/site\/#\/schema\/logo\/image\/\",\"url\":\"https:\/\/www.oarcanjo.net\/site\/wp-content\/uploads\/LogoOArcanjo.png\",\"contentUrl\":\"https:\/\/www.oarcanjo.net\/site\/wp-content\/uploads\/LogoOArcanjo.png\",\"width\":319,\"height\":99,\"caption\":\"Par\u00f3quia S\u00e3o Miguel Arcanjo\"},\"image\":{\"@id\":\"https:\/\/www.oarcanjo.net\/site\/#\/schema\/logo\/image\/\"},\"sameAs\":[\"https:\/\/www.facebook.com\/OArcanjoNoAr\/\"]},{\"@type\":\"Person\",\"@id\":\"https:\/\/www.oarcanjo.net\/site\/#\/schema\/person\/f7024d007863202483a31326673a0838\",\"name\":\"editor\",\"sameAs\":[\"http:\/\/www.oarcanjo.net\"]}]}<\/script>\n<!-- \/ Yoast SEO plugin. -->","yoast_head_json":{"title":"Celebra\u00e7\u00e3o do Dia Nacional da Juventude - O Arcanjo no ar","robots":{"index":"index","follow":"follow","max-snippet":"max-snippet:-1","max-image-preview":"max-image-preview:large","max-video-preview":"max-video-preview:-1"},"canonical":"https:\/\/www.oarcanjo.net\/site\/celebracao-do-dia-nacional-da-juventude\/","og_locale":"pt_BR","og_type":"article","og_title":"Celebra\u00e7\u00e3o do Dia Nacional da Juventude - O Arcanjo no ar","og_description":"O 10\u00ba Plano de Pastoral de nossa Arquidiocese, na p\u00e1gina 88, prop\u00f5e \u00e0s nossas comunidades &#8220;que renovem a op\u00e7\u00e3o preferencial pelos jovens, de maneira eficaz e realista, apoiando, motivando, acompanhando e participando de sua vida e promovendo uma cultura que favore\u00e7a sua identifica\u00e7\u00e3o com ideais de dignidade, liberdade, solidariedade, justi\u00e7a, paz, di\u00e1logo e espiritualidade&#8221;. Neste [&hellip;]","og_url":"https:\/\/www.oarcanjo.net\/site\/celebracao-do-dia-nacional-da-juventude\/","og_site_name":"O Arcanjo no ar","article_publisher":"https:\/\/www.facebook.com\/OArcanjoNoAr\/","article_published_time":"2009-10-06T08:20:56+00:00","article_modified_time":"2009-10-06T08:26:56+00:00","og_image":[{"width":300,"height":300,"url":"https:\/\/www.oarcanjo.net\/site\/wp-content\/uploads\/logo-o-arcanjo-no-ar-facebook.png","type":"image\/png"}],"author":"editor","twitter_card":"summary_large_image","twitter_misc":{"Escrito por":"editor","Est. tempo de leitura":"2 minutos"},"schema":{"@context":"https:\/\/schema.org","@graph":[{"@type":"Article","@id":"https:\/\/www.oarcanjo.net\/site\/celebracao-do-dia-nacional-da-juventude\/#article","isPartOf":{"@id":"https:\/\/www.oarcanjo.net\/site\/celebracao-do-dia-nacional-da-juventude\/"},"author":{"name":"editor","@id":"https:\/\/www.oarcanjo.net\/site\/#\/schema\/person\/f7024d007863202483a31326673a0838"},"headline":"Celebra\u00e7\u00e3o do Dia Nacional da Juventude","datePublished":"2009-10-06T08:20:56+00:00","dateModified":"2009-10-06T08:26:56+00:00","mainEntityOfPage":{"@id":"https:\/\/www.oarcanjo.net\/site\/celebracao-do-dia-nacional-da-juventude\/"},"wordCount":340,"commentCount":0,"publisher":{"@id":"https:\/\/www.oarcanjo.net\/site\/#organization"},"keywords":["Dia Nacional da Juventude","DNJ","Jovens"],"articleSection":["Not\u00edcias"],"inLanguage":"pt-BR","potentialAction":[{"@type":"CommentAction","name":"Comment","target":["https:\/\/www.oarcanjo.net\/site\/celebracao-do-dia-nacional-da-juventude\/#respond"]}]},{"@type":"WebPage","@id":"https:\/\/www.oarcanjo.net\/site\/celebracao-do-dia-nacional-da-juventude\/","url":"https:\/\/www.oarcanjo.net\/site\/celebracao-do-dia-nacional-da-juventude\/","name":"Celebra\u00e7\u00e3o do Dia Nacional da Juventude - O Arcanjo no ar","isPartOf":{"@id":"https:\/\/www.oarcanjo.net\/site\/#website"},"datePublished":"2009-10-06T08:20:56+00:00","dateModified":"2009-10-06T08:26:56+00:00","breadcrumb":{"@id":"https:\/\/www.oarcanjo.net\/site\/celebracao-do-dia-nacional-da-juventude\/#breadcrumb"},"inLanguage":"pt-BR","potentialAction":[{"@type":"ReadAction","target":["https:\/\/www.oarcanjo.net\/site\/celebracao-do-dia-nacional-da-juventude\/"]}]},{"@type":"BreadcrumbList","@id":"https:\/\/www.oarcanjo.net\/site\/celebracao-do-dia-nacional-da-juventude\/#breadcrumb","itemListElement":[{"@type":"ListItem","position":1,"name":"In\u00edcio","item":"https:\/\/www.oarcanjo.net\/site\/"},{"@type":"ListItem","position":2,"name":"Celebra\u00e7\u00e3o do Dia Nacional da Juventude"}]},{"@type":"WebSite","@id":"https:\/\/www.oarcanjo.net\/site\/#website","url":"https:\/\/www.oarcanjo.net\/site\/","name":"O Arcanjo no ar","description":"Site da Par\u00f3quia S\u00e3o Miguel Arcanjo (Arquidiocese de SP)","publisher":{"@id":"https:\/\/www.oarcanjo.net\/site\/#organization"},"potentialAction":[{"@type":"SearchAction","target":{"@type":"EntryPoint","urlTemplate":"https:\/\/www.oarcanjo.net\/site\/?s={search_term_string}"},"query-input":{"@type":"PropertyValueSpecification","valueRequired":true,"valueName":"search_term_string"}}],"inLanguage":"pt-BR"},{"@type":"Organization","@id":"https:\/\/www.oarcanjo.net\/site\/#organization","name":"Par\u00f3quia S\u00e3o Miguel Arcanjo","url":"https:\/\/www.oarcanjo.net\/site\/","logo":{"@type":"ImageObject","inLanguage":"pt-BR","@id":"https:\/\/www.oarcanjo.net\/site\/#\/schema\/logo\/image\/","url":"https:\/\/www.oarcanjo.net\/site\/wp-content\/uploads\/LogoOArcanjo.png","contentUrl":"https:\/\/www.oarcanjo.net\/site\/wp-content\/uploads\/LogoOArcanjo.png","width":319,"height":99,"caption":"Par\u00f3quia S\u00e3o Miguel Arcanjo"},"image":{"@id":"https:\/\/www.oarcanjo.net\/site\/#\/schema\/logo\/image\/"},"sameAs":["https:\/\/www.facebook.com\/OArcanjoNoAr\/"]},{"@type":"Person","@id":"https:\/\/www.oarcanjo.net\/site\/#\/schema\/person\/f7024d007863202483a31326673a0838","name":"editor","sameAs":["http:\/\/www.oarcanjo.net"]}]}},"publishpress_future_action":{"enabled":false,"date":"2026-05-09 05:54:48","action":"category","newStatus":"draft","terms":[],"taxonomy":"category"},"publishpress_future_workflow_manual_trigger":{"enabledWorkflows":[]},"_links":{"self":[{"href":"https:\/\/www.oarcanjo.net\/site\/wp-json\/wp\/v2\/posts\/5548"}],"collection":[{"href":"https:\/\/www.oarcanjo.net\/site\/wp-json\/wp\/v2\/posts"}],"about":[{"href":"https:\/\/www.oarcanjo.net\/site\/wp-json\/wp\/v2\/types\/post"}],"author":[{"embeddable":true,"href":"https:\/\/www.oarcanjo.net\/site\/wp-json\/wp\/v2\/users\/5"}],"replies":[{"embeddable":true,"href":"https:\/\/www.oarcanjo.net\/site\/wp-json\/wp\/v2\/comments?post=5548"}],"version-history":[{"count":0,"href":"https:\/\/www.oarcanjo.net\/site\/wp-json\/wp\/v2\/posts\/5548\/revisions"}],"wp:attachment":[{"href":"https:\/\/www.oarcanjo.net\/site\/wp-json\/wp\/v2\/media?parent=5548"}],"wp:term":[{"taxonomy":"category","embeddable":true,"href":"https:\/\/www.oarcanjo.net\/site\/wp-json\/wp\/v2\/categories?post=5548"},{"taxonomy":"post_tag","embeddable":true,"href":"https:\/\/www.oarcanjo.net\/site\/wp-json\/wp\/v2\/tags?post=5548"}],"curies":[{"name":"wp","href":"https:\/\/api.w.org\/{rel}","templated":true}]}}