
{"id":5558,"date":"2009-10-06T10:41:03","date_gmt":"2009-10-06T13:41:03","guid":{"rendered":"http:\/\/www.oarcanjo.net\/site\/?p=5558"},"modified":"2009-10-07T00:21:19","modified_gmt":"2009-10-07T03:21:19","slug":"que-dia-marcante","status":"publish","type":"post","link":"https:\/\/www.oarcanjo.net\/site\/que-dia-marcante\/","title":{"rendered":"Que dia marcante!"},"content":{"rendered":"<p>Dia 6 de outubro \u00e9 dia de S\u00e3o Bruno, santo do sil\u00eancio e da contempla\u00e7\u00e3o, preferiu o sil\u00eancio e o recolhimento a ser bispo, foi inspirador de muitos religiosos, que n\u00e3o querem a solid\u00e3o, mas a comunh\u00e3o plena com DEUS pelo recolhimento e ora\u00e7\u00e3o.<\/p>\n<p>Hoje \u00e9 o dia do anivers\u00e1rio de meu irm\u00e3o Milton, falecido\u00a0 em 2003, e que teria agora 62 anos.<\/p>\n<p>Ele gostava de ter nascido no dia de S\u00e3o Bruno, tanto que seu filho chama-se Bruno. Neste dia sempre escolhia um bom livro para dar-lhe de presente, junto com marzipan, ele vinha rapidamente para buscar.<\/p>\n<p>Meu irm\u00e3o e meu amigo que tanta falta me faz, mistura de saudade e necessidade!<\/p>\n<p>Voc\u00ea me dava seguran\u00e7a e sempre era a quem podia recorrer, nunca \u00e9 demais dizer o quanto te quero bem! Agora voc\u00ea e o Jos\u00e9 Luiz est\u00e3o juntos com DEUS, n\u00e3o me sinto s\u00f3, cuido com carinho de nossa M\u00e3e, espero que em DEUS tenham encontrado o nosso pai que t\u00e3o cedo pra\u00ed retornou!<\/p>\n<p>Milton, a tua vida \u00e9 dom de DEUS agora Nele mergulhada!<\/p>\n<p>At\u00e9 um dia quando todos nos reencontraremos, um beijo para o pai e para o Jos\u00e9 Luiz, que tanta falta tamb\u00e9m me faz !<\/p>\n<p>Milton voc\u00ea foi sempre um bom e querido irm\u00e3o!<\/p>\n<div id=\"themify_builder_content-5558\" data-postid=\"5558\" class=\"themify_builder_content themify_builder_content-5558 themify_builder themify_builder_front\">\n\t<\/div>\n<!-- \/themify_builder_content -->","protected":false},"excerpt":{"rendered":"<p>Dia 6 de outubro \u00e9 dia de S\u00e3o Bruno, santo do sil\u00eancio e da contempla\u00e7\u00e3o, preferiu o sil\u00eancio e o recolhimento a ser bispo, foi inspirador de muitos religiosos, que n\u00e3o querem a solid\u00e3o, mas a comunh\u00e3o plena com DEUS pelo recolhimento e ora\u00e7\u00e3o. Hoje \u00e9 o dia do anivers\u00e1rio de meu irm\u00e3o Milton, falecido\u00a0 [&hellip;]<\/p>\n","protected":false},"author":4,"featured_media":0,"comment_status":"open","ping_status":"open","sticky":false,"template":"","format":"standard","meta":{"ngg_post_thumbnail":0,"footnotes":""},"categories":[4],"tags":[1148,1147,1149],"yoast_head":"<!-- This site is optimized with the Yoast SEO plugin v23.5 - https:\/\/yoast.com\/wordpress\/plugins\/seo\/ -->\n<title>Que dia marcante! - O Arcanjo no ar<\/title>\n<meta name=\"robots\" content=\"index, follow, max-snippet:-1, max-image-preview:large, max-video-preview:-1\" \/>\n<link rel=\"canonical\" href=\"https:\/\/www.oarcanjo.net\/site\/que-dia-marcante\/\" \/>\n<meta property=\"og:locale\" content=\"pt_BR\" \/>\n<meta property=\"og:type\" content=\"article\" \/>\n<meta property=\"og:title\" content=\"Que dia marcante! - O Arcanjo no ar\" \/>\n<meta property=\"og:description\" content=\"Dia 6 de outubro \u00e9 dia de S\u00e3o Bruno, santo do sil\u00eancio e da contempla\u00e7\u00e3o, preferiu o sil\u00eancio e o recolhimento a ser bispo, foi inspirador de muitos religiosos, que n\u00e3o querem a solid\u00e3o, mas a comunh\u00e3o plena com DEUS pelo recolhimento e ora\u00e7\u00e3o. Hoje \u00e9 o dia do anivers\u00e1rio de meu irm\u00e3o Milton, falecido\u00a0 [&hellip;]\" \/>\n<meta property=\"og:url\" content=\"https:\/\/www.oarcanjo.net\/site\/que-dia-marcante\/\" \/>\n<meta property=\"og:site_name\" content=\"O Arcanjo no ar\" \/>\n<meta property=\"article:publisher\" content=\"https:\/\/www.facebook.com\/OArcanjoNoAr\/\" \/>\n<meta property=\"article:published_time\" content=\"2009-10-06T13:41:03+00:00\" \/>\n<meta property=\"article:modified_time\" content=\"2009-10-07T03:21:19+00:00\" \/>\n<meta property=\"og:image\" content=\"https:\/\/www.oarcanjo.net\/site\/wp-content\/uploads\/logo-o-arcanjo-no-ar-facebook.png\" \/>\n\t<meta property=\"og:image:width\" content=\"300\" \/>\n\t<meta property=\"og:image:height\" content=\"300\" \/>\n\t<meta property=\"og:image:type\" content=\"image\/png\" \/>\n<meta name=\"author\" content=\"julio\" \/>\n<meta name=\"twitter:card\" content=\"summary_large_image\" \/>\n<meta name=\"twitter:label1\" content=\"Escrito por\" \/>\n\t<meta name=\"twitter:data1\" content=\"julio\" \/>\n\t<meta name=\"twitter:label2\" content=\"Est. tempo de leitura\" \/>\n\t<meta name=\"twitter:data2\" content=\"1 minuto\" \/>\n<script type=\"application\/ld+json\" class=\"yoast-schema-graph\">{\"@context\":\"https:\/\/schema.org\",\"@graph\":[{\"@type\":\"Article\",\"@id\":\"https:\/\/www.oarcanjo.net\/site\/que-dia-marcante\/#article\",\"isPartOf\":{\"@id\":\"https:\/\/www.oarcanjo.net\/site\/que-dia-marcante\/\"},\"author\":{\"name\":\"julio\",\"@id\":\"https:\/\/www.oarcanjo.net\/site\/#\/schema\/person\/d78ea01c648c91e29c364b516767079e\"},\"headline\":\"Que dia marcante!\",\"datePublished\":\"2009-10-06T13:41:03+00:00\",\"dateModified\":\"2009-10-07T03:21:19+00:00\",\"mainEntityOfPage\":{\"@id\":\"https:\/\/www.oarcanjo.net\/site\/que-dia-marcante\/\"},\"wordCount\":225,\"commentCount\":6,\"publisher\":{\"@id\":\"https:\/\/www.oarcanjo.net\/site\/#organization\"},\"keywords\":[\"Irm\u00e3o\",\"S\u00e3o Bruno\",\"Saudades\"],\"articleSection\":[\"Blog\"],\"inLanguage\":\"pt-BR\",\"potentialAction\":[{\"@type\":\"CommentAction\",\"name\":\"Comment\",\"target\":[\"https:\/\/www.oarcanjo.net\/site\/que-dia-marcante\/#respond\"]}]},{\"@type\":\"WebPage\",\"@id\":\"https:\/\/www.oarcanjo.net\/site\/que-dia-marcante\/\",\"url\":\"https:\/\/www.oarcanjo.net\/site\/que-dia-marcante\/\",\"name\":\"Que dia marcante! - O Arcanjo no ar\",\"isPartOf\":{\"@id\":\"https:\/\/www.oarcanjo.net\/site\/#website\"},\"datePublished\":\"2009-10-06T13:41:03+00:00\",\"dateModified\":\"2009-10-07T03:21:19+00:00\",\"breadcrumb\":{\"@id\":\"https:\/\/www.oarcanjo.net\/site\/que-dia-marcante\/#breadcrumb\"},\"inLanguage\":\"pt-BR\",\"potentialAction\":[{\"@type\":\"ReadAction\",\"target\":[\"https:\/\/www.oarcanjo.net\/site\/que-dia-marcante\/\"]}]},{\"@type\":\"BreadcrumbList\",\"@id\":\"https:\/\/www.oarcanjo.net\/site\/que-dia-marcante\/#breadcrumb\",\"itemListElement\":[{\"@type\":\"ListItem\",\"position\":1,\"name\":\"In\u00edcio\",\"item\":\"https:\/\/www.oarcanjo.net\/site\/\"},{\"@type\":\"ListItem\",\"position\":2,\"name\":\"Que dia marcante!\"}]},{\"@type\":\"WebSite\",\"@id\":\"https:\/\/www.oarcanjo.net\/site\/#website\",\"url\":\"https:\/\/www.oarcanjo.net\/site\/\",\"name\":\"O Arcanjo no ar\",\"description\":\"Site da Par\u00f3quia S\u00e3o Miguel Arcanjo (Arquidiocese de SP)\",\"publisher\":{\"@id\":\"https:\/\/www.oarcanjo.net\/site\/#organization\"},\"potentialAction\":[{\"@type\":\"SearchAction\",\"target\":{\"@type\":\"EntryPoint\",\"urlTemplate\":\"https:\/\/www.oarcanjo.net\/site\/?s={search_term_string}\"},\"query-input\":{\"@type\":\"PropertyValueSpecification\",\"valueRequired\":true,\"valueName\":\"search_term_string\"}}],\"inLanguage\":\"pt-BR\"},{\"@type\":\"Organization\",\"@id\":\"https:\/\/www.oarcanjo.net\/site\/#organization\",\"name\":\"Par\u00f3quia S\u00e3o Miguel Arcanjo\",\"url\":\"https:\/\/www.oarcanjo.net\/site\/\",\"logo\":{\"@type\":\"ImageObject\",\"inLanguage\":\"pt-BR\",\"@id\":\"https:\/\/www.oarcanjo.net\/site\/#\/schema\/logo\/image\/\",\"url\":\"https:\/\/www.oarcanjo.net\/site\/wp-content\/uploads\/LogoOArcanjo.png\",\"contentUrl\":\"https:\/\/www.oarcanjo.net\/site\/wp-content\/uploads\/LogoOArcanjo.png\",\"width\":319,\"height\":99,\"caption\":\"Par\u00f3quia S\u00e3o Miguel Arcanjo\"},\"image\":{\"@id\":\"https:\/\/www.oarcanjo.net\/site\/#\/schema\/logo\/image\/\"},\"sameAs\":[\"https:\/\/www.facebook.com\/OArcanjoNoAr\/\"]},{\"@type\":\"Person\",\"@id\":\"https:\/\/www.oarcanjo.net\/site\/#\/schema\/person\/d78ea01c648c91e29c364b516767079e\",\"name\":\"julio\",\"sameAs\":[\"http:\/\/www.oarcanjo.net\"]}]}<\/script>\n<!-- \/ Yoast SEO plugin. -->","yoast_head_json":{"title":"Que dia marcante! - O Arcanjo no ar","robots":{"index":"index","follow":"follow","max-snippet":"max-snippet:-1","max-image-preview":"max-image-preview:large","max-video-preview":"max-video-preview:-1"},"canonical":"https:\/\/www.oarcanjo.net\/site\/que-dia-marcante\/","og_locale":"pt_BR","og_type":"article","og_title":"Que dia marcante! - O Arcanjo no ar","og_description":"Dia 6 de outubro \u00e9 dia de S\u00e3o Bruno, santo do sil\u00eancio e da contempla\u00e7\u00e3o, preferiu o sil\u00eancio e o recolhimento a ser bispo, foi inspirador de muitos religiosos, que n\u00e3o querem a solid\u00e3o, mas a comunh\u00e3o plena com DEUS pelo recolhimento e ora\u00e7\u00e3o. Hoje \u00e9 o dia do anivers\u00e1rio de meu irm\u00e3o Milton, falecido\u00a0 [&hellip;]","og_url":"https:\/\/www.oarcanjo.net\/site\/que-dia-marcante\/","og_site_name":"O Arcanjo no ar","article_publisher":"https:\/\/www.facebook.com\/OArcanjoNoAr\/","article_published_time":"2009-10-06T13:41:03+00:00","article_modified_time":"2009-10-07T03:21:19+00:00","og_image":[{"width":300,"height":300,"url":"https:\/\/www.oarcanjo.net\/site\/wp-content\/uploads\/logo-o-arcanjo-no-ar-facebook.png","type":"image\/png"}],"author":"julio","twitter_card":"summary_large_image","twitter_misc":{"Escrito por":"julio","Est. tempo de leitura":"1 minuto"},"schema":{"@context":"https:\/\/schema.org","@graph":[{"@type":"Article","@id":"https:\/\/www.oarcanjo.net\/site\/que-dia-marcante\/#article","isPartOf":{"@id":"https:\/\/www.oarcanjo.net\/site\/que-dia-marcante\/"},"author":{"name":"julio","@id":"https:\/\/www.oarcanjo.net\/site\/#\/schema\/person\/d78ea01c648c91e29c364b516767079e"},"headline":"Que dia marcante!","datePublished":"2009-10-06T13:41:03+00:00","dateModified":"2009-10-07T03:21:19+00:00","mainEntityOfPage":{"@id":"https:\/\/www.oarcanjo.net\/site\/que-dia-marcante\/"},"wordCount":225,"commentCount":6,"publisher":{"@id":"https:\/\/www.oarcanjo.net\/site\/#organization"},"keywords":["Irm\u00e3o","S\u00e3o Bruno","Saudades"],"articleSection":["Blog"],"inLanguage":"pt-BR","potentialAction":[{"@type":"CommentAction","name":"Comment","target":["https:\/\/www.oarcanjo.net\/site\/que-dia-marcante\/#respond"]}]},{"@type":"WebPage","@id":"https:\/\/www.oarcanjo.net\/site\/que-dia-marcante\/","url":"https:\/\/www.oarcanjo.net\/site\/que-dia-marcante\/","name":"Que dia marcante! - O Arcanjo no ar","isPartOf":{"@id":"https:\/\/www.oarcanjo.net\/site\/#website"},"datePublished":"2009-10-06T13:41:03+00:00","dateModified":"2009-10-07T03:21:19+00:00","breadcrumb":{"@id":"https:\/\/www.oarcanjo.net\/site\/que-dia-marcante\/#breadcrumb"},"inLanguage":"pt-BR","potentialAction":[{"@type":"ReadAction","target":["https:\/\/www.oarcanjo.net\/site\/que-dia-marcante\/"]}]},{"@type":"BreadcrumbList","@id":"https:\/\/www.oarcanjo.net\/site\/que-dia-marcante\/#breadcrumb","itemListElement":[{"@type":"ListItem","position":1,"name":"In\u00edcio","item":"https:\/\/www.oarcanjo.net\/site\/"},{"@type":"ListItem","position":2,"name":"Que dia marcante!"}]},{"@type":"WebSite","@id":"https:\/\/www.oarcanjo.net\/site\/#website","url":"https:\/\/www.oarcanjo.net\/site\/","name":"O Arcanjo no ar","description":"Site da Par\u00f3quia S\u00e3o Miguel Arcanjo (Arquidiocese de SP)","publisher":{"@id":"https:\/\/www.oarcanjo.net\/site\/#organization"},"potentialAction":[{"@type":"SearchAction","target":{"@type":"EntryPoint","urlTemplate":"https:\/\/www.oarcanjo.net\/site\/?s={search_term_string}"},"query-input":{"@type":"PropertyValueSpecification","valueRequired":true,"valueName":"search_term_string"}}],"inLanguage":"pt-BR"},{"@type":"Organization","@id":"https:\/\/www.oarcanjo.net\/site\/#organization","name":"Par\u00f3quia S\u00e3o Miguel Arcanjo","url":"https:\/\/www.oarcanjo.net\/site\/","logo":{"@type":"ImageObject","inLanguage":"pt-BR","@id":"https:\/\/www.oarcanjo.net\/site\/#\/schema\/logo\/image\/","url":"https:\/\/www.oarcanjo.net\/site\/wp-content\/uploads\/LogoOArcanjo.png","contentUrl":"https:\/\/www.oarcanjo.net\/site\/wp-content\/uploads\/LogoOArcanjo.png","width":319,"height":99,"caption":"Par\u00f3quia S\u00e3o Miguel Arcanjo"},"image":{"@id":"https:\/\/www.oarcanjo.net\/site\/#\/schema\/logo\/image\/"},"sameAs":["https:\/\/www.facebook.com\/OArcanjoNoAr\/"]},{"@type":"Person","@id":"https:\/\/www.oarcanjo.net\/site\/#\/schema\/person\/d78ea01c648c91e29c364b516767079e","name":"julio","sameAs":["http:\/\/www.oarcanjo.net"]}]}},"publishpress_future_action":{"enabled":false,"date":"2026-05-09 04:22:45","action":"category","newStatus":"draft","terms":[],"taxonomy":"category"},"publishpress_future_workflow_manual_trigger":{"enabledWorkflows":[]},"_links":{"self":[{"href":"https:\/\/www.oarcanjo.net\/site\/wp-json\/wp\/v2\/posts\/5558"}],"collection":[{"href":"https:\/\/www.oarcanjo.net\/site\/wp-json\/wp\/v2\/posts"}],"about":[{"href":"https:\/\/www.oarcanjo.net\/site\/wp-json\/wp\/v2\/types\/post"}],"author":[{"embeddable":true,"href":"https:\/\/www.oarcanjo.net\/site\/wp-json\/wp\/v2\/users\/4"}],"replies":[{"embeddable":true,"href":"https:\/\/www.oarcanjo.net\/site\/wp-json\/wp\/v2\/comments?post=5558"}],"version-history":[{"count":0,"href":"https:\/\/www.oarcanjo.net\/site\/wp-json\/wp\/v2\/posts\/5558\/revisions"}],"wp:attachment":[{"href":"https:\/\/www.oarcanjo.net\/site\/wp-json\/wp\/v2\/media?parent=5558"}],"wp:term":[{"taxonomy":"category","embeddable":true,"href":"https:\/\/www.oarcanjo.net\/site\/wp-json\/wp\/v2\/categories?post=5558"},{"taxonomy":"post_tag","embeddable":true,"href":"https:\/\/www.oarcanjo.net\/site\/wp-json\/wp\/v2\/tags?post=5558"}],"curies":[{"name":"wp","href":"https:\/\/api.w.org\/{rel}","templated":true}]}}