
{"id":5567,"date":"2009-10-07T00:37:07","date_gmt":"2009-10-07T03:37:07","guid":{"rendered":"http:\/\/www.oarcanjo.net\/site\/?p=5567"},"modified":"2009-10-07T12:57:00","modified_gmt":"2009-10-07T15:57:00","slug":"07-de-outubro-festa-de-nossa-senhora-do-rosario","status":"publish","type":"post","link":"https:\/\/www.oarcanjo.net\/site\/07-de-outubro-festa-de-nossa-senhora-do-rosario\/","title":{"rendered":"07 de outubro &#8211; Festa de Nossa Senhora do Ros\u00e1rio"},"content":{"rendered":"<p><em>Por Gilda Carvalho<\/em><em><\/em><\/p>\n<p>A devo\u00e7\u00e3o ao ros\u00e1rio nasceu no per\u00edodo medieval e simbolizava uma coroa de rosas que teria sido oferecida \u00e0 Virgem Maria como express\u00e3o do amor e piedade dos fi\u00e9is crist\u00e3os.\u00a0 Ora\u00e7\u00e3o t\u00edpica da devo\u00e7\u00e3o mariana, a recita\u00e7\u00e3o do Ros\u00e1rio remete \u00e0 medita\u00e7\u00e3o dos mist\u00e9rios da vida de Jesus de Nazar\u00e9 e da tradi\u00e7\u00e3o da Igreja, e permite a compreens\u00e3o da rotina cotidiana iluminada pela vida do pr\u00f3prio Cristo.<\/p>\n<p>Os dominicanos foram os grandes difusores da devo\u00e7\u00e3o ao Ros\u00e1rio.\u00a0 A tradi\u00e7\u00e3o conta que Nossa Senhora teria aparecido a S\u00e3o Domingos \u2013 fundador da Ordem dos Dominicanos \u2013 e, na ocasi\u00e3o, teria mencionado que a recita\u00e7\u00e3o do Ros\u00e1rio seria uma poderosa arma de convers\u00e3o.\u00a0 Foi o Papa V, de origem dominicana, que incentivou oficialmente a ora\u00e7\u00e3o do Ros\u00e1rio, indicando, sobretudo, que deveria ser feita em fam\u00edlia.<\/p>\n<p>A festa de Nossa Senhora do Ros\u00e1rio, por sua vez, tem sua origem na festa de Santa Maria Vit\u00f3ria, institu\u00edda pelo Papa Pio V, para comemorar a vit\u00f3ria na batalha de Lepanto contra os turcos em 1571.<\/p>\n<p><strong>Ora\u00e7\u00e3o a Nossa Senhora do Ros\u00e1rio<\/strong><\/p>\n<p><strong><\/strong>Nossa Senhora do Ros\u00e1rio<br \/>\ndai a todos os crist\u00e3os a gra\u00e7a de empreender<br \/>\na grandiosidade da devo\u00e7\u00e3o do Santo Ros\u00e1rio,<br \/>\nna qual, \u00e0 recita\u00e7\u00e3o da Ave-Maria<br \/>\nse junta a profunda medita\u00e7\u00e3o dos santos mist\u00e9rios<br \/>\nda Vida, Morte e Ressurrei\u00e7\u00e3o de Jesus,<br \/>\nvosso Filho e nosso Redentor.<br \/>\nS\u00e3o Domingos, ap\u00f3stolo do ros\u00e1rio,<br \/>\nacompanhai-nos com a vossa ben\u00e7\u00e3o,<br \/>\nna recita\u00e7\u00e3o do ter\u00e7o,<br \/>\npara que por meio desta devo\u00e7\u00e3o \u00e0 Maria,<br \/>\ncheguemos mais depressa a Jesus,<br \/>\ne como na batalha de Lepanto,<br \/>\nNossa Senhora nos leve \u00e0 vit\u00f3ria<br \/>\nem todas as lutas da vida;<br \/>\npor seu Filho, Jesus Cristo,<br \/>\nna unidade do Pai e do Esp\u00edrito Santo.<br \/>\nAssim seja!<br \/>\nAm\u00e9m!<\/p>\n<div id=\"themify_builder_content-5567\" data-postid=\"5567\" class=\"themify_builder_content themify_builder_content-5567 themify_builder themify_builder_front\">\n\t<\/div>\n<!-- \/themify_builder_content -->","protected":false},"excerpt":{"rendered":"<p>Por Gilda Carvalho A devo\u00e7\u00e3o ao ros\u00e1rio nasceu no per\u00edodo medieval e simbolizava uma coroa de rosas que teria sido oferecida \u00e0 Virgem Maria como express\u00e3o do amor e piedade dos fi\u00e9is crist\u00e3os.\u00a0 Ora\u00e7\u00e3o t\u00edpica da devo\u00e7\u00e3o mariana, a recita\u00e7\u00e3o do Ros\u00e1rio remete \u00e0 medita\u00e7\u00e3o dos mist\u00e9rios da vida de Jesus de Nazar\u00e9 e da [&hellip;]<\/p>\n","protected":false},"author":5,"featured_media":0,"comment_status":"open","ping_status":"open","sticky":false,"template":"","format":"standard","meta":{"ngg_post_thumbnail":0,"footnotes":""},"categories":[6],"tags":[1150],"yoast_head":"<!-- This site is optimized with the Yoast SEO plugin v23.5 - https:\/\/yoast.com\/wordpress\/plugins\/seo\/ -->\n<title>07 de outubro - Festa de Nossa Senhora do Ros\u00e1rio - O Arcanjo no ar<\/title>\n<meta name=\"robots\" content=\"index, follow, max-snippet:-1, max-image-preview:large, max-video-preview:-1\" \/>\n<link rel=\"canonical\" href=\"https:\/\/www.oarcanjo.net\/site\/07-de-outubro-festa-de-nossa-senhora-do-rosario\/\" \/>\n<meta property=\"og:locale\" content=\"pt_BR\" \/>\n<meta property=\"og:type\" content=\"article\" \/>\n<meta property=\"og:title\" content=\"07 de outubro - Festa de Nossa Senhora do Ros\u00e1rio - O Arcanjo no ar\" \/>\n<meta property=\"og:description\" content=\"Por Gilda Carvalho A devo\u00e7\u00e3o ao ros\u00e1rio nasceu no per\u00edodo medieval e simbolizava uma coroa de rosas que teria sido oferecida \u00e0 Virgem Maria como express\u00e3o do amor e piedade dos fi\u00e9is crist\u00e3os.\u00a0 Ora\u00e7\u00e3o t\u00edpica da devo\u00e7\u00e3o mariana, a recita\u00e7\u00e3o do Ros\u00e1rio remete \u00e0 medita\u00e7\u00e3o dos mist\u00e9rios da vida de Jesus de Nazar\u00e9 e da [&hellip;]\" \/>\n<meta property=\"og:url\" content=\"https:\/\/www.oarcanjo.net\/site\/07-de-outubro-festa-de-nossa-senhora-do-rosario\/\" \/>\n<meta property=\"og:site_name\" content=\"O Arcanjo no ar\" \/>\n<meta property=\"article:publisher\" content=\"https:\/\/www.facebook.com\/OArcanjoNoAr\/\" \/>\n<meta property=\"article:published_time\" content=\"2009-10-07T03:37:07+00:00\" \/>\n<meta property=\"article:modified_time\" content=\"2009-10-07T15:57:00+00:00\" \/>\n<meta property=\"og:image\" content=\"https:\/\/www.oarcanjo.net\/site\/wp-content\/uploads\/logo-o-arcanjo-no-ar-facebook.png\" \/>\n\t<meta property=\"og:image:width\" content=\"300\" \/>\n\t<meta property=\"og:image:height\" content=\"300\" \/>\n\t<meta property=\"og:image:type\" content=\"image\/png\" \/>\n<meta name=\"author\" content=\"editor\" \/>\n<meta name=\"twitter:card\" content=\"summary_large_image\" \/>\n<meta name=\"twitter:label1\" content=\"Escrito por\" \/>\n\t<meta name=\"twitter:data1\" content=\"editor\" \/>\n\t<meta name=\"twitter:label2\" content=\"Est. tempo de leitura\" \/>\n\t<meta name=\"twitter:data2\" content=\"2 minutos\" \/>\n<script type=\"application\/ld+json\" class=\"yoast-schema-graph\">{\"@context\":\"https:\/\/schema.org\",\"@graph\":[{\"@type\":\"Article\",\"@id\":\"https:\/\/www.oarcanjo.net\/site\/07-de-outubro-festa-de-nossa-senhora-do-rosario\/#article\",\"isPartOf\":{\"@id\":\"https:\/\/www.oarcanjo.net\/site\/07-de-outubro-festa-de-nossa-senhora-do-rosario\/\"},\"author\":{\"name\":\"editor\",\"@id\":\"https:\/\/www.oarcanjo.net\/site\/#\/schema\/person\/f7024d007863202483a31326673a0838\"},\"headline\":\"07 de outubro &#8211; Festa de Nossa Senhora do Ros\u00e1rio\",\"datePublished\":\"2009-10-07T03:37:07+00:00\",\"dateModified\":\"2009-10-07T15:57:00+00:00\",\"mainEntityOfPage\":{\"@id\":\"https:\/\/www.oarcanjo.net\/site\/07-de-outubro-festa-de-nossa-senhora-do-rosario\/\"},\"wordCount\":341,\"commentCount\":0,\"publisher\":{\"@id\":\"https:\/\/www.oarcanjo.net\/site\/#organization\"},\"keywords\":[\"Nossa Senhora do Ros\u00e1rio\"],\"articleSection\":[\"Ora\u00e7\u00f5es\"],\"inLanguage\":\"pt-BR\",\"potentialAction\":[{\"@type\":\"CommentAction\",\"name\":\"Comment\",\"target\":[\"https:\/\/www.oarcanjo.net\/site\/07-de-outubro-festa-de-nossa-senhora-do-rosario\/#respond\"]}]},{\"@type\":\"WebPage\",\"@id\":\"https:\/\/www.oarcanjo.net\/site\/07-de-outubro-festa-de-nossa-senhora-do-rosario\/\",\"url\":\"https:\/\/www.oarcanjo.net\/site\/07-de-outubro-festa-de-nossa-senhora-do-rosario\/\",\"name\":\"07 de outubro - Festa de Nossa Senhora do Ros\u00e1rio - O Arcanjo no ar\",\"isPartOf\":{\"@id\":\"https:\/\/www.oarcanjo.net\/site\/#website\"},\"datePublished\":\"2009-10-07T03:37:07+00:00\",\"dateModified\":\"2009-10-07T15:57:00+00:00\",\"breadcrumb\":{\"@id\":\"https:\/\/www.oarcanjo.net\/site\/07-de-outubro-festa-de-nossa-senhora-do-rosario\/#breadcrumb\"},\"inLanguage\":\"pt-BR\",\"potentialAction\":[{\"@type\":\"ReadAction\",\"target\":[\"https:\/\/www.oarcanjo.net\/site\/07-de-outubro-festa-de-nossa-senhora-do-rosario\/\"]}]},{\"@type\":\"BreadcrumbList\",\"@id\":\"https:\/\/www.oarcanjo.net\/site\/07-de-outubro-festa-de-nossa-senhora-do-rosario\/#breadcrumb\",\"itemListElement\":[{\"@type\":\"ListItem\",\"position\":1,\"name\":\"In\u00edcio\",\"item\":\"https:\/\/www.oarcanjo.net\/site\/\"},{\"@type\":\"ListItem\",\"position\":2,\"name\":\"07 de outubro &#8211; Festa de Nossa Senhora do Ros\u00e1rio\"}]},{\"@type\":\"WebSite\",\"@id\":\"https:\/\/www.oarcanjo.net\/site\/#website\",\"url\":\"https:\/\/www.oarcanjo.net\/site\/\",\"name\":\"O Arcanjo no ar\",\"description\":\"Site da Par\u00f3quia S\u00e3o Miguel Arcanjo (Arquidiocese de SP)\",\"publisher\":{\"@id\":\"https:\/\/www.oarcanjo.net\/site\/#organization\"},\"potentialAction\":[{\"@type\":\"SearchAction\",\"target\":{\"@type\":\"EntryPoint\",\"urlTemplate\":\"https:\/\/www.oarcanjo.net\/site\/?s={search_term_string}\"},\"query-input\":{\"@type\":\"PropertyValueSpecification\",\"valueRequired\":true,\"valueName\":\"search_term_string\"}}],\"inLanguage\":\"pt-BR\"},{\"@type\":\"Organization\",\"@id\":\"https:\/\/www.oarcanjo.net\/site\/#organization\",\"name\":\"Par\u00f3quia S\u00e3o Miguel Arcanjo\",\"url\":\"https:\/\/www.oarcanjo.net\/site\/\",\"logo\":{\"@type\":\"ImageObject\",\"inLanguage\":\"pt-BR\",\"@id\":\"https:\/\/www.oarcanjo.net\/site\/#\/schema\/logo\/image\/\",\"url\":\"https:\/\/www.oarcanjo.net\/site\/wp-content\/uploads\/LogoOArcanjo.png\",\"contentUrl\":\"https:\/\/www.oarcanjo.net\/site\/wp-content\/uploads\/LogoOArcanjo.png\",\"width\":319,\"height\":99,\"caption\":\"Par\u00f3quia S\u00e3o Miguel Arcanjo\"},\"image\":{\"@id\":\"https:\/\/www.oarcanjo.net\/site\/#\/schema\/logo\/image\/\"},\"sameAs\":[\"https:\/\/www.facebook.com\/OArcanjoNoAr\/\"]},{\"@type\":\"Person\",\"@id\":\"https:\/\/www.oarcanjo.net\/site\/#\/schema\/person\/f7024d007863202483a31326673a0838\",\"name\":\"editor\",\"sameAs\":[\"http:\/\/www.oarcanjo.net\"]}]}<\/script>\n<!-- \/ Yoast SEO plugin. -->","yoast_head_json":{"title":"07 de outubro - Festa de Nossa Senhora do Ros\u00e1rio - O Arcanjo no ar","robots":{"index":"index","follow":"follow","max-snippet":"max-snippet:-1","max-image-preview":"max-image-preview:large","max-video-preview":"max-video-preview:-1"},"canonical":"https:\/\/www.oarcanjo.net\/site\/07-de-outubro-festa-de-nossa-senhora-do-rosario\/","og_locale":"pt_BR","og_type":"article","og_title":"07 de outubro - Festa de Nossa Senhora do Ros\u00e1rio - O Arcanjo no ar","og_description":"Por Gilda Carvalho A devo\u00e7\u00e3o ao ros\u00e1rio nasceu no per\u00edodo medieval e simbolizava uma coroa de rosas que teria sido oferecida \u00e0 Virgem Maria como express\u00e3o do amor e piedade dos fi\u00e9is crist\u00e3os.\u00a0 Ora\u00e7\u00e3o t\u00edpica da devo\u00e7\u00e3o mariana, a recita\u00e7\u00e3o do Ros\u00e1rio remete \u00e0 medita\u00e7\u00e3o dos mist\u00e9rios da vida de Jesus de Nazar\u00e9 e da [&hellip;]","og_url":"https:\/\/www.oarcanjo.net\/site\/07-de-outubro-festa-de-nossa-senhora-do-rosario\/","og_site_name":"O Arcanjo no ar","article_publisher":"https:\/\/www.facebook.com\/OArcanjoNoAr\/","article_published_time":"2009-10-07T03:37:07+00:00","article_modified_time":"2009-10-07T15:57:00+00:00","og_image":[{"width":300,"height":300,"url":"https:\/\/www.oarcanjo.net\/site\/wp-content\/uploads\/logo-o-arcanjo-no-ar-facebook.png","type":"image\/png"}],"author":"editor","twitter_card":"summary_large_image","twitter_misc":{"Escrito por":"editor","Est. tempo de leitura":"2 minutos"},"schema":{"@context":"https:\/\/schema.org","@graph":[{"@type":"Article","@id":"https:\/\/www.oarcanjo.net\/site\/07-de-outubro-festa-de-nossa-senhora-do-rosario\/#article","isPartOf":{"@id":"https:\/\/www.oarcanjo.net\/site\/07-de-outubro-festa-de-nossa-senhora-do-rosario\/"},"author":{"name":"editor","@id":"https:\/\/www.oarcanjo.net\/site\/#\/schema\/person\/f7024d007863202483a31326673a0838"},"headline":"07 de outubro &#8211; Festa de Nossa Senhora do Ros\u00e1rio","datePublished":"2009-10-07T03:37:07+00:00","dateModified":"2009-10-07T15:57:00+00:00","mainEntityOfPage":{"@id":"https:\/\/www.oarcanjo.net\/site\/07-de-outubro-festa-de-nossa-senhora-do-rosario\/"},"wordCount":341,"commentCount":0,"publisher":{"@id":"https:\/\/www.oarcanjo.net\/site\/#organization"},"keywords":["Nossa Senhora do Ros\u00e1rio"],"articleSection":["Ora\u00e7\u00f5es"],"inLanguage":"pt-BR","potentialAction":[{"@type":"CommentAction","name":"Comment","target":["https:\/\/www.oarcanjo.net\/site\/07-de-outubro-festa-de-nossa-senhora-do-rosario\/#respond"]}]},{"@type":"WebPage","@id":"https:\/\/www.oarcanjo.net\/site\/07-de-outubro-festa-de-nossa-senhora-do-rosario\/","url":"https:\/\/www.oarcanjo.net\/site\/07-de-outubro-festa-de-nossa-senhora-do-rosario\/","name":"07 de outubro - Festa de Nossa Senhora do Ros\u00e1rio - O Arcanjo no ar","isPartOf":{"@id":"https:\/\/www.oarcanjo.net\/site\/#website"},"datePublished":"2009-10-07T03:37:07+00:00","dateModified":"2009-10-07T15:57:00+00:00","breadcrumb":{"@id":"https:\/\/www.oarcanjo.net\/site\/07-de-outubro-festa-de-nossa-senhora-do-rosario\/#breadcrumb"},"inLanguage":"pt-BR","potentialAction":[{"@type":"ReadAction","target":["https:\/\/www.oarcanjo.net\/site\/07-de-outubro-festa-de-nossa-senhora-do-rosario\/"]}]},{"@type":"BreadcrumbList","@id":"https:\/\/www.oarcanjo.net\/site\/07-de-outubro-festa-de-nossa-senhora-do-rosario\/#breadcrumb","itemListElement":[{"@type":"ListItem","position":1,"name":"In\u00edcio","item":"https:\/\/www.oarcanjo.net\/site\/"},{"@type":"ListItem","position":2,"name":"07 de outubro &#8211; Festa de Nossa Senhora do Ros\u00e1rio"}]},{"@type":"WebSite","@id":"https:\/\/www.oarcanjo.net\/site\/#website","url":"https:\/\/www.oarcanjo.net\/site\/","name":"O Arcanjo no ar","description":"Site da Par\u00f3quia S\u00e3o Miguel Arcanjo (Arquidiocese de SP)","publisher":{"@id":"https:\/\/www.oarcanjo.net\/site\/#organization"},"potentialAction":[{"@type":"SearchAction","target":{"@type":"EntryPoint","urlTemplate":"https:\/\/www.oarcanjo.net\/site\/?s={search_term_string}"},"query-input":{"@type":"PropertyValueSpecification","valueRequired":true,"valueName":"search_term_string"}}],"inLanguage":"pt-BR"},{"@type":"Organization","@id":"https:\/\/www.oarcanjo.net\/site\/#organization","name":"Par\u00f3quia S\u00e3o Miguel Arcanjo","url":"https:\/\/www.oarcanjo.net\/site\/","logo":{"@type":"ImageObject","inLanguage":"pt-BR","@id":"https:\/\/www.oarcanjo.net\/site\/#\/schema\/logo\/image\/","url":"https:\/\/www.oarcanjo.net\/site\/wp-content\/uploads\/LogoOArcanjo.png","contentUrl":"https:\/\/www.oarcanjo.net\/site\/wp-content\/uploads\/LogoOArcanjo.png","width":319,"height":99,"caption":"Par\u00f3quia S\u00e3o Miguel Arcanjo"},"image":{"@id":"https:\/\/www.oarcanjo.net\/site\/#\/schema\/logo\/image\/"},"sameAs":["https:\/\/www.facebook.com\/OArcanjoNoAr\/"]},{"@type":"Person","@id":"https:\/\/www.oarcanjo.net\/site\/#\/schema\/person\/f7024d007863202483a31326673a0838","name":"editor","sameAs":["http:\/\/www.oarcanjo.net"]}]}},"publishpress_future_action":{"enabled":false,"date":"2026-05-07 17:18:13","action":"category","newStatus":"draft","terms":[],"taxonomy":"category"},"publishpress_future_workflow_manual_trigger":{"enabledWorkflows":[]},"_links":{"self":[{"href":"https:\/\/www.oarcanjo.net\/site\/wp-json\/wp\/v2\/posts\/5567"}],"collection":[{"href":"https:\/\/www.oarcanjo.net\/site\/wp-json\/wp\/v2\/posts"}],"about":[{"href":"https:\/\/www.oarcanjo.net\/site\/wp-json\/wp\/v2\/types\/post"}],"author":[{"embeddable":true,"href":"https:\/\/www.oarcanjo.net\/site\/wp-json\/wp\/v2\/users\/5"}],"replies":[{"embeddable":true,"href":"https:\/\/www.oarcanjo.net\/site\/wp-json\/wp\/v2\/comments?post=5567"}],"version-history":[{"count":0,"href":"https:\/\/www.oarcanjo.net\/site\/wp-json\/wp\/v2\/posts\/5567\/revisions"}],"wp:attachment":[{"href":"https:\/\/www.oarcanjo.net\/site\/wp-json\/wp\/v2\/media?parent=5567"}],"wp:term":[{"taxonomy":"category","embeddable":true,"href":"https:\/\/www.oarcanjo.net\/site\/wp-json\/wp\/v2\/categories?post=5567"},{"taxonomy":"post_tag","embeddable":true,"href":"https:\/\/www.oarcanjo.net\/site\/wp-json\/wp\/v2\/tags?post=5567"}],"curies":[{"name":"wp","href":"https:\/\/api.w.org\/{rel}","templated":true}]}}