
{"id":55710,"date":"2014-11-24T22:45:10","date_gmt":"2014-11-25T00:45:10","guid":{"rendered":"http:\/\/www.oarcanjo.net\/site\/?p=55710"},"modified":"2014-11-24T22:45:10","modified_gmt":"2014-11-25T00:45:10","slug":"o-luxo-e-o-lixo-do-alimento","status":"publish","type":"post","link":"https:\/\/www.oarcanjo.net\/site\/o-luxo-e-o-lixo-do-alimento\/","title":{"rendered":"O luxo e o lixo do alimento"},"content":{"rendered":"<p style=\"text-align: justify;\"><em>Pe. Alfredo J. Gon\u00e7alves, cs<\/em><\/p>\n<p style=\"text-align: justify;\">O empenho gigantesco de produ\u00e7\u00e3o e distribui\u00e7\u00e3o de alimentos em escala mundial, no contexto da economia globalizada, trope\u00e7a com quatro esc\u00e2ndalos que hoje chamam a aten\u00e7\u00e3o. O primeiro \u00e9 que, enquanto cerca de um bilh\u00e3o de pessoas em todo mundo passa fome ou se encontra em estado cr\u00f4nico de subnutri\u00e7\u00e3o, uma quantidade talvez ainda maior tem problemas com o excesso de comida. S\u00e3o contradi\u00e7\u00f5es bem conhecidas da Organiza\u00e7\u00e3o Mundial da Alimenta\u00e7\u00e3o e Agricultura, das Na\u00e7\u00f5es Unidas (FAO\/ONU): de um lado, de acordo com os n\u00edveis m\u00ednimos estabelecidos pela FAO, insufici\u00eancia de calorias e mortes causadas pura e simplesmente pela falta de alimento; de outro, gastos exorbitantes com os males relativos \u00e0 obesidade, ligados especialmente aos efeitos colatarais na \u00e1rea cardiovascular. Isso para n\u00e3o falar da insatisfa\u00e7\u00e3o com o pr\u00f3prio corpo de tantos jovens e adolescentes de ambos os sexos, sobretudo diante do padr\u00e3o de beleza difundido de forma estridente pelos mass-media atrav\u00e9s dos eventos fashion e suas top models.<\/p>\n<p style=\"text-align: justify;\">O segundo esc\u00e2ndalo \u00e9 que, ao lado da fome e subnutri\u00e7\u00e3o humanas, que em alguns casos continuam a crescer, cresce igualmente a produ\u00e7\u00e3o e comercializa\u00e7\u00e3o de alimentos para os animais. Nas prateleiras de muitos supermercados, as variedades destinadas a estes \u00faltimos quase se iguala (se \u00e9 que \u00e0s vezes n\u00e3o supera) \u00e0quelas destinadas aos seres humanos. N\u00e3o poucos \u201cbichinhos de estima\u00e7\u00e3o\u201d disp\u00f5em de mais calorias di\u00e1rias, de mais comodidades e de mais carinho do que milh\u00f5es de crian\u00e7as abandonadas em todo planeta. Nada contra o bom trato aos animais, evidentemente! Tomara que todos eles, juntamente com todos os homens e mulheres, fossem tratados com o mesmo cuidado e aten\u00e7\u00e3o! Permanece de p\u00e9, portanto, a esperan\u00e7a de que toda pessoa humana possa desfrutar ao menos das mesmas oportunidades oferecidas a tais criaturas privilegiadas.<\/p>\n<p style=\"text-align: justify;\">Em terceiro lugar, vem o esc\u00e2ndalo dos agrocombust\u00edveis. A fome e a subnutri\u00e7\u00e3o n\u00e3o impedem que os donos das terras no mundo inteiro (e aqui vale um destaque para o Brasil) sigam produzindo mat\u00e9ria prima para o etanol que alimentar\u00e1 a voracidade dos autom\u00f3veis, privilegiando n\u00e3o raro o transporte privado em detrimento do coletivo. Neste caso, a contradi\u00e7\u00e3o se revela bem mais danosa. No momento de buscar alternativas ao combust\u00edvel f\u00f3ssil (como carv\u00e3o mineral e petr\u00f3leo), a ci\u00eancia e a tecnologia parecem optar pela solu\u00e7\u00e3o mais f\u00e1cil ou mais \u00e0 m\u00e3o, recorrendo \u00e0 cana-de-a\u00e7\u00facar, ao milho, entre outros produtos agr\u00edcolas. Por\u00e9m, a op\u00e7\u00e3o de reservar imensas extens\u00f5es de solo agricult\u00e1vel para a produ\u00e7\u00e3o de combust\u00edvel, cedo ou tarde, entrar\u00e1 em rota de colis\u00e3o com a necessidade sempre mais urgente de produzir e distribuir alimentos. Tamb\u00e9m entrar\u00e1 em rota de colis\u00e3o com os esfor\u00e7os de entidades, movimentos e organiza\u00e7\u00f5es que lutam pela preserva\u00e7\u00e3o do meio ambiente. O est\u00f4mago contorcido pela fome deve ter absoluta primazia sobre o tanque dos carros.<\/p>\n<p style=\"text-align: justify;\">Por fim, temos o esc\u00e2dalo do desperd\u00edcio. Talvez o lixo das mans\u00f5es de bairros nobres, de para\u00edsos balne\u00e1rios, dos restaurantes mais requintados e dos hot\u00e9is cinco estrelas \u2013 para mais da metade da popula\u00e7\u00e3o mundial \u2013 represente um verdadeiro luxo. Na contram\u00e3o da pobreza e da mis\u00e9ria, da fome e da subnutri\u00e7\u00e3o, quantas toneladas de alimento s\u00e3o diariamente jogadas fora, e condenadas a apodrecer! Quantos pratos servidos em banquetes luxuosos, com mesas revestidas de todo tipo de iguarias, enfeites e ostenta\u00e7\u00e3o, acabam retornando intactos \u00e0 cozinha, destinados quase sempre aos lix\u00f5es da cidade! E ali, num cen\u00e1rio pungente e estarrecedor, crian\u00e7as e adultos em desespero, pessoas ou fam\u00edlias inteiras, disputar\u00e3o ferozmente os restos de comida podre com os ratos, os abutres e os c\u00e3es. Em pleno s\u00e9culo XXI, o luxo e o lixo se encontram e travam uma batalha de vida e morte diante de uma sociedade onde, contrariamente ao que vem pregando o Papa Francisco, a cultura da indiferen\u00e7a parece tomar o lugar da cultura da solidariedade.<\/p>\n<p style=\"text-align: justify;\"><em>Roma, 20 de novembro de 2014<\/em><\/p>\n<div id=\"themify_builder_content-55710\" data-postid=\"55710\" class=\"themify_builder_content themify_builder_content-55710 themify_builder themify_builder_front\">\n\t<\/div>\n<!-- \/themify_builder_content -->","protected":false},"excerpt":{"rendered":"<p>Pe. Alfredo J. Gon\u00e7alves, cs O empenho gigantesco de produ\u00e7\u00e3o e distribui\u00e7\u00e3o de alimentos em escala mundial, no contexto da economia globalizada, trope\u00e7a com quatro esc\u00e2ndalos que hoje chamam a aten\u00e7\u00e3o. O primeiro \u00e9 que, enquanto cerca de um bilh\u00e3o de pessoas em todo mundo passa fome ou se encontra em estado cr\u00f4nico de subnutri\u00e7\u00e3o, [&hellip;]<\/p>\n","protected":false},"author":15,"featured_media":0,"comment_status":"open","ping_status":"open","sticky":false,"template":"","format":"standard","meta":{"ngg_post_thumbnail":0,"footnotes":""},"categories":[9],"tags":[],"yoast_head":"<!-- This site is optimized with the Yoast SEO plugin v23.5 - https:\/\/yoast.com\/wordpress\/plugins\/seo\/ -->\n<title>O luxo e o lixo do alimento - O Arcanjo no ar<\/title>\n<meta name=\"robots\" content=\"index, follow, max-snippet:-1, max-image-preview:large, max-video-preview:-1\" \/>\n<link rel=\"canonical\" href=\"https:\/\/www.oarcanjo.net\/site\/o-luxo-e-o-lixo-do-alimento\/\" \/>\n<meta property=\"og:locale\" content=\"pt_BR\" \/>\n<meta property=\"og:type\" content=\"article\" \/>\n<meta property=\"og:title\" content=\"O luxo e o lixo do alimento - O Arcanjo no ar\" \/>\n<meta property=\"og:description\" content=\"Pe. Alfredo J. Gon\u00e7alves, cs O empenho gigantesco de produ\u00e7\u00e3o e distribui\u00e7\u00e3o de alimentos em escala mundial, no contexto da economia globalizada, trope\u00e7a com quatro esc\u00e2ndalos que hoje chamam a aten\u00e7\u00e3o. O primeiro \u00e9 que, enquanto cerca de um bilh\u00e3o de pessoas em todo mundo passa fome ou se encontra em estado cr\u00f4nico de subnutri\u00e7\u00e3o, [&hellip;]\" \/>\n<meta property=\"og:url\" content=\"https:\/\/www.oarcanjo.net\/site\/o-luxo-e-o-lixo-do-alimento\/\" \/>\n<meta property=\"og:site_name\" content=\"O Arcanjo no ar\" \/>\n<meta property=\"article:publisher\" content=\"https:\/\/www.facebook.com\/OArcanjoNoAr\/\" \/>\n<meta property=\"article:published_time\" content=\"2014-11-25T00:45:10+00:00\" \/>\n<meta property=\"og:image\" content=\"https:\/\/www.oarcanjo.net\/site\/wp-content\/uploads\/logo-o-arcanjo-no-ar-facebook.png\" \/>\n\t<meta property=\"og:image:width\" content=\"300\" \/>\n\t<meta property=\"og:image:height\" content=\"300\" \/>\n\t<meta property=\"og:image:type\" content=\"image\/png\" \/>\n<meta name=\"author\" content=\"Alexandre Nunes\" \/>\n<meta name=\"twitter:card\" content=\"summary_large_image\" \/>\n<meta name=\"twitter:label1\" content=\"Escrito por\" \/>\n\t<meta name=\"twitter:data1\" content=\"Alexandre Nunes\" \/>\n\t<meta name=\"twitter:label2\" content=\"Est. tempo de leitura\" \/>\n\t<meta name=\"twitter:data2\" content=\"4 minutos\" \/>\n<script type=\"application\/ld+json\" class=\"yoast-schema-graph\">{\"@context\":\"https:\/\/schema.org\",\"@graph\":[{\"@type\":\"Article\",\"@id\":\"https:\/\/www.oarcanjo.net\/site\/o-luxo-e-o-lixo-do-alimento\/#article\",\"isPartOf\":{\"@id\":\"https:\/\/www.oarcanjo.net\/site\/o-luxo-e-o-lixo-do-alimento\/\"},\"author\":{\"name\":\"Alexandre Nunes\",\"@id\":\"https:\/\/www.oarcanjo.net\/site\/#\/schema\/person\/0a2ae077c1a09b69d29928e3b9f1c0d1\"},\"headline\":\"O luxo e o lixo do alimento\",\"datePublished\":\"2014-11-25T00:45:10+00:00\",\"dateModified\":\"2014-11-25T00:45:10+00:00\",\"mainEntityOfPage\":{\"@id\":\"https:\/\/www.oarcanjo.net\/site\/o-luxo-e-o-lixo-do-alimento\/\"},\"wordCount\":722,\"commentCount\":0,\"publisher\":{\"@id\":\"https:\/\/www.oarcanjo.net\/site\/#organization\"},\"articleSection\":[\"Reflex\u00f5es\"],\"inLanguage\":\"pt-BR\",\"potentialAction\":[{\"@type\":\"CommentAction\",\"name\":\"Comment\",\"target\":[\"https:\/\/www.oarcanjo.net\/site\/o-luxo-e-o-lixo-do-alimento\/#respond\"]}]},{\"@type\":\"WebPage\",\"@id\":\"https:\/\/www.oarcanjo.net\/site\/o-luxo-e-o-lixo-do-alimento\/\",\"url\":\"https:\/\/www.oarcanjo.net\/site\/o-luxo-e-o-lixo-do-alimento\/\",\"name\":\"O luxo e o lixo do alimento - O Arcanjo no ar\",\"isPartOf\":{\"@id\":\"https:\/\/www.oarcanjo.net\/site\/#website\"},\"datePublished\":\"2014-11-25T00:45:10+00:00\",\"dateModified\":\"2014-11-25T00:45:10+00:00\",\"breadcrumb\":{\"@id\":\"https:\/\/www.oarcanjo.net\/site\/o-luxo-e-o-lixo-do-alimento\/#breadcrumb\"},\"inLanguage\":\"pt-BR\",\"potentialAction\":[{\"@type\":\"ReadAction\",\"target\":[\"https:\/\/www.oarcanjo.net\/site\/o-luxo-e-o-lixo-do-alimento\/\"]}]},{\"@type\":\"BreadcrumbList\",\"@id\":\"https:\/\/www.oarcanjo.net\/site\/o-luxo-e-o-lixo-do-alimento\/#breadcrumb\",\"itemListElement\":[{\"@type\":\"ListItem\",\"position\":1,\"name\":\"In\u00edcio\",\"item\":\"https:\/\/www.oarcanjo.net\/site\/\"},{\"@type\":\"ListItem\",\"position\":2,\"name\":\"O luxo e o lixo do alimento\"}]},{\"@type\":\"WebSite\",\"@id\":\"https:\/\/www.oarcanjo.net\/site\/#website\",\"url\":\"https:\/\/www.oarcanjo.net\/site\/\",\"name\":\"O Arcanjo no ar\",\"description\":\"Site da Par\u00f3quia S\u00e3o Miguel Arcanjo (Arquidiocese de SP)\",\"publisher\":{\"@id\":\"https:\/\/www.oarcanjo.net\/site\/#organization\"},\"potentialAction\":[{\"@type\":\"SearchAction\",\"target\":{\"@type\":\"EntryPoint\",\"urlTemplate\":\"https:\/\/www.oarcanjo.net\/site\/?s={search_term_string}\"},\"query-input\":{\"@type\":\"PropertyValueSpecification\",\"valueRequired\":true,\"valueName\":\"search_term_string\"}}],\"inLanguage\":\"pt-BR\"},{\"@type\":\"Organization\",\"@id\":\"https:\/\/www.oarcanjo.net\/site\/#organization\",\"name\":\"Par\u00f3quia S\u00e3o Miguel Arcanjo\",\"url\":\"https:\/\/www.oarcanjo.net\/site\/\",\"logo\":{\"@type\":\"ImageObject\",\"inLanguage\":\"pt-BR\",\"@id\":\"https:\/\/www.oarcanjo.net\/site\/#\/schema\/logo\/image\/\",\"url\":\"https:\/\/www.oarcanjo.net\/site\/wp-content\/uploads\/LogoOArcanjo.png\",\"contentUrl\":\"https:\/\/www.oarcanjo.net\/site\/wp-content\/uploads\/LogoOArcanjo.png\",\"width\":319,\"height\":99,\"caption\":\"Par\u00f3quia S\u00e3o Miguel Arcanjo\"},\"image\":{\"@id\":\"https:\/\/www.oarcanjo.net\/site\/#\/schema\/logo\/image\/\"},\"sameAs\":[\"https:\/\/www.facebook.com\/OArcanjoNoAr\/\"]},{\"@type\":\"Person\",\"@id\":\"https:\/\/www.oarcanjo.net\/site\/#\/schema\/person\/0a2ae077c1a09b69d29928e3b9f1c0d1\",\"name\":\"Alexandre Nunes\",\"sameAs\":[\"http:\/\/alexandrenu.com\"]}]}<\/script>\n<!-- \/ Yoast SEO plugin. -->","yoast_head_json":{"title":"O luxo e o lixo do alimento - O Arcanjo no ar","robots":{"index":"index","follow":"follow","max-snippet":"max-snippet:-1","max-image-preview":"max-image-preview:large","max-video-preview":"max-video-preview:-1"},"canonical":"https:\/\/www.oarcanjo.net\/site\/o-luxo-e-o-lixo-do-alimento\/","og_locale":"pt_BR","og_type":"article","og_title":"O luxo e o lixo do alimento - O Arcanjo no ar","og_description":"Pe. Alfredo J. Gon\u00e7alves, cs O empenho gigantesco de produ\u00e7\u00e3o e distribui\u00e7\u00e3o de alimentos em escala mundial, no contexto da economia globalizada, trope\u00e7a com quatro esc\u00e2ndalos que hoje chamam a aten\u00e7\u00e3o. O primeiro \u00e9 que, enquanto cerca de um bilh\u00e3o de pessoas em todo mundo passa fome ou se encontra em estado cr\u00f4nico de subnutri\u00e7\u00e3o, [&hellip;]","og_url":"https:\/\/www.oarcanjo.net\/site\/o-luxo-e-o-lixo-do-alimento\/","og_site_name":"O Arcanjo no ar","article_publisher":"https:\/\/www.facebook.com\/OArcanjoNoAr\/","article_published_time":"2014-11-25T00:45:10+00:00","og_image":[{"width":300,"height":300,"url":"https:\/\/www.oarcanjo.net\/site\/wp-content\/uploads\/logo-o-arcanjo-no-ar-facebook.png","type":"image\/png"}],"author":"Alexandre Nunes","twitter_card":"summary_large_image","twitter_misc":{"Escrito por":"Alexandre Nunes","Est. tempo de leitura":"4 minutos"},"schema":{"@context":"https:\/\/schema.org","@graph":[{"@type":"Article","@id":"https:\/\/www.oarcanjo.net\/site\/o-luxo-e-o-lixo-do-alimento\/#article","isPartOf":{"@id":"https:\/\/www.oarcanjo.net\/site\/o-luxo-e-o-lixo-do-alimento\/"},"author":{"name":"Alexandre Nunes","@id":"https:\/\/www.oarcanjo.net\/site\/#\/schema\/person\/0a2ae077c1a09b69d29928e3b9f1c0d1"},"headline":"O luxo e o lixo do alimento","datePublished":"2014-11-25T00:45:10+00:00","dateModified":"2014-11-25T00:45:10+00:00","mainEntityOfPage":{"@id":"https:\/\/www.oarcanjo.net\/site\/o-luxo-e-o-lixo-do-alimento\/"},"wordCount":722,"commentCount":0,"publisher":{"@id":"https:\/\/www.oarcanjo.net\/site\/#organization"},"articleSection":["Reflex\u00f5es"],"inLanguage":"pt-BR","potentialAction":[{"@type":"CommentAction","name":"Comment","target":["https:\/\/www.oarcanjo.net\/site\/o-luxo-e-o-lixo-do-alimento\/#respond"]}]},{"@type":"WebPage","@id":"https:\/\/www.oarcanjo.net\/site\/o-luxo-e-o-lixo-do-alimento\/","url":"https:\/\/www.oarcanjo.net\/site\/o-luxo-e-o-lixo-do-alimento\/","name":"O luxo e o lixo do alimento - O Arcanjo no ar","isPartOf":{"@id":"https:\/\/www.oarcanjo.net\/site\/#website"},"datePublished":"2014-11-25T00:45:10+00:00","dateModified":"2014-11-25T00:45:10+00:00","breadcrumb":{"@id":"https:\/\/www.oarcanjo.net\/site\/o-luxo-e-o-lixo-do-alimento\/#breadcrumb"},"inLanguage":"pt-BR","potentialAction":[{"@type":"ReadAction","target":["https:\/\/www.oarcanjo.net\/site\/o-luxo-e-o-lixo-do-alimento\/"]}]},{"@type":"BreadcrumbList","@id":"https:\/\/www.oarcanjo.net\/site\/o-luxo-e-o-lixo-do-alimento\/#breadcrumb","itemListElement":[{"@type":"ListItem","position":1,"name":"In\u00edcio","item":"https:\/\/www.oarcanjo.net\/site\/"},{"@type":"ListItem","position":2,"name":"O luxo e o lixo do alimento"}]},{"@type":"WebSite","@id":"https:\/\/www.oarcanjo.net\/site\/#website","url":"https:\/\/www.oarcanjo.net\/site\/","name":"O Arcanjo no ar","description":"Site da Par\u00f3quia S\u00e3o Miguel Arcanjo (Arquidiocese de SP)","publisher":{"@id":"https:\/\/www.oarcanjo.net\/site\/#organization"},"potentialAction":[{"@type":"SearchAction","target":{"@type":"EntryPoint","urlTemplate":"https:\/\/www.oarcanjo.net\/site\/?s={search_term_string}"},"query-input":{"@type":"PropertyValueSpecification","valueRequired":true,"valueName":"search_term_string"}}],"inLanguage":"pt-BR"},{"@type":"Organization","@id":"https:\/\/www.oarcanjo.net\/site\/#organization","name":"Par\u00f3quia S\u00e3o Miguel Arcanjo","url":"https:\/\/www.oarcanjo.net\/site\/","logo":{"@type":"ImageObject","inLanguage":"pt-BR","@id":"https:\/\/www.oarcanjo.net\/site\/#\/schema\/logo\/image\/","url":"https:\/\/www.oarcanjo.net\/site\/wp-content\/uploads\/LogoOArcanjo.png","contentUrl":"https:\/\/www.oarcanjo.net\/site\/wp-content\/uploads\/LogoOArcanjo.png","width":319,"height":99,"caption":"Par\u00f3quia S\u00e3o Miguel Arcanjo"},"image":{"@id":"https:\/\/www.oarcanjo.net\/site\/#\/schema\/logo\/image\/"},"sameAs":["https:\/\/www.facebook.com\/OArcanjoNoAr\/"]},{"@type":"Person","@id":"https:\/\/www.oarcanjo.net\/site\/#\/schema\/person\/0a2ae077c1a09b69d29928e3b9f1c0d1","name":"Alexandre Nunes","sameAs":["http:\/\/alexandrenu.com"]}]}},"publishpress_future_action":{"enabled":false,"date":"2026-05-08 21:35:25","action":"category","newStatus":"draft","terms":[],"taxonomy":"category"},"publishpress_future_workflow_manual_trigger":{"enabledWorkflows":[]},"_links":{"self":[{"href":"https:\/\/www.oarcanjo.net\/site\/wp-json\/wp\/v2\/posts\/55710"}],"collection":[{"href":"https:\/\/www.oarcanjo.net\/site\/wp-json\/wp\/v2\/posts"}],"about":[{"href":"https:\/\/www.oarcanjo.net\/site\/wp-json\/wp\/v2\/types\/post"}],"author":[{"embeddable":true,"href":"https:\/\/www.oarcanjo.net\/site\/wp-json\/wp\/v2\/users\/15"}],"replies":[{"embeddable":true,"href":"https:\/\/www.oarcanjo.net\/site\/wp-json\/wp\/v2\/comments?post=55710"}],"version-history":[{"count":0,"href":"https:\/\/www.oarcanjo.net\/site\/wp-json\/wp\/v2\/posts\/55710\/revisions"}],"wp:attachment":[{"href":"https:\/\/www.oarcanjo.net\/site\/wp-json\/wp\/v2\/media?parent=55710"}],"wp:term":[{"taxonomy":"category","embeddable":true,"href":"https:\/\/www.oarcanjo.net\/site\/wp-json\/wp\/v2\/categories?post=55710"},{"taxonomy":"post_tag","embeddable":true,"href":"https:\/\/www.oarcanjo.net\/site\/wp-json\/wp\/v2\/tags?post=55710"}],"curies":[{"name":"wp","href":"https:\/\/api.w.org\/{rel}","templated":true}]}}