
{"id":5580,"date":"2009-10-07T10:09:54","date_gmt":"2009-10-07T13:09:54","guid":{"rendered":"http:\/\/www.oarcanjo.net\/site\/?p=5580"},"modified":"2009-10-08T00:37:01","modified_gmt":"2009-10-08T03:37:01","slug":"hoje-e-dia-de-n-s-do-rosario","status":"publish","type":"post","link":"https:\/\/www.oarcanjo.net\/site\/hoje-e-dia-de-n-s-do-rosario\/","title":{"rendered":"Hoje \u00e9 dia de N. S. do Ros\u00e1rio!"},"content":{"rendered":"<p>A devo\u00e7\u00e3o a Nossa Senhora \u00e9 de longa hist\u00f3ria e belo enfeite da Igreja e forte devo\u00e7\u00e3o popular. A festa de N. S. do Ros\u00e1rio remonta aos anos 1572 chamada na \u00e9poca N. S. da Vit\u00f3ria, por causa da batalha de Lepanto, o Papa Pio V acreditou que a vit\u00f3ria dos crist\u00e3os aconteceu pela ora\u00e7\u00e3o do ros\u00e1rio. Foi o Papa Greg\u00f3rio XIII que em 1573 mudou o nome para Santo Ros\u00e1rio e o Papa Clemente XII estendeu a festa para toda a Igreja .<\/p>\n<p>Penso em S\u00e3o Domingos de Gusm\u00e3o e Santa Catarina de Sena que fazem parte da iconografia de N. S. da Ros\u00e1rio, S\u00e3o Domingos\u00a0recebeu de suas m\u00e3os o santo ros\u00e1rio para que os crist\u00e3os por esta ora\u00e7\u00e3o fossem conhecendo os mist\u00e9rios da nossa salva\u00e7\u00e3o em 1208.<\/p>\n<p>O Ros\u00e1rio \u00e9 a Biblia do povo, dos mais simples, e num tempo em que muitos n\u00e3o conseguiam ler, era a maneira de conhecer as passagens bibl\u00edcas e o seu mist\u00e9rio de amor!<\/p>\n<p>Nossa Senhora do Ros\u00e1rio, no Brasil, \u00e9 devo\u00e7\u00e3o mais que popular, ligada \u00e0s confrarias dos homens negros e aos escravos.<\/p>\n<p>Nossa Senhora de Ros\u00e1rio, rogai por n\u00f3s!!\u00a0E que nas batalhas da vida possamos vencer n\u00e3o pelas armas, mas pelo amor, perseveran\u00e7a e pelo perd\u00e3o!<\/p>\n<div id=\"themify_builder_content-5580\" data-postid=\"5580\" class=\"themify_builder_content themify_builder_content-5580 themify_builder themify_builder_front\">\n\t<\/div>\n<!-- \/themify_builder_content -->","protected":false},"excerpt":{"rendered":"<p>A devo\u00e7\u00e3o a Nossa Senhora \u00e9 de longa hist\u00f3ria e belo enfeite da Igreja e forte devo\u00e7\u00e3o popular. A festa de N. S. do Ros\u00e1rio remonta aos anos 1572 chamada na \u00e9poca N. S. da Vit\u00f3ria, por causa da batalha de Lepanto, o Papa Pio V acreditou que a vit\u00f3ria dos crist\u00e3os aconteceu pela ora\u00e7\u00e3o [&hellip;]<\/p>\n","protected":false},"author":4,"featured_media":0,"comment_status":"open","ping_status":"open","sticky":false,"template":"","format":"standard","meta":{"ngg_post_thumbnail":0,"footnotes":""},"categories":[4],"tags":[1150,3201],"yoast_head":"<!-- This site is optimized with the Yoast SEO plugin v23.5 - https:\/\/yoast.com\/wordpress\/plugins\/seo\/ -->\n<title>Hoje \u00e9 dia de N. S. do Ros\u00e1rio! - O Arcanjo no ar<\/title>\n<meta name=\"robots\" content=\"index, follow, max-snippet:-1, max-image-preview:large, max-video-preview:-1\" \/>\n<link rel=\"canonical\" href=\"https:\/\/www.oarcanjo.net\/site\/hoje-e-dia-de-n-s-do-rosario\/\" \/>\n<meta property=\"og:locale\" content=\"pt_BR\" \/>\n<meta property=\"og:type\" content=\"article\" \/>\n<meta property=\"og:title\" content=\"Hoje \u00e9 dia de N. S. do Ros\u00e1rio! - O Arcanjo no ar\" \/>\n<meta property=\"og:description\" content=\"A devo\u00e7\u00e3o a Nossa Senhora \u00e9 de longa hist\u00f3ria e belo enfeite da Igreja e forte devo\u00e7\u00e3o popular. A festa de N. S. do Ros\u00e1rio remonta aos anos 1572 chamada na \u00e9poca N. S. da Vit\u00f3ria, por causa da batalha de Lepanto, o Papa Pio V acreditou que a vit\u00f3ria dos crist\u00e3os aconteceu pela ora\u00e7\u00e3o [&hellip;]\" \/>\n<meta property=\"og:url\" content=\"https:\/\/www.oarcanjo.net\/site\/hoje-e-dia-de-n-s-do-rosario\/\" \/>\n<meta property=\"og:site_name\" content=\"O Arcanjo no ar\" \/>\n<meta property=\"article:publisher\" content=\"https:\/\/www.facebook.com\/OArcanjoNoAr\/\" \/>\n<meta property=\"article:published_time\" content=\"2009-10-07T13:09:54+00:00\" \/>\n<meta property=\"article:modified_time\" content=\"2009-10-08T03:37:01+00:00\" \/>\n<meta property=\"og:image\" content=\"https:\/\/www.oarcanjo.net\/site\/wp-content\/uploads\/logo-o-arcanjo-no-ar-facebook.png\" \/>\n\t<meta property=\"og:image:width\" content=\"300\" \/>\n\t<meta property=\"og:image:height\" content=\"300\" \/>\n\t<meta property=\"og:image:type\" content=\"image\/png\" \/>\n<meta name=\"author\" content=\"julio\" \/>\n<meta name=\"twitter:card\" content=\"summary_large_image\" \/>\n<meta name=\"twitter:label1\" content=\"Escrito por\" \/>\n\t<meta name=\"twitter:data1\" content=\"julio\" \/>\n\t<meta name=\"twitter:label2\" content=\"Est. tempo de leitura\" \/>\n\t<meta name=\"twitter:data2\" content=\"1 minuto\" \/>\n<script type=\"application\/ld+json\" class=\"yoast-schema-graph\">{\"@context\":\"https:\/\/schema.org\",\"@graph\":[{\"@type\":\"Article\",\"@id\":\"https:\/\/www.oarcanjo.net\/site\/hoje-e-dia-de-n-s-do-rosario\/#article\",\"isPartOf\":{\"@id\":\"https:\/\/www.oarcanjo.net\/site\/hoje-e-dia-de-n-s-do-rosario\/\"},\"author\":{\"name\":\"julio\",\"@id\":\"https:\/\/www.oarcanjo.net\/site\/#\/schema\/person\/d78ea01c648c91e29c364b516767079e\"},\"headline\":\"Hoje \u00e9 dia de N. S. do Ros\u00e1rio!\",\"datePublished\":\"2009-10-07T13:09:54+00:00\",\"dateModified\":\"2009-10-08T03:37:01+00:00\",\"mainEntityOfPage\":{\"@id\":\"https:\/\/www.oarcanjo.net\/site\/hoje-e-dia-de-n-s-do-rosario\/\"},\"wordCount\":241,\"commentCount\":2,\"publisher\":{\"@id\":\"https:\/\/www.oarcanjo.net\/site\/#organization\"},\"keywords\":[\"Nossa Senhora do Ros\u00e1rio\",\"Ora\u00e7\u00f5es\"],\"articleSection\":[\"Blog\"],\"inLanguage\":\"pt-BR\",\"potentialAction\":[{\"@type\":\"CommentAction\",\"name\":\"Comment\",\"target\":[\"https:\/\/www.oarcanjo.net\/site\/hoje-e-dia-de-n-s-do-rosario\/#respond\"]}]},{\"@type\":\"WebPage\",\"@id\":\"https:\/\/www.oarcanjo.net\/site\/hoje-e-dia-de-n-s-do-rosario\/\",\"url\":\"https:\/\/www.oarcanjo.net\/site\/hoje-e-dia-de-n-s-do-rosario\/\",\"name\":\"Hoje \u00e9 dia de N. S. do Ros\u00e1rio! - O Arcanjo no ar\",\"isPartOf\":{\"@id\":\"https:\/\/www.oarcanjo.net\/site\/#website\"},\"datePublished\":\"2009-10-07T13:09:54+00:00\",\"dateModified\":\"2009-10-08T03:37:01+00:00\",\"breadcrumb\":{\"@id\":\"https:\/\/www.oarcanjo.net\/site\/hoje-e-dia-de-n-s-do-rosario\/#breadcrumb\"},\"inLanguage\":\"pt-BR\",\"potentialAction\":[{\"@type\":\"ReadAction\",\"target\":[\"https:\/\/www.oarcanjo.net\/site\/hoje-e-dia-de-n-s-do-rosario\/\"]}]},{\"@type\":\"BreadcrumbList\",\"@id\":\"https:\/\/www.oarcanjo.net\/site\/hoje-e-dia-de-n-s-do-rosario\/#breadcrumb\",\"itemListElement\":[{\"@type\":\"ListItem\",\"position\":1,\"name\":\"In\u00edcio\",\"item\":\"https:\/\/www.oarcanjo.net\/site\/\"},{\"@type\":\"ListItem\",\"position\":2,\"name\":\"Hoje \u00e9 dia de N. S. do Ros\u00e1rio!\"}]},{\"@type\":\"WebSite\",\"@id\":\"https:\/\/www.oarcanjo.net\/site\/#website\",\"url\":\"https:\/\/www.oarcanjo.net\/site\/\",\"name\":\"O Arcanjo no ar\",\"description\":\"Site da Par\u00f3quia S\u00e3o Miguel Arcanjo (Arquidiocese de SP)\",\"publisher\":{\"@id\":\"https:\/\/www.oarcanjo.net\/site\/#organization\"},\"potentialAction\":[{\"@type\":\"SearchAction\",\"target\":{\"@type\":\"EntryPoint\",\"urlTemplate\":\"https:\/\/www.oarcanjo.net\/site\/?s={search_term_string}\"},\"query-input\":{\"@type\":\"PropertyValueSpecification\",\"valueRequired\":true,\"valueName\":\"search_term_string\"}}],\"inLanguage\":\"pt-BR\"},{\"@type\":\"Organization\",\"@id\":\"https:\/\/www.oarcanjo.net\/site\/#organization\",\"name\":\"Par\u00f3quia S\u00e3o Miguel Arcanjo\",\"url\":\"https:\/\/www.oarcanjo.net\/site\/\",\"logo\":{\"@type\":\"ImageObject\",\"inLanguage\":\"pt-BR\",\"@id\":\"https:\/\/www.oarcanjo.net\/site\/#\/schema\/logo\/image\/\",\"url\":\"https:\/\/www.oarcanjo.net\/site\/wp-content\/uploads\/LogoOArcanjo.png\",\"contentUrl\":\"https:\/\/www.oarcanjo.net\/site\/wp-content\/uploads\/LogoOArcanjo.png\",\"width\":319,\"height\":99,\"caption\":\"Par\u00f3quia S\u00e3o Miguel Arcanjo\"},\"image\":{\"@id\":\"https:\/\/www.oarcanjo.net\/site\/#\/schema\/logo\/image\/\"},\"sameAs\":[\"https:\/\/www.facebook.com\/OArcanjoNoAr\/\"]},{\"@type\":\"Person\",\"@id\":\"https:\/\/www.oarcanjo.net\/site\/#\/schema\/person\/d78ea01c648c91e29c364b516767079e\",\"name\":\"julio\",\"sameAs\":[\"http:\/\/www.oarcanjo.net\"]}]}<\/script>\n<!-- \/ Yoast SEO plugin. -->","yoast_head_json":{"title":"Hoje \u00e9 dia de N. S. do Ros\u00e1rio! - O Arcanjo no ar","robots":{"index":"index","follow":"follow","max-snippet":"max-snippet:-1","max-image-preview":"max-image-preview:large","max-video-preview":"max-video-preview:-1"},"canonical":"https:\/\/www.oarcanjo.net\/site\/hoje-e-dia-de-n-s-do-rosario\/","og_locale":"pt_BR","og_type":"article","og_title":"Hoje \u00e9 dia de N. S. do Ros\u00e1rio! - O Arcanjo no ar","og_description":"A devo\u00e7\u00e3o a Nossa Senhora \u00e9 de longa hist\u00f3ria e belo enfeite da Igreja e forte devo\u00e7\u00e3o popular. A festa de N. S. do Ros\u00e1rio remonta aos anos 1572 chamada na \u00e9poca N. S. da Vit\u00f3ria, por causa da batalha de Lepanto, o Papa Pio V acreditou que a vit\u00f3ria dos crist\u00e3os aconteceu pela ora\u00e7\u00e3o [&hellip;]","og_url":"https:\/\/www.oarcanjo.net\/site\/hoje-e-dia-de-n-s-do-rosario\/","og_site_name":"O Arcanjo no ar","article_publisher":"https:\/\/www.facebook.com\/OArcanjoNoAr\/","article_published_time":"2009-10-07T13:09:54+00:00","article_modified_time":"2009-10-08T03:37:01+00:00","og_image":[{"width":300,"height":300,"url":"https:\/\/www.oarcanjo.net\/site\/wp-content\/uploads\/logo-o-arcanjo-no-ar-facebook.png","type":"image\/png"}],"author":"julio","twitter_card":"summary_large_image","twitter_misc":{"Escrito por":"julio","Est. tempo de leitura":"1 minuto"},"schema":{"@context":"https:\/\/schema.org","@graph":[{"@type":"Article","@id":"https:\/\/www.oarcanjo.net\/site\/hoje-e-dia-de-n-s-do-rosario\/#article","isPartOf":{"@id":"https:\/\/www.oarcanjo.net\/site\/hoje-e-dia-de-n-s-do-rosario\/"},"author":{"name":"julio","@id":"https:\/\/www.oarcanjo.net\/site\/#\/schema\/person\/d78ea01c648c91e29c364b516767079e"},"headline":"Hoje \u00e9 dia de N. S. do Ros\u00e1rio!","datePublished":"2009-10-07T13:09:54+00:00","dateModified":"2009-10-08T03:37:01+00:00","mainEntityOfPage":{"@id":"https:\/\/www.oarcanjo.net\/site\/hoje-e-dia-de-n-s-do-rosario\/"},"wordCount":241,"commentCount":2,"publisher":{"@id":"https:\/\/www.oarcanjo.net\/site\/#organization"},"keywords":["Nossa Senhora do Ros\u00e1rio","Ora\u00e7\u00f5es"],"articleSection":["Blog"],"inLanguage":"pt-BR","potentialAction":[{"@type":"CommentAction","name":"Comment","target":["https:\/\/www.oarcanjo.net\/site\/hoje-e-dia-de-n-s-do-rosario\/#respond"]}]},{"@type":"WebPage","@id":"https:\/\/www.oarcanjo.net\/site\/hoje-e-dia-de-n-s-do-rosario\/","url":"https:\/\/www.oarcanjo.net\/site\/hoje-e-dia-de-n-s-do-rosario\/","name":"Hoje \u00e9 dia de N. S. do Ros\u00e1rio! - O Arcanjo no ar","isPartOf":{"@id":"https:\/\/www.oarcanjo.net\/site\/#website"},"datePublished":"2009-10-07T13:09:54+00:00","dateModified":"2009-10-08T03:37:01+00:00","breadcrumb":{"@id":"https:\/\/www.oarcanjo.net\/site\/hoje-e-dia-de-n-s-do-rosario\/#breadcrumb"},"inLanguage":"pt-BR","potentialAction":[{"@type":"ReadAction","target":["https:\/\/www.oarcanjo.net\/site\/hoje-e-dia-de-n-s-do-rosario\/"]}]},{"@type":"BreadcrumbList","@id":"https:\/\/www.oarcanjo.net\/site\/hoje-e-dia-de-n-s-do-rosario\/#breadcrumb","itemListElement":[{"@type":"ListItem","position":1,"name":"In\u00edcio","item":"https:\/\/www.oarcanjo.net\/site\/"},{"@type":"ListItem","position":2,"name":"Hoje \u00e9 dia de N. S. do Ros\u00e1rio!"}]},{"@type":"WebSite","@id":"https:\/\/www.oarcanjo.net\/site\/#website","url":"https:\/\/www.oarcanjo.net\/site\/","name":"O Arcanjo no ar","description":"Site da Par\u00f3quia S\u00e3o Miguel Arcanjo (Arquidiocese de SP)","publisher":{"@id":"https:\/\/www.oarcanjo.net\/site\/#organization"},"potentialAction":[{"@type":"SearchAction","target":{"@type":"EntryPoint","urlTemplate":"https:\/\/www.oarcanjo.net\/site\/?s={search_term_string}"},"query-input":{"@type":"PropertyValueSpecification","valueRequired":true,"valueName":"search_term_string"}}],"inLanguage":"pt-BR"},{"@type":"Organization","@id":"https:\/\/www.oarcanjo.net\/site\/#organization","name":"Par\u00f3quia S\u00e3o Miguel Arcanjo","url":"https:\/\/www.oarcanjo.net\/site\/","logo":{"@type":"ImageObject","inLanguage":"pt-BR","@id":"https:\/\/www.oarcanjo.net\/site\/#\/schema\/logo\/image\/","url":"https:\/\/www.oarcanjo.net\/site\/wp-content\/uploads\/LogoOArcanjo.png","contentUrl":"https:\/\/www.oarcanjo.net\/site\/wp-content\/uploads\/LogoOArcanjo.png","width":319,"height":99,"caption":"Par\u00f3quia S\u00e3o Miguel Arcanjo"},"image":{"@id":"https:\/\/www.oarcanjo.net\/site\/#\/schema\/logo\/image\/"},"sameAs":["https:\/\/www.facebook.com\/OArcanjoNoAr\/"]},{"@type":"Person","@id":"https:\/\/www.oarcanjo.net\/site\/#\/schema\/person\/d78ea01c648c91e29c364b516767079e","name":"julio","sameAs":["http:\/\/www.oarcanjo.net"]}]}},"publishpress_future_action":{"enabled":false,"date":"2026-05-09 02:53:35","action":"category","newStatus":"draft","terms":[],"taxonomy":"category"},"publishpress_future_workflow_manual_trigger":{"enabledWorkflows":[]},"_links":{"self":[{"href":"https:\/\/www.oarcanjo.net\/site\/wp-json\/wp\/v2\/posts\/5580"}],"collection":[{"href":"https:\/\/www.oarcanjo.net\/site\/wp-json\/wp\/v2\/posts"}],"about":[{"href":"https:\/\/www.oarcanjo.net\/site\/wp-json\/wp\/v2\/types\/post"}],"author":[{"embeddable":true,"href":"https:\/\/www.oarcanjo.net\/site\/wp-json\/wp\/v2\/users\/4"}],"replies":[{"embeddable":true,"href":"https:\/\/www.oarcanjo.net\/site\/wp-json\/wp\/v2\/comments?post=5580"}],"version-history":[{"count":0,"href":"https:\/\/www.oarcanjo.net\/site\/wp-json\/wp\/v2\/posts\/5580\/revisions"}],"wp:attachment":[{"href":"https:\/\/www.oarcanjo.net\/site\/wp-json\/wp\/v2\/media?parent=5580"}],"wp:term":[{"taxonomy":"category","embeddable":true,"href":"https:\/\/www.oarcanjo.net\/site\/wp-json\/wp\/v2\/categories?post=5580"},{"taxonomy":"post_tag","embeddable":true,"href":"https:\/\/www.oarcanjo.net\/site\/wp-json\/wp\/v2\/tags?post=5580"}],"curies":[{"name":"wp","href":"https:\/\/api.w.org\/{rel}","templated":true}]}}