
{"id":5604,"date":"2009-10-08T22:37:57","date_gmt":"2009-10-09T01:37:57","guid":{"rendered":"http:\/\/www.oarcanjo.net\/site\/?p=5604"},"modified":"2009-10-08T22:37:57","modified_gmt":"2009-10-09T01:37:57","slug":"mais-uma-vez-a-midia-e-os-ruralistas-investem-contra-o-mst","status":"publish","type":"post","link":"https:\/\/www.oarcanjo.net\/site\/mais-uma-vez-a-midia-e-os-ruralistas-investem-contra-o-mst\/","title":{"rendered":"Mais uma vez a m\u00eddia e os ruralistas investem contra o MST"},"content":{"rendered":"<p>CPT Nacional<\/p>\n<p>NOTA P\u00daBLICA DA CPT<\/p>\n<p>A Coordena\u00e7\u00e3o Nacional da CPT vem a p\u00fablico para manifestar sua estranheza diante do &#8220;requentamento&#8221; por toda a grande m\u00eddia de um fato ocorrido na segunda feira da semana passada, 28 de setembro, e que foi noticiado naquela ocasi\u00e3o, mas que voltou com maior destaque, uma semana depois, a partir do dia 5 de outubro at\u00e9 hoje.<\/p>\n<p>Trata-se do seguinte: no dia 28 de setembro, integrantes do MST ocuparam a Fazenda Capim, que abrange os munic\u00edpios de Iaras, Len\u00e7\u00f3is Paulista e Borebi, regi\u00e3o central do estado de S\u00e3o Paulo. A \u00e1rea faz parte do chamado N\u00facleo Mon\u00e7\u00f5es, um complexo de 30 mil hectares divididos em v\u00e1rias fazendas e que pertencem \u00e0 Uni\u00e3o. A fazenda Capim, com mais de 2,7 mil hectares, foi grilada pela Sucoc\u00edtrico Cutrale, uma das maiores empresas produtora de suco de laranja do mundo, para a monocultura de laranja. O MST destruiu dois hectares de laranjeiras para neles plantar alimentos b\u00e1sicos. A a\u00e7\u00e3o tinha por objetivo chamar a aten\u00e7\u00e3o para o fato de uma terra p\u00fablica ter sido grilada por uma grande empresa e pressionar o judici\u00e1rio, j\u00e1 que, h\u00e1 anos, o Incra entrou com a\u00e7\u00e3o para ser imitido na posse destas terras que s\u00e3o da Uni\u00e3o.<\/p>\n<p>As primeiras ocupa\u00e7\u00f5es na regi\u00e3o aconteceram em 1995. Passados mais de 10 anos, algumas \u00e1reas foram arrecadadas e hoje s\u00e3o assentamentos. A maioria das terras, por\u00e9m, ainda est\u00e1 nas m\u00e3os de grandes grupos econ\u00f4micos. A Cutrale instalou-se h\u00e1 poucos anos, 4 ou 5 mais ou menos. Sabia que as terras eram griladas, mas esperava, por\u00e9m, que houvesse regulariza\u00e7\u00e3o fundi\u00e1ria a seu favor.<\/p>\n<p>As imagens da televis\u00e3o, feitas de helic\u00f3ptero, mostram um trator destruindo as plantas. As rea\u00e7\u00f5es, depois da not\u00edcia ser novamente colocada em pauta, vieram inclusive de pessoas do governo, mas, sobretudo, de membros da bancada ruralista que acusam o movimento de criminoso e terrorista.<\/p>\n<p><strong>A quem interessa a repeti\u00e7\u00e3o da not\u00edcia, uma semana depois?<\/strong><\/p>\n<p>No mesmo dia da a\u00e7\u00e3o dos sem-terra foi entregue aos presidentes do Senado e da C\u00e2mara, um Manifesto, assinado por mais de 4.000 pessoas, entre as quais muitas personalidades nacionais e internacionais, declarando seu apoio ao MST, diante da tentativa de instala\u00e7\u00e3o de uma CPMI para investigar os repasses de recursos p\u00fablicos a entidades ligadas ao Movimento. Logo no dia 30, foi lido em plen\u00e1rio o requerimento para sua instala\u00e7\u00e3o, que acabou frustrada porque mais de 40 deputados retiraram seu nome e com isso n\u00e3o atingiu o n\u00famero regimental necess\u00e1rio. A bancada ruralista se enfureceu.<\/p>\n<p>A a\u00e7\u00e3o do MST do dia 28, que ao ser divulgada pela primeira vez n\u00e3o provocara muita rea\u00e7\u00e3o, poderia dar a muni\u00e7\u00e3o necess\u00e1ria para novamente se propor uma CPI contra o MST. E numa a\u00e7\u00e3o articulada entre os interesses da grande m\u00eddia, da bancada ruralista do Congresso e dos defensores do agroneg\u00f3cio, se lan\u00e7aram novamente as imagens da ocupa\u00e7\u00e3o da fazenda da Cutrale.<\/p>\n<p>A a\u00e7\u00e3o do MST, por mais radical que possa parecer, escancara aos olhos da na\u00e7\u00e3o a realidade brasileira. Enquanto milhares de fam\u00edlias sem terra continuam acampadas Brasil afora, grandes empresas praticam a grilagem e ainda conseguem a cobertura do poder p\u00fablico.<\/p>\n<p>Algumas perguntam martelam nossa consci\u00eancia:<\/p>\n<p><strong>Por que a imprensa n\u00e3o d\u00e1 destaque \u00e0 grilagem da Cutrale?<\/strong><\/p>\n<p>Por que a bancada ruralista se empenha tanto em querer destruir os movimentos dos trabalhadores rurais? Por que n\u00e3o se prop\u00f5e uma grande investiga\u00e7\u00e3o parlamentar sobre os recursos repassados \u00e0s entidades do agroneg\u00f3cio, ao perd\u00e3o rotineiro das d\u00edvidas dos grandes produtores que n\u00e3o honram seus compromissos com as institui\u00e7\u00f5es financeiras?<\/p>\n<p>Por que a senadora K\u00e1tia Abreu (DEM-TO), declarou, nas elei\u00e7\u00f5es ao Senado em 2006, o valor de menos de oito reais o hectare de uma \u00e1rea de sua propriedade em Campos Lindos, Tocantins? Por que por um lado, o agroneg\u00f3cio alardeia os ganhos de produtividade no campo, o que \u00e9 uma realidade, e se op\u00f5e com unhas e dentes \u00e1 atualiza\u00e7\u00e3o dos \u00edndices de produtividade? Por que a PEC 438, que prop\u00f5e o confisco de terras onde for flagrado o trabalho escravo nunca \u00e9 votada? E por fim, por que o presidente Lula que em agosto prometeu em 15 dias assinar a portaria com os novos \u00edndices de produtividade, at\u00e9 agora, mais de um m\u00eas e meio depois, n\u00e3o o fez?<\/p>\n<p>S\u00e3o perguntas que a Coordena\u00e7\u00e3o Nacional da CPT gostaria de ver respondidas.<\/p>\n<p>Goi\u00e2nia, 7 de outubro de 2009.<\/p>\n<p>Coordena\u00e7\u00e3o Nacional da CPT<\/p>\n<div id=\"themify_builder_content-5604\" data-postid=\"5604\" class=\"themify_builder_content themify_builder_content-5604 themify_builder themify_builder_front\">\n\t<\/div>\n<!-- \/themify_builder_content -->","protected":false},"excerpt":{"rendered":"<p>CPT Nacional NOTA P\u00daBLICA DA CPT A Coordena\u00e7\u00e3o Nacional da CPT vem a p\u00fablico para manifestar sua estranheza diante do &#8220;requentamento&#8221; por toda a grande m\u00eddia de um fato ocorrido na segunda feira da semana passada, 28 de setembro, e que foi noticiado naquela ocasi\u00e3o, mas que voltou com maior destaque, uma semana depois, a [&hellip;]<\/p>\n","protected":false},"author":5,"featured_media":0,"comment_status":"open","ping_status":"open","sticky":false,"template":"","format":"standard","meta":{"ngg_post_thumbnail":0,"footnotes":""},"categories":[8],"tags":[264,1153,182,292,293],"yoast_head":"<!-- This site is optimized with the Yoast SEO plugin v23.5 - https:\/\/yoast.com\/wordpress\/plugins\/seo\/ -->\n<title>Mais uma vez a m\u00eddia e os ruralistas investem contra o MST - O Arcanjo no ar<\/title>\n<meta name=\"robots\" content=\"index, follow, max-snippet:-1, max-image-preview:large, max-video-preview:-1\" \/>\n<link rel=\"canonical\" href=\"https:\/\/www.oarcanjo.net\/site\/mais-uma-vez-a-midia-e-os-ruralistas-investem-contra-o-mst\/\" \/>\n<meta property=\"og:locale\" content=\"pt_BR\" \/>\n<meta property=\"og:type\" content=\"article\" \/>\n<meta property=\"og:title\" content=\"Mais uma vez a m\u00eddia e os ruralistas investem contra o MST - O Arcanjo no ar\" \/>\n<meta property=\"og:description\" content=\"CPT Nacional NOTA P\u00daBLICA DA CPT A Coordena\u00e7\u00e3o Nacional da CPT vem a p\u00fablico para manifestar sua estranheza diante do &#8220;requentamento&#8221; por toda a grande m\u00eddia de um fato ocorrido na segunda feira da semana passada, 28 de setembro, e que foi noticiado naquela ocasi\u00e3o, mas que voltou com maior destaque, uma semana depois, a [&hellip;]\" \/>\n<meta property=\"og:url\" content=\"https:\/\/www.oarcanjo.net\/site\/mais-uma-vez-a-midia-e-os-ruralistas-investem-contra-o-mst\/\" \/>\n<meta property=\"og:site_name\" content=\"O Arcanjo no ar\" \/>\n<meta property=\"article:publisher\" content=\"https:\/\/www.facebook.com\/OArcanjoNoAr\/\" \/>\n<meta property=\"article:published_time\" content=\"2009-10-09T01:37:57+00:00\" \/>\n<meta property=\"og:image\" content=\"https:\/\/www.oarcanjo.net\/site\/wp-content\/uploads\/logo-o-arcanjo-no-ar-facebook.png\" \/>\n\t<meta property=\"og:image:width\" content=\"300\" \/>\n\t<meta property=\"og:image:height\" content=\"300\" \/>\n\t<meta property=\"og:image:type\" content=\"image\/png\" \/>\n<meta name=\"author\" content=\"editor\" \/>\n<meta name=\"twitter:card\" content=\"summary_large_image\" \/>\n<meta name=\"twitter:label1\" content=\"Escrito por\" \/>\n\t<meta name=\"twitter:data1\" content=\"editor\" \/>\n\t<meta name=\"twitter:label2\" content=\"Est. tempo de leitura\" \/>\n\t<meta name=\"twitter:data2\" content=\"4 minutos\" \/>\n<script type=\"application\/ld+json\" class=\"yoast-schema-graph\">{\"@context\":\"https:\/\/schema.org\",\"@graph\":[{\"@type\":\"Article\",\"@id\":\"https:\/\/www.oarcanjo.net\/site\/mais-uma-vez-a-midia-e-os-ruralistas-investem-contra-o-mst\/#article\",\"isPartOf\":{\"@id\":\"https:\/\/www.oarcanjo.net\/site\/mais-uma-vez-a-midia-e-os-ruralistas-investem-contra-o-mst\/\"},\"author\":{\"name\":\"editor\",\"@id\":\"https:\/\/www.oarcanjo.net\/site\/#\/schema\/person\/f7024d007863202483a31326673a0838\"},\"headline\":\"Mais uma vez a m\u00eddia e os ruralistas investem contra o MST\",\"datePublished\":\"2009-10-09T01:37:57+00:00\",\"dateModified\":\"2009-10-09T01:37:57+00:00\",\"mainEntityOfPage\":{\"@id\":\"https:\/\/www.oarcanjo.net\/site\/mais-uma-vez-a-midia-e-os-ruralistas-investem-contra-o-mst\/\"},\"wordCount\":802,\"commentCount\":0,\"publisher\":{\"@id\":\"https:\/\/www.oarcanjo.net\/site\/#organization\"},\"keywords\":[\"CPT\",\"luta pela terra\",\"meios de comunica\u00e7\u00e3o\",\"MST\",\"Reforma agr\u00e1ria\"],\"articleSection\":[\"Not\u00edcias\"],\"inLanguage\":\"pt-BR\",\"potentialAction\":[{\"@type\":\"CommentAction\",\"name\":\"Comment\",\"target\":[\"https:\/\/www.oarcanjo.net\/site\/mais-uma-vez-a-midia-e-os-ruralistas-investem-contra-o-mst\/#respond\"]}]},{\"@type\":\"WebPage\",\"@id\":\"https:\/\/www.oarcanjo.net\/site\/mais-uma-vez-a-midia-e-os-ruralistas-investem-contra-o-mst\/\",\"url\":\"https:\/\/www.oarcanjo.net\/site\/mais-uma-vez-a-midia-e-os-ruralistas-investem-contra-o-mst\/\",\"name\":\"Mais uma vez a m\u00eddia e os ruralistas investem contra o MST - O Arcanjo no ar\",\"isPartOf\":{\"@id\":\"https:\/\/www.oarcanjo.net\/site\/#website\"},\"datePublished\":\"2009-10-09T01:37:57+00:00\",\"dateModified\":\"2009-10-09T01:37:57+00:00\",\"breadcrumb\":{\"@id\":\"https:\/\/www.oarcanjo.net\/site\/mais-uma-vez-a-midia-e-os-ruralistas-investem-contra-o-mst\/#breadcrumb\"},\"inLanguage\":\"pt-BR\",\"potentialAction\":[{\"@type\":\"ReadAction\",\"target\":[\"https:\/\/www.oarcanjo.net\/site\/mais-uma-vez-a-midia-e-os-ruralistas-investem-contra-o-mst\/\"]}]},{\"@type\":\"BreadcrumbList\",\"@id\":\"https:\/\/www.oarcanjo.net\/site\/mais-uma-vez-a-midia-e-os-ruralistas-investem-contra-o-mst\/#breadcrumb\",\"itemListElement\":[{\"@type\":\"ListItem\",\"position\":1,\"name\":\"In\u00edcio\",\"item\":\"https:\/\/www.oarcanjo.net\/site\/\"},{\"@type\":\"ListItem\",\"position\":2,\"name\":\"Mais uma vez a m\u00eddia e os ruralistas investem contra o MST\"}]},{\"@type\":\"WebSite\",\"@id\":\"https:\/\/www.oarcanjo.net\/site\/#website\",\"url\":\"https:\/\/www.oarcanjo.net\/site\/\",\"name\":\"O Arcanjo no ar\",\"description\":\"Site da Par\u00f3quia S\u00e3o Miguel Arcanjo (Arquidiocese de SP)\",\"publisher\":{\"@id\":\"https:\/\/www.oarcanjo.net\/site\/#organization\"},\"potentialAction\":[{\"@type\":\"SearchAction\",\"target\":{\"@type\":\"EntryPoint\",\"urlTemplate\":\"https:\/\/www.oarcanjo.net\/site\/?s={search_term_string}\"},\"query-input\":{\"@type\":\"PropertyValueSpecification\",\"valueRequired\":true,\"valueName\":\"search_term_string\"}}],\"inLanguage\":\"pt-BR\"},{\"@type\":\"Organization\",\"@id\":\"https:\/\/www.oarcanjo.net\/site\/#organization\",\"name\":\"Par\u00f3quia S\u00e3o Miguel Arcanjo\",\"url\":\"https:\/\/www.oarcanjo.net\/site\/\",\"logo\":{\"@type\":\"ImageObject\",\"inLanguage\":\"pt-BR\",\"@id\":\"https:\/\/www.oarcanjo.net\/site\/#\/schema\/logo\/image\/\",\"url\":\"https:\/\/www.oarcanjo.net\/site\/wp-content\/uploads\/LogoOArcanjo.png\",\"contentUrl\":\"https:\/\/www.oarcanjo.net\/site\/wp-content\/uploads\/LogoOArcanjo.png\",\"width\":319,\"height\":99,\"caption\":\"Par\u00f3quia S\u00e3o Miguel Arcanjo\"},\"image\":{\"@id\":\"https:\/\/www.oarcanjo.net\/site\/#\/schema\/logo\/image\/\"},\"sameAs\":[\"https:\/\/www.facebook.com\/OArcanjoNoAr\/\"]},{\"@type\":\"Person\",\"@id\":\"https:\/\/www.oarcanjo.net\/site\/#\/schema\/person\/f7024d007863202483a31326673a0838\",\"name\":\"editor\",\"sameAs\":[\"http:\/\/www.oarcanjo.net\"]}]}<\/script>\n<!-- \/ Yoast SEO plugin. -->","yoast_head_json":{"title":"Mais uma vez a m\u00eddia e os ruralistas investem contra o MST - O Arcanjo no ar","robots":{"index":"index","follow":"follow","max-snippet":"max-snippet:-1","max-image-preview":"max-image-preview:large","max-video-preview":"max-video-preview:-1"},"canonical":"https:\/\/www.oarcanjo.net\/site\/mais-uma-vez-a-midia-e-os-ruralistas-investem-contra-o-mst\/","og_locale":"pt_BR","og_type":"article","og_title":"Mais uma vez a m\u00eddia e os ruralistas investem contra o MST - O Arcanjo no ar","og_description":"CPT Nacional NOTA P\u00daBLICA DA CPT A Coordena\u00e7\u00e3o Nacional da CPT vem a p\u00fablico para manifestar sua estranheza diante do &#8220;requentamento&#8221; por toda a grande m\u00eddia de um fato ocorrido na segunda feira da semana passada, 28 de setembro, e que foi noticiado naquela ocasi\u00e3o, mas que voltou com maior destaque, uma semana depois, a [&hellip;]","og_url":"https:\/\/www.oarcanjo.net\/site\/mais-uma-vez-a-midia-e-os-ruralistas-investem-contra-o-mst\/","og_site_name":"O Arcanjo no ar","article_publisher":"https:\/\/www.facebook.com\/OArcanjoNoAr\/","article_published_time":"2009-10-09T01:37:57+00:00","og_image":[{"width":300,"height":300,"url":"https:\/\/www.oarcanjo.net\/site\/wp-content\/uploads\/logo-o-arcanjo-no-ar-facebook.png","type":"image\/png"}],"author":"editor","twitter_card":"summary_large_image","twitter_misc":{"Escrito por":"editor","Est. tempo de leitura":"4 minutos"},"schema":{"@context":"https:\/\/schema.org","@graph":[{"@type":"Article","@id":"https:\/\/www.oarcanjo.net\/site\/mais-uma-vez-a-midia-e-os-ruralistas-investem-contra-o-mst\/#article","isPartOf":{"@id":"https:\/\/www.oarcanjo.net\/site\/mais-uma-vez-a-midia-e-os-ruralistas-investem-contra-o-mst\/"},"author":{"name":"editor","@id":"https:\/\/www.oarcanjo.net\/site\/#\/schema\/person\/f7024d007863202483a31326673a0838"},"headline":"Mais uma vez a m\u00eddia e os ruralistas investem contra o MST","datePublished":"2009-10-09T01:37:57+00:00","dateModified":"2009-10-09T01:37:57+00:00","mainEntityOfPage":{"@id":"https:\/\/www.oarcanjo.net\/site\/mais-uma-vez-a-midia-e-os-ruralistas-investem-contra-o-mst\/"},"wordCount":802,"commentCount":0,"publisher":{"@id":"https:\/\/www.oarcanjo.net\/site\/#organization"},"keywords":["CPT","luta pela terra","meios de comunica\u00e7\u00e3o","MST","Reforma agr\u00e1ria"],"articleSection":["Not\u00edcias"],"inLanguage":"pt-BR","potentialAction":[{"@type":"CommentAction","name":"Comment","target":["https:\/\/www.oarcanjo.net\/site\/mais-uma-vez-a-midia-e-os-ruralistas-investem-contra-o-mst\/#respond"]}]},{"@type":"WebPage","@id":"https:\/\/www.oarcanjo.net\/site\/mais-uma-vez-a-midia-e-os-ruralistas-investem-contra-o-mst\/","url":"https:\/\/www.oarcanjo.net\/site\/mais-uma-vez-a-midia-e-os-ruralistas-investem-contra-o-mst\/","name":"Mais uma vez a m\u00eddia e os ruralistas investem contra o MST - O Arcanjo no ar","isPartOf":{"@id":"https:\/\/www.oarcanjo.net\/site\/#website"},"datePublished":"2009-10-09T01:37:57+00:00","dateModified":"2009-10-09T01:37:57+00:00","breadcrumb":{"@id":"https:\/\/www.oarcanjo.net\/site\/mais-uma-vez-a-midia-e-os-ruralistas-investem-contra-o-mst\/#breadcrumb"},"inLanguage":"pt-BR","potentialAction":[{"@type":"ReadAction","target":["https:\/\/www.oarcanjo.net\/site\/mais-uma-vez-a-midia-e-os-ruralistas-investem-contra-o-mst\/"]}]},{"@type":"BreadcrumbList","@id":"https:\/\/www.oarcanjo.net\/site\/mais-uma-vez-a-midia-e-os-ruralistas-investem-contra-o-mst\/#breadcrumb","itemListElement":[{"@type":"ListItem","position":1,"name":"In\u00edcio","item":"https:\/\/www.oarcanjo.net\/site\/"},{"@type":"ListItem","position":2,"name":"Mais uma vez a m\u00eddia e os ruralistas investem contra o MST"}]},{"@type":"WebSite","@id":"https:\/\/www.oarcanjo.net\/site\/#website","url":"https:\/\/www.oarcanjo.net\/site\/","name":"O Arcanjo no ar","description":"Site da Par\u00f3quia S\u00e3o Miguel Arcanjo (Arquidiocese de SP)","publisher":{"@id":"https:\/\/www.oarcanjo.net\/site\/#organization"},"potentialAction":[{"@type":"SearchAction","target":{"@type":"EntryPoint","urlTemplate":"https:\/\/www.oarcanjo.net\/site\/?s={search_term_string}"},"query-input":{"@type":"PropertyValueSpecification","valueRequired":true,"valueName":"search_term_string"}}],"inLanguage":"pt-BR"},{"@type":"Organization","@id":"https:\/\/www.oarcanjo.net\/site\/#organization","name":"Par\u00f3quia S\u00e3o Miguel Arcanjo","url":"https:\/\/www.oarcanjo.net\/site\/","logo":{"@type":"ImageObject","inLanguage":"pt-BR","@id":"https:\/\/www.oarcanjo.net\/site\/#\/schema\/logo\/image\/","url":"https:\/\/www.oarcanjo.net\/site\/wp-content\/uploads\/LogoOArcanjo.png","contentUrl":"https:\/\/www.oarcanjo.net\/site\/wp-content\/uploads\/LogoOArcanjo.png","width":319,"height":99,"caption":"Par\u00f3quia S\u00e3o Miguel Arcanjo"},"image":{"@id":"https:\/\/www.oarcanjo.net\/site\/#\/schema\/logo\/image\/"},"sameAs":["https:\/\/www.facebook.com\/OArcanjoNoAr\/"]},{"@type":"Person","@id":"https:\/\/www.oarcanjo.net\/site\/#\/schema\/person\/f7024d007863202483a31326673a0838","name":"editor","sameAs":["http:\/\/www.oarcanjo.net"]}]}},"publishpress_future_action":{"enabled":false,"date":"2026-05-09 03:03:27","action":"category","newStatus":"draft","terms":[],"taxonomy":"category"},"publishpress_future_workflow_manual_trigger":{"enabledWorkflows":[]},"_links":{"self":[{"href":"https:\/\/www.oarcanjo.net\/site\/wp-json\/wp\/v2\/posts\/5604"}],"collection":[{"href":"https:\/\/www.oarcanjo.net\/site\/wp-json\/wp\/v2\/posts"}],"about":[{"href":"https:\/\/www.oarcanjo.net\/site\/wp-json\/wp\/v2\/types\/post"}],"author":[{"embeddable":true,"href":"https:\/\/www.oarcanjo.net\/site\/wp-json\/wp\/v2\/users\/5"}],"replies":[{"embeddable":true,"href":"https:\/\/www.oarcanjo.net\/site\/wp-json\/wp\/v2\/comments?post=5604"}],"version-history":[{"count":0,"href":"https:\/\/www.oarcanjo.net\/site\/wp-json\/wp\/v2\/posts\/5604\/revisions"}],"wp:attachment":[{"href":"https:\/\/www.oarcanjo.net\/site\/wp-json\/wp\/v2\/media?parent=5604"}],"wp:term":[{"taxonomy":"category","embeddable":true,"href":"https:\/\/www.oarcanjo.net\/site\/wp-json\/wp\/v2\/categories?post=5604"},{"taxonomy":"post_tag","embeddable":true,"href":"https:\/\/www.oarcanjo.net\/site\/wp-json\/wp\/v2\/tags?post=5604"}],"curies":[{"name":"wp","href":"https:\/\/api.w.org\/{rel}","templated":true}]}}