
{"id":5607,"date":"2009-10-09T23:40:45","date_gmt":"2009-10-10T02:40:45","guid":{"rendered":"http:\/\/www.oarcanjo.net\/site\/?p=5607"},"modified":"2009-10-10T11:02:39","modified_gmt":"2009-10-10T14:02:39","slug":"esclarecimentos-sobre-os-ultimos-episodios-veiculados-pela-midia","status":"publish","type":"post","link":"https:\/\/www.oarcanjo.net\/site\/esclarecimentos-sobre-os-ultimos-episodios-veiculados-pela-midia\/","title":{"rendered":"Esclarecimentos sobre os \u00faltimos epis\u00f3dios veiculados pela m\u00eddia"},"content":{"rendered":"<p>Diante dos \u00faltimos epis\u00f3dios que envolvem o MST e v\u00eam repercutindo na m\u00eddia, a dire\u00e7\u00e3o nacional do MST vem a p\u00fablico se pronunciar.<\/p>\n<p>1. A nossa luta \u00e9 pela democratiza\u00e7\u00e3o da propriedade da terra, cada vez mais concentrada em nosso pa\u00eds. O resultado do Censo de 2006, divulgado na semana passada, revelou que o Brasil \u00e9 o pa\u00eds com a maior concentra\u00e7\u00e3o da propriedade da terra do mundo. Menos de 15 mil latifundi\u00e1rios det\u00eam fazendas acima de 2,5 mil hectares e possuem 98 milh\u00f5es de hectares. Cerca de 1% de todos os propriet\u00e1rios controla 46% das terras.<\/p>\n<p>2. H\u00e1 uma lei de Reforma Agr\u00e1ria para corrigir essa distor\u00e7\u00e3o hist\u00f3rica. No entanto, as leis a favor do povo somente funcionam com press\u00e3o popular. Fazemos press\u00e3o por meio da ocupa\u00e7\u00e3o de latif\u00fandios improdutivos e grandes propriedades, que n\u00e3o cumprem a fun\u00e7\u00e3o social, como determina a Constitui\u00e7\u00e3o de 1988.<\/p>\n<p>A Constitui\u00e7\u00e3o Federal estabelece que devem ser desapropriadas propriedades que est\u00e3o abaixo da produtividade, n\u00e3o respeitam o ambiente, n\u00e3o respeitam os direitos trabalhistas e s\u00e3o usadas para contrabando ou cultivo de drogas.<\/p>\n<p>3. Tamb\u00e9m ocupamos as fazendas que t\u00eam origem na grilagem de terras p\u00fablicas, como acontece, por exemplo, no Pontal do Paranapanema e em Iaras (empresa Cutrale), no Par\u00e1 (Banco Opportunity) e no sul da Bahia (Veracel\/Stora Enso). S\u00e3o \u00e1reas que pertencem  \u00e0 Uni\u00e3o e est\u00e3o indevidamente apropriadas por grandes empresas, enquanto se alega que h\u00e1 falta de terras para assentar trabalhadores rurais sem terras.<\/p>\n<p>4. Os inimigos da Reforma Agr\u00e1ria querem transformar os epis\u00f3dios que aconteceram na fazenda grilada pela Cutrale para criminalizar o MST, os movimentos sociais, impedir a Reforma Agr\u00e1ria e proteger os interesses do agroneg\u00f3cio e dos que controlam a terra.<\/p>\n<p>5. Somos contra a viol\u00eancia. Sabemos que a viol\u00eancia \u00e9 a arma utilizada sempre pelos opressores para manter seus privil\u00e9gios. E, principalmente, temos o maior respeito \u00e0s fam\u00edlias dos trabalhadores das grandes fazendas quando fazemos as ocupa\u00e7\u00f5es. Os trabalhadores rurais s\u00e3o v\u00edtimas da viol\u00eancia. Nos \u00faltimos anos, j\u00e1 foram assassinados mais de 1,6 mil companheiros e companheiras, e apenas 80 assassinos e mandantes chegaram aos tribunais. S\u00e3o raros aqueles que tiveram alguma puni\u00e7\u00e3o, reinando a impunidade, como no caso do Massacre de Eldorado de Caraj\u00e1s.<\/p>\n<p>6. As fam\u00edlias acampadas recorreram \u00e0 a\u00e7\u00e3o na Cutrale como \u00faltima alternativa para chamar a aten\u00e7\u00e3o da sociedade para o absurdo fato de que umas das maiores empresas da agricultura &#8211; que controla 30% de todo suco de laranja no mundo &#8211; se dedique a grilar terras. J\u00e1 hav\u00edamos ocupado a \u00e1rea diversas vezes nos \u00faltimos 10 anos, e a popula\u00e7\u00e3o n\u00e3o tinha conhecimento desse crime cometido pela Cutrale.<\/p>\n<p>7. N\u00f3s lamentamos muito quando acontecem desvios de conduta em ocupa\u00e7\u00f5es, que n\u00e3o representam a linha do movimento. Em geral, eles t\u00eam acontecido por causa da infiltra\u00e7\u00e3o dos inimigos da Reforma Agr\u00e1ria, seja dos latifundi\u00e1rios ou da policia.<\/p>\n<p>8. Os companheiros e companheiras do MST de S\u00e3o Paulo reafirmam que n\u00e3o houve depreda\u00e7\u00e3o nem furto por parte das fam\u00edlias que ocuparam a fazenda da Cutrale. Quando as fam\u00edlias sa\u00edram da fazenda, n\u00e3o havia ambiente de depreda\u00e7\u00f5es, como foi apresentado na m\u00eddia. Representantes das fam\u00edlias que fizeram a ocupa\u00e7\u00e3o foram impedidos de acompanhar a entrada dos funcion\u00e1rios da fazenda e da PM, ap\u00f3s a sa\u00edda da \u00e1rea. O que aconteceu desde a sa\u00edda das fam\u00edlias e a entrada da imprensa na fazenda deve ser investigado.<\/p>\n<p>9. H\u00e1 uma clara articula\u00e7\u00e3o entre os latifundi\u00e1rios, setores conservadores do Poder Judici\u00e1rio, servi\u00e7os de intelig\u00eancia, parlamentares ruralistas e setores reacion\u00e1rios da imprensa brasileira para atacar o MST e a Reforma Agr\u00e1ria. N\u00e3o admitem o direito dos pobres se organizarem e lutarem.<\/p>\n<p>Em per\u00edodos eleitorais, essas articula\u00e7\u00f5es ganham mais for\u00e7a pol\u00edtica, como parte das t\u00e1ticas da direita para  impedir as a\u00e7\u00f5es do governo a favor da Reforma Agr\u00e1ria e &#8220;enquadrar&#8221; as candidaturas dentro dos seus interesses de classe.<\/p>\n<p>10. O MST luta h\u00e1 mais de 25 anos pela implanta\u00e7\u00e3o de uma Reforma Agr\u00e1ria popular e verdadeira. Obtivemos muitas vit\u00f3rias: mais de 500 mil fam\u00edlias de trabalhadores pobres do campo foram assentados. Estamos acostumados a enfrentar as manipula\u00e7\u00f5es dos latifundi\u00e1rios e de seus representantes na imprensa.<\/p>\n<p>\u00c0 sociedade, pedimos que n\u00e3o nos julgue pela vers\u00e3o apresentada pela m\u00eddia. No Brasil, h\u00e1 um hist\u00f3rico de ruptura com a verdade e com a \u00e9tica pela grande m\u00eddia, para manipular os fatos, prejudicar os trabalhadores e suas lutas e defender os interesses dos poderosos.<\/p>\n<p>Apesar de todas as dificuldades, de nossos erros e acertos e, principalmente, das artimanhas da burguesia, a sociedade brasileira sabe que sem a Reforma Agr\u00e1ria ser\u00e1 imposs\u00edvel corrigir as injusti\u00e7as sociais e as desigualdades no campo. De nossa parte, temos o compromisso de seguir organizando os pobres do campo e fazendo mobiliza\u00e7\u00f5es e lutas pela realiza\u00e7\u00e3o dos direitos do povo \u00e0 terra, educa\u00e7\u00e3o e dignidade.<\/p>\n<p>S\u00e3o Paulo, 9 de outubro de 2009<br \/>\n<strong>DIRE\u00c7\u00c3O NACIONAL DO MST<\/strong><\/p>\n<div id=\"themify_builder_content-5607\" data-postid=\"5607\" class=\"themify_builder_content themify_builder_content-5607 themify_builder themify_builder_front\">\n\t<\/div>\n<!-- \/themify_builder_content -->","protected":false},"excerpt":{"rendered":"<p>Diante dos \u00faltimos epis\u00f3dios que envolvem o MST e v\u00eam repercutindo na m\u00eddia, a dire\u00e7\u00e3o nacional do MST vem a p\u00fablico se pronunciar. 1. A nossa luta \u00e9 pela democratiza\u00e7\u00e3o da propriedade da terra, cada vez mais concentrada em nosso pa\u00eds. O resultado do Censo de 2006, divulgado na semana passada, revelou que o Brasil [&hellip;]<\/p>\n","protected":false},"author":5,"featured_media":0,"comment_status":"open","ping_status":"open","sticky":false,"template":"","format":"standard","meta":{"ngg_post_thumbnail":0,"footnotes":""},"categories":[8],"tags":[292],"yoast_head":"<!-- This site is optimized with the Yoast SEO plugin v23.5 - https:\/\/yoast.com\/wordpress\/plugins\/seo\/ -->\n<title>Esclarecimentos sobre os \u00faltimos epis\u00f3dios veiculados pela m\u00eddia - O Arcanjo no ar<\/title>\n<meta name=\"robots\" content=\"index, follow, max-snippet:-1, max-image-preview:large, max-video-preview:-1\" \/>\n<link rel=\"canonical\" href=\"https:\/\/www.oarcanjo.net\/site\/esclarecimentos-sobre-os-ultimos-episodios-veiculados-pela-midia\/\" \/>\n<meta property=\"og:locale\" content=\"pt_BR\" \/>\n<meta property=\"og:type\" content=\"article\" \/>\n<meta property=\"og:title\" content=\"Esclarecimentos sobre os \u00faltimos epis\u00f3dios veiculados pela m\u00eddia - O Arcanjo no ar\" \/>\n<meta property=\"og:description\" content=\"Diante dos \u00faltimos epis\u00f3dios que envolvem o MST e v\u00eam repercutindo na m\u00eddia, a dire\u00e7\u00e3o nacional do MST vem a p\u00fablico se pronunciar. 1. A nossa luta \u00e9 pela democratiza\u00e7\u00e3o da propriedade da terra, cada vez mais concentrada em nosso pa\u00eds. O resultado do Censo de 2006, divulgado na semana passada, revelou que o Brasil [&hellip;]\" \/>\n<meta property=\"og:url\" content=\"https:\/\/www.oarcanjo.net\/site\/esclarecimentos-sobre-os-ultimos-episodios-veiculados-pela-midia\/\" \/>\n<meta property=\"og:site_name\" content=\"O Arcanjo no ar\" \/>\n<meta property=\"article:publisher\" content=\"https:\/\/www.facebook.com\/OArcanjoNoAr\/\" \/>\n<meta property=\"article:published_time\" content=\"2009-10-10T02:40:45+00:00\" \/>\n<meta property=\"article:modified_time\" content=\"2009-10-10T14:02:39+00:00\" \/>\n<meta property=\"og:image\" content=\"https:\/\/www.oarcanjo.net\/site\/wp-content\/uploads\/logo-o-arcanjo-no-ar-facebook.png\" \/>\n\t<meta property=\"og:image:width\" content=\"300\" \/>\n\t<meta property=\"og:image:height\" content=\"300\" \/>\n\t<meta property=\"og:image:type\" content=\"image\/png\" \/>\n<meta name=\"author\" content=\"editor\" \/>\n<meta name=\"twitter:card\" content=\"summary_large_image\" \/>\n<meta name=\"twitter:label1\" content=\"Escrito por\" \/>\n\t<meta name=\"twitter:data1\" content=\"editor\" \/>\n\t<meta name=\"twitter:label2\" content=\"Est. tempo de leitura\" \/>\n\t<meta name=\"twitter:data2\" content=\"4 minutos\" \/>\n<script type=\"application\/ld+json\" class=\"yoast-schema-graph\">{\"@context\":\"https:\/\/schema.org\",\"@graph\":[{\"@type\":\"Article\",\"@id\":\"https:\/\/www.oarcanjo.net\/site\/esclarecimentos-sobre-os-ultimos-episodios-veiculados-pela-midia\/#article\",\"isPartOf\":{\"@id\":\"https:\/\/www.oarcanjo.net\/site\/esclarecimentos-sobre-os-ultimos-episodios-veiculados-pela-midia\/\"},\"author\":{\"name\":\"editor\",\"@id\":\"https:\/\/www.oarcanjo.net\/site\/#\/schema\/person\/f7024d007863202483a31326673a0838\"},\"headline\":\"Esclarecimentos sobre os \u00faltimos epis\u00f3dios veiculados pela m\u00eddia\",\"datePublished\":\"2009-10-10T02:40:45+00:00\",\"dateModified\":\"2009-10-10T14:02:39+00:00\",\"mainEntityOfPage\":{\"@id\":\"https:\/\/www.oarcanjo.net\/site\/esclarecimentos-sobre-os-ultimos-episodios-veiculados-pela-midia\/\"},\"wordCount\":897,\"commentCount\":0,\"publisher\":{\"@id\":\"https:\/\/www.oarcanjo.net\/site\/#organization\"},\"keywords\":[\"MST\"],\"articleSection\":[\"Not\u00edcias\"],\"inLanguage\":\"pt-BR\",\"potentialAction\":[{\"@type\":\"CommentAction\",\"name\":\"Comment\",\"target\":[\"https:\/\/www.oarcanjo.net\/site\/esclarecimentos-sobre-os-ultimos-episodios-veiculados-pela-midia\/#respond\"]}]},{\"@type\":\"WebPage\",\"@id\":\"https:\/\/www.oarcanjo.net\/site\/esclarecimentos-sobre-os-ultimos-episodios-veiculados-pela-midia\/\",\"url\":\"https:\/\/www.oarcanjo.net\/site\/esclarecimentos-sobre-os-ultimos-episodios-veiculados-pela-midia\/\",\"name\":\"Esclarecimentos sobre os \u00faltimos epis\u00f3dios veiculados pela m\u00eddia - O Arcanjo no ar\",\"isPartOf\":{\"@id\":\"https:\/\/www.oarcanjo.net\/site\/#website\"},\"datePublished\":\"2009-10-10T02:40:45+00:00\",\"dateModified\":\"2009-10-10T14:02:39+00:00\",\"breadcrumb\":{\"@id\":\"https:\/\/www.oarcanjo.net\/site\/esclarecimentos-sobre-os-ultimos-episodios-veiculados-pela-midia\/#breadcrumb\"},\"inLanguage\":\"pt-BR\",\"potentialAction\":[{\"@type\":\"ReadAction\",\"target\":[\"https:\/\/www.oarcanjo.net\/site\/esclarecimentos-sobre-os-ultimos-episodios-veiculados-pela-midia\/\"]}]},{\"@type\":\"BreadcrumbList\",\"@id\":\"https:\/\/www.oarcanjo.net\/site\/esclarecimentos-sobre-os-ultimos-episodios-veiculados-pela-midia\/#breadcrumb\",\"itemListElement\":[{\"@type\":\"ListItem\",\"position\":1,\"name\":\"In\u00edcio\",\"item\":\"https:\/\/www.oarcanjo.net\/site\/\"},{\"@type\":\"ListItem\",\"position\":2,\"name\":\"Esclarecimentos sobre os \u00faltimos epis\u00f3dios veiculados pela m\u00eddia\"}]},{\"@type\":\"WebSite\",\"@id\":\"https:\/\/www.oarcanjo.net\/site\/#website\",\"url\":\"https:\/\/www.oarcanjo.net\/site\/\",\"name\":\"O Arcanjo no ar\",\"description\":\"Site da Par\u00f3quia S\u00e3o Miguel Arcanjo (Arquidiocese de SP)\",\"publisher\":{\"@id\":\"https:\/\/www.oarcanjo.net\/site\/#organization\"},\"potentialAction\":[{\"@type\":\"SearchAction\",\"target\":{\"@type\":\"EntryPoint\",\"urlTemplate\":\"https:\/\/www.oarcanjo.net\/site\/?s={search_term_string}\"},\"query-input\":{\"@type\":\"PropertyValueSpecification\",\"valueRequired\":true,\"valueName\":\"search_term_string\"}}],\"inLanguage\":\"pt-BR\"},{\"@type\":\"Organization\",\"@id\":\"https:\/\/www.oarcanjo.net\/site\/#organization\",\"name\":\"Par\u00f3quia S\u00e3o Miguel Arcanjo\",\"url\":\"https:\/\/www.oarcanjo.net\/site\/\",\"logo\":{\"@type\":\"ImageObject\",\"inLanguage\":\"pt-BR\",\"@id\":\"https:\/\/www.oarcanjo.net\/site\/#\/schema\/logo\/image\/\",\"url\":\"https:\/\/www.oarcanjo.net\/site\/wp-content\/uploads\/LogoOArcanjo.png\",\"contentUrl\":\"https:\/\/www.oarcanjo.net\/site\/wp-content\/uploads\/LogoOArcanjo.png\",\"width\":319,\"height\":99,\"caption\":\"Par\u00f3quia S\u00e3o Miguel Arcanjo\"},\"image\":{\"@id\":\"https:\/\/www.oarcanjo.net\/site\/#\/schema\/logo\/image\/\"},\"sameAs\":[\"https:\/\/www.facebook.com\/OArcanjoNoAr\/\"]},{\"@type\":\"Person\",\"@id\":\"https:\/\/www.oarcanjo.net\/site\/#\/schema\/person\/f7024d007863202483a31326673a0838\",\"name\":\"editor\",\"sameAs\":[\"http:\/\/www.oarcanjo.net\"]}]}<\/script>\n<!-- \/ Yoast SEO plugin. -->","yoast_head_json":{"title":"Esclarecimentos sobre os \u00faltimos epis\u00f3dios veiculados pela m\u00eddia - O Arcanjo no ar","robots":{"index":"index","follow":"follow","max-snippet":"max-snippet:-1","max-image-preview":"max-image-preview:large","max-video-preview":"max-video-preview:-1"},"canonical":"https:\/\/www.oarcanjo.net\/site\/esclarecimentos-sobre-os-ultimos-episodios-veiculados-pela-midia\/","og_locale":"pt_BR","og_type":"article","og_title":"Esclarecimentos sobre os \u00faltimos epis\u00f3dios veiculados pela m\u00eddia - O Arcanjo no ar","og_description":"Diante dos \u00faltimos epis\u00f3dios que envolvem o MST e v\u00eam repercutindo na m\u00eddia, a dire\u00e7\u00e3o nacional do MST vem a p\u00fablico se pronunciar. 1. A nossa luta \u00e9 pela democratiza\u00e7\u00e3o da propriedade da terra, cada vez mais concentrada em nosso pa\u00eds. O resultado do Censo de 2006, divulgado na semana passada, revelou que o Brasil [&hellip;]","og_url":"https:\/\/www.oarcanjo.net\/site\/esclarecimentos-sobre-os-ultimos-episodios-veiculados-pela-midia\/","og_site_name":"O Arcanjo no ar","article_publisher":"https:\/\/www.facebook.com\/OArcanjoNoAr\/","article_published_time":"2009-10-10T02:40:45+00:00","article_modified_time":"2009-10-10T14:02:39+00:00","og_image":[{"width":300,"height":300,"url":"https:\/\/www.oarcanjo.net\/site\/wp-content\/uploads\/logo-o-arcanjo-no-ar-facebook.png","type":"image\/png"}],"author":"editor","twitter_card":"summary_large_image","twitter_misc":{"Escrito por":"editor","Est. tempo de leitura":"4 minutos"},"schema":{"@context":"https:\/\/schema.org","@graph":[{"@type":"Article","@id":"https:\/\/www.oarcanjo.net\/site\/esclarecimentos-sobre-os-ultimos-episodios-veiculados-pela-midia\/#article","isPartOf":{"@id":"https:\/\/www.oarcanjo.net\/site\/esclarecimentos-sobre-os-ultimos-episodios-veiculados-pela-midia\/"},"author":{"name":"editor","@id":"https:\/\/www.oarcanjo.net\/site\/#\/schema\/person\/f7024d007863202483a31326673a0838"},"headline":"Esclarecimentos sobre os \u00faltimos epis\u00f3dios veiculados pela m\u00eddia","datePublished":"2009-10-10T02:40:45+00:00","dateModified":"2009-10-10T14:02:39+00:00","mainEntityOfPage":{"@id":"https:\/\/www.oarcanjo.net\/site\/esclarecimentos-sobre-os-ultimos-episodios-veiculados-pela-midia\/"},"wordCount":897,"commentCount":0,"publisher":{"@id":"https:\/\/www.oarcanjo.net\/site\/#organization"},"keywords":["MST"],"articleSection":["Not\u00edcias"],"inLanguage":"pt-BR","potentialAction":[{"@type":"CommentAction","name":"Comment","target":["https:\/\/www.oarcanjo.net\/site\/esclarecimentos-sobre-os-ultimos-episodios-veiculados-pela-midia\/#respond"]}]},{"@type":"WebPage","@id":"https:\/\/www.oarcanjo.net\/site\/esclarecimentos-sobre-os-ultimos-episodios-veiculados-pela-midia\/","url":"https:\/\/www.oarcanjo.net\/site\/esclarecimentos-sobre-os-ultimos-episodios-veiculados-pela-midia\/","name":"Esclarecimentos sobre os \u00faltimos epis\u00f3dios veiculados pela m\u00eddia - O Arcanjo no ar","isPartOf":{"@id":"https:\/\/www.oarcanjo.net\/site\/#website"},"datePublished":"2009-10-10T02:40:45+00:00","dateModified":"2009-10-10T14:02:39+00:00","breadcrumb":{"@id":"https:\/\/www.oarcanjo.net\/site\/esclarecimentos-sobre-os-ultimos-episodios-veiculados-pela-midia\/#breadcrumb"},"inLanguage":"pt-BR","potentialAction":[{"@type":"ReadAction","target":["https:\/\/www.oarcanjo.net\/site\/esclarecimentos-sobre-os-ultimos-episodios-veiculados-pela-midia\/"]}]},{"@type":"BreadcrumbList","@id":"https:\/\/www.oarcanjo.net\/site\/esclarecimentos-sobre-os-ultimos-episodios-veiculados-pela-midia\/#breadcrumb","itemListElement":[{"@type":"ListItem","position":1,"name":"In\u00edcio","item":"https:\/\/www.oarcanjo.net\/site\/"},{"@type":"ListItem","position":2,"name":"Esclarecimentos sobre os \u00faltimos epis\u00f3dios veiculados pela m\u00eddia"}]},{"@type":"WebSite","@id":"https:\/\/www.oarcanjo.net\/site\/#website","url":"https:\/\/www.oarcanjo.net\/site\/","name":"O Arcanjo no ar","description":"Site da Par\u00f3quia S\u00e3o Miguel Arcanjo (Arquidiocese de SP)","publisher":{"@id":"https:\/\/www.oarcanjo.net\/site\/#organization"},"potentialAction":[{"@type":"SearchAction","target":{"@type":"EntryPoint","urlTemplate":"https:\/\/www.oarcanjo.net\/site\/?s={search_term_string}"},"query-input":{"@type":"PropertyValueSpecification","valueRequired":true,"valueName":"search_term_string"}}],"inLanguage":"pt-BR"},{"@type":"Organization","@id":"https:\/\/www.oarcanjo.net\/site\/#organization","name":"Par\u00f3quia S\u00e3o Miguel Arcanjo","url":"https:\/\/www.oarcanjo.net\/site\/","logo":{"@type":"ImageObject","inLanguage":"pt-BR","@id":"https:\/\/www.oarcanjo.net\/site\/#\/schema\/logo\/image\/","url":"https:\/\/www.oarcanjo.net\/site\/wp-content\/uploads\/LogoOArcanjo.png","contentUrl":"https:\/\/www.oarcanjo.net\/site\/wp-content\/uploads\/LogoOArcanjo.png","width":319,"height":99,"caption":"Par\u00f3quia S\u00e3o Miguel Arcanjo"},"image":{"@id":"https:\/\/www.oarcanjo.net\/site\/#\/schema\/logo\/image\/"},"sameAs":["https:\/\/www.facebook.com\/OArcanjoNoAr\/"]},{"@type":"Person","@id":"https:\/\/www.oarcanjo.net\/site\/#\/schema\/person\/f7024d007863202483a31326673a0838","name":"editor","sameAs":["http:\/\/www.oarcanjo.net"]}]}},"publishpress_future_action":{"enabled":false,"date":"2026-05-09 04:22:40","action":"category","newStatus":"draft","terms":[],"taxonomy":"category"},"publishpress_future_workflow_manual_trigger":{"enabledWorkflows":[]},"_links":{"self":[{"href":"https:\/\/www.oarcanjo.net\/site\/wp-json\/wp\/v2\/posts\/5607"}],"collection":[{"href":"https:\/\/www.oarcanjo.net\/site\/wp-json\/wp\/v2\/posts"}],"about":[{"href":"https:\/\/www.oarcanjo.net\/site\/wp-json\/wp\/v2\/types\/post"}],"author":[{"embeddable":true,"href":"https:\/\/www.oarcanjo.net\/site\/wp-json\/wp\/v2\/users\/5"}],"replies":[{"embeddable":true,"href":"https:\/\/www.oarcanjo.net\/site\/wp-json\/wp\/v2\/comments?post=5607"}],"version-history":[{"count":0,"href":"https:\/\/www.oarcanjo.net\/site\/wp-json\/wp\/v2\/posts\/5607\/revisions"}],"wp:attachment":[{"href":"https:\/\/www.oarcanjo.net\/site\/wp-json\/wp\/v2\/media?parent=5607"}],"wp:term":[{"taxonomy":"category","embeddable":true,"href":"https:\/\/www.oarcanjo.net\/site\/wp-json\/wp\/v2\/categories?post=5607"},{"taxonomy":"post_tag","embeddable":true,"href":"https:\/\/www.oarcanjo.net\/site\/wp-json\/wp\/v2\/tags?post=5607"}],"curies":[{"name":"wp","href":"https:\/\/api.w.org\/{rel}","templated":true}]}}