
{"id":5624,"date":"2009-10-11T07:22:14","date_gmt":"2009-10-11T10:22:14","guid":{"rendered":"http:\/\/www.oarcanjo.net\/site\/?p=5624"},"modified":"2009-10-11T07:22:14","modified_gmt":"2009-10-11T10:22:14","slug":"rezando-a-nossa-senhora-aparecida","status":"publish","type":"post","link":"https:\/\/www.oarcanjo.net\/site\/rezando-a-nossa-senhora-aparecida\/","title":{"rendered":"Rezando a Nossa Senhora Aparecida"},"content":{"rendered":"<p>Gilda Carvalho<\/p>\n<p>Para nossa reflex\u00e3o no dia da Padroeira do Brasil.<\/p>\n<p><strong>Ora\u00e7\u00e3o a Nossa Senhora Aparecida<\/strong><\/p>\n<p>\u00d3 Virgem Maria, aben\u00e7oada sois v\u00f3s pelo Senhor Deus Alt\u00edssimo entre todas as mulheres da Terra. V\u00f3s sois a alegria de Israel, v\u00f3s sois a honra de nosso povo. Salve, \u00f3 Virgem, honra de nossa terra, a quem rendemos um culto de piedade e venera\u00e7\u00e3o, a quem chamamos com o belo nome de Aparecida. Quem poderia contar, \u00f3 doce M\u00e3e, quantas gra\u00e7as, durante tantos anos, v\u00f3s dispensastes ao povo brasileiro, compadecida de nossos males ? Quisemos cingir vossa cabe\u00e7a sagrada com uma coroa de ouro, que vos \u00e9 devida por tantos t\u00edtulos; continuai a dobrar-vos benignamente \u00e0s nossas m\u00e3os suplicantes, ouvi clemente o nosso pedido, \u00f3 Virgem; conservai nossas almas afastadas da culpa e, por fim, conduzi-no ao c\u00e9u. Nossa Senhora da Concei\u00e7\u00e3o Aparecida, rogai por n\u00f3s.<\/p>\n<p>Am\u00e9m.<\/p>\n<p><strong>Consagra\u00e7\u00e3o \u00e0 Nossa Senhora Aparecida<\/strong><\/p>\n<p>\u00d3 Virgem Aparecida, padroeira do Brasil, que espalhais in\u00fameras b\u00ean\u00e7\u00e3os sobre a nossa P\u00e1tria, desejosos de participar dos benef\u00edcios de vossa miseric\u00f3rdia, prostrados aos vossos p\u00e9s, consagramo-vos nossa mente, nossa vontade e nosso cora\u00e7\u00e3o para que estejam sempre ao servi\u00e7o do bem.  N\u00f3s vos consagramos, tamb\u00e9m, \u00f3 Senhora Aparecida, as nossas fam\u00edlias e todo o povo brasileiro.  Livrai-nos da viol\u00eancia, dos desastres, das doen\u00e7as, do pecado e de todo mal.  Acolhei sob a vossa maternal prote\u00e7\u00e3o as nossas fam\u00edlias, as crian\u00e7as, os doentes, os velhinhos e os pobres que n\u00e3o t\u00eam amparo.  Aben\u00e7oai o papa, os bispos e presb\u00edteros, nosso p\u00e1roco e todo vosso povo.  Senhora Aparecida, padroeira querida do Brasil, socorrei-nos em todas as nossas necessidades, fortalecei-nos em nossa fraqueza, caminhai conosco, a fim de que, seguindo os passos de vosso Filho Jesus, possamos um dia louvar-vos e bendizer-vos para sempre no c\u00e9u.<\/p>\n<p>Am\u00e9m.<\/p>\n<div id=\"themify_builder_content-5624\" data-postid=\"5624\" class=\"themify_builder_content themify_builder_content-5624 themify_builder themify_builder_front\">\n\t<\/div>\n<!-- \/themify_builder_content -->","protected":false},"excerpt":{"rendered":"<p>Gilda Carvalho Para nossa reflex\u00e3o no dia da Padroeira do Brasil. Ora\u00e7\u00e3o a Nossa Senhora Aparecida \u00d3 Virgem Maria, aben\u00e7oada sois v\u00f3s pelo Senhor Deus Alt\u00edssimo entre todas as mulheres da Terra. V\u00f3s sois a alegria de Israel, v\u00f3s sois a honra de nosso povo. Salve, \u00f3 Virgem, honra de nossa terra, a quem rendemos [&hellip;]<\/p>\n","protected":false},"author":5,"featured_media":0,"comment_status":"open","ping_status":"open","sticky":false,"template":"","format":"standard","meta":{"ngg_post_thumbnail":0,"footnotes":""},"categories":[6],"tags":[1144,3201,1155],"yoast_head":"<!-- This site is optimized with the Yoast SEO plugin v23.5 - https:\/\/yoast.com\/wordpress\/plugins\/seo\/ -->\n<title>Rezando a Nossa Senhora Aparecida - O Arcanjo no ar<\/title>\n<meta name=\"robots\" content=\"index, follow, max-snippet:-1, max-image-preview:large, max-video-preview:-1\" \/>\n<link rel=\"canonical\" href=\"https:\/\/www.oarcanjo.net\/site\/rezando-a-nossa-senhora-aparecida\/\" \/>\n<meta property=\"og:locale\" content=\"pt_BR\" \/>\n<meta property=\"og:type\" content=\"article\" \/>\n<meta property=\"og:title\" content=\"Rezando a Nossa Senhora Aparecida - O Arcanjo no ar\" \/>\n<meta property=\"og:description\" content=\"Gilda Carvalho Para nossa reflex\u00e3o no dia da Padroeira do Brasil. Ora\u00e7\u00e3o a Nossa Senhora Aparecida \u00d3 Virgem Maria, aben\u00e7oada sois v\u00f3s pelo Senhor Deus Alt\u00edssimo entre todas as mulheres da Terra. V\u00f3s sois a alegria de Israel, v\u00f3s sois a honra de nosso povo. Salve, \u00f3 Virgem, honra de nossa terra, a quem rendemos [&hellip;]\" \/>\n<meta property=\"og:url\" content=\"https:\/\/www.oarcanjo.net\/site\/rezando-a-nossa-senhora-aparecida\/\" \/>\n<meta property=\"og:site_name\" content=\"O Arcanjo no ar\" \/>\n<meta property=\"article:publisher\" content=\"https:\/\/www.facebook.com\/OArcanjoNoAr\/\" \/>\n<meta property=\"article:published_time\" content=\"2009-10-11T10:22:14+00:00\" \/>\n<meta property=\"og:image\" content=\"https:\/\/www.oarcanjo.net\/site\/wp-content\/uploads\/logo-o-arcanjo-no-ar-facebook.png\" \/>\n\t<meta property=\"og:image:width\" content=\"300\" \/>\n\t<meta property=\"og:image:height\" content=\"300\" \/>\n\t<meta property=\"og:image:type\" content=\"image\/png\" \/>\n<meta name=\"author\" content=\"editor\" \/>\n<meta name=\"twitter:card\" content=\"summary_large_image\" \/>\n<meta name=\"twitter:label1\" content=\"Escrito por\" \/>\n\t<meta name=\"twitter:data1\" content=\"editor\" \/>\n\t<meta name=\"twitter:label2\" content=\"Est. tempo de leitura\" \/>\n\t<meta name=\"twitter:data2\" content=\"2 minutos\" \/>\n<script type=\"application\/ld+json\" class=\"yoast-schema-graph\">{\"@context\":\"https:\/\/schema.org\",\"@graph\":[{\"@type\":\"Article\",\"@id\":\"https:\/\/www.oarcanjo.net\/site\/rezando-a-nossa-senhora-aparecida\/#article\",\"isPartOf\":{\"@id\":\"https:\/\/www.oarcanjo.net\/site\/rezando-a-nossa-senhora-aparecida\/\"},\"author\":{\"name\":\"editor\",\"@id\":\"https:\/\/www.oarcanjo.net\/site\/#\/schema\/person\/f7024d007863202483a31326673a0838\"},\"headline\":\"Rezando a Nossa Senhora Aparecida\",\"datePublished\":\"2009-10-11T10:22:14+00:00\",\"dateModified\":\"2009-10-11T10:22:14+00:00\",\"mainEntityOfPage\":{\"@id\":\"https:\/\/www.oarcanjo.net\/site\/rezando-a-nossa-senhora-aparecida\/\"},\"wordCount\":333,\"commentCount\":7,\"publisher\":{\"@id\":\"https:\/\/www.oarcanjo.net\/site\/#organization\"},\"keywords\":[\"Nossa Senhora Aparecida\",\"Ora\u00e7\u00f5es\",\"Padroeira\"],\"articleSection\":[\"Ora\u00e7\u00f5es\"],\"inLanguage\":\"pt-BR\",\"potentialAction\":[{\"@type\":\"CommentAction\",\"name\":\"Comment\",\"target\":[\"https:\/\/www.oarcanjo.net\/site\/rezando-a-nossa-senhora-aparecida\/#respond\"]}]},{\"@type\":\"WebPage\",\"@id\":\"https:\/\/www.oarcanjo.net\/site\/rezando-a-nossa-senhora-aparecida\/\",\"url\":\"https:\/\/www.oarcanjo.net\/site\/rezando-a-nossa-senhora-aparecida\/\",\"name\":\"Rezando a Nossa Senhora Aparecida - O Arcanjo no ar\",\"isPartOf\":{\"@id\":\"https:\/\/www.oarcanjo.net\/site\/#website\"},\"datePublished\":\"2009-10-11T10:22:14+00:00\",\"dateModified\":\"2009-10-11T10:22:14+00:00\",\"breadcrumb\":{\"@id\":\"https:\/\/www.oarcanjo.net\/site\/rezando-a-nossa-senhora-aparecida\/#breadcrumb\"},\"inLanguage\":\"pt-BR\",\"potentialAction\":[{\"@type\":\"ReadAction\",\"target\":[\"https:\/\/www.oarcanjo.net\/site\/rezando-a-nossa-senhora-aparecida\/\"]}]},{\"@type\":\"BreadcrumbList\",\"@id\":\"https:\/\/www.oarcanjo.net\/site\/rezando-a-nossa-senhora-aparecida\/#breadcrumb\",\"itemListElement\":[{\"@type\":\"ListItem\",\"position\":1,\"name\":\"In\u00edcio\",\"item\":\"https:\/\/www.oarcanjo.net\/site\/\"},{\"@type\":\"ListItem\",\"position\":2,\"name\":\"Rezando a Nossa Senhora Aparecida\"}]},{\"@type\":\"WebSite\",\"@id\":\"https:\/\/www.oarcanjo.net\/site\/#website\",\"url\":\"https:\/\/www.oarcanjo.net\/site\/\",\"name\":\"O Arcanjo no ar\",\"description\":\"Site da Par\u00f3quia S\u00e3o Miguel Arcanjo (Arquidiocese de SP)\",\"publisher\":{\"@id\":\"https:\/\/www.oarcanjo.net\/site\/#organization\"},\"potentialAction\":[{\"@type\":\"SearchAction\",\"target\":{\"@type\":\"EntryPoint\",\"urlTemplate\":\"https:\/\/www.oarcanjo.net\/site\/?s={search_term_string}\"},\"query-input\":{\"@type\":\"PropertyValueSpecification\",\"valueRequired\":true,\"valueName\":\"search_term_string\"}}],\"inLanguage\":\"pt-BR\"},{\"@type\":\"Organization\",\"@id\":\"https:\/\/www.oarcanjo.net\/site\/#organization\",\"name\":\"Par\u00f3quia S\u00e3o Miguel Arcanjo\",\"url\":\"https:\/\/www.oarcanjo.net\/site\/\",\"logo\":{\"@type\":\"ImageObject\",\"inLanguage\":\"pt-BR\",\"@id\":\"https:\/\/www.oarcanjo.net\/site\/#\/schema\/logo\/image\/\",\"url\":\"https:\/\/www.oarcanjo.net\/site\/wp-content\/uploads\/LogoOArcanjo.png\",\"contentUrl\":\"https:\/\/www.oarcanjo.net\/site\/wp-content\/uploads\/LogoOArcanjo.png\",\"width\":319,\"height\":99,\"caption\":\"Par\u00f3quia S\u00e3o Miguel Arcanjo\"},\"image\":{\"@id\":\"https:\/\/www.oarcanjo.net\/site\/#\/schema\/logo\/image\/\"},\"sameAs\":[\"https:\/\/www.facebook.com\/OArcanjoNoAr\/\"]},{\"@type\":\"Person\",\"@id\":\"https:\/\/www.oarcanjo.net\/site\/#\/schema\/person\/f7024d007863202483a31326673a0838\",\"name\":\"editor\",\"sameAs\":[\"http:\/\/www.oarcanjo.net\"]}]}<\/script>\n<!-- \/ Yoast SEO plugin. -->","yoast_head_json":{"title":"Rezando a Nossa Senhora Aparecida - O Arcanjo no ar","robots":{"index":"index","follow":"follow","max-snippet":"max-snippet:-1","max-image-preview":"max-image-preview:large","max-video-preview":"max-video-preview:-1"},"canonical":"https:\/\/www.oarcanjo.net\/site\/rezando-a-nossa-senhora-aparecida\/","og_locale":"pt_BR","og_type":"article","og_title":"Rezando a Nossa Senhora Aparecida - O Arcanjo no ar","og_description":"Gilda Carvalho Para nossa reflex\u00e3o no dia da Padroeira do Brasil. Ora\u00e7\u00e3o a Nossa Senhora Aparecida \u00d3 Virgem Maria, aben\u00e7oada sois v\u00f3s pelo Senhor Deus Alt\u00edssimo entre todas as mulheres da Terra. V\u00f3s sois a alegria de Israel, v\u00f3s sois a honra de nosso povo. Salve, \u00f3 Virgem, honra de nossa terra, a quem rendemos [&hellip;]","og_url":"https:\/\/www.oarcanjo.net\/site\/rezando-a-nossa-senhora-aparecida\/","og_site_name":"O Arcanjo no ar","article_publisher":"https:\/\/www.facebook.com\/OArcanjoNoAr\/","article_published_time":"2009-10-11T10:22:14+00:00","og_image":[{"width":300,"height":300,"url":"https:\/\/www.oarcanjo.net\/site\/wp-content\/uploads\/logo-o-arcanjo-no-ar-facebook.png","type":"image\/png"}],"author":"editor","twitter_card":"summary_large_image","twitter_misc":{"Escrito por":"editor","Est. tempo de leitura":"2 minutos"},"schema":{"@context":"https:\/\/schema.org","@graph":[{"@type":"Article","@id":"https:\/\/www.oarcanjo.net\/site\/rezando-a-nossa-senhora-aparecida\/#article","isPartOf":{"@id":"https:\/\/www.oarcanjo.net\/site\/rezando-a-nossa-senhora-aparecida\/"},"author":{"name":"editor","@id":"https:\/\/www.oarcanjo.net\/site\/#\/schema\/person\/f7024d007863202483a31326673a0838"},"headline":"Rezando a Nossa Senhora Aparecida","datePublished":"2009-10-11T10:22:14+00:00","dateModified":"2009-10-11T10:22:14+00:00","mainEntityOfPage":{"@id":"https:\/\/www.oarcanjo.net\/site\/rezando-a-nossa-senhora-aparecida\/"},"wordCount":333,"commentCount":7,"publisher":{"@id":"https:\/\/www.oarcanjo.net\/site\/#organization"},"keywords":["Nossa Senhora Aparecida","Ora\u00e7\u00f5es","Padroeira"],"articleSection":["Ora\u00e7\u00f5es"],"inLanguage":"pt-BR","potentialAction":[{"@type":"CommentAction","name":"Comment","target":["https:\/\/www.oarcanjo.net\/site\/rezando-a-nossa-senhora-aparecida\/#respond"]}]},{"@type":"WebPage","@id":"https:\/\/www.oarcanjo.net\/site\/rezando-a-nossa-senhora-aparecida\/","url":"https:\/\/www.oarcanjo.net\/site\/rezando-a-nossa-senhora-aparecida\/","name":"Rezando a Nossa Senhora Aparecida - O Arcanjo no ar","isPartOf":{"@id":"https:\/\/www.oarcanjo.net\/site\/#website"},"datePublished":"2009-10-11T10:22:14+00:00","dateModified":"2009-10-11T10:22:14+00:00","breadcrumb":{"@id":"https:\/\/www.oarcanjo.net\/site\/rezando-a-nossa-senhora-aparecida\/#breadcrumb"},"inLanguage":"pt-BR","potentialAction":[{"@type":"ReadAction","target":["https:\/\/www.oarcanjo.net\/site\/rezando-a-nossa-senhora-aparecida\/"]}]},{"@type":"BreadcrumbList","@id":"https:\/\/www.oarcanjo.net\/site\/rezando-a-nossa-senhora-aparecida\/#breadcrumb","itemListElement":[{"@type":"ListItem","position":1,"name":"In\u00edcio","item":"https:\/\/www.oarcanjo.net\/site\/"},{"@type":"ListItem","position":2,"name":"Rezando a Nossa Senhora Aparecida"}]},{"@type":"WebSite","@id":"https:\/\/www.oarcanjo.net\/site\/#website","url":"https:\/\/www.oarcanjo.net\/site\/","name":"O Arcanjo no ar","description":"Site da Par\u00f3quia S\u00e3o Miguel Arcanjo (Arquidiocese de SP)","publisher":{"@id":"https:\/\/www.oarcanjo.net\/site\/#organization"},"potentialAction":[{"@type":"SearchAction","target":{"@type":"EntryPoint","urlTemplate":"https:\/\/www.oarcanjo.net\/site\/?s={search_term_string}"},"query-input":{"@type":"PropertyValueSpecification","valueRequired":true,"valueName":"search_term_string"}}],"inLanguage":"pt-BR"},{"@type":"Organization","@id":"https:\/\/www.oarcanjo.net\/site\/#organization","name":"Par\u00f3quia S\u00e3o Miguel Arcanjo","url":"https:\/\/www.oarcanjo.net\/site\/","logo":{"@type":"ImageObject","inLanguage":"pt-BR","@id":"https:\/\/www.oarcanjo.net\/site\/#\/schema\/logo\/image\/","url":"https:\/\/www.oarcanjo.net\/site\/wp-content\/uploads\/LogoOArcanjo.png","contentUrl":"https:\/\/www.oarcanjo.net\/site\/wp-content\/uploads\/LogoOArcanjo.png","width":319,"height":99,"caption":"Par\u00f3quia S\u00e3o Miguel Arcanjo"},"image":{"@id":"https:\/\/www.oarcanjo.net\/site\/#\/schema\/logo\/image\/"},"sameAs":["https:\/\/www.facebook.com\/OArcanjoNoAr\/"]},{"@type":"Person","@id":"https:\/\/www.oarcanjo.net\/site\/#\/schema\/person\/f7024d007863202483a31326673a0838","name":"editor","sameAs":["http:\/\/www.oarcanjo.net"]}]}},"publishpress_future_action":{"enabled":false,"date":"2026-05-07 18:47:38","action":"category","newStatus":"draft","terms":[],"taxonomy":"category"},"publishpress_future_workflow_manual_trigger":{"enabledWorkflows":[]},"_links":{"self":[{"href":"https:\/\/www.oarcanjo.net\/site\/wp-json\/wp\/v2\/posts\/5624"}],"collection":[{"href":"https:\/\/www.oarcanjo.net\/site\/wp-json\/wp\/v2\/posts"}],"about":[{"href":"https:\/\/www.oarcanjo.net\/site\/wp-json\/wp\/v2\/types\/post"}],"author":[{"embeddable":true,"href":"https:\/\/www.oarcanjo.net\/site\/wp-json\/wp\/v2\/users\/5"}],"replies":[{"embeddable":true,"href":"https:\/\/www.oarcanjo.net\/site\/wp-json\/wp\/v2\/comments?post=5624"}],"version-history":[{"count":0,"href":"https:\/\/www.oarcanjo.net\/site\/wp-json\/wp\/v2\/posts\/5624\/revisions"}],"wp:attachment":[{"href":"https:\/\/www.oarcanjo.net\/site\/wp-json\/wp\/v2\/media?parent=5624"}],"wp:term":[{"taxonomy":"category","embeddable":true,"href":"https:\/\/www.oarcanjo.net\/site\/wp-json\/wp\/v2\/categories?post=5624"},{"taxonomy":"post_tag","embeddable":true,"href":"https:\/\/www.oarcanjo.net\/site\/wp-json\/wp\/v2\/tags?post=5624"}],"curies":[{"name":"wp","href":"https:\/\/api.w.org\/{rel}","templated":true}]}}