
{"id":5628,"date":"2009-10-12T08:26:07","date_gmt":"2009-10-12T11:26:07","guid":{"rendered":"http:\/\/www.oarcanjo.net\/site\/?p=5628"},"modified":"2009-10-12T08:31:31","modified_gmt":"2009-10-12T11:31:31","slug":"grito-dos-excluidosas-continental-chega-a-11-edicao","status":"publish","type":"post","link":"https:\/\/www.oarcanjo.net\/site\/grito-dos-excluidosas-continental-chega-a-11-edicao\/","title":{"rendered":"Grito dos Exclu\u00eddos\/as Continental chega \u00e0 11\u00aa edi\u00e7\u00e3o"},"content":{"rendered":"<p>Robson Braga<br \/>\nAg\u00eancia Adital<\/p>\n<p><img decoding=\"async\" src=\"http:\/\/www.adital.com.br\/arquivos\/grito%20excluidos.jpg\" alt=\"Grito\" \/><\/p>\n<p>Os haitianos exigem a sa\u00edda das tropas militares estrangeiras de seu pa\u00eds. No Paraguai, as ocupa\u00e7\u00f5es urbanas exigem respeito a um direito b\u00e1sico. No Panam\u00e1, o direito \u00e0s \u00e1guas \u00e9 uma das demandas b\u00e1sicas dos movimentos sociais. Quando juntos, os v\u00e1rios povos conseguem articular lutas amplas, para al\u00e9m das fronteiras nacionais. Essa \u00e9 a proposta do Grito dos Exclu\u00eddos\/as Continental, que alcan\u00e7a cerca de 22 pa\u00edses de diversas regi\u00f5es nesta segunda (12).<\/p>\n<p>Com o lema &#8220;Por Trabalho, Justi\u00e7a e Vida&#8221;, a 11\u00aa edi\u00e7\u00e3o do ato traz consigo avan\u00e7os importantes para os movimentos sociais das Am\u00e9ricas. Os grupos populares est\u00e3o cada vez mais articulados e as manifesta\u00e7\u00f5es se ampliaram, das capitais para as demais cidades dos pa\u00edses. A an\u00e1lise \u00e9 do coordenador da atividade, o te\u00f3logo brasileiro Luiz Bassegio.<\/p>\n<p>&#8220;A exemplo do Brasil&#8221;, pa\u00eds onde o ato foi criado, &#8220;as pessoas v\u00e3o perdendo o medo de se expressar. Elas se tornam mais criativas e adquirem mais ousadia de mostrar sua voz, seu descontentamento&#8221;, avaliou Bassegio.<\/p>\n<p>Para o te\u00f3logo, o Grito tem propiciado a organiza\u00e7\u00e3o dos movimentos sociais do continente e dado visibilidade \u00e0s suas demandas. Ele reconhece, no entanto, que parte dos governos da regi\u00e3o &#8220;est\u00e1 na contram\u00e3o&#8221;, ao criminalizar os grupos populares e tentar impedir a integra\u00e7\u00e3o dos povos.<\/p>\n<p>&#8220;A gente percebe uma mercantiliza\u00e7\u00e3o da vida, uma crise de paradigma capitalista e um crescimento das agress\u00f5es \u00e0 m\u00e3e terra&#8221;, citou Bassegio. O articulador pol\u00edtico ponderou, no entanto, que, em alguns pa\u00edses, os governos est\u00e3o mais sens\u00edveis \u00e0s reivindica\u00e7\u00f5es sociais, como na Bol\u00edvia e na Venezuela.<\/p>\n<p>Ele ressaltou o caso cubano. &#8220;Os jovens do pa\u00eds assumiram o Grito, junto com outros estudantes estrangeiros que moram na ilha. As pessoas esperavam que a sa\u00edda do [ex-presidente] Fidel [Castro] ia arrefecer as mobiliza\u00e7\u00f5es&#8221;. Os cubanos lutam contra a militariza\u00e7\u00e3o da Am\u00e9rica Latina, intensificada com a instala\u00e7\u00e3o de sete bases militares estadunidenses na Col\u00f4mbia, prevista ainda para este ano.<\/p>\n<p>A quest\u00e3o ambiental ganhou ainda mais for\u00e7a no ato deste ano. O tema &#8220;est\u00e1 crescendo muito, porque n\u00e3o \u00e9 s\u00f3 mais um assunto da esquerda. A direita percebeu que tem culpa e que \u00e9 algo que precisa ser freado. As gera\u00e7\u00f5es futuras est\u00e3o em jogo&#8221;, refor\u00e7ou Bassegio.<\/p>\n<p>No Panam\u00e1, as mobiliza\u00e7\u00f5es ocorrem nas cidades de David, Chiriqu\u00ed e na prov\u00edncia de Bocas del Toro. Uma caminhada ind\u00edgena chega \u00e0 Cidade do Panam\u00e1, onde se realizar\u00e1 a Tribuna Aberta Ind\u00edgena.<\/p>\n<p>No Paraguai, os grupos populares v\u00e3o \u00e0s ruas contra o d\u00e9ficit habitacional, que chega a 800 mil casas. O governo s\u00f3 prev\u00ea a constru\u00e7\u00e3o de 1.600 habita\u00e7\u00f5es populares.<\/p>\n<p>Um dia antes do Grito, os movimentos da Costa Rica j\u00e1 se instalar\u00e3o, em um ato intercultural, em frente \u00e0 embaixada de Honduras ou dos Estados Unidos, em protesto contra o golpe de Estado que dep\u00f4s o presidente hondurenho Manuel Zelaya, em 28 de junho. No dia seguinte, em El Salvador, um ato solid\u00e1rio tomar\u00e1 a Ponte da Integra\u00e7\u00e3o.<\/p>\n<p>A proposta do Grito dos Exclu\u00eddos\/as Continental surgiu no Brasil como campanha nacional. Em 1996, a Confer\u00eancia Nacional dos Bispos dos Brasil (CNBB) abordou a exclus\u00e3o s\u00f3cio-econ\u00f4mica em sua Campanha da Fraternidade.<\/p>\n<p>A Secretaria Continental do Grito dos Exclu\u00eddos \u00e9 composta por quatro secretarias regionais: Caribe (sediada na rep\u00fablica Dominicana), Meso-Am\u00e9rica (na Costa Rica), Cone Sul (Argentina) e Pa\u00edses Andinos (Bol\u00edvia). A secretaria continental se situa no estado brasileiro de S\u00e3o Paulo.<\/p>\n<div id=\"themify_builder_content-5628\" data-postid=\"5628\" class=\"themify_builder_content themify_builder_content-5628 themify_builder themify_builder_front\">\n\t<\/div>\n<!-- \/themify_builder_content -->","protected":false},"excerpt":{"rendered":"<p>Robson Braga Ag\u00eancia Adital Os haitianos exigem a sa\u00edda das tropas militares estrangeiras de seu pa\u00eds. No Paraguai, as ocupa\u00e7\u00f5es urbanas exigem respeito a um direito b\u00e1sico. No Panam\u00e1, o direito \u00e0s \u00e1guas \u00e9 uma das demandas b\u00e1sicas dos movimentos sociais. Quando juntos, os v\u00e1rios povos conseguem articular lutas amplas, para al\u00e9m das fronteiras nacionais. [&hellip;]<\/p>\n","protected":false},"author":5,"featured_media":0,"comment_status":"open","ping_status":"open","sticky":false,"template":"","format":"standard","meta":{"ngg_post_thumbnail":0,"footnotes":""},"categories":[8],"tags":[388,63,44,1161,468,1160,1159],"yoast_head":"<!-- This site is optimized with the Yoast SEO plugin v23.5 - https:\/\/yoast.com\/wordpress\/plugins\/seo\/ -->\n<title>Grito dos Exclu\u00eddos\/as Continental chega \u00e0 11\u00aa edi\u00e7\u00e3o - O Arcanjo no ar<\/title>\n<meta name=\"robots\" content=\"index, follow, max-snippet:-1, max-image-preview:large, max-video-preview:-1\" \/>\n<link rel=\"canonical\" href=\"https:\/\/www.oarcanjo.net\/site\/grito-dos-excluidosas-continental-chega-a-11-edicao\/\" \/>\n<meta property=\"og:locale\" content=\"pt_BR\" \/>\n<meta property=\"og:type\" content=\"article\" \/>\n<meta property=\"og:title\" content=\"Grito dos Exclu\u00eddos\/as Continental chega \u00e0 11\u00aa edi\u00e7\u00e3o - O Arcanjo no ar\" \/>\n<meta property=\"og:description\" content=\"Robson Braga Ag\u00eancia Adital Os haitianos exigem a sa\u00edda das tropas militares estrangeiras de seu pa\u00eds. No Paraguai, as ocupa\u00e7\u00f5es urbanas exigem respeito a um direito b\u00e1sico. No Panam\u00e1, o direito \u00e0s \u00e1guas \u00e9 uma das demandas b\u00e1sicas dos movimentos sociais. Quando juntos, os v\u00e1rios povos conseguem articular lutas amplas, para al\u00e9m das fronteiras nacionais. [&hellip;]\" \/>\n<meta property=\"og:url\" content=\"https:\/\/www.oarcanjo.net\/site\/grito-dos-excluidosas-continental-chega-a-11-edicao\/\" \/>\n<meta property=\"og:site_name\" content=\"O Arcanjo no ar\" \/>\n<meta property=\"article:publisher\" content=\"https:\/\/www.facebook.com\/OArcanjoNoAr\/\" \/>\n<meta property=\"article:published_time\" content=\"2009-10-12T11:26:07+00:00\" \/>\n<meta property=\"article:modified_time\" content=\"2009-10-12T11:31:31+00:00\" \/>\n<meta property=\"og:image\" content=\"http:\/\/www.adital.com.br\/arquivos\/grito%20excluidos.jpg\" \/>\n<meta name=\"author\" content=\"editor\" \/>\n<meta name=\"twitter:card\" content=\"summary_large_image\" \/>\n<meta name=\"twitter:label1\" content=\"Escrito por\" \/>\n\t<meta name=\"twitter:data1\" content=\"editor\" \/>\n\t<meta name=\"twitter:label2\" content=\"Est. tempo de leitura\" \/>\n\t<meta name=\"twitter:data2\" content=\"3 minutos\" \/>\n<script type=\"application\/ld+json\" class=\"yoast-schema-graph\">{\"@context\":\"https:\/\/schema.org\",\"@graph\":[{\"@type\":\"Article\",\"@id\":\"https:\/\/www.oarcanjo.net\/site\/grito-dos-excluidosas-continental-chega-a-11-edicao\/#article\",\"isPartOf\":{\"@id\":\"https:\/\/www.oarcanjo.net\/site\/grito-dos-excluidosas-continental-chega-a-11-edicao\/\"},\"author\":{\"name\":\"editor\",\"@id\":\"https:\/\/www.oarcanjo.net\/site\/#\/schema\/person\/f7024d007863202483a31326673a0838\"},\"headline\":\"Grito dos Exclu\u00eddos\/as Continental chega \u00e0 11\u00aa edi\u00e7\u00e3o\",\"datePublished\":\"2009-10-12T11:26:07+00:00\",\"dateModified\":\"2009-10-12T11:31:31+00:00\",\"mainEntityOfPage\":{\"@id\":\"https:\/\/www.oarcanjo.net\/site\/grito-dos-excluidosas-continental-chega-a-11-edicao\/\"},\"wordCount\":625,\"commentCount\":0,\"publisher\":{\"@id\":\"https:\/\/www.oarcanjo.net\/site\/#organization\"},\"image\":{\"@id\":\"https:\/\/www.oarcanjo.net\/site\/grito-dos-excluidosas-continental-chega-a-11-edicao\/#primaryimage\"},\"thumbnailUrl\":\"http:\/\/www.adital.com.br\/arquivos\/grito%20excluidos.jpg\",\"keywords\":[\"Am\u00e9rica Latina\",\"CNBB\",\"grito dos exclu\u00eddos\",\"Luiz Bassegio\",\"meio ambiente\",\"mobiliza\u00e7\u00e3o social\",\"Por Trabalho Justi\u00e7a e Vida\"],\"articleSection\":[\"Not\u00edcias\"],\"inLanguage\":\"pt-BR\",\"potentialAction\":[{\"@type\":\"CommentAction\",\"name\":\"Comment\",\"target\":[\"https:\/\/www.oarcanjo.net\/site\/grito-dos-excluidosas-continental-chega-a-11-edicao\/#respond\"]}]},{\"@type\":\"WebPage\",\"@id\":\"https:\/\/www.oarcanjo.net\/site\/grito-dos-excluidosas-continental-chega-a-11-edicao\/\",\"url\":\"https:\/\/www.oarcanjo.net\/site\/grito-dos-excluidosas-continental-chega-a-11-edicao\/\",\"name\":\"Grito dos Exclu\u00eddos\/as Continental chega \u00e0 11\u00aa edi\u00e7\u00e3o - O Arcanjo no ar\",\"isPartOf\":{\"@id\":\"https:\/\/www.oarcanjo.net\/site\/#website\"},\"primaryImageOfPage\":{\"@id\":\"https:\/\/www.oarcanjo.net\/site\/grito-dos-excluidosas-continental-chega-a-11-edicao\/#primaryimage\"},\"image\":{\"@id\":\"https:\/\/www.oarcanjo.net\/site\/grito-dos-excluidosas-continental-chega-a-11-edicao\/#primaryimage\"},\"thumbnailUrl\":\"http:\/\/www.adital.com.br\/arquivos\/grito%20excluidos.jpg\",\"datePublished\":\"2009-10-12T11:26:07+00:00\",\"dateModified\":\"2009-10-12T11:31:31+00:00\",\"breadcrumb\":{\"@id\":\"https:\/\/www.oarcanjo.net\/site\/grito-dos-excluidosas-continental-chega-a-11-edicao\/#breadcrumb\"},\"inLanguage\":\"pt-BR\",\"potentialAction\":[{\"@type\":\"ReadAction\",\"target\":[\"https:\/\/www.oarcanjo.net\/site\/grito-dos-excluidosas-continental-chega-a-11-edicao\/\"]}]},{\"@type\":\"ImageObject\",\"inLanguage\":\"pt-BR\",\"@id\":\"https:\/\/www.oarcanjo.net\/site\/grito-dos-excluidosas-continental-chega-a-11-edicao\/#primaryimage\",\"url\":\"http:\/\/www.adital.com.br\/arquivos\/grito%20excluidos.jpg\",\"contentUrl\":\"http:\/\/www.adital.com.br\/arquivos\/grito%20excluidos.jpg\"},{\"@type\":\"BreadcrumbList\",\"@id\":\"https:\/\/www.oarcanjo.net\/site\/grito-dos-excluidosas-continental-chega-a-11-edicao\/#breadcrumb\",\"itemListElement\":[{\"@type\":\"ListItem\",\"position\":1,\"name\":\"In\u00edcio\",\"item\":\"https:\/\/www.oarcanjo.net\/site\/\"},{\"@type\":\"ListItem\",\"position\":2,\"name\":\"Grito dos Exclu\u00eddos\/as Continental chega \u00e0 11\u00aa edi\u00e7\u00e3o\"}]},{\"@type\":\"WebSite\",\"@id\":\"https:\/\/www.oarcanjo.net\/site\/#website\",\"url\":\"https:\/\/www.oarcanjo.net\/site\/\",\"name\":\"O Arcanjo no ar\",\"description\":\"Site da Par\u00f3quia S\u00e3o Miguel Arcanjo (Arquidiocese de SP)\",\"publisher\":{\"@id\":\"https:\/\/www.oarcanjo.net\/site\/#organization\"},\"potentialAction\":[{\"@type\":\"SearchAction\",\"target\":{\"@type\":\"EntryPoint\",\"urlTemplate\":\"https:\/\/www.oarcanjo.net\/site\/?s={search_term_string}\"},\"query-input\":{\"@type\":\"PropertyValueSpecification\",\"valueRequired\":true,\"valueName\":\"search_term_string\"}}],\"inLanguage\":\"pt-BR\"},{\"@type\":\"Organization\",\"@id\":\"https:\/\/www.oarcanjo.net\/site\/#organization\",\"name\":\"Par\u00f3quia S\u00e3o Miguel Arcanjo\",\"url\":\"https:\/\/www.oarcanjo.net\/site\/\",\"logo\":{\"@type\":\"ImageObject\",\"inLanguage\":\"pt-BR\",\"@id\":\"https:\/\/www.oarcanjo.net\/site\/#\/schema\/logo\/image\/\",\"url\":\"https:\/\/www.oarcanjo.net\/site\/wp-content\/uploads\/LogoOArcanjo.png\",\"contentUrl\":\"https:\/\/www.oarcanjo.net\/site\/wp-content\/uploads\/LogoOArcanjo.png\",\"width\":319,\"height\":99,\"caption\":\"Par\u00f3quia S\u00e3o Miguel Arcanjo\"},\"image\":{\"@id\":\"https:\/\/www.oarcanjo.net\/site\/#\/schema\/logo\/image\/\"},\"sameAs\":[\"https:\/\/www.facebook.com\/OArcanjoNoAr\/\"]},{\"@type\":\"Person\",\"@id\":\"https:\/\/www.oarcanjo.net\/site\/#\/schema\/person\/f7024d007863202483a31326673a0838\",\"name\":\"editor\",\"sameAs\":[\"http:\/\/www.oarcanjo.net\"]}]}<\/script>\n<!-- \/ Yoast SEO plugin. -->","yoast_head_json":{"title":"Grito dos Exclu\u00eddos\/as Continental chega \u00e0 11\u00aa edi\u00e7\u00e3o - O Arcanjo no ar","robots":{"index":"index","follow":"follow","max-snippet":"max-snippet:-1","max-image-preview":"max-image-preview:large","max-video-preview":"max-video-preview:-1"},"canonical":"https:\/\/www.oarcanjo.net\/site\/grito-dos-excluidosas-continental-chega-a-11-edicao\/","og_locale":"pt_BR","og_type":"article","og_title":"Grito dos Exclu\u00eddos\/as Continental chega \u00e0 11\u00aa edi\u00e7\u00e3o - O Arcanjo no ar","og_description":"Robson Braga Ag\u00eancia Adital Os haitianos exigem a sa\u00edda das tropas militares estrangeiras de seu pa\u00eds. No Paraguai, as ocupa\u00e7\u00f5es urbanas exigem respeito a um direito b\u00e1sico. No Panam\u00e1, o direito \u00e0s \u00e1guas \u00e9 uma das demandas b\u00e1sicas dos movimentos sociais. Quando juntos, os v\u00e1rios povos conseguem articular lutas amplas, para al\u00e9m das fronteiras nacionais. [&hellip;]","og_url":"https:\/\/www.oarcanjo.net\/site\/grito-dos-excluidosas-continental-chega-a-11-edicao\/","og_site_name":"O Arcanjo no ar","article_publisher":"https:\/\/www.facebook.com\/OArcanjoNoAr\/","article_published_time":"2009-10-12T11:26:07+00:00","article_modified_time":"2009-10-12T11:31:31+00:00","og_image":[{"url":"http:\/\/www.adital.com.br\/arquivos\/grito%20excluidos.jpg"}],"author":"editor","twitter_card":"summary_large_image","twitter_misc":{"Escrito por":"editor","Est. tempo de leitura":"3 minutos"},"schema":{"@context":"https:\/\/schema.org","@graph":[{"@type":"Article","@id":"https:\/\/www.oarcanjo.net\/site\/grito-dos-excluidosas-continental-chega-a-11-edicao\/#article","isPartOf":{"@id":"https:\/\/www.oarcanjo.net\/site\/grito-dos-excluidosas-continental-chega-a-11-edicao\/"},"author":{"name":"editor","@id":"https:\/\/www.oarcanjo.net\/site\/#\/schema\/person\/f7024d007863202483a31326673a0838"},"headline":"Grito dos Exclu\u00eddos\/as Continental chega \u00e0 11\u00aa edi\u00e7\u00e3o","datePublished":"2009-10-12T11:26:07+00:00","dateModified":"2009-10-12T11:31:31+00:00","mainEntityOfPage":{"@id":"https:\/\/www.oarcanjo.net\/site\/grito-dos-excluidosas-continental-chega-a-11-edicao\/"},"wordCount":625,"commentCount":0,"publisher":{"@id":"https:\/\/www.oarcanjo.net\/site\/#organization"},"image":{"@id":"https:\/\/www.oarcanjo.net\/site\/grito-dos-excluidosas-continental-chega-a-11-edicao\/#primaryimage"},"thumbnailUrl":"http:\/\/www.adital.com.br\/arquivos\/grito%20excluidos.jpg","keywords":["Am\u00e9rica Latina","CNBB","grito dos exclu\u00eddos","Luiz Bassegio","meio ambiente","mobiliza\u00e7\u00e3o social","Por Trabalho Justi\u00e7a e Vida"],"articleSection":["Not\u00edcias"],"inLanguage":"pt-BR","potentialAction":[{"@type":"CommentAction","name":"Comment","target":["https:\/\/www.oarcanjo.net\/site\/grito-dos-excluidosas-continental-chega-a-11-edicao\/#respond"]}]},{"@type":"WebPage","@id":"https:\/\/www.oarcanjo.net\/site\/grito-dos-excluidosas-continental-chega-a-11-edicao\/","url":"https:\/\/www.oarcanjo.net\/site\/grito-dos-excluidosas-continental-chega-a-11-edicao\/","name":"Grito dos Exclu\u00eddos\/as Continental chega \u00e0 11\u00aa edi\u00e7\u00e3o - O Arcanjo no ar","isPartOf":{"@id":"https:\/\/www.oarcanjo.net\/site\/#website"},"primaryImageOfPage":{"@id":"https:\/\/www.oarcanjo.net\/site\/grito-dos-excluidosas-continental-chega-a-11-edicao\/#primaryimage"},"image":{"@id":"https:\/\/www.oarcanjo.net\/site\/grito-dos-excluidosas-continental-chega-a-11-edicao\/#primaryimage"},"thumbnailUrl":"http:\/\/www.adital.com.br\/arquivos\/grito%20excluidos.jpg","datePublished":"2009-10-12T11:26:07+00:00","dateModified":"2009-10-12T11:31:31+00:00","breadcrumb":{"@id":"https:\/\/www.oarcanjo.net\/site\/grito-dos-excluidosas-continental-chega-a-11-edicao\/#breadcrumb"},"inLanguage":"pt-BR","potentialAction":[{"@type":"ReadAction","target":["https:\/\/www.oarcanjo.net\/site\/grito-dos-excluidosas-continental-chega-a-11-edicao\/"]}]},{"@type":"ImageObject","inLanguage":"pt-BR","@id":"https:\/\/www.oarcanjo.net\/site\/grito-dos-excluidosas-continental-chega-a-11-edicao\/#primaryimage","url":"http:\/\/www.adital.com.br\/arquivos\/grito%20excluidos.jpg","contentUrl":"http:\/\/www.adital.com.br\/arquivos\/grito%20excluidos.jpg"},{"@type":"BreadcrumbList","@id":"https:\/\/www.oarcanjo.net\/site\/grito-dos-excluidosas-continental-chega-a-11-edicao\/#breadcrumb","itemListElement":[{"@type":"ListItem","position":1,"name":"In\u00edcio","item":"https:\/\/www.oarcanjo.net\/site\/"},{"@type":"ListItem","position":2,"name":"Grito dos Exclu\u00eddos\/as Continental chega \u00e0 11\u00aa edi\u00e7\u00e3o"}]},{"@type":"WebSite","@id":"https:\/\/www.oarcanjo.net\/site\/#website","url":"https:\/\/www.oarcanjo.net\/site\/","name":"O Arcanjo no ar","description":"Site da Par\u00f3quia S\u00e3o Miguel Arcanjo (Arquidiocese de SP)","publisher":{"@id":"https:\/\/www.oarcanjo.net\/site\/#organization"},"potentialAction":[{"@type":"SearchAction","target":{"@type":"EntryPoint","urlTemplate":"https:\/\/www.oarcanjo.net\/site\/?s={search_term_string}"},"query-input":{"@type":"PropertyValueSpecification","valueRequired":true,"valueName":"search_term_string"}}],"inLanguage":"pt-BR"},{"@type":"Organization","@id":"https:\/\/www.oarcanjo.net\/site\/#organization","name":"Par\u00f3quia S\u00e3o Miguel Arcanjo","url":"https:\/\/www.oarcanjo.net\/site\/","logo":{"@type":"ImageObject","inLanguage":"pt-BR","@id":"https:\/\/www.oarcanjo.net\/site\/#\/schema\/logo\/image\/","url":"https:\/\/www.oarcanjo.net\/site\/wp-content\/uploads\/LogoOArcanjo.png","contentUrl":"https:\/\/www.oarcanjo.net\/site\/wp-content\/uploads\/LogoOArcanjo.png","width":319,"height":99,"caption":"Par\u00f3quia S\u00e3o Miguel Arcanjo"},"image":{"@id":"https:\/\/www.oarcanjo.net\/site\/#\/schema\/logo\/image\/"},"sameAs":["https:\/\/www.facebook.com\/OArcanjoNoAr\/"]},{"@type":"Person","@id":"https:\/\/www.oarcanjo.net\/site\/#\/schema\/person\/f7024d007863202483a31326673a0838","name":"editor","sameAs":["http:\/\/www.oarcanjo.net"]}]}},"publishpress_future_action":{"enabled":false,"date":"2026-05-09 08:42:45","action":"category","newStatus":"draft","terms":[],"taxonomy":"category"},"publishpress_future_workflow_manual_trigger":{"enabledWorkflows":[]},"_links":{"self":[{"href":"https:\/\/www.oarcanjo.net\/site\/wp-json\/wp\/v2\/posts\/5628"}],"collection":[{"href":"https:\/\/www.oarcanjo.net\/site\/wp-json\/wp\/v2\/posts"}],"about":[{"href":"https:\/\/www.oarcanjo.net\/site\/wp-json\/wp\/v2\/types\/post"}],"author":[{"embeddable":true,"href":"https:\/\/www.oarcanjo.net\/site\/wp-json\/wp\/v2\/users\/5"}],"replies":[{"embeddable":true,"href":"https:\/\/www.oarcanjo.net\/site\/wp-json\/wp\/v2\/comments?post=5628"}],"version-history":[{"count":0,"href":"https:\/\/www.oarcanjo.net\/site\/wp-json\/wp\/v2\/posts\/5628\/revisions"}],"wp:attachment":[{"href":"https:\/\/www.oarcanjo.net\/site\/wp-json\/wp\/v2\/media?parent=5628"}],"wp:term":[{"taxonomy":"category","embeddable":true,"href":"https:\/\/www.oarcanjo.net\/site\/wp-json\/wp\/v2\/categories?post=5628"},{"taxonomy":"post_tag","embeddable":true,"href":"https:\/\/www.oarcanjo.net\/site\/wp-json\/wp\/v2\/tags?post=5628"}],"curies":[{"name":"wp","href":"https:\/\/api.w.org\/{rel}","templated":true}]}}