
{"id":5635,"date":"2009-10-12T08:35:55","date_gmt":"2009-10-12T11:35:55","guid":{"rendered":"http:\/\/www.oarcanjo.net\/site\/?p=5635"},"modified":"2009-10-12T08:35:55","modified_gmt":"2009-10-12T11:35:55","slug":"o-deserto-de-d-helder","status":"publish","type":"post","link":"https:\/\/www.oarcanjo.net\/site\/o-deserto-de-d-helder\/","title":{"rendered":"O deserto de D. Helder"},"content":{"rendered":"<p>Pe Geovane Saraiva<\/p>\n<p>A gl\u00f3ria humana e os reinos da terra est\u00e3o longe do projeto de Jesus. &#8220;Jesus foi conduzido pelo Esp\u00edrito ao deserto, para ser tentado pelo diabo. Jesus jejuou durante quarenta dias e quarenta noites, e, depois disso teve fome&#8221; (Mt 4,1-2). O filho de Deus, no deserto, \u00e9 vitorioso porque vence o mal e o ego\u00edsmo com todos os seus frutos.<\/p>\n<p>As tenta\u00e7\u00f5es de Jesus resumem toda a luta da pessoa humana contra os poderes do dem\u00f4nio. As tenta\u00e7\u00f5es do deserto s\u00e3o um resumo de toda vida do Enviado do Pai, com as riquezas de suas experi\u00eancias. Ele, andando de lugar em lugar, de aldeia em aldeia, fazendo o bem a todos, durante toda sua prega\u00e7\u00e3o e seu minist\u00e9rio.<\/p>\n<p>&#8220;Quarenta&#8221; \u00e9 um n\u00famero simb\u00f3lico, muito usado na caminhada do povo de Deus. Expressa um tempo santo, um tempo aben\u00e7oado (dias, noites e anos) em que Deus se revela e se manifesta, com sua presen\u00e7a e com gra\u00e7as especiais, na vida e no mundo dos seres humano. Jesus prossegue firme na sua caminha para o Pai; n\u00e3o se permite envolver.<\/p>\n<p>Olhando para o contexto do Evangelho, Jesus no deserto, gostaria de me voltar para Dom H\u00e9lder C\u00e2mara, nosso conterr\u00e2neo, o &#8220;maior brasileiro de todos os tempos&#8221;, o &#8220;irm\u00e3o dos pobres&#8221;, que soube entender e compreender o deserto da vida humana, como algo santo, sagrado. O irm\u00e3o querido que n\u00e3o viveu s\u00f3 para si, mas viveu para Deus e vivendo para Deus, soube visibilizar os sinais dos tempos.<\/p>\n<p>Dia 07 de fevereiro deste ano de 2009 foi um dia hist\u00f3rico, feliz e sagrado para todos n\u00f3s; foi o dia do seu centen\u00e1rio! H\u00e1 mais de 10 anos ele, no dia 27 de agosto de l999, ele partiu para o seio do Pai. Mas na verdade o nosso querido Dom H\u00e9lder n\u00e3o nos deixou. Ele est\u00e1 vivo e muito vivo; ele \u00e9 imortal. Ele \u00e9 nosso grande e maior patrim\u00f4nio; patrim\u00f4nio do povo brasileiro e toda humanidade, porque a humanidade o tem como cidad\u00e3o universal.<\/p>\n<p>Aprendi uma frase em latim que diz: &#8220;De mortuis nisi bonum&#8221;, isto \u00e9, &#8220;dos mortos s\u00f3 se fala o bem&#8221;. Como os homens de f\u00e9 do deserto, Dom Helder soube viver e assimilar os caminhos de Deus, pela ora\u00e7\u00e3o e pela profunda vida interior. Soube, com esperan\u00e7a, &#8220;Acreditar nas minorias capazes de compreender a a\u00e7\u00e3o, justi\u00e7a e paz e adot\u00e1-las como campo de estudo e de atua\u00e7\u00e3o&#8221;. De modo que s\u00f3 temos boas recorda\u00e7\u00f5es dessa figura humana que fez de sua vida um grande deserto; que fez de sua vida um hino de louvor a Deus.<\/p>\n<p>Chegou o momento feliz e oportuno de fazermos a mem\u00f3ria desse profeta, que soube falar de Deus com a alma, com as m\u00e3os e com o cora\u00e7\u00e3o. Homem apaixonado por Deus e por suas criaturas. &#8220;Quarenta&#8221; \u00e9 simb\u00f3lico. Dom H\u00e9lder \u00e9 um s\u00edmbolo para todos.<\/p>\n<p>Ele n\u00e3o \u00e9 a &#8220;Paz&#8221;, mas no seu centen\u00e1rio, ao falarmos nele e dele, falamos da paz verdadeira e duradoura; falamos de tempo santo e aben\u00e7oado, falamos da vida, dom precioso de Deus, falamos de um m\u00edstico, de um homem profundamente de Deus, e por isso mesmo, profundamente humano.<\/p>\n<div id=\"themify_builder_content-5635\" data-postid=\"5635\" class=\"themify_builder_content themify_builder_content-5635 themify_builder themify_builder_front\">\n\t<\/div>\n<!-- \/themify_builder_content -->","protected":false},"excerpt":{"rendered":"<p>Pe Geovane Saraiva A gl\u00f3ria humana e os reinos da terra est\u00e3o longe do projeto de Jesus. &#8220;Jesus foi conduzido pelo Esp\u00edrito ao deserto, para ser tentado pelo diabo. Jesus jejuou durante quarenta dias e quarenta noites, e, depois disso teve fome&#8221; (Mt 4,1-2). O filho de Deus, no deserto, \u00e9 vitorioso porque vence o [&hellip;]<\/p>\n","protected":false},"author":5,"featured_media":0,"comment_status":"open","ping_status":"open","sticky":false,"template":"","format":"standard","meta":{"ngg_post_thumbnail":0,"footnotes":""},"categories":[192],"tags":[187,473],"yoast_head":"<!-- This site is optimized with the Yoast SEO plugin v23.5 - https:\/\/yoast.com\/wordpress\/plugins\/seo\/ -->\n<title>O deserto de D. Helder - O Arcanjo no ar<\/title>\n<meta name=\"robots\" content=\"index, follow, max-snippet:-1, max-image-preview:large, max-video-preview:-1\" \/>\n<link rel=\"canonical\" href=\"https:\/\/www.oarcanjo.net\/site\/o-deserto-de-d-helder\/\" \/>\n<meta property=\"og:locale\" content=\"pt_BR\" \/>\n<meta property=\"og:type\" content=\"article\" \/>\n<meta property=\"og:title\" content=\"O deserto de D. Helder - O Arcanjo no ar\" \/>\n<meta property=\"og:description\" content=\"Pe Geovane Saraiva A gl\u00f3ria humana e os reinos da terra est\u00e3o longe do projeto de Jesus. &#8220;Jesus foi conduzido pelo Esp\u00edrito ao deserto, para ser tentado pelo diabo. Jesus jejuou durante quarenta dias e quarenta noites, e, depois disso teve fome&#8221; (Mt 4,1-2). O filho de Deus, no deserto, \u00e9 vitorioso porque vence o [&hellip;]\" \/>\n<meta property=\"og:url\" content=\"https:\/\/www.oarcanjo.net\/site\/o-deserto-de-d-helder\/\" \/>\n<meta property=\"og:site_name\" content=\"O Arcanjo no ar\" \/>\n<meta property=\"article:publisher\" content=\"https:\/\/www.facebook.com\/OArcanjoNoAr\/\" \/>\n<meta property=\"article:published_time\" content=\"2009-10-12T11:35:55+00:00\" \/>\n<meta property=\"og:image\" content=\"https:\/\/www.oarcanjo.net\/site\/wp-content\/uploads\/logo-o-arcanjo-no-ar-facebook.png\" \/>\n\t<meta property=\"og:image:width\" content=\"300\" \/>\n\t<meta property=\"og:image:height\" content=\"300\" \/>\n\t<meta property=\"og:image:type\" content=\"image\/png\" \/>\n<meta name=\"author\" content=\"editor\" \/>\n<meta name=\"twitter:card\" content=\"summary_large_image\" \/>\n<meta name=\"twitter:label1\" content=\"Escrito por\" \/>\n\t<meta name=\"twitter:data1\" content=\"editor\" \/>\n\t<meta name=\"twitter:label2\" content=\"Est. tempo de leitura\" \/>\n\t<meta name=\"twitter:data2\" content=\"3 minutos\" \/>\n<script type=\"application\/ld+json\" class=\"yoast-schema-graph\">{\"@context\":\"https:\/\/schema.org\",\"@graph\":[{\"@type\":\"Article\",\"@id\":\"https:\/\/www.oarcanjo.net\/site\/o-deserto-de-d-helder\/#article\",\"isPartOf\":{\"@id\":\"https:\/\/www.oarcanjo.net\/site\/o-deserto-de-d-helder\/\"},\"author\":{\"name\":\"editor\",\"@id\":\"https:\/\/www.oarcanjo.net\/site\/#\/schema\/person\/f7024d007863202483a31326673a0838\"},\"headline\":\"O deserto de D. Helder\",\"datePublished\":\"2009-10-12T11:35:55+00:00\",\"dateModified\":\"2009-10-12T11:35:55+00:00\",\"mainEntityOfPage\":{\"@id\":\"https:\/\/www.oarcanjo.net\/site\/o-deserto-de-d-helder\/\"},\"wordCount\":566,\"commentCount\":0,\"publisher\":{\"@id\":\"https:\/\/www.oarcanjo.net\/site\/#organization\"},\"keywords\":[\"profeta\",\"testemunho\"],\"articleSection\":[\"D. Helder C\u00e2mara\"],\"inLanguage\":\"pt-BR\",\"potentialAction\":[{\"@type\":\"CommentAction\",\"name\":\"Comment\",\"target\":[\"https:\/\/www.oarcanjo.net\/site\/o-deserto-de-d-helder\/#respond\"]}]},{\"@type\":\"WebPage\",\"@id\":\"https:\/\/www.oarcanjo.net\/site\/o-deserto-de-d-helder\/\",\"url\":\"https:\/\/www.oarcanjo.net\/site\/o-deserto-de-d-helder\/\",\"name\":\"O deserto de D. Helder - O Arcanjo no ar\",\"isPartOf\":{\"@id\":\"https:\/\/www.oarcanjo.net\/site\/#website\"},\"datePublished\":\"2009-10-12T11:35:55+00:00\",\"dateModified\":\"2009-10-12T11:35:55+00:00\",\"breadcrumb\":{\"@id\":\"https:\/\/www.oarcanjo.net\/site\/o-deserto-de-d-helder\/#breadcrumb\"},\"inLanguage\":\"pt-BR\",\"potentialAction\":[{\"@type\":\"ReadAction\",\"target\":[\"https:\/\/www.oarcanjo.net\/site\/o-deserto-de-d-helder\/\"]}]},{\"@type\":\"BreadcrumbList\",\"@id\":\"https:\/\/www.oarcanjo.net\/site\/o-deserto-de-d-helder\/#breadcrumb\",\"itemListElement\":[{\"@type\":\"ListItem\",\"position\":1,\"name\":\"In\u00edcio\",\"item\":\"https:\/\/www.oarcanjo.net\/site\/\"},{\"@type\":\"ListItem\",\"position\":2,\"name\":\"O deserto de D. Helder\"}]},{\"@type\":\"WebSite\",\"@id\":\"https:\/\/www.oarcanjo.net\/site\/#website\",\"url\":\"https:\/\/www.oarcanjo.net\/site\/\",\"name\":\"O Arcanjo no ar\",\"description\":\"Site da Par\u00f3quia S\u00e3o Miguel Arcanjo (Arquidiocese de SP)\",\"publisher\":{\"@id\":\"https:\/\/www.oarcanjo.net\/site\/#organization\"},\"potentialAction\":[{\"@type\":\"SearchAction\",\"target\":{\"@type\":\"EntryPoint\",\"urlTemplate\":\"https:\/\/www.oarcanjo.net\/site\/?s={search_term_string}\"},\"query-input\":{\"@type\":\"PropertyValueSpecification\",\"valueRequired\":true,\"valueName\":\"search_term_string\"}}],\"inLanguage\":\"pt-BR\"},{\"@type\":\"Organization\",\"@id\":\"https:\/\/www.oarcanjo.net\/site\/#organization\",\"name\":\"Par\u00f3quia S\u00e3o Miguel Arcanjo\",\"url\":\"https:\/\/www.oarcanjo.net\/site\/\",\"logo\":{\"@type\":\"ImageObject\",\"inLanguage\":\"pt-BR\",\"@id\":\"https:\/\/www.oarcanjo.net\/site\/#\/schema\/logo\/image\/\",\"url\":\"https:\/\/www.oarcanjo.net\/site\/wp-content\/uploads\/LogoOArcanjo.png\",\"contentUrl\":\"https:\/\/www.oarcanjo.net\/site\/wp-content\/uploads\/LogoOArcanjo.png\",\"width\":319,\"height\":99,\"caption\":\"Par\u00f3quia S\u00e3o Miguel Arcanjo\"},\"image\":{\"@id\":\"https:\/\/www.oarcanjo.net\/site\/#\/schema\/logo\/image\/\"},\"sameAs\":[\"https:\/\/www.facebook.com\/OArcanjoNoAr\/\"]},{\"@type\":\"Person\",\"@id\":\"https:\/\/www.oarcanjo.net\/site\/#\/schema\/person\/f7024d007863202483a31326673a0838\",\"name\":\"editor\",\"sameAs\":[\"http:\/\/www.oarcanjo.net\"]}]}<\/script>\n<!-- \/ Yoast SEO plugin. -->","yoast_head_json":{"title":"O deserto de D. Helder - O Arcanjo no ar","robots":{"index":"index","follow":"follow","max-snippet":"max-snippet:-1","max-image-preview":"max-image-preview:large","max-video-preview":"max-video-preview:-1"},"canonical":"https:\/\/www.oarcanjo.net\/site\/o-deserto-de-d-helder\/","og_locale":"pt_BR","og_type":"article","og_title":"O deserto de D. Helder - O Arcanjo no ar","og_description":"Pe Geovane Saraiva A gl\u00f3ria humana e os reinos da terra est\u00e3o longe do projeto de Jesus. &#8220;Jesus foi conduzido pelo Esp\u00edrito ao deserto, para ser tentado pelo diabo. Jesus jejuou durante quarenta dias e quarenta noites, e, depois disso teve fome&#8221; (Mt 4,1-2). O filho de Deus, no deserto, \u00e9 vitorioso porque vence o [&hellip;]","og_url":"https:\/\/www.oarcanjo.net\/site\/o-deserto-de-d-helder\/","og_site_name":"O Arcanjo no ar","article_publisher":"https:\/\/www.facebook.com\/OArcanjoNoAr\/","article_published_time":"2009-10-12T11:35:55+00:00","og_image":[{"width":300,"height":300,"url":"https:\/\/www.oarcanjo.net\/site\/wp-content\/uploads\/logo-o-arcanjo-no-ar-facebook.png","type":"image\/png"}],"author":"editor","twitter_card":"summary_large_image","twitter_misc":{"Escrito por":"editor","Est. tempo de leitura":"3 minutos"},"schema":{"@context":"https:\/\/schema.org","@graph":[{"@type":"Article","@id":"https:\/\/www.oarcanjo.net\/site\/o-deserto-de-d-helder\/#article","isPartOf":{"@id":"https:\/\/www.oarcanjo.net\/site\/o-deserto-de-d-helder\/"},"author":{"name":"editor","@id":"https:\/\/www.oarcanjo.net\/site\/#\/schema\/person\/f7024d007863202483a31326673a0838"},"headline":"O deserto de D. Helder","datePublished":"2009-10-12T11:35:55+00:00","dateModified":"2009-10-12T11:35:55+00:00","mainEntityOfPage":{"@id":"https:\/\/www.oarcanjo.net\/site\/o-deserto-de-d-helder\/"},"wordCount":566,"commentCount":0,"publisher":{"@id":"https:\/\/www.oarcanjo.net\/site\/#organization"},"keywords":["profeta","testemunho"],"articleSection":["D. Helder C\u00e2mara"],"inLanguage":"pt-BR","potentialAction":[{"@type":"CommentAction","name":"Comment","target":["https:\/\/www.oarcanjo.net\/site\/o-deserto-de-d-helder\/#respond"]}]},{"@type":"WebPage","@id":"https:\/\/www.oarcanjo.net\/site\/o-deserto-de-d-helder\/","url":"https:\/\/www.oarcanjo.net\/site\/o-deserto-de-d-helder\/","name":"O deserto de D. Helder - O Arcanjo no ar","isPartOf":{"@id":"https:\/\/www.oarcanjo.net\/site\/#website"},"datePublished":"2009-10-12T11:35:55+00:00","dateModified":"2009-10-12T11:35:55+00:00","breadcrumb":{"@id":"https:\/\/www.oarcanjo.net\/site\/o-deserto-de-d-helder\/#breadcrumb"},"inLanguage":"pt-BR","potentialAction":[{"@type":"ReadAction","target":["https:\/\/www.oarcanjo.net\/site\/o-deserto-de-d-helder\/"]}]},{"@type":"BreadcrumbList","@id":"https:\/\/www.oarcanjo.net\/site\/o-deserto-de-d-helder\/#breadcrumb","itemListElement":[{"@type":"ListItem","position":1,"name":"In\u00edcio","item":"https:\/\/www.oarcanjo.net\/site\/"},{"@type":"ListItem","position":2,"name":"O deserto de D. Helder"}]},{"@type":"WebSite","@id":"https:\/\/www.oarcanjo.net\/site\/#website","url":"https:\/\/www.oarcanjo.net\/site\/","name":"O Arcanjo no ar","description":"Site da Par\u00f3quia S\u00e3o Miguel Arcanjo (Arquidiocese de SP)","publisher":{"@id":"https:\/\/www.oarcanjo.net\/site\/#organization"},"potentialAction":[{"@type":"SearchAction","target":{"@type":"EntryPoint","urlTemplate":"https:\/\/www.oarcanjo.net\/site\/?s={search_term_string}"},"query-input":{"@type":"PropertyValueSpecification","valueRequired":true,"valueName":"search_term_string"}}],"inLanguage":"pt-BR"},{"@type":"Organization","@id":"https:\/\/www.oarcanjo.net\/site\/#organization","name":"Par\u00f3quia S\u00e3o Miguel Arcanjo","url":"https:\/\/www.oarcanjo.net\/site\/","logo":{"@type":"ImageObject","inLanguage":"pt-BR","@id":"https:\/\/www.oarcanjo.net\/site\/#\/schema\/logo\/image\/","url":"https:\/\/www.oarcanjo.net\/site\/wp-content\/uploads\/LogoOArcanjo.png","contentUrl":"https:\/\/www.oarcanjo.net\/site\/wp-content\/uploads\/LogoOArcanjo.png","width":319,"height":99,"caption":"Par\u00f3quia S\u00e3o Miguel Arcanjo"},"image":{"@id":"https:\/\/www.oarcanjo.net\/site\/#\/schema\/logo\/image\/"},"sameAs":["https:\/\/www.facebook.com\/OArcanjoNoAr\/"]},{"@type":"Person","@id":"https:\/\/www.oarcanjo.net\/site\/#\/schema\/person\/f7024d007863202483a31326673a0838","name":"editor","sameAs":["http:\/\/www.oarcanjo.net"]}]}},"publishpress_future_action":{"enabled":false,"date":"2026-05-09 01:04:33","action":"category","newStatus":"draft","terms":[],"taxonomy":"category"},"publishpress_future_workflow_manual_trigger":{"enabledWorkflows":[]},"_links":{"self":[{"href":"https:\/\/www.oarcanjo.net\/site\/wp-json\/wp\/v2\/posts\/5635"}],"collection":[{"href":"https:\/\/www.oarcanjo.net\/site\/wp-json\/wp\/v2\/posts"}],"about":[{"href":"https:\/\/www.oarcanjo.net\/site\/wp-json\/wp\/v2\/types\/post"}],"author":[{"embeddable":true,"href":"https:\/\/www.oarcanjo.net\/site\/wp-json\/wp\/v2\/users\/5"}],"replies":[{"embeddable":true,"href":"https:\/\/www.oarcanjo.net\/site\/wp-json\/wp\/v2\/comments?post=5635"}],"version-history":[{"count":0,"href":"https:\/\/www.oarcanjo.net\/site\/wp-json\/wp\/v2\/posts\/5635\/revisions"}],"wp:attachment":[{"href":"https:\/\/www.oarcanjo.net\/site\/wp-json\/wp\/v2\/media?parent=5635"}],"wp:term":[{"taxonomy":"category","embeddable":true,"href":"https:\/\/www.oarcanjo.net\/site\/wp-json\/wp\/v2\/categories?post=5635"},{"taxonomy":"post_tag","embeddable":true,"href":"https:\/\/www.oarcanjo.net\/site\/wp-json\/wp\/v2\/tags?post=5635"}],"curies":[{"name":"wp","href":"https:\/\/api.w.org\/{rel}","templated":true}]}}