
{"id":5649,"date":"2009-10-14T23:55:45","date_gmt":"2009-10-15T02:55:45","guid":{"rendered":"http:\/\/www.oarcanjo.net\/site\/?p=5649"},"modified":"2010-08-16T00:20:58","modified_gmt":"2010-08-16T03:20:58","slug":"solenidade-de-nossa-senhora-da-conceicao-aparecida-12-de-outubro-padroeira-do-brasil-mae-da-igreja","status":"publish","type":"post","link":"https:\/\/www.oarcanjo.net\/site\/solenidade-de-nossa-senhora-da-conceicao-aparecida-12-de-outubro-padroeira-do-brasil-mae-da-igreja\/","title":{"rendered":"Solenidade de Nossa Senhora da Concei\u00e7\u00e3o Aparecida. 12 de outubro. Padroeira do Brasil &#8211; M\u00e3e da Igreja"},"content":{"rendered":"<p>Tivemos neste dia 12 de outubro, duas bonitas celebra\u00e7\u00f5es \u00e0 Nossa Senhora Aparecida, a primeira \u00e0s 7h30 na Igreja S\u00e3o Miguel Arcanjo. A segunda, iniciou-se \u00e0s 17h30 com a prociss\u00e3o dos carros (muitos), indo da Igreja S\u00e3o Miguel Arcanjo at\u00e9 a Igreja de Nossa Senhora da Boa Morte, na Rua Tabatinguera, para a celebra\u00e7\u00e3o das 18h. A igreja estava repleta, especialmente com as pessoas aqui da Comunidade S\u00e3o Miguel Arcanjo, como mostram as fotos. A celebra\u00e7\u00e3o foi de forte emo\u00e7\u00e3o. <\/p>\n<p>Transcrevendo hist\u00f3rico, esclarecemos que a Igreja Nossa Senhora da Boa Morte est\u00e1 localizada na Rua do Carmo, na regi\u00e3o central de S\u00e3o Paulo,  pintada em amarelo e branco e \u00e9 uma das poucas refer\u00eancias remanescentes do colonial tamb\u00e9m conhecido como \u201cbarroco paulista\u201d. Sua primeira missa foi celebrada em 15 de agosto de 1810, mas as obras s\u00f3 foram conclu\u00eddas em meados do s\u00e9culo 19. Era tamb\u00e9m o local onde os escravos condenados passavam e rezavam antes de irem para o pat\u00edbulo dos enforcados.<\/p>\n<p>Al\u00e9m dos aspectos arquitet\u00f4nicos, o que mais chama a aten\u00e7\u00e3o e d\u00e1 um car\u00e1ter \u00fanico \u00e0 igreja \u00e9 o conjunto de imagens sacras encontrado em seu interior, nos altares laterais e no altar principal, contando com algumas imagens de rara beleza. Dentre elas, est\u00e3o a imagem do Cristo Prisioneiro trazida do P\u00e1tio do Col\u00e9gio, datada provavelmente do s\u00e9culo 16; na entrada est\u00e1 Santo Expedito; nas paredes laterais, as imagens de Nossa Senhora das Dores, das L\u00e1grimas e da Assun\u00e7\u00e3o, destacando-se, ainda,  a imagem de Nossa Senhora da Boa Morte, sendo uma devo\u00e7\u00e3o rara e inclusive mais conhecida como Nossa Senhora da Assun\u00e7\u00e3o, que vem do latim \u201cDormitio Mariae\u201d e, tamb\u00e9m, a Nossa Senhora das L\u00e1grimas, que o Padre J\u00falio Lancelotti tanto nos fala. A igreja funciona 24 horas e  presta tamb\u00e9m atendimento \u00e0 comunidade da regi\u00e3o. O templo foi assumido pela Alian\u00e7a da Miseric\u00f3rdia, fundada h\u00e1 10 anos, e que atua com popula\u00e7\u00f5es carentes.<\/p>\n<p>Rezamos como tantos por esse Brasil. O Padre Julio Lancelotti relembrou o in\u00edcio da devo\u00e7\u00e3o \u00e0 Nossa Senhora Aparecida, desde que os pobres pescadores trouxeram em suas redes a pequena imagem, os primeiros milagres, a constru\u00e7\u00e3o da pequena capela. A aten\u00e7\u00e3o de Nossa Senhora para os pobres, em especial com os escravos. Lembrou da constru\u00e7\u00e3o da Igreja dedicada a Nossa Senhora Aparecida e mais tarde o Santu\u00e1rio, que recebeu a rosa de ouro de Paulo VI e foi visitado pelos  Papas Jo\u00e3o Paulo II e Bento XVI, sendo local de peregrina\u00e7\u00e3o de milh\u00f5es de pessoas.<\/p>\n<p>A imagem de Nossa Senhora Aparecida percorreu a igreja  nas m\u00e3os do Padre Julio, aben\u00e7oando a todos.<\/p>\n<p>Ap\u00f3s a celebra\u00e7\u00e3o, tivemos a visita\u00e7\u00e3o \u00e0 capela lateral, onde est\u00e1 a imagem de Nossa Senhora das L\u00e1grimas. Depois, uma confraterniza\u00e7\u00e3o entre as comunidades. <\/p>\n<p>As fotos retratam a emo\u00e7\u00e3o, mas tamb\u00e9m alegria desse momento t\u00e3o especial de Nossa Senhora Aparecida, Padroeira do Brasil.<\/p>\nngg_shortcode_0_placeholder\n<p><em>Por Carlos Alberto Beatriz<\/em><\/p>\n<div id=\"themify_builder_content-5649\" data-postid=\"5649\" class=\"themify_builder_content themify_builder_content-5649 themify_builder themify_builder_front\">\n\t<\/div>\n<!-- \/themify_builder_content -->","protected":false},"excerpt":{"rendered":"<p>Tivemos neste dia 12 de outubro, duas bonitas celebra\u00e7\u00f5es \u00e0 Nossa Senhora Aparecida, a primeira \u00e0s 7h30 na Igreja S\u00e3o Miguel Arcanjo. A segunda, iniciou-se \u00e0s 17h30 com a prociss\u00e3o dos carros (muitos), indo da Igreja S\u00e3o Miguel Arcanjo at\u00e9 a Igreja de Nossa Senhora da Boa Morte, na Rua Tabatinguera, para a celebra\u00e7\u00e3o das [&hellip;]<\/p>\n","protected":false},"author":5,"featured_media":0,"comment_status":"open","ping_status":"open","sticky":false,"template":"","format":"standard","meta":{"ngg_post_thumbnail":0,"footnotes":""},"categories":[8,7],"tags":[1144,1165,298],"yoast_head":"<!-- This site is optimized with the Yoast SEO plugin v23.5 - https:\/\/yoast.com\/wordpress\/plugins\/seo\/ -->\n<title>Solenidade de Nossa Senhora da Concei\u00e7\u00e3o Aparecida. 12 de outubro. Padroeira do Brasil - M\u00e3e da Igreja - O Arcanjo no ar<\/title>\n<meta name=\"robots\" content=\"index, follow, max-snippet:-1, max-image-preview:large, max-video-preview:-1\" \/>\n<link rel=\"canonical\" href=\"https:\/\/www.oarcanjo.net\/site\/solenidade-de-nossa-senhora-da-conceicao-aparecida-12-de-outubro-padroeira-do-brasil-mae-da-igreja\/\" \/>\n<meta property=\"og:locale\" content=\"pt_BR\" \/>\n<meta property=\"og:type\" content=\"article\" \/>\n<meta property=\"og:title\" content=\"Solenidade de Nossa Senhora da Concei\u00e7\u00e3o Aparecida. 12 de outubro. Padroeira do Brasil - M\u00e3e da Igreja - O Arcanjo no ar\" \/>\n<meta property=\"og:description\" content=\"Tivemos neste dia 12 de outubro, duas bonitas celebra\u00e7\u00f5es \u00e0 Nossa Senhora Aparecida, a primeira \u00e0s 7h30 na Igreja S\u00e3o Miguel Arcanjo. A segunda, iniciou-se \u00e0s 17h30 com a prociss\u00e3o dos carros (muitos), indo da Igreja S\u00e3o Miguel Arcanjo at\u00e9 a Igreja de Nossa Senhora da Boa Morte, na Rua Tabatinguera, para a celebra\u00e7\u00e3o das [&hellip;]\" \/>\n<meta property=\"og:url\" content=\"https:\/\/www.oarcanjo.net\/site\/solenidade-de-nossa-senhora-da-conceicao-aparecida-12-de-outubro-padroeira-do-brasil-mae-da-igreja\/\" \/>\n<meta property=\"og:site_name\" content=\"O Arcanjo no ar\" \/>\n<meta property=\"article:publisher\" content=\"https:\/\/www.facebook.com\/OArcanjoNoAr\/\" \/>\n<meta property=\"article:published_time\" content=\"2009-10-15T02:55:45+00:00\" \/>\n<meta property=\"article:modified_time\" content=\"2010-08-16T03:20:58+00:00\" \/>\n<meta property=\"og:image\" content=\"https:\/\/www.oarcanjo.net\/site\/wp-content\/uploads\/logo-o-arcanjo-no-ar-facebook.png\" \/>\n\t<meta property=\"og:image:width\" content=\"300\" \/>\n\t<meta property=\"og:image:height\" content=\"300\" \/>\n\t<meta property=\"og:image:type\" content=\"image\/png\" \/>\n<meta name=\"author\" content=\"editor\" \/>\n<meta name=\"twitter:card\" content=\"summary_large_image\" \/>\n<meta name=\"twitter:label1\" content=\"Escrito por\" \/>\n\t<meta name=\"twitter:data1\" content=\"editor\" \/>\n\t<meta name=\"twitter:label2\" content=\"Est. tempo de leitura\" \/>\n\t<meta name=\"twitter:data2\" content=\"3 minutos\" \/>\n<script type=\"application\/ld+json\" class=\"yoast-schema-graph\">{\"@context\":\"https:\/\/schema.org\",\"@graph\":[{\"@type\":\"Article\",\"@id\":\"https:\/\/www.oarcanjo.net\/site\/solenidade-de-nossa-senhora-da-conceicao-aparecida-12-de-outubro-padroeira-do-brasil-mae-da-igreja\/#article\",\"isPartOf\":{\"@id\":\"https:\/\/www.oarcanjo.net\/site\/solenidade-de-nossa-senhora-da-conceicao-aparecida-12-de-outubro-padroeira-do-brasil-mae-da-igreja\/\"},\"author\":{\"name\":\"editor\",\"@id\":\"https:\/\/www.oarcanjo.net\/site\/#\/schema\/person\/f7024d007863202483a31326673a0838\"},\"headline\":\"Solenidade de Nossa Senhora da Concei\u00e7\u00e3o Aparecida. 12 de outubro. Padroeira do Brasil &#8211; M\u00e3e da Igreja\",\"datePublished\":\"2009-10-15T02:55:45+00:00\",\"dateModified\":\"2010-08-16T03:20:58+00:00\",\"mainEntityOfPage\":{\"@id\":\"https:\/\/www.oarcanjo.net\/site\/solenidade-de-nossa-senhora-da-conceicao-aparecida-12-de-outubro-padroeira-do-brasil-mae-da-igreja\/\"},\"wordCount\":538,\"commentCount\":9,\"publisher\":{\"@id\":\"https:\/\/www.oarcanjo.net\/site\/#organization\"},\"keywords\":[\"Nossa Senhora Aparecida\",\"Nossa Senhora da Boa Morte\",\"peregrina\u00e7\u00e3o\"],\"articleSection\":[\"Not\u00edcias\",\"Rosto da comunidade\"],\"inLanguage\":\"pt-BR\",\"potentialAction\":[{\"@type\":\"CommentAction\",\"name\":\"Comment\",\"target\":[\"https:\/\/www.oarcanjo.net\/site\/solenidade-de-nossa-senhora-da-conceicao-aparecida-12-de-outubro-padroeira-do-brasil-mae-da-igreja\/#respond\"]}]},{\"@type\":\"WebPage\",\"@id\":\"https:\/\/www.oarcanjo.net\/site\/solenidade-de-nossa-senhora-da-conceicao-aparecida-12-de-outubro-padroeira-do-brasil-mae-da-igreja\/\",\"url\":\"https:\/\/www.oarcanjo.net\/site\/solenidade-de-nossa-senhora-da-conceicao-aparecida-12-de-outubro-padroeira-do-brasil-mae-da-igreja\/\",\"name\":\"Solenidade de Nossa Senhora da Concei\u00e7\u00e3o Aparecida. 12 de outubro. Padroeira do Brasil - M\u00e3e da Igreja - O Arcanjo no ar\",\"isPartOf\":{\"@id\":\"https:\/\/www.oarcanjo.net\/site\/#website\"},\"datePublished\":\"2009-10-15T02:55:45+00:00\",\"dateModified\":\"2010-08-16T03:20:58+00:00\",\"breadcrumb\":{\"@id\":\"https:\/\/www.oarcanjo.net\/site\/solenidade-de-nossa-senhora-da-conceicao-aparecida-12-de-outubro-padroeira-do-brasil-mae-da-igreja\/#breadcrumb\"},\"inLanguage\":\"pt-BR\",\"potentialAction\":[{\"@type\":\"ReadAction\",\"target\":[\"https:\/\/www.oarcanjo.net\/site\/solenidade-de-nossa-senhora-da-conceicao-aparecida-12-de-outubro-padroeira-do-brasil-mae-da-igreja\/\"]}]},{\"@type\":\"BreadcrumbList\",\"@id\":\"https:\/\/www.oarcanjo.net\/site\/solenidade-de-nossa-senhora-da-conceicao-aparecida-12-de-outubro-padroeira-do-brasil-mae-da-igreja\/#breadcrumb\",\"itemListElement\":[{\"@type\":\"ListItem\",\"position\":1,\"name\":\"In\u00edcio\",\"item\":\"https:\/\/www.oarcanjo.net\/site\/\"},{\"@type\":\"ListItem\",\"position\":2,\"name\":\"Solenidade de Nossa Senhora da Concei\u00e7\u00e3o Aparecida. 12 de outubro. Padroeira do Brasil &#8211; M\u00e3e da Igreja\"}]},{\"@type\":\"WebSite\",\"@id\":\"https:\/\/www.oarcanjo.net\/site\/#website\",\"url\":\"https:\/\/www.oarcanjo.net\/site\/\",\"name\":\"O Arcanjo no ar\",\"description\":\"Site da Par\u00f3quia S\u00e3o Miguel Arcanjo (Arquidiocese de SP)\",\"publisher\":{\"@id\":\"https:\/\/www.oarcanjo.net\/site\/#organization\"},\"potentialAction\":[{\"@type\":\"SearchAction\",\"target\":{\"@type\":\"EntryPoint\",\"urlTemplate\":\"https:\/\/www.oarcanjo.net\/site\/?s={search_term_string}\"},\"query-input\":{\"@type\":\"PropertyValueSpecification\",\"valueRequired\":true,\"valueName\":\"search_term_string\"}}],\"inLanguage\":\"pt-BR\"},{\"@type\":\"Organization\",\"@id\":\"https:\/\/www.oarcanjo.net\/site\/#organization\",\"name\":\"Par\u00f3quia S\u00e3o Miguel Arcanjo\",\"url\":\"https:\/\/www.oarcanjo.net\/site\/\",\"logo\":{\"@type\":\"ImageObject\",\"inLanguage\":\"pt-BR\",\"@id\":\"https:\/\/www.oarcanjo.net\/site\/#\/schema\/logo\/image\/\",\"url\":\"https:\/\/www.oarcanjo.net\/site\/wp-content\/uploads\/LogoOArcanjo.png\",\"contentUrl\":\"https:\/\/www.oarcanjo.net\/site\/wp-content\/uploads\/LogoOArcanjo.png\",\"width\":319,\"height\":99,\"caption\":\"Par\u00f3quia S\u00e3o Miguel Arcanjo\"},\"image\":{\"@id\":\"https:\/\/www.oarcanjo.net\/site\/#\/schema\/logo\/image\/\"},\"sameAs\":[\"https:\/\/www.facebook.com\/OArcanjoNoAr\/\"]},{\"@type\":\"Person\",\"@id\":\"https:\/\/www.oarcanjo.net\/site\/#\/schema\/person\/f7024d007863202483a31326673a0838\",\"name\":\"editor\",\"sameAs\":[\"http:\/\/www.oarcanjo.net\"]}]}<\/script>\n<!-- \/ Yoast SEO plugin. -->","yoast_head_json":{"title":"Solenidade de Nossa Senhora da Concei\u00e7\u00e3o Aparecida. 12 de outubro. Padroeira do Brasil - M\u00e3e da Igreja - O Arcanjo no ar","robots":{"index":"index","follow":"follow","max-snippet":"max-snippet:-1","max-image-preview":"max-image-preview:large","max-video-preview":"max-video-preview:-1"},"canonical":"https:\/\/www.oarcanjo.net\/site\/solenidade-de-nossa-senhora-da-conceicao-aparecida-12-de-outubro-padroeira-do-brasil-mae-da-igreja\/","og_locale":"pt_BR","og_type":"article","og_title":"Solenidade de Nossa Senhora da Concei\u00e7\u00e3o Aparecida. 12 de outubro. Padroeira do Brasil - M\u00e3e da Igreja - O Arcanjo no ar","og_description":"Tivemos neste dia 12 de outubro, duas bonitas celebra\u00e7\u00f5es \u00e0 Nossa Senhora Aparecida, a primeira \u00e0s 7h30 na Igreja S\u00e3o Miguel Arcanjo. A segunda, iniciou-se \u00e0s 17h30 com a prociss\u00e3o dos carros (muitos), indo da Igreja S\u00e3o Miguel Arcanjo at\u00e9 a Igreja de Nossa Senhora da Boa Morte, na Rua Tabatinguera, para a celebra\u00e7\u00e3o das [&hellip;]","og_url":"https:\/\/www.oarcanjo.net\/site\/solenidade-de-nossa-senhora-da-conceicao-aparecida-12-de-outubro-padroeira-do-brasil-mae-da-igreja\/","og_site_name":"O Arcanjo no ar","article_publisher":"https:\/\/www.facebook.com\/OArcanjoNoAr\/","article_published_time":"2009-10-15T02:55:45+00:00","article_modified_time":"2010-08-16T03:20:58+00:00","og_image":[{"width":300,"height":300,"url":"https:\/\/www.oarcanjo.net\/site\/wp-content\/uploads\/logo-o-arcanjo-no-ar-facebook.png","type":"image\/png"}],"author":"editor","twitter_card":"summary_large_image","twitter_misc":{"Escrito por":"editor","Est. tempo de leitura":"3 minutos"},"schema":{"@context":"https:\/\/schema.org","@graph":[{"@type":"Article","@id":"https:\/\/www.oarcanjo.net\/site\/solenidade-de-nossa-senhora-da-conceicao-aparecida-12-de-outubro-padroeira-do-brasil-mae-da-igreja\/#article","isPartOf":{"@id":"https:\/\/www.oarcanjo.net\/site\/solenidade-de-nossa-senhora-da-conceicao-aparecida-12-de-outubro-padroeira-do-brasil-mae-da-igreja\/"},"author":{"name":"editor","@id":"https:\/\/www.oarcanjo.net\/site\/#\/schema\/person\/f7024d007863202483a31326673a0838"},"headline":"Solenidade de Nossa Senhora da Concei\u00e7\u00e3o Aparecida. 12 de outubro. Padroeira do Brasil &#8211; M\u00e3e da Igreja","datePublished":"2009-10-15T02:55:45+00:00","dateModified":"2010-08-16T03:20:58+00:00","mainEntityOfPage":{"@id":"https:\/\/www.oarcanjo.net\/site\/solenidade-de-nossa-senhora-da-conceicao-aparecida-12-de-outubro-padroeira-do-brasil-mae-da-igreja\/"},"wordCount":538,"commentCount":9,"publisher":{"@id":"https:\/\/www.oarcanjo.net\/site\/#organization"},"keywords":["Nossa Senhora Aparecida","Nossa Senhora da Boa Morte","peregrina\u00e7\u00e3o"],"articleSection":["Not\u00edcias","Rosto da comunidade"],"inLanguage":"pt-BR","potentialAction":[{"@type":"CommentAction","name":"Comment","target":["https:\/\/www.oarcanjo.net\/site\/solenidade-de-nossa-senhora-da-conceicao-aparecida-12-de-outubro-padroeira-do-brasil-mae-da-igreja\/#respond"]}]},{"@type":"WebPage","@id":"https:\/\/www.oarcanjo.net\/site\/solenidade-de-nossa-senhora-da-conceicao-aparecida-12-de-outubro-padroeira-do-brasil-mae-da-igreja\/","url":"https:\/\/www.oarcanjo.net\/site\/solenidade-de-nossa-senhora-da-conceicao-aparecida-12-de-outubro-padroeira-do-brasil-mae-da-igreja\/","name":"Solenidade de Nossa Senhora da Concei\u00e7\u00e3o Aparecida. 12 de outubro. Padroeira do Brasil - M\u00e3e da Igreja - O Arcanjo no ar","isPartOf":{"@id":"https:\/\/www.oarcanjo.net\/site\/#website"},"datePublished":"2009-10-15T02:55:45+00:00","dateModified":"2010-08-16T03:20:58+00:00","breadcrumb":{"@id":"https:\/\/www.oarcanjo.net\/site\/solenidade-de-nossa-senhora-da-conceicao-aparecida-12-de-outubro-padroeira-do-brasil-mae-da-igreja\/#breadcrumb"},"inLanguage":"pt-BR","potentialAction":[{"@type":"ReadAction","target":["https:\/\/www.oarcanjo.net\/site\/solenidade-de-nossa-senhora-da-conceicao-aparecida-12-de-outubro-padroeira-do-brasil-mae-da-igreja\/"]}]},{"@type":"BreadcrumbList","@id":"https:\/\/www.oarcanjo.net\/site\/solenidade-de-nossa-senhora-da-conceicao-aparecida-12-de-outubro-padroeira-do-brasil-mae-da-igreja\/#breadcrumb","itemListElement":[{"@type":"ListItem","position":1,"name":"In\u00edcio","item":"https:\/\/www.oarcanjo.net\/site\/"},{"@type":"ListItem","position":2,"name":"Solenidade de Nossa Senhora da Concei\u00e7\u00e3o Aparecida. 12 de outubro. Padroeira do Brasil &#8211; M\u00e3e da Igreja"}]},{"@type":"WebSite","@id":"https:\/\/www.oarcanjo.net\/site\/#website","url":"https:\/\/www.oarcanjo.net\/site\/","name":"O Arcanjo no ar","description":"Site da Par\u00f3quia S\u00e3o Miguel Arcanjo (Arquidiocese de SP)","publisher":{"@id":"https:\/\/www.oarcanjo.net\/site\/#organization"},"potentialAction":[{"@type":"SearchAction","target":{"@type":"EntryPoint","urlTemplate":"https:\/\/www.oarcanjo.net\/site\/?s={search_term_string}"},"query-input":{"@type":"PropertyValueSpecification","valueRequired":true,"valueName":"search_term_string"}}],"inLanguage":"pt-BR"},{"@type":"Organization","@id":"https:\/\/www.oarcanjo.net\/site\/#organization","name":"Par\u00f3quia S\u00e3o Miguel Arcanjo","url":"https:\/\/www.oarcanjo.net\/site\/","logo":{"@type":"ImageObject","inLanguage":"pt-BR","@id":"https:\/\/www.oarcanjo.net\/site\/#\/schema\/logo\/image\/","url":"https:\/\/www.oarcanjo.net\/site\/wp-content\/uploads\/LogoOArcanjo.png","contentUrl":"https:\/\/www.oarcanjo.net\/site\/wp-content\/uploads\/LogoOArcanjo.png","width":319,"height":99,"caption":"Par\u00f3quia S\u00e3o Miguel Arcanjo"},"image":{"@id":"https:\/\/www.oarcanjo.net\/site\/#\/schema\/logo\/image\/"},"sameAs":["https:\/\/www.facebook.com\/OArcanjoNoAr\/"]},{"@type":"Person","@id":"https:\/\/www.oarcanjo.net\/site\/#\/schema\/person\/f7024d007863202483a31326673a0838","name":"editor","sameAs":["http:\/\/www.oarcanjo.net"]}]}},"publishpress_future_action":{"enabled":false,"date":"2026-05-06 16:39:15","action":"category","newStatus":"draft","terms":[],"taxonomy":"category"},"publishpress_future_workflow_manual_trigger":{"enabledWorkflows":[]},"_links":{"self":[{"href":"https:\/\/www.oarcanjo.net\/site\/wp-json\/wp\/v2\/posts\/5649"}],"collection":[{"href":"https:\/\/www.oarcanjo.net\/site\/wp-json\/wp\/v2\/posts"}],"about":[{"href":"https:\/\/www.oarcanjo.net\/site\/wp-json\/wp\/v2\/types\/post"}],"author":[{"embeddable":true,"href":"https:\/\/www.oarcanjo.net\/site\/wp-json\/wp\/v2\/users\/5"}],"replies":[{"embeddable":true,"href":"https:\/\/www.oarcanjo.net\/site\/wp-json\/wp\/v2\/comments?post=5649"}],"version-history":[{"count":0,"href":"https:\/\/www.oarcanjo.net\/site\/wp-json\/wp\/v2\/posts\/5649\/revisions"}],"wp:attachment":[{"href":"https:\/\/www.oarcanjo.net\/site\/wp-json\/wp\/v2\/media?parent=5649"}],"wp:term":[{"taxonomy":"category","embeddable":true,"href":"https:\/\/www.oarcanjo.net\/site\/wp-json\/wp\/v2\/categories?post=5649"},{"taxonomy":"post_tag","embeddable":true,"href":"https:\/\/www.oarcanjo.net\/site\/wp-json\/wp\/v2\/tags?post=5649"}],"curies":[{"name":"wp","href":"https:\/\/api.w.org\/{rel}","templated":true}]}}