
{"id":5655,"date":"2009-10-14T23:59:48","date_gmt":"2009-10-15T02:59:48","guid":{"rendered":"http:\/\/www.oarcanjo.net\/site\/?p=5655"},"modified":"2010-08-16T00:20:51","modified_gmt":"2010-08-16T03:20:51","slug":"doutora-teresa-de-jesus","status":"publish","type":"post","link":"https:\/\/www.oarcanjo.net\/site\/doutora-teresa-de-jesus\/","title":{"rendered":"Doutora Teresa de JESUS!"},"content":{"rendered":"<p>Dia 15 de outubro de 1582 faleceu a grande reformadora, poeta, m\u00edstica, andarilha, doutora do Amor e da Ora\u00e7\u00e3o, escritora primorosa, ferida, perseguida e protegida, luminar da Igreja.<\/p>\n<p>Canonizada em 1622, foi proclamada <strong>Doutora da Igreja<\/strong> pelo Papa Paulo VI em 1970, t\u00edtulo reservado at\u00e9 ent\u00e3o s\u00f3 para santos, grupo fechado e seleto, tinha que ser aberto por uma incompar\u00e1vel, irrequieta e instigante mulher: Teresa, a de \u00c1vila, a de JESUS!<\/p>\n<p>TERESA aquela de JESUS!<\/p>\n<p>Fascinada pela ora\u00e7\u00e3o, como nos diz o Frei Patricio Sciandini. Deixa-se amar pelo pelo SENHOR que a conduz no \u00a8Castelo Interior\u00a8.<\/p>\n<p>Santa Teresa D&#8217;Avila \u00e9 considerada uma das sete maravilhas da espiritualidade humana, estudada por te\u00f3logos, psicanalistas e psicol\u00f3gos.<\/p>\n<p>No seu dia celebra-se o dia dos professores, que atualmente passam por imensas dificuldades nas escolas p\u00fablicas, e que precisam de muito est\u00edmulo e mist\u00edca para n\u00e3o desanimarem e assumirem como sua protetora a miss\u00e3o de humanizar a vida!<\/p>\n<p>Santa Teresa nos envolve e questiona, tem pressa e caminha com calma, fala, escreve, consola e desafia. Entende o mundo na poesia, \u00e9 s\u00e9ria e divertida, ensina o sil\u00eancio e que DEUS anda entre as panelas e frigideiras e gostava de trabalhar na cozinha!<\/p>\n<p>Que mulher! Que Santa! Que doutora!<\/p>\n<p>Fundadora, reformadora, alguns queriam que ficasse no convento fiando, mas pelo mundo foi andando!<\/p>\n<p>S\u00f3 com ela rezando, oremos:<\/p>\n<p>Senhor nos TE pedimos<br \/>\nQue pela intercess\u00e3o de Santa Teresa<br \/>\npossamos descobrir no po\u00e7o do nosso cora\u00e7\u00e3o.<br \/>\nA \u00c1gua Viva para regar o jardim da nossa ora\u00e7\u00e3o<br \/>\ndeixando-nos amar.<br \/>\nPela tua bondade, cantando as tuas miseric\u00f3rdias.<br \/>\nAM\u00c9M.<\/p>\n<p>(esta ora\u00e7\u00e3o est\u00e1 no devocion\u00e1rio e novena a Santa Teresa D&#8217;Avila, de Frei Patr\u00edcio Sciandini, Edi\u00e7\u00f5es LOYOLA)<\/p>\n<p><object classid=\"clsid:d27cdb6e-ae6d-11cf-96b8-444553540000\" width=\"480\" height=\"385\" codebase=\"http:\/\/download.macromedia.com\/pub\/shockwave\/cabs\/flash\/swflash.cab#version=6,0,40,0\"><param name=\"allowFullScreen\" value=\"true\" \/><param name=\"allowscriptaccess\" value=\"always\" \/><param name=\"src\" value=\"http:\/\/www.youtube.com\/v\/SnbEivbQFSc&amp;hl=pt-br&amp;fs=1&amp;rel=0&amp;color1=0xe1600f&amp;color2=0xfebd01\" \/><param name=\"allowfullscreen\" value=\"true\" \/><embed type=\"application\/x-shockwave-flash\" width=\"480\" height=\"385\" src=\"http:\/\/www.youtube.com\/v\/SnbEivbQFSc&amp;hl=pt-br&amp;fs=1&amp;rel=0&amp;color1=0xe1600f&amp;color2=0xfebd01\" allowscriptaccess=\"always\" allowfullscreen=\"true\"><\/embed><\/object><\/p>\n<p><object classid=\"clsid:d27cdb6e-ae6d-11cf-96b8-444553540000\" width=\"480\" height=\"385\" codebase=\"http:\/\/download.macromedia.com\/pub\/shockwave\/cabs\/flash\/swflash.cab#version=6,0,40,0\"><param name=\"allowFullScreen\" value=\"true\" \/><param name=\"allowscriptaccess\" value=\"always\" \/><param name=\"src\" value=\"http:\/\/www.youtube.com\/v\/gpSnBGr2QII&amp;hl=pt-br&amp;fs=1&amp;rel=0&amp;color1=0xe1600f&amp;color2=0xfebd01\" \/><param name=\"allowfullscreen\" value=\"true\" \/><embed type=\"application\/x-shockwave-flash\" width=\"480\" height=\"385\" src=\"http:\/\/www.youtube.com\/v\/gpSnBGr2QII&amp;hl=pt-br&amp;fs=1&amp;rel=0&amp;color1=0xe1600f&amp;color2=0xfebd01\" allowscriptaccess=\"always\" allowfullscreen=\"true\"><\/embed><\/object><\/p>\n<div id=\"themify_builder_content-5655\" data-postid=\"5655\" class=\"themify_builder_content themify_builder_content-5655 themify_builder themify_builder_front\">\n\t<\/div>\n<!-- \/themify_builder_content -->","protected":false},"excerpt":{"rendered":"<p>Dia 15 de outubro de 1582 faleceu a grande reformadora, poeta, m\u00edstica, andarilha, doutora do Amor e da Ora\u00e7\u00e3o, escritora primorosa, ferida, perseguida e protegida, luminar da Igreja. Canonizada em 1622, foi proclamada Doutora da Igreja pelo Papa Paulo VI em 1970, t\u00edtulo reservado at\u00e9 ent\u00e3o s\u00f3 para santos, grupo fechado e seleto, tinha que [&hellip;]<\/p>\n","protected":false},"author":4,"featured_media":0,"comment_status":"open","ping_status":"open","sticky":false,"template":"","format":"standard","meta":{"ngg_post_thumbnail":0,"footnotes":""},"categories":[4],"tags":[],"yoast_head":"<!-- This site is optimized with the Yoast SEO plugin v23.5 - https:\/\/yoast.com\/wordpress\/plugins\/seo\/ -->\n<title>Doutora Teresa de JESUS! - O Arcanjo no ar<\/title>\n<meta name=\"robots\" content=\"index, follow, max-snippet:-1, max-image-preview:large, max-video-preview:-1\" \/>\n<link rel=\"canonical\" href=\"https:\/\/www.oarcanjo.net\/site\/doutora-teresa-de-jesus\/\" \/>\n<meta property=\"og:locale\" content=\"pt_BR\" \/>\n<meta property=\"og:type\" content=\"article\" \/>\n<meta property=\"og:title\" content=\"Doutora Teresa de JESUS! - O Arcanjo no ar\" \/>\n<meta property=\"og:description\" content=\"Dia 15 de outubro de 1582 faleceu a grande reformadora, poeta, m\u00edstica, andarilha, doutora do Amor e da Ora\u00e7\u00e3o, escritora primorosa, ferida, perseguida e protegida, luminar da Igreja. Canonizada em 1622, foi proclamada Doutora da Igreja pelo Papa Paulo VI em 1970, t\u00edtulo reservado at\u00e9 ent\u00e3o s\u00f3 para santos, grupo fechado e seleto, tinha que [&hellip;]\" \/>\n<meta property=\"og:url\" content=\"https:\/\/www.oarcanjo.net\/site\/doutora-teresa-de-jesus\/\" \/>\n<meta property=\"og:site_name\" content=\"O Arcanjo no ar\" \/>\n<meta property=\"article:publisher\" content=\"https:\/\/www.facebook.com\/OArcanjoNoAr\/\" \/>\n<meta property=\"article:published_time\" content=\"2009-10-15T02:59:48+00:00\" \/>\n<meta property=\"article:modified_time\" content=\"2010-08-16T03:20:51+00:00\" \/>\n<meta property=\"og:image\" content=\"https:\/\/www.oarcanjo.net\/site\/wp-content\/uploads\/logo-o-arcanjo-no-ar-facebook.png\" \/>\n\t<meta property=\"og:image:width\" content=\"300\" \/>\n\t<meta property=\"og:image:height\" content=\"300\" \/>\n\t<meta property=\"og:image:type\" content=\"image\/png\" \/>\n<meta name=\"author\" content=\"julio\" \/>\n<meta name=\"twitter:card\" content=\"summary_large_image\" \/>\n<meta name=\"twitter:label1\" content=\"Escrito por\" \/>\n\t<meta name=\"twitter:data1\" content=\"julio\" \/>\n\t<meta name=\"twitter:label2\" content=\"Est. tempo de leitura\" \/>\n\t<meta name=\"twitter:data2\" content=\"1 minuto\" \/>\n<script type=\"application\/ld+json\" class=\"yoast-schema-graph\">{\"@context\":\"https:\/\/schema.org\",\"@graph\":[{\"@type\":\"Article\",\"@id\":\"https:\/\/www.oarcanjo.net\/site\/doutora-teresa-de-jesus\/#article\",\"isPartOf\":{\"@id\":\"https:\/\/www.oarcanjo.net\/site\/doutora-teresa-de-jesus\/\"},\"author\":{\"name\":\"julio\",\"@id\":\"https:\/\/www.oarcanjo.net\/site\/#\/schema\/person\/d78ea01c648c91e29c364b516767079e\"},\"headline\":\"Doutora Teresa de JESUS!\",\"datePublished\":\"2009-10-15T02:59:48+00:00\",\"dateModified\":\"2010-08-16T03:20:51+00:00\",\"mainEntityOfPage\":{\"@id\":\"https:\/\/www.oarcanjo.net\/site\/doutora-teresa-de-jesus\/\"},\"wordCount\":299,\"commentCount\":4,\"publisher\":{\"@id\":\"https:\/\/www.oarcanjo.net\/site\/#organization\"},\"articleSection\":[\"Blog\"],\"inLanguage\":\"pt-BR\",\"potentialAction\":[{\"@type\":\"CommentAction\",\"name\":\"Comment\",\"target\":[\"https:\/\/www.oarcanjo.net\/site\/doutora-teresa-de-jesus\/#respond\"]}]},{\"@type\":\"WebPage\",\"@id\":\"https:\/\/www.oarcanjo.net\/site\/doutora-teresa-de-jesus\/\",\"url\":\"https:\/\/www.oarcanjo.net\/site\/doutora-teresa-de-jesus\/\",\"name\":\"Doutora Teresa de JESUS! - O Arcanjo no ar\",\"isPartOf\":{\"@id\":\"https:\/\/www.oarcanjo.net\/site\/#website\"},\"datePublished\":\"2009-10-15T02:59:48+00:00\",\"dateModified\":\"2010-08-16T03:20:51+00:00\",\"breadcrumb\":{\"@id\":\"https:\/\/www.oarcanjo.net\/site\/doutora-teresa-de-jesus\/#breadcrumb\"},\"inLanguage\":\"pt-BR\",\"potentialAction\":[{\"@type\":\"ReadAction\",\"target\":[\"https:\/\/www.oarcanjo.net\/site\/doutora-teresa-de-jesus\/\"]}]},{\"@type\":\"BreadcrumbList\",\"@id\":\"https:\/\/www.oarcanjo.net\/site\/doutora-teresa-de-jesus\/#breadcrumb\",\"itemListElement\":[{\"@type\":\"ListItem\",\"position\":1,\"name\":\"In\u00edcio\",\"item\":\"https:\/\/www.oarcanjo.net\/site\/\"},{\"@type\":\"ListItem\",\"position\":2,\"name\":\"Doutora Teresa de JESUS!\"}]},{\"@type\":\"WebSite\",\"@id\":\"https:\/\/www.oarcanjo.net\/site\/#website\",\"url\":\"https:\/\/www.oarcanjo.net\/site\/\",\"name\":\"O Arcanjo no ar\",\"description\":\"Site da Par\u00f3quia S\u00e3o Miguel Arcanjo (Arquidiocese de SP)\",\"publisher\":{\"@id\":\"https:\/\/www.oarcanjo.net\/site\/#organization\"},\"potentialAction\":[{\"@type\":\"SearchAction\",\"target\":{\"@type\":\"EntryPoint\",\"urlTemplate\":\"https:\/\/www.oarcanjo.net\/site\/?s={search_term_string}\"},\"query-input\":{\"@type\":\"PropertyValueSpecification\",\"valueRequired\":true,\"valueName\":\"search_term_string\"}}],\"inLanguage\":\"pt-BR\"},{\"@type\":\"Organization\",\"@id\":\"https:\/\/www.oarcanjo.net\/site\/#organization\",\"name\":\"Par\u00f3quia S\u00e3o Miguel Arcanjo\",\"url\":\"https:\/\/www.oarcanjo.net\/site\/\",\"logo\":{\"@type\":\"ImageObject\",\"inLanguage\":\"pt-BR\",\"@id\":\"https:\/\/www.oarcanjo.net\/site\/#\/schema\/logo\/image\/\",\"url\":\"https:\/\/www.oarcanjo.net\/site\/wp-content\/uploads\/LogoOArcanjo.png\",\"contentUrl\":\"https:\/\/www.oarcanjo.net\/site\/wp-content\/uploads\/LogoOArcanjo.png\",\"width\":319,\"height\":99,\"caption\":\"Par\u00f3quia S\u00e3o Miguel Arcanjo\"},\"image\":{\"@id\":\"https:\/\/www.oarcanjo.net\/site\/#\/schema\/logo\/image\/\"},\"sameAs\":[\"https:\/\/www.facebook.com\/OArcanjoNoAr\/\"]},{\"@type\":\"Person\",\"@id\":\"https:\/\/www.oarcanjo.net\/site\/#\/schema\/person\/d78ea01c648c91e29c364b516767079e\",\"name\":\"julio\",\"sameAs\":[\"http:\/\/www.oarcanjo.net\"]}]}<\/script>\n<!-- \/ Yoast SEO plugin. -->","yoast_head_json":{"title":"Doutora Teresa de JESUS! - O Arcanjo no ar","robots":{"index":"index","follow":"follow","max-snippet":"max-snippet:-1","max-image-preview":"max-image-preview:large","max-video-preview":"max-video-preview:-1"},"canonical":"https:\/\/www.oarcanjo.net\/site\/doutora-teresa-de-jesus\/","og_locale":"pt_BR","og_type":"article","og_title":"Doutora Teresa de JESUS! - O Arcanjo no ar","og_description":"Dia 15 de outubro de 1582 faleceu a grande reformadora, poeta, m\u00edstica, andarilha, doutora do Amor e da Ora\u00e7\u00e3o, escritora primorosa, ferida, perseguida e protegida, luminar da Igreja. Canonizada em 1622, foi proclamada Doutora da Igreja pelo Papa Paulo VI em 1970, t\u00edtulo reservado at\u00e9 ent\u00e3o s\u00f3 para santos, grupo fechado e seleto, tinha que [&hellip;]","og_url":"https:\/\/www.oarcanjo.net\/site\/doutora-teresa-de-jesus\/","og_site_name":"O Arcanjo no ar","article_publisher":"https:\/\/www.facebook.com\/OArcanjoNoAr\/","article_published_time":"2009-10-15T02:59:48+00:00","article_modified_time":"2010-08-16T03:20:51+00:00","og_image":[{"width":300,"height":300,"url":"https:\/\/www.oarcanjo.net\/site\/wp-content\/uploads\/logo-o-arcanjo-no-ar-facebook.png","type":"image\/png"}],"author":"julio","twitter_card":"summary_large_image","twitter_misc":{"Escrito por":"julio","Est. tempo de leitura":"1 minuto"},"schema":{"@context":"https:\/\/schema.org","@graph":[{"@type":"Article","@id":"https:\/\/www.oarcanjo.net\/site\/doutora-teresa-de-jesus\/#article","isPartOf":{"@id":"https:\/\/www.oarcanjo.net\/site\/doutora-teresa-de-jesus\/"},"author":{"name":"julio","@id":"https:\/\/www.oarcanjo.net\/site\/#\/schema\/person\/d78ea01c648c91e29c364b516767079e"},"headline":"Doutora Teresa de JESUS!","datePublished":"2009-10-15T02:59:48+00:00","dateModified":"2010-08-16T03:20:51+00:00","mainEntityOfPage":{"@id":"https:\/\/www.oarcanjo.net\/site\/doutora-teresa-de-jesus\/"},"wordCount":299,"commentCount":4,"publisher":{"@id":"https:\/\/www.oarcanjo.net\/site\/#organization"},"articleSection":["Blog"],"inLanguage":"pt-BR","potentialAction":[{"@type":"CommentAction","name":"Comment","target":["https:\/\/www.oarcanjo.net\/site\/doutora-teresa-de-jesus\/#respond"]}]},{"@type":"WebPage","@id":"https:\/\/www.oarcanjo.net\/site\/doutora-teresa-de-jesus\/","url":"https:\/\/www.oarcanjo.net\/site\/doutora-teresa-de-jesus\/","name":"Doutora Teresa de JESUS! - O Arcanjo no ar","isPartOf":{"@id":"https:\/\/www.oarcanjo.net\/site\/#website"},"datePublished":"2009-10-15T02:59:48+00:00","dateModified":"2010-08-16T03:20:51+00:00","breadcrumb":{"@id":"https:\/\/www.oarcanjo.net\/site\/doutora-teresa-de-jesus\/#breadcrumb"},"inLanguage":"pt-BR","potentialAction":[{"@type":"ReadAction","target":["https:\/\/www.oarcanjo.net\/site\/doutora-teresa-de-jesus\/"]}]},{"@type":"BreadcrumbList","@id":"https:\/\/www.oarcanjo.net\/site\/doutora-teresa-de-jesus\/#breadcrumb","itemListElement":[{"@type":"ListItem","position":1,"name":"In\u00edcio","item":"https:\/\/www.oarcanjo.net\/site\/"},{"@type":"ListItem","position":2,"name":"Doutora Teresa de JESUS!"}]},{"@type":"WebSite","@id":"https:\/\/www.oarcanjo.net\/site\/#website","url":"https:\/\/www.oarcanjo.net\/site\/","name":"O Arcanjo no ar","description":"Site da Par\u00f3quia S\u00e3o Miguel Arcanjo (Arquidiocese de SP)","publisher":{"@id":"https:\/\/www.oarcanjo.net\/site\/#organization"},"potentialAction":[{"@type":"SearchAction","target":{"@type":"EntryPoint","urlTemplate":"https:\/\/www.oarcanjo.net\/site\/?s={search_term_string}"},"query-input":{"@type":"PropertyValueSpecification","valueRequired":true,"valueName":"search_term_string"}}],"inLanguage":"pt-BR"},{"@type":"Organization","@id":"https:\/\/www.oarcanjo.net\/site\/#organization","name":"Par\u00f3quia S\u00e3o Miguel Arcanjo","url":"https:\/\/www.oarcanjo.net\/site\/","logo":{"@type":"ImageObject","inLanguage":"pt-BR","@id":"https:\/\/www.oarcanjo.net\/site\/#\/schema\/logo\/image\/","url":"https:\/\/www.oarcanjo.net\/site\/wp-content\/uploads\/LogoOArcanjo.png","contentUrl":"https:\/\/www.oarcanjo.net\/site\/wp-content\/uploads\/LogoOArcanjo.png","width":319,"height":99,"caption":"Par\u00f3quia S\u00e3o Miguel Arcanjo"},"image":{"@id":"https:\/\/www.oarcanjo.net\/site\/#\/schema\/logo\/image\/"},"sameAs":["https:\/\/www.facebook.com\/OArcanjoNoAr\/"]},{"@type":"Person","@id":"https:\/\/www.oarcanjo.net\/site\/#\/schema\/person\/d78ea01c648c91e29c364b516767079e","name":"julio","sameAs":["http:\/\/www.oarcanjo.net"]}]}},"publishpress_future_action":{"enabled":false,"date":"2026-05-09 02:54:38","action":"category","newStatus":"draft","terms":[],"taxonomy":"category"},"publishpress_future_workflow_manual_trigger":{"enabledWorkflows":[]},"_links":{"self":[{"href":"https:\/\/www.oarcanjo.net\/site\/wp-json\/wp\/v2\/posts\/5655"}],"collection":[{"href":"https:\/\/www.oarcanjo.net\/site\/wp-json\/wp\/v2\/posts"}],"about":[{"href":"https:\/\/www.oarcanjo.net\/site\/wp-json\/wp\/v2\/types\/post"}],"author":[{"embeddable":true,"href":"https:\/\/www.oarcanjo.net\/site\/wp-json\/wp\/v2\/users\/4"}],"replies":[{"embeddable":true,"href":"https:\/\/www.oarcanjo.net\/site\/wp-json\/wp\/v2\/comments?post=5655"}],"version-history":[{"count":0,"href":"https:\/\/www.oarcanjo.net\/site\/wp-json\/wp\/v2\/posts\/5655\/revisions"}],"wp:attachment":[{"href":"https:\/\/www.oarcanjo.net\/site\/wp-json\/wp\/v2\/media?parent=5655"}],"wp:term":[{"taxonomy":"category","embeddable":true,"href":"https:\/\/www.oarcanjo.net\/site\/wp-json\/wp\/v2\/categories?post=5655"},{"taxonomy":"post_tag","embeddable":true,"href":"https:\/\/www.oarcanjo.net\/site\/wp-json\/wp\/v2\/tags?post=5655"}],"curies":[{"name":"wp","href":"https:\/\/api.w.org\/{rel}","templated":true}]}}