
{"id":5678,"date":"2009-10-15T18:40:29","date_gmt":"2009-10-15T21:40:29","guid":{"rendered":"http:\/\/www.oarcanjo.net\/site\/?p=5678"},"modified":"2009-10-15T18:40:29","modified_gmt":"2009-10-15T21:40:29","slug":"oracao-a-nossa-senhora-aparecida","status":"publish","type":"post","link":"https:\/\/www.oarcanjo.net\/site\/oracao-a-nossa-senhora-aparecida\/","title":{"rendered":"Ora\u00e7\u00e3o a Nossa Senhora Aparecida"},"content":{"rendered":"<p><span style=\"font-size: small;color: #ffff00\"><span style=\"color: #000000\">Est\u00e1 e a ora\u00e7\u00e3o a Nossa Senhora Aparecida<\/span><\/span><\/p>\n<p><span style=\"font-size: small;color: #ffff00\"><span style=\"color: #000000\">\u00d3 incompar\u00e1vel Senhora da Concei\u00e7\u00e3o Aparecida. M\u00e3e de meu Deus, Rainha dos Anjos, Advogada dos pecadores, Ref\u00fagio e Consola\u00e7\u00e3o dos aflitos e atribulados, \u00f3 Virgem Sant\u00edssima; cheia de poder e bondade, lan\u00e7ai sobre n\u00f3s um olhar favor\u00e1vel, para que sejamos socorridos em todas as necessidades.<br \/>\nLembrai-vos, clement\u00edssima M\u00e3e Aparecida, que n\u00e3o se consta que de todos os que t\u00eam a v\u00f3s recorrido, invocado vosso sant\u00edssimo nome e implorado vossa singular prote\u00e7\u00e3o, fosse por v\u00f3s algum abandonado.<br \/>\nAnimado com esta confian\u00e7a a v\u00f3s recorro: tomo-vos de hoje para sempre por minha m\u00e3e, minha protetora, minha consola\u00e7\u00e3o e guia, minha esperan\u00e7a e minha luz na hora da morte.<br \/>\nAssim pois, Senhora, livrai-me de tudo o que possa ofender-vos e a vosso Filho meu Redentor e Senhor Jesus Cristo. Virgem bendita, preservai este vosso indigno servo, esta casa e seus habitantes, da peste, fome, guerra, raios, tempestades e outros perigos e males que nos possam flagelar. Soberana Senhora, dignai-vos dirigir-nos em todos os neg\u00f3cios espirituais e temporais; livrai-nos da tenta\u00e7\u00e3o do dem\u00f4nio, para que, trilhando o caminho da virtude, pelos merecimentos da vossa pur\u00edssima Virgindade e do precios\u00edssimo Sangue de vosso Filho, vos possamos ver, amar e gozar na eterna gl\u00f3ria, por todos os s\u00e9culos dos s\u00e9culos.<br \/>\nAm\u00e9m.<\/span><\/span><\/p>\n<p><span style=\"color: #000000\">\u00a0<\/span><\/p>\n<div id=\"themify_builder_content-5678\" data-postid=\"5678\" class=\"themify_builder_content themify_builder_content-5678 themify_builder themify_builder_front\">\n\t<\/div>\n<!-- \/themify_builder_content -->","protected":false},"excerpt":{"rendered":"<p>Est\u00e1 e a ora\u00e7\u00e3o a Nossa Senhora Aparecida \u00d3 incompar\u00e1vel Senhora da Concei\u00e7\u00e3o Aparecida. M\u00e3e de meu Deus, Rainha dos Anjos, Advogada dos pecadores, Ref\u00fagio e Consola\u00e7\u00e3o dos aflitos e atribulados, \u00f3 Virgem Sant\u00edssima; cheia de poder e bondade, lan\u00e7ai sobre n\u00f3s um olhar favor\u00e1vel, para que sejamos socorridos em todas as necessidades. Lembrai-vos, clement\u00edssima [&hellip;]<\/p>\n","protected":false},"author":12,"featured_media":0,"comment_status":"open","ping_status":"open","sticky":false,"template":"","format":"standard","meta":{"ngg_post_thumbnail":0,"footnotes":""},"categories":[395],"tags":[],"yoast_head":"<!-- This site is optimized with the Yoast SEO plugin v23.5 - https:\/\/yoast.com\/wordpress\/plugins\/seo\/ -->\n<title>Ora\u00e7\u00e3o a Nossa Senhora Aparecida - O Arcanjo no ar<\/title>\n<meta name=\"robots\" content=\"index, follow, max-snippet:-1, max-image-preview:large, max-video-preview:-1\" \/>\n<link rel=\"canonical\" href=\"https:\/\/www.oarcanjo.net\/site\/oracao-a-nossa-senhora-aparecida\/\" \/>\n<meta property=\"og:locale\" content=\"pt_BR\" \/>\n<meta property=\"og:type\" content=\"article\" \/>\n<meta property=\"og:title\" content=\"Ora\u00e7\u00e3o a Nossa Senhora Aparecida - O Arcanjo no ar\" \/>\n<meta property=\"og:description\" content=\"Est\u00e1 e a ora\u00e7\u00e3o a Nossa Senhora Aparecida \u00d3 incompar\u00e1vel Senhora da Concei\u00e7\u00e3o Aparecida. M\u00e3e de meu Deus, Rainha dos Anjos, Advogada dos pecadores, Ref\u00fagio e Consola\u00e7\u00e3o dos aflitos e atribulados, \u00f3 Virgem Sant\u00edssima; cheia de poder e bondade, lan\u00e7ai sobre n\u00f3s um olhar favor\u00e1vel, para que sejamos socorridos em todas as necessidades. Lembrai-vos, clement\u00edssima [&hellip;]\" \/>\n<meta property=\"og:url\" content=\"https:\/\/www.oarcanjo.net\/site\/oracao-a-nossa-senhora-aparecida\/\" \/>\n<meta property=\"og:site_name\" content=\"O Arcanjo no ar\" \/>\n<meta property=\"article:publisher\" content=\"https:\/\/www.facebook.com\/OArcanjoNoAr\/\" \/>\n<meta property=\"article:published_time\" content=\"2009-10-15T21:40:29+00:00\" \/>\n<meta property=\"og:image\" content=\"https:\/\/www.oarcanjo.net\/site\/wp-content\/uploads\/logo-o-arcanjo-no-ar-facebook.png\" \/>\n\t<meta property=\"og:image:width\" content=\"300\" \/>\n\t<meta property=\"og:image:height\" content=\"300\" \/>\n\t<meta property=\"og:image:type\" content=\"image\/png\" \/>\n<meta name=\"author\" content=\"mariana\" \/>\n<meta name=\"twitter:card\" content=\"summary_large_image\" \/>\n<meta name=\"twitter:label1\" content=\"Escrito por\" \/>\n\t<meta name=\"twitter:data1\" content=\"mariana\" \/>\n\t<meta name=\"twitter:label2\" content=\"Est. tempo de leitura\" \/>\n\t<meta name=\"twitter:data2\" content=\"1 minuto\" \/>\n<script type=\"application\/ld+json\" class=\"yoast-schema-graph\">{\"@context\":\"https:\/\/schema.org\",\"@graph\":[{\"@type\":\"Article\",\"@id\":\"https:\/\/www.oarcanjo.net\/site\/oracao-a-nossa-senhora-aparecida\/#article\",\"isPartOf\":{\"@id\":\"https:\/\/www.oarcanjo.net\/site\/oracao-a-nossa-senhora-aparecida\/\"},\"author\":{\"name\":\"mariana\",\"@id\":\"https:\/\/www.oarcanjo.net\/site\/#\/schema\/person\/e54a5c62347067e278a5d0cf64f6a6e6\"},\"headline\":\"Ora\u00e7\u00e3o a Nossa Senhora Aparecida\",\"datePublished\":\"2009-10-15T21:40:29+00:00\",\"dateModified\":\"2009-10-15T21:40:29+00:00\",\"mainEntityOfPage\":{\"@id\":\"https:\/\/www.oarcanjo.net\/site\/oracao-a-nossa-senhora-aparecida\/\"},\"wordCount\":249,\"commentCount\":2,\"publisher\":{\"@id\":\"https:\/\/www.oarcanjo.net\/site\/#organization\"},\"articleSection\":[\"Jovens\"],\"inLanguage\":\"pt-BR\",\"potentialAction\":[{\"@type\":\"CommentAction\",\"name\":\"Comment\",\"target\":[\"https:\/\/www.oarcanjo.net\/site\/oracao-a-nossa-senhora-aparecida\/#respond\"]}]},{\"@type\":\"WebPage\",\"@id\":\"https:\/\/www.oarcanjo.net\/site\/oracao-a-nossa-senhora-aparecida\/\",\"url\":\"https:\/\/www.oarcanjo.net\/site\/oracao-a-nossa-senhora-aparecida\/\",\"name\":\"Ora\u00e7\u00e3o a Nossa Senhora Aparecida - O Arcanjo no ar\",\"isPartOf\":{\"@id\":\"https:\/\/www.oarcanjo.net\/site\/#website\"},\"datePublished\":\"2009-10-15T21:40:29+00:00\",\"dateModified\":\"2009-10-15T21:40:29+00:00\",\"breadcrumb\":{\"@id\":\"https:\/\/www.oarcanjo.net\/site\/oracao-a-nossa-senhora-aparecida\/#breadcrumb\"},\"inLanguage\":\"pt-BR\",\"potentialAction\":[{\"@type\":\"ReadAction\",\"target\":[\"https:\/\/www.oarcanjo.net\/site\/oracao-a-nossa-senhora-aparecida\/\"]}]},{\"@type\":\"BreadcrumbList\",\"@id\":\"https:\/\/www.oarcanjo.net\/site\/oracao-a-nossa-senhora-aparecida\/#breadcrumb\",\"itemListElement\":[{\"@type\":\"ListItem\",\"position\":1,\"name\":\"In\u00edcio\",\"item\":\"https:\/\/www.oarcanjo.net\/site\/\"},{\"@type\":\"ListItem\",\"position\":2,\"name\":\"Ora\u00e7\u00e3o a Nossa Senhora Aparecida\"}]},{\"@type\":\"WebSite\",\"@id\":\"https:\/\/www.oarcanjo.net\/site\/#website\",\"url\":\"https:\/\/www.oarcanjo.net\/site\/\",\"name\":\"O Arcanjo no ar\",\"description\":\"Site da Par\u00f3quia S\u00e3o Miguel Arcanjo (Arquidiocese de SP)\",\"publisher\":{\"@id\":\"https:\/\/www.oarcanjo.net\/site\/#organization\"},\"potentialAction\":[{\"@type\":\"SearchAction\",\"target\":{\"@type\":\"EntryPoint\",\"urlTemplate\":\"https:\/\/www.oarcanjo.net\/site\/?s={search_term_string}\"},\"query-input\":{\"@type\":\"PropertyValueSpecification\",\"valueRequired\":true,\"valueName\":\"search_term_string\"}}],\"inLanguage\":\"pt-BR\"},{\"@type\":\"Organization\",\"@id\":\"https:\/\/www.oarcanjo.net\/site\/#organization\",\"name\":\"Par\u00f3quia S\u00e3o Miguel Arcanjo\",\"url\":\"https:\/\/www.oarcanjo.net\/site\/\",\"logo\":{\"@type\":\"ImageObject\",\"inLanguage\":\"pt-BR\",\"@id\":\"https:\/\/www.oarcanjo.net\/site\/#\/schema\/logo\/image\/\",\"url\":\"https:\/\/www.oarcanjo.net\/site\/wp-content\/uploads\/LogoOArcanjo.png\",\"contentUrl\":\"https:\/\/www.oarcanjo.net\/site\/wp-content\/uploads\/LogoOArcanjo.png\",\"width\":319,\"height\":99,\"caption\":\"Par\u00f3quia S\u00e3o Miguel Arcanjo\"},\"image\":{\"@id\":\"https:\/\/www.oarcanjo.net\/site\/#\/schema\/logo\/image\/\"},\"sameAs\":[\"https:\/\/www.facebook.com\/OArcanjoNoAr\/\"]},{\"@type\":\"Person\",\"@id\":\"https:\/\/www.oarcanjo.net\/site\/#\/schema\/person\/e54a5c62347067e278a5d0cf64f6a6e6\",\"name\":\"mariana\"}]}<\/script>\n<!-- \/ Yoast SEO plugin. -->","yoast_head_json":{"title":"Ora\u00e7\u00e3o a Nossa Senhora Aparecida - O Arcanjo no ar","robots":{"index":"index","follow":"follow","max-snippet":"max-snippet:-1","max-image-preview":"max-image-preview:large","max-video-preview":"max-video-preview:-1"},"canonical":"https:\/\/www.oarcanjo.net\/site\/oracao-a-nossa-senhora-aparecida\/","og_locale":"pt_BR","og_type":"article","og_title":"Ora\u00e7\u00e3o a Nossa Senhora Aparecida - O Arcanjo no ar","og_description":"Est\u00e1 e a ora\u00e7\u00e3o a Nossa Senhora Aparecida \u00d3 incompar\u00e1vel Senhora da Concei\u00e7\u00e3o Aparecida. M\u00e3e de meu Deus, Rainha dos Anjos, Advogada dos pecadores, Ref\u00fagio e Consola\u00e7\u00e3o dos aflitos e atribulados, \u00f3 Virgem Sant\u00edssima; cheia de poder e bondade, lan\u00e7ai sobre n\u00f3s um olhar favor\u00e1vel, para que sejamos socorridos em todas as necessidades. Lembrai-vos, clement\u00edssima [&hellip;]","og_url":"https:\/\/www.oarcanjo.net\/site\/oracao-a-nossa-senhora-aparecida\/","og_site_name":"O Arcanjo no ar","article_publisher":"https:\/\/www.facebook.com\/OArcanjoNoAr\/","article_published_time":"2009-10-15T21:40:29+00:00","og_image":[{"width":300,"height":300,"url":"https:\/\/www.oarcanjo.net\/site\/wp-content\/uploads\/logo-o-arcanjo-no-ar-facebook.png","type":"image\/png"}],"author":"mariana","twitter_card":"summary_large_image","twitter_misc":{"Escrito por":"mariana","Est. tempo de leitura":"1 minuto"},"schema":{"@context":"https:\/\/schema.org","@graph":[{"@type":"Article","@id":"https:\/\/www.oarcanjo.net\/site\/oracao-a-nossa-senhora-aparecida\/#article","isPartOf":{"@id":"https:\/\/www.oarcanjo.net\/site\/oracao-a-nossa-senhora-aparecida\/"},"author":{"name":"mariana","@id":"https:\/\/www.oarcanjo.net\/site\/#\/schema\/person\/e54a5c62347067e278a5d0cf64f6a6e6"},"headline":"Ora\u00e7\u00e3o a Nossa Senhora Aparecida","datePublished":"2009-10-15T21:40:29+00:00","dateModified":"2009-10-15T21:40:29+00:00","mainEntityOfPage":{"@id":"https:\/\/www.oarcanjo.net\/site\/oracao-a-nossa-senhora-aparecida\/"},"wordCount":249,"commentCount":2,"publisher":{"@id":"https:\/\/www.oarcanjo.net\/site\/#organization"},"articleSection":["Jovens"],"inLanguage":"pt-BR","potentialAction":[{"@type":"CommentAction","name":"Comment","target":["https:\/\/www.oarcanjo.net\/site\/oracao-a-nossa-senhora-aparecida\/#respond"]}]},{"@type":"WebPage","@id":"https:\/\/www.oarcanjo.net\/site\/oracao-a-nossa-senhora-aparecida\/","url":"https:\/\/www.oarcanjo.net\/site\/oracao-a-nossa-senhora-aparecida\/","name":"Ora\u00e7\u00e3o a Nossa Senhora Aparecida - O Arcanjo no ar","isPartOf":{"@id":"https:\/\/www.oarcanjo.net\/site\/#website"},"datePublished":"2009-10-15T21:40:29+00:00","dateModified":"2009-10-15T21:40:29+00:00","breadcrumb":{"@id":"https:\/\/www.oarcanjo.net\/site\/oracao-a-nossa-senhora-aparecida\/#breadcrumb"},"inLanguage":"pt-BR","potentialAction":[{"@type":"ReadAction","target":["https:\/\/www.oarcanjo.net\/site\/oracao-a-nossa-senhora-aparecida\/"]}]},{"@type":"BreadcrumbList","@id":"https:\/\/www.oarcanjo.net\/site\/oracao-a-nossa-senhora-aparecida\/#breadcrumb","itemListElement":[{"@type":"ListItem","position":1,"name":"In\u00edcio","item":"https:\/\/www.oarcanjo.net\/site\/"},{"@type":"ListItem","position":2,"name":"Ora\u00e7\u00e3o a Nossa Senhora Aparecida"}]},{"@type":"WebSite","@id":"https:\/\/www.oarcanjo.net\/site\/#website","url":"https:\/\/www.oarcanjo.net\/site\/","name":"O Arcanjo no ar","description":"Site da Par\u00f3quia S\u00e3o Miguel Arcanjo (Arquidiocese de SP)","publisher":{"@id":"https:\/\/www.oarcanjo.net\/site\/#organization"},"potentialAction":[{"@type":"SearchAction","target":{"@type":"EntryPoint","urlTemplate":"https:\/\/www.oarcanjo.net\/site\/?s={search_term_string}"},"query-input":{"@type":"PropertyValueSpecification","valueRequired":true,"valueName":"search_term_string"}}],"inLanguage":"pt-BR"},{"@type":"Organization","@id":"https:\/\/www.oarcanjo.net\/site\/#organization","name":"Par\u00f3quia S\u00e3o Miguel Arcanjo","url":"https:\/\/www.oarcanjo.net\/site\/","logo":{"@type":"ImageObject","inLanguage":"pt-BR","@id":"https:\/\/www.oarcanjo.net\/site\/#\/schema\/logo\/image\/","url":"https:\/\/www.oarcanjo.net\/site\/wp-content\/uploads\/LogoOArcanjo.png","contentUrl":"https:\/\/www.oarcanjo.net\/site\/wp-content\/uploads\/LogoOArcanjo.png","width":319,"height":99,"caption":"Par\u00f3quia S\u00e3o Miguel Arcanjo"},"image":{"@id":"https:\/\/www.oarcanjo.net\/site\/#\/schema\/logo\/image\/"},"sameAs":["https:\/\/www.facebook.com\/OArcanjoNoAr\/"]},{"@type":"Person","@id":"https:\/\/www.oarcanjo.net\/site\/#\/schema\/person\/e54a5c62347067e278a5d0cf64f6a6e6","name":"mariana"}]}},"publishpress_future_action":{"enabled":false,"date":"2026-05-06 21:26:11","action":"category","newStatus":"draft","terms":[],"taxonomy":"category"},"publishpress_future_workflow_manual_trigger":{"enabledWorkflows":[]},"_links":{"self":[{"href":"https:\/\/www.oarcanjo.net\/site\/wp-json\/wp\/v2\/posts\/5678"}],"collection":[{"href":"https:\/\/www.oarcanjo.net\/site\/wp-json\/wp\/v2\/posts"}],"about":[{"href":"https:\/\/www.oarcanjo.net\/site\/wp-json\/wp\/v2\/types\/post"}],"author":[{"embeddable":true,"href":"https:\/\/www.oarcanjo.net\/site\/wp-json\/wp\/v2\/users\/12"}],"replies":[{"embeddable":true,"href":"https:\/\/www.oarcanjo.net\/site\/wp-json\/wp\/v2\/comments?post=5678"}],"version-history":[{"count":0,"href":"https:\/\/www.oarcanjo.net\/site\/wp-json\/wp\/v2\/posts\/5678\/revisions"}],"wp:attachment":[{"href":"https:\/\/www.oarcanjo.net\/site\/wp-json\/wp\/v2\/media?parent=5678"}],"wp:term":[{"taxonomy":"category","embeddable":true,"href":"https:\/\/www.oarcanjo.net\/site\/wp-json\/wp\/v2\/categories?post=5678"},{"taxonomy":"post_tag","embeddable":true,"href":"https:\/\/www.oarcanjo.net\/site\/wp-json\/wp\/v2\/tags?post=5678"}],"curies":[{"name":"wp","href":"https:\/\/api.w.org\/{rel}","templated":true}]}}