
{"id":5691,"date":"2009-10-17T11:36:29","date_gmt":"2009-10-17T14:36:29","guid":{"rendered":"http:\/\/www.oarcanjo.net\/site\/?p=5691"},"modified":"2009-10-19T05:10:42","modified_gmt":"2009-10-19T08:10:42","slug":"campanha-nacional-discute-qualidade-dos-programas-televisivos","status":"publish","type":"post","link":"https:\/\/www.oarcanjo.net\/site\/campanha-nacional-discute-qualidade-dos-programas-televisivos\/","title":{"rendered":"Campanha Nacional discute qualidade dos programas televisivos"},"content":{"rendered":"<p>Ag\u00eancia\u00a0Adital<\/p>\n<p>&#8220;H\u00e1 Qualidade na TV Brasileira?&#8221;. A indaga\u00e7\u00e3o \u00e9 o tema, este ano, do Dia Nacional Contra a Baixaria na TV, incentivado pela Campanha Nacional &#8220;Quem Financia a Baixaria \u00e9 contra a Cidadania&#8221;. Na data, celebrada sempre no dia 18 de outubro, ser\u00e1 veiculado o programa Ver TV Especial: &#8220;O que a TV Brasileira tem de bom para oferecer?&#8221;, a partir das 17h na TV Brasil e TV C\u00e2mara, como parte das a\u00e7\u00f5es de mobiliza\u00e7\u00e3o do Dia.<\/p>\n<p>A proposta de levar a campanha \u00e0 frente surgiu de entidades ligadas \u00e0 defesa dos direitos humanos e movimentos sociais relacionados \u00e0 \u00e1rea da comunica\u00e7\u00e3o, no sentido de fomentar o respeito aos pontos \u00e9ticos que deveriam nortear a imprensa televisiva, al\u00e9m de incentivar a participa\u00e7\u00e3o do povo, principal atingido pela m\u00eddia de baixaria, nas den\u00fancias dos casos mais graves.<\/p>\n<p>A Campanha &#8220;Quem Financia a Baixaria \u00e9 Contra a Cidadania&#8221;, lan\u00e7ada em 2002, j\u00e1 registrou mais de 35.000 den\u00fancias de telespectadores insatisfeitos com a falta de \u00e9tica na TV.<\/p>\n<p>Augustino Veit, membro da coordena\u00e7\u00e3o nacional da Campanha, explicou o procedimento que se segue ao recebimento da den\u00fancia pelas entidades parceiras: &#8220;As den\u00fancias recebidas s\u00e3o analisadas e, desde que devidamente fundamentadas, s\u00e3o encaminhadas ao Minist\u00e9rio P\u00fablico, que pode ajuizar uma a\u00e7\u00e3o judicial contra a emissora que exibe o programa&#8221;.<\/p>\n<p>Em outubro de 2005, por exemplo, ap\u00f3s tr\u00e2mite judicial iniciado pelo Minist\u00e9rio P\u00fablico em conjunto com seis organiza\u00e7\u00f5es n\u00e3o governamentais, o programa Tarde Quente, comandado pelo apresentador Jo\u00e3o Kleber, foi retirado do ar, depois de seguidas den\u00fancias de discrimina\u00e7\u00e3o e viola\u00e7\u00e3o dos direitos humanos.<\/p>\n<p>Augustino rebate as acusa\u00e7\u00f5es dos produtores, que recebem advert\u00eancias do Minist\u00e9rio P\u00fablico, de que a a\u00e7\u00e3o da Campanha \u00e9 uma forma de censura. &#8220;Tratar o que fazemos como censura \u00e9 uma estrat\u00e9gia ret\u00f3rica do empresariado para tentar negar o controle social que precisa ser exercido pelas institui\u00e7\u00f5es do governo&#8221;, diz ele. &#8220;As emissoras s\u00e3o concess\u00f5es p\u00fablicas, e devem primar pelo respeito \u00e1s normas constitucionais. A Campanha \u00e9 uma forma de controle p\u00fablico sobre concess\u00f5es p\u00fablicas&#8221;, completa.<\/p>\n<p>O tema da Campanha para o Dia Nacional Contra a Baixaria na TV \u00e9 inusitado por levantar um questionamento sobre a qualidade dos programas que dispomos nas redes de televis\u00e3o brasileira. Segundo a coordena\u00e7\u00e3o da Campanha, o tema deve instigar uma reflex\u00e3o nos espectadores acerca do assunto. Augustino destaca ainda o artigo 221 da Constitui\u00e7\u00e3o Federal Brasileira, &#8220;que explicita o dever das emissoras de informar, divertir e prestigiar a programa\u00e7\u00e3o regional, sempre com a observ\u00e2ncia dos padr\u00f5es \u00e9ticos&#8221;.<\/p>\n<p><strong>O Melhor Programa da TV aberta brasileira<\/strong><\/p>\n<p>A Campanha para o Dia Nacional Contra a Baixaria na TV convidou um grupo de especialistas ligados \u00e0 comunica\u00e7\u00e3o para indicar uma lista com os cinco melhores programas em exibi\u00e7\u00e3o na TV aberta brasileira.<\/p>\n<p>Os escolhidos participam de uma enquete, cujo resultado final ser\u00e1 divulgado no dia 18, e funcionam como est\u00edmulo aos demais programas. Os concorrentes s\u00e3o: CQC, Observat\u00f3rio de Imprensa, Roda Viva, Altas Horas e Castelo R\u00e1 Tim Bum.<\/p>\n<p>Para votar na enquete ou denunciar algum programa: <a title=\"Site \u00c9tica na TV\" href=\"http:\/\/www.eticanatv.org.br\/\" target=\"_blank\">http:\/\/www.eticanatv.org.br\/<\/a><\/p>\n<div id=\"themify_builder_content-5691\" data-postid=\"5691\" class=\"themify_builder_content themify_builder_content-5691 themify_builder themify_builder_front\">\n\t<\/div>\n<!-- \/themify_builder_content -->","protected":false},"excerpt":{"rendered":"<p>Ag\u00eancia\u00a0Adital &#8220;H\u00e1 Qualidade na TV Brasileira?&#8221;. A indaga\u00e7\u00e3o \u00e9 o tema, este ano, do Dia Nacional Contra a Baixaria na TV, incentivado pela Campanha Nacional &#8220;Quem Financia a Baixaria \u00e9 contra a Cidadania&#8221;. Na data, celebrada sempre no dia 18 de outubro, ser\u00e1 veiculado o programa Ver TV Especial: &#8220;O que a TV Brasileira tem [&hellip;]<\/p>\n","protected":false},"author":5,"featured_media":0,"comment_status":"open","ping_status":"open","sticky":false,"template":"","format":"standard","meta":{"ngg_post_thumbnail":0,"footnotes":""},"categories":[8],"tags":[1173,27,1174,1172,182,1171],"yoast_head":"<!-- This site is optimized with the Yoast SEO plugin v23.5 - https:\/\/yoast.com\/wordpress\/plugins\/seo\/ -->\n<title>Campanha Nacional discute qualidade dos programas televisivos - O Arcanjo no ar<\/title>\n<meta name=\"robots\" content=\"index, follow, max-snippet:-1, max-image-preview:large, max-video-preview:-1\" \/>\n<link rel=\"canonical\" href=\"https:\/\/www.oarcanjo.net\/site\/campanha-nacional-discute-qualidade-dos-programas-televisivos\/\" \/>\n<meta property=\"og:locale\" content=\"pt_BR\" \/>\n<meta property=\"og:type\" content=\"article\" \/>\n<meta property=\"og:title\" content=\"Campanha Nacional discute qualidade dos programas televisivos - O Arcanjo no ar\" \/>\n<meta property=\"og:description\" content=\"Ag\u00eancia\u00a0Adital &#8220;H\u00e1 Qualidade na TV Brasileira?&#8221;. A indaga\u00e7\u00e3o \u00e9 o tema, este ano, do Dia Nacional Contra a Baixaria na TV, incentivado pela Campanha Nacional &#8220;Quem Financia a Baixaria \u00e9 contra a Cidadania&#8221;. Na data, celebrada sempre no dia 18 de outubro, ser\u00e1 veiculado o programa Ver TV Especial: &#8220;O que a TV Brasileira tem [&hellip;]\" \/>\n<meta property=\"og:url\" content=\"https:\/\/www.oarcanjo.net\/site\/campanha-nacional-discute-qualidade-dos-programas-televisivos\/\" \/>\n<meta property=\"og:site_name\" content=\"O Arcanjo no ar\" \/>\n<meta property=\"article:publisher\" content=\"https:\/\/www.facebook.com\/OArcanjoNoAr\/\" \/>\n<meta property=\"article:published_time\" content=\"2009-10-17T14:36:29+00:00\" \/>\n<meta property=\"article:modified_time\" content=\"2009-10-19T08:10:42+00:00\" \/>\n<meta property=\"og:image\" content=\"https:\/\/www.oarcanjo.net\/site\/wp-content\/uploads\/logo-o-arcanjo-no-ar-facebook.png\" \/>\n\t<meta property=\"og:image:width\" content=\"300\" \/>\n\t<meta property=\"og:image:height\" content=\"300\" \/>\n\t<meta property=\"og:image:type\" content=\"image\/png\" \/>\n<meta name=\"author\" content=\"editor\" \/>\n<meta name=\"twitter:card\" content=\"summary_large_image\" \/>\n<meta name=\"twitter:label1\" content=\"Escrito por\" \/>\n\t<meta name=\"twitter:data1\" content=\"editor\" \/>\n\t<meta name=\"twitter:label2\" content=\"Est. tempo de leitura\" \/>\n\t<meta name=\"twitter:data2\" content=\"3 minutos\" \/>\n<script type=\"application\/ld+json\" class=\"yoast-schema-graph\">{\"@context\":\"https:\/\/schema.org\",\"@graph\":[{\"@type\":\"Article\",\"@id\":\"https:\/\/www.oarcanjo.net\/site\/campanha-nacional-discute-qualidade-dos-programas-televisivos\/#article\",\"isPartOf\":{\"@id\":\"https:\/\/www.oarcanjo.net\/site\/campanha-nacional-discute-qualidade-dos-programas-televisivos\/\"},\"author\":{\"name\":\"editor\",\"@id\":\"https:\/\/www.oarcanjo.net\/site\/#\/schema\/person\/f7024d007863202483a31326673a0838\"},\"headline\":\"Campanha Nacional discute qualidade dos programas televisivos\",\"datePublished\":\"2009-10-17T14:36:29+00:00\",\"dateModified\":\"2009-10-19T08:10:42+00:00\",\"mainEntityOfPage\":{\"@id\":\"https:\/\/www.oarcanjo.net\/site\/campanha-nacional-discute-qualidade-dos-programas-televisivos\/\"},\"wordCount\":550,\"commentCount\":3,\"publisher\":{\"@id\":\"https:\/\/www.oarcanjo.net\/site\/#organization\"},\"keywords\":[\"censura\",\"comunica\u00e7\u00e3o\",\"Dia Nacional contra a Baixaria na TV\",\"\u00e9tica na TV\",\"meios de comunica\u00e7\u00e3o\",\"Quem financia a baixaria \u00e9 contra a cidadania\"],\"articleSection\":[\"Not\u00edcias\"],\"inLanguage\":\"pt-BR\",\"potentialAction\":[{\"@type\":\"CommentAction\",\"name\":\"Comment\",\"target\":[\"https:\/\/www.oarcanjo.net\/site\/campanha-nacional-discute-qualidade-dos-programas-televisivos\/#respond\"]}]},{\"@type\":\"WebPage\",\"@id\":\"https:\/\/www.oarcanjo.net\/site\/campanha-nacional-discute-qualidade-dos-programas-televisivos\/\",\"url\":\"https:\/\/www.oarcanjo.net\/site\/campanha-nacional-discute-qualidade-dos-programas-televisivos\/\",\"name\":\"Campanha Nacional discute qualidade dos programas televisivos - O Arcanjo no ar\",\"isPartOf\":{\"@id\":\"https:\/\/www.oarcanjo.net\/site\/#website\"},\"datePublished\":\"2009-10-17T14:36:29+00:00\",\"dateModified\":\"2009-10-19T08:10:42+00:00\",\"breadcrumb\":{\"@id\":\"https:\/\/www.oarcanjo.net\/site\/campanha-nacional-discute-qualidade-dos-programas-televisivos\/#breadcrumb\"},\"inLanguage\":\"pt-BR\",\"potentialAction\":[{\"@type\":\"ReadAction\",\"target\":[\"https:\/\/www.oarcanjo.net\/site\/campanha-nacional-discute-qualidade-dos-programas-televisivos\/\"]}]},{\"@type\":\"BreadcrumbList\",\"@id\":\"https:\/\/www.oarcanjo.net\/site\/campanha-nacional-discute-qualidade-dos-programas-televisivos\/#breadcrumb\",\"itemListElement\":[{\"@type\":\"ListItem\",\"position\":1,\"name\":\"In\u00edcio\",\"item\":\"https:\/\/www.oarcanjo.net\/site\/\"},{\"@type\":\"ListItem\",\"position\":2,\"name\":\"Campanha Nacional discute qualidade dos programas televisivos\"}]},{\"@type\":\"WebSite\",\"@id\":\"https:\/\/www.oarcanjo.net\/site\/#website\",\"url\":\"https:\/\/www.oarcanjo.net\/site\/\",\"name\":\"O Arcanjo no ar\",\"description\":\"Site da Par\u00f3quia S\u00e3o Miguel Arcanjo (Arquidiocese de SP)\",\"publisher\":{\"@id\":\"https:\/\/www.oarcanjo.net\/site\/#organization\"},\"potentialAction\":[{\"@type\":\"SearchAction\",\"target\":{\"@type\":\"EntryPoint\",\"urlTemplate\":\"https:\/\/www.oarcanjo.net\/site\/?s={search_term_string}\"},\"query-input\":{\"@type\":\"PropertyValueSpecification\",\"valueRequired\":true,\"valueName\":\"search_term_string\"}}],\"inLanguage\":\"pt-BR\"},{\"@type\":\"Organization\",\"@id\":\"https:\/\/www.oarcanjo.net\/site\/#organization\",\"name\":\"Par\u00f3quia S\u00e3o Miguel Arcanjo\",\"url\":\"https:\/\/www.oarcanjo.net\/site\/\",\"logo\":{\"@type\":\"ImageObject\",\"inLanguage\":\"pt-BR\",\"@id\":\"https:\/\/www.oarcanjo.net\/site\/#\/schema\/logo\/image\/\",\"url\":\"https:\/\/www.oarcanjo.net\/site\/wp-content\/uploads\/LogoOArcanjo.png\",\"contentUrl\":\"https:\/\/www.oarcanjo.net\/site\/wp-content\/uploads\/LogoOArcanjo.png\",\"width\":319,\"height\":99,\"caption\":\"Par\u00f3quia S\u00e3o Miguel Arcanjo\"},\"image\":{\"@id\":\"https:\/\/www.oarcanjo.net\/site\/#\/schema\/logo\/image\/\"},\"sameAs\":[\"https:\/\/www.facebook.com\/OArcanjoNoAr\/\"]},{\"@type\":\"Person\",\"@id\":\"https:\/\/www.oarcanjo.net\/site\/#\/schema\/person\/f7024d007863202483a31326673a0838\",\"name\":\"editor\",\"sameAs\":[\"http:\/\/www.oarcanjo.net\"]}]}<\/script>\n<!-- \/ Yoast SEO plugin. -->","yoast_head_json":{"title":"Campanha Nacional discute qualidade dos programas televisivos - O Arcanjo no ar","robots":{"index":"index","follow":"follow","max-snippet":"max-snippet:-1","max-image-preview":"max-image-preview:large","max-video-preview":"max-video-preview:-1"},"canonical":"https:\/\/www.oarcanjo.net\/site\/campanha-nacional-discute-qualidade-dos-programas-televisivos\/","og_locale":"pt_BR","og_type":"article","og_title":"Campanha Nacional discute qualidade dos programas televisivos - O Arcanjo no ar","og_description":"Ag\u00eancia\u00a0Adital &#8220;H\u00e1 Qualidade na TV Brasileira?&#8221;. A indaga\u00e7\u00e3o \u00e9 o tema, este ano, do Dia Nacional Contra a Baixaria na TV, incentivado pela Campanha Nacional &#8220;Quem Financia a Baixaria \u00e9 contra a Cidadania&#8221;. Na data, celebrada sempre no dia 18 de outubro, ser\u00e1 veiculado o programa Ver TV Especial: &#8220;O que a TV Brasileira tem [&hellip;]","og_url":"https:\/\/www.oarcanjo.net\/site\/campanha-nacional-discute-qualidade-dos-programas-televisivos\/","og_site_name":"O Arcanjo no ar","article_publisher":"https:\/\/www.facebook.com\/OArcanjoNoAr\/","article_published_time":"2009-10-17T14:36:29+00:00","article_modified_time":"2009-10-19T08:10:42+00:00","og_image":[{"width":300,"height":300,"url":"https:\/\/www.oarcanjo.net\/site\/wp-content\/uploads\/logo-o-arcanjo-no-ar-facebook.png","type":"image\/png"}],"author":"editor","twitter_card":"summary_large_image","twitter_misc":{"Escrito por":"editor","Est. tempo de leitura":"3 minutos"},"schema":{"@context":"https:\/\/schema.org","@graph":[{"@type":"Article","@id":"https:\/\/www.oarcanjo.net\/site\/campanha-nacional-discute-qualidade-dos-programas-televisivos\/#article","isPartOf":{"@id":"https:\/\/www.oarcanjo.net\/site\/campanha-nacional-discute-qualidade-dos-programas-televisivos\/"},"author":{"name":"editor","@id":"https:\/\/www.oarcanjo.net\/site\/#\/schema\/person\/f7024d007863202483a31326673a0838"},"headline":"Campanha Nacional discute qualidade dos programas televisivos","datePublished":"2009-10-17T14:36:29+00:00","dateModified":"2009-10-19T08:10:42+00:00","mainEntityOfPage":{"@id":"https:\/\/www.oarcanjo.net\/site\/campanha-nacional-discute-qualidade-dos-programas-televisivos\/"},"wordCount":550,"commentCount":3,"publisher":{"@id":"https:\/\/www.oarcanjo.net\/site\/#organization"},"keywords":["censura","comunica\u00e7\u00e3o","Dia Nacional contra a Baixaria na TV","\u00e9tica na TV","meios de comunica\u00e7\u00e3o","Quem financia a baixaria \u00e9 contra a cidadania"],"articleSection":["Not\u00edcias"],"inLanguage":"pt-BR","potentialAction":[{"@type":"CommentAction","name":"Comment","target":["https:\/\/www.oarcanjo.net\/site\/campanha-nacional-discute-qualidade-dos-programas-televisivos\/#respond"]}]},{"@type":"WebPage","@id":"https:\/\/www.oarcanjo.net\/site\/campanha-nacional-discute-qualidade-dos-programas-televisivos\/","url":"https:\/\/www.oarcanjo.net\/site\/campanha-nacional-discute-qualidade-dos-programas-televisivos\/","name":"Campanha Nacional discute qualidade dos programas televisivos - O Arcanjo no ar","isPartOf":{"@id":"https:\/\/www.oarcanjo.net\/site\/#website"},"datePublished":"2009-10-17T14:36:29+00:00","dateModified":"2009-10-19T08:10:42+00:00","breadcrumb":{"@id":"https:\/\/www.oarcanjo.net\/site\/campanha-nacional-discute-qualidade-dos-programas-televisivos\/#breadcrumb"},"inLanguage":"pt-BR","potentialAction":[{"@type":"ReadAction","target":["https:\/\/www.oarcanjo.net\/site\/campanha-nacional-discute-qualidade-dos-programas-televisivos\/"]}]},{"@type":"BreadcrumbList","@id":"https:\/\/www.oarcanjo.net\/site\/campanha-nacional-discute-qualidade-dos-programas-televisivos\/#breadcrumb","itemListElement":[{"@type":"ListItem","position":1,"name":"In\u00edcio","item":"https:\/\/www.oarcanjo.net\/site\/"},{"@type":"ListItem","position":2,"name":"Campanha Nacional discute qualidade dos programas televisivos"}]},{"@type":"WebSite","@id":"https:\/\/www.oarcanjo.net\/site\/#website","url":"https:\/\/www.oarcanjo.net\/site\/","name":"O Arcanjo no ar","description":"Site da Par\u00f3quia S\u00e3o Miguel Arcanjo (Arquidiocese de SP)","publisher":{"@id":"https:\/\/www.oarcanjo.net\/site\/#organization"},"potentialAction":[{"@type":"SearchAction","target":{"@type":"EntryPoint","urlTemplate":"https:\/\/www.oarcanjo.net\/site\/?s={search_term_string}"},"query-input":{"@type":"PropertyValueSpecification","valueRequired":true,"valueName":"search_term_string"}}],"inLanguage":"pt-BR"},{"@type":"Organization","@id":"https:\/\/www.oarcanjo.net\/site\/#organization","name":"Par\u00f3quia S\u00e3o Miguel Arcanjo","url":"https:\/\/www.oarcanjo.net\/site\/","logo":{"@type":"ImageObject","inLanguage":"pt-BR","@id":"https:\/\/www.oarcanjo.net\/site\/#\/schema\/logo\/image\/","url":"https:\/\/www.oarcanjo.net\/site\/wp-content\/uploads\/LogoOArcanjo.png","contentUrl":"https:\/\/www.oarcanjo.net\/site\/wp-content\/uploads\/LogoOArcanjo.png","width":319,"height":99,"caption":"Par\u00f3quia S\u00e3o Miguel Arcanjo"},"image":{"@id":"https:\/\/www.oarcanjo.net\/site\/#\/schema\/logo\/image\/"},"sameAs":["https:\/\/www.facebook.com\/OArcanjoNoAr\/"]},{"@type":"Person","@id":"https:\/\/www.oarcanjo.net\/site\/#\/schema\/person\/f7024d007863202483a31326673a0838","name":"editor","sameAs":["http:\/\/www.oarcanjo.net"]}]}},"publishpress_future_action":{"enabled":false,"date":"2026-05-06 20:51:46","action":"category","newStatus":"draft","terms":[],"taxonomy":"category"},"publishpress_future_workflow_manual_trigger":{"enabledWorkflows":[]},"_links":{"self":[{"href":"https:\/\/www.oarcanjo.net\/site\/wp-json\/wp\/v2\/posts\/5691"}],"collection":[{"href":"https:\/\/www.oarcanjo.net\/site\/wp-json\/wp\/v2\/posts"}],"about":[{"href":"https:\/\/www.oarcanjo.net\/site\/wp-json\/wp\/v2\/types\/post"}],"author":[{"embeddable":true,"href":"https:\/\/www.oarcanjo.net\/site\/wp-json\/wp\/v2\/users\/5"}],"replies":[{"embeddable":true,"href":"https:\/\/www.oarcanjo.net\/site\/wp-json\/wp\/v2\/comments?post=5691"}],"version-history":[{"count":0,"href":"https:\/\/www.oarcanjo.net\/site\/wp-json\/wp\/v2\/posts\/5691\/revisions"}],"wp:attachment":[{"href":"https:\/\/www.oarcanjo.net\/site\/wp-json\/wp\/v2\/media?parent=5691"}],"wp:term":[{"taxonomy":"category","embeddable":true,"href":"https:\/\/www.oarcanjo.net\/site\/wp-json\/wp\/v2\/categories?post=5691"},{"taxonomy":"post_tag","embeddable":true,"href":"https:\/\/www.oarcanjo.net\/site\/wp-json\/wp\/v2\/tags?post=5691"}],"curies":[{"name":"wp","href":"https:\/\/api.w.org\/{rel}","templated":true}]}}