
{"id":5694,"date":"2009-10-17T08:00:54","date_gmt":"2009-10-17T11:00:54","guid":{"rendered":"http:\/\/www.oarcanjo.net\/site\/?p=5694"},"modified":"2009-10-17T11:41:19","modified_gmt":"2009-10-17T14:41:19","slug":"mensagem-do-papa-para-o-dia-mundial-das-missoes","status":"publish","type":"post","link":"https:\/\/www.oarcanjo.net\/site\/mensagem-do-papa-para-o-dia-mundial-das-missoes\/","title":{"rendered":"Mensagem do Papa para o Dia Mundial das Miss\u00f5es"},"content":{"rendered":"<p>Neste domingo dedicado \u00e0s miss\u00f5es, me dirijo, sobretudo a v\u00f3s, irm\u00e3os no minist\u00e9rio episcopal e sacerdotal, e tamb\u00e9m aos irm\u00e3os e irm\u00e3s do Povo de Deus, a fim de vos exortar a reavivar em si a consci\u00eancia do mandato mission\u00e1rio de Cristo para que &#8220;todos os povos se tornem seus disc\u00edpulos&#8221; (Mt 28,19), seguindo as pegadas de S\u00e3o Paulo, o ap\u00f3stolo dos gentios.<\/p>\n<p>&#8220;As na\u00e7\u00f5es caminhar\u00e3o \u00e0 sua luz&#8221; (Ap 21, 24). O objetivo da miss\u00e3o da Igreja \u00e9 iluminar com a luz do Evangelho todos os povos em seu caminhar na hist\u00f3ria rumo a Deus, pois Nele encontramos a sua plena realiza\u00e7\u00e3o. Devemos sentir o anseio e a paix\u00e3o de iluminar todos os povos, com a luz de Cristo, que resplandece no rosto da Igreja, para que todos se re\u00fanam na \u00fanica fam\u00edlia humana, sob a am\u00e1vel paternidade de Deus.<\/p>\n<p>\u00c9 nesta perspectiva que os disc\u00edpulos de Cristo espalhados pelo mundo trabalham, se dedicam, gemem sob o peso dos sofrimentos e doam a vida. Reitero com veem\u00eancia o que muitas vezes foi dito pelos meus predecessores: a Igreja n\u00e3o age para ampliar o seu poder ou refor\u00e7ar o seu dom\u00ednio, mas para levar a todos Cristo, salva\u00e7\u00e3o do mundo. Pedimos somente nos colocar a servi\u00e7o da humanidade, sobretudo daquela sofredora e marginalizada, porque acreditamos que &#8220;o compromisso de anunciar o Evangelho aos homens de nosso tempo\u2026 \u00e9 sem d\u00favida alguma um servi\u00e7o prestado \u00e0 comunidade crist\u00e3, mas tamb\u00e9m a toda a humanidade&#8221; (Evangelii nuntiandi, 1), que &#8220;apesar de conhecer realiza\u00e7\u00f5es maravilhosas, parece ter perdido o sentido \u00faltimo das coisas e de sua pr\u00f3pria exist\u00eancia&#8221;(Redemptoris missio, 2).<\/p>\n<p><strong>1. Todos os povos s\u00e3o chamados \u00e0 salva\u00e7\u00e3o.<\/strong><\/p>\n<p>Na verdade, a humanidade inteira tem a voca\u00e7\u00e3o radical de voltar \u00e0 sua origem, que \u00e9 Deus, somente no Qual ela encontrar\u00e1 a sua plenitude por meio da restaura\u00e7\u00e3o de todas as coisas em Cristo. A dispers\u00e3o, a multiplicidade, o conflito, a inimizade ser\u00e3o repacificadas e reconciliadas atrav\u00e9s do sangue da Cruz e reconduzidas \u00e0 unidade.<\/p>\n<p>O novo in\u00edcio j\u00e1 come\u00e7ou com a ressurrei\u00e7\u00e3o e a exalta\u00e7\u00e3o de Cristo, que atrai a si todas as coisas, as renova, as tornam participantes da eterna gl\u00f3ria de Deus. O futuro da nova cria\u00e7\u00e3o brilha j\u00e1 em nosso mundo e acende, mesmo se em meio a contradi\u00e7\u00f5es e sofrimentos, a nossa esperan\u00e7a por uma vida nova. A miss\u00e3o da Igreja \u00e9 &#8220;contagiar&#8221; de esperan\u00e7a todos os povos. Por isto, Cristo chama, justifica, santifica e envia os seus disc\u00edpulos para anunciar o Reino de Deus, a fim de que todas as na\u00e7\u00f5es se tornem Povo de Deus. \u00c9 somente nesta miss\u00e3o que se compreende e se confirma o verdadeiro caminho hist\u00f3rico da humanidade. A miss\u00e3o universal deve se tornar uma constante fundamental na vida da Igreja. Anunciar o Evangelho deve ser para n\u00f3s, como j\u00e1 dizia o ap\u00f3stolo Paulo, um compromisso impreter\u00edvel e prim\u00e1rio.<\/p>\n<p><strong>2. Igreja peregrina<\/strong><\/p>\n<p>A Igreja Universal, sem confim e sem fronteiras, se sente respons\u00e1vel por anunciar o Evangelho a todos os povos (cfr. Evangelii nuntiandi, 53). Ela, germe de esperan\u00e7a por voca\u00e7\u00e3o, deve continuar o servi\u00e7o de Cristo no mundo. A sua miss\u00e3o e o seu servi\u00e7o n\u00e3o se limitam \u00e0s necessidades materiais ou mesmo espirituais que se exaurem no \u00e2mbito da exist\u00eancia temporal, mas na salva\u00e7\u00e3o transcendente que se realiza no Reino de Deus. (cfr. Evangelii nuntiandi, 27).<\/p>\n<p>Este Reino, mesmo sendo em sua ess\u00eancia escatol\u00f3gico e n\u00e3o deste mundo (cfr. Jo 18,36), est\u00e1 tamb\u00e9m neste mundo e em sua hist\u00f3ria \u00e9 for\u00e7a de justi\u00e7a, paz, verdadeira liberdade e respeito pela dignidade de todo ser humano. A Igreja mira em transformar o mundo com a proclama\u00e7\u00e3o do Evangelho do amor, &#8220;que ilumina incessantemente um mundo \u00e0s escuras e nos d\u00e1 a coragem de viver e agir e\u2026 deste modo, fazer entrar a luz de Deus no mundo&#8221; (Deus caritas est, 39). Esta \u00e9 a miss\u00e3o e o servi\u00e7o que, tamb\u00e9m com esta Mensagem, chamo a participar todos os membros e institui\u00e7\u00f5es da Igreja.<\/p>\n<p><strong>3. Miss\u00e3o ad gentes<\/strong><\/p>\n<p>A miss\u00e3o da Igreja \u00e9 chamar todos os povos \u00e0 salva\u00e7\u00e3o realizada por Deus em seu Filho encarnado. \u00c9 necess\u00e1rio, portanto, renovar o compromisso de anunciar o Evangelho, fermento de liberdade e progresso, fraternidade, uni\u00e3o e paz (cfr. Ad gentes, 8). Desejo &#8220;novamente confirmar que a tarefa de evangelizar todos os homens constitui a miss\u00e3o essencial da Igreja&#8221;(Evangelii nuntiandi, 14), tarefa e miss\u00e3o que as vastas e profundas mudan\u00e7as da sociedade atual tornam ainda mais urgentes. Est\u00e1 em quest\u00e3o a salva\u00e7\u00e3o eterna das pessoas, o fim e a plenitude da hist\u00f3ria humana e do universo. Animados e inspirados pelo Ap\u00f3stolo dos Gentios, devemos estar conscientes de que Deus tem um povo numeroso em todas as cidades percorridas tamb\u00e9m pelos ap\u00f3stolos de hoje (cfr. At 18, 10). De fato, &#8220;a promessa \u00e9 em favor de todos aqueles que est\u00e3o longe, todos aqueles que o Senhor nosso Deus chamar &#8220;(At 2,39).<\/p>\n<p>Toda a Igreja deve se empenhar na miss\u00e3o ad gentes, enquanto a soberania salv\u00edfica de Cristo n\u00e3o est\u00e1 plenamente realizada: &#8220;Agora, por\u00e9m, ainda n\u00e3o vemos que tudo lhe esteja submisso&#8221; (Hb 2,8).<\/p>\n<p><strong>4. Chamados a evangelizar tamb\u00e9m por meio do mart\u00edrio<\/strong><\/p>\n<p>Neste dia dedicado \u00e0s miss\u00f5es, recordo na ora\u00e7\u00e3o aqueles que fizeram de suas vidas uma exclusiva consagra\u00e7\u00e3o ao trabalho de evangeliza\u00e7\u00e3o. Menciono em particular as Igrejas locais, os mission\u00e1rios e mission\u00e1rias que testemunham e propagam o Reino de Deus em situa\u00e7\u00f5es de persegui\u00e7\u00e3o, com formas de opress\u00e3o que v\u00e3o desde a discrimina\u00e7\u00e3o social at\u00e9 a pris\u00e3o, a tortura e a morte. N\u00e3o s\u00e3o poucos aqueles que atualmente s\u00e3o levados \u00e0 morte por causa de seu &#8220;Nome&#8221;. \u00c9 ainda de grande atualidade o que escreveu o meu venerado predecessor papa Jo\u00e3o Paulo II: &#8220;A comemora\u00e7\u00e3o jubilar descerrou-nos um cen\u00e1rio surpreendente, mostrando o nosso tempo particularmente rico de testemunhas, que souberam, ora dum modo ora doutro, viver o Evangelho em situa\u00e7\u00f5es de hostilidade e persegui\u00e7\u00e3o at\u00e9 darem muitas vezes a prova suprema do sangue&#8221; (Novo millennio ineunte, 41).<\/p>\n<p>A participa\u00e7\u00e3o na miss\u00e3o de Cristo, de fato, destaca tamb\u00e9m a vida dos anunciadores do Evangelho, aos quais \u00e9 reservado o mesmo destino de seu Mestre. &#8220;Lembrai-vos do que eu disse: nenhum empregado \u00e9 maior do que seu patr\u00e3o. Se perseguiram a mim, v\u00e3o perseguir a v\u00f3s tamb\u00e9m&#8221; (Jo 15,20). A Igreja se coloca no mesmo caminho e passa por tudo aquilo que Cristo passou, porque n\u00e3o age baseando-se numa l\u00f3gica humana ou com a for\u00e7a, mas seguindo o caminho da Cruz e se fazendo, em obedi\u00eancia filial ao Pai, testemunha e companheira de viagem desta humanidade.<\/p>\n<p>\u00c0s Igrejas antigas como as de recente funda\u00e7\u00e3o, recordo que s\u00e3o colocadas pelo Senhor como sal da terra e luz do mundo, chamadas a irradiar Cristo, Luz do mundo, at\u00e9 os extremos confins da terra. A miss\u00e3o ad gentes deve ser a prioridade de seus planos pastorais.<\/p>\n<p>Agrade\u00e7o e encorajo as Pontif\u00edcias Obras Mission\u00e1rias pelo indispens\u00e1vel trabalho a servi\u00e7o da anima\u00e7\u00e3o, forma\u00e7\u00e3o mission\u00e1ria e ajuda econ\u00f4mica \u00e0s jovens Igrejas. Por meio destas institui\u00e7\u00f5es pontif\u00edcias, se realiza de forma admir\u00e1vel a comunh\u00e3o entre as Igrejas, com a troca de dons, na solicitude rec\u00edproca e na comum projetualidade mission\u00e1ria.<\/p>\n<p><strong>5. Conclus\u00e3o<\/strong><\/p>\n<p>O impulso mission\u00e1rio sempre foi sinal de vitalidade de nossas Igrejas (cfr. Redemptoris missio, 2). \u00c9 preciso, todavia, reafirmar que a evangeliza\u00e7\u00e3o \u00e9 obra do Esp\u00edrito, e que antes mesmo de ser a\u00e7\u00e3o, \u00e9 testemunho e irradia\u00e7\u00e3o da luz de Cristo (cfr. Redemptoris missio, 26) atrav\u00e9s da Igreja local, que envia os seus mission\u00e1rios e mission\u00e1rias para al\u00e9m de suas fronteiras. Rogo a todos os cat\u00f3licos para que pe\u00e7am ao Esp\u00edrito Santo que aumente na Igreja a paix\u00e3o pela miss\u00e3o de proclamar o Reino de Deus e ajudar os mission\u00e1rios, as mission\u00e1rias e as comunidades crist\u00e3s empenhadas nesta miss\u00e3o, muitas vezes em ambientes hostis de persegui\u00e7\u00e3o.<\/p>\n<p>Ao mesmo tempo, convido todos a darem um sinal cr\u00edvel da comunh\u00e3o entre as Igrejas, com uma ajuda econ\u00f4mica, especialmente neste per\u00edodo de crise que a humanidade est\u00e1 vivendo, a fim de colocar as jovens Igrejas em condi\u00e7\u00f5es de iluminar as pessoas com o Evangelho da caridade.<\/p>\n<p>Guie-nos em nossa a\u00e7\u00e3o mission\u00e1ria a Virgem Maria, Estrela da Evangeliza\u00e7\u00e3o, que deu ao mundo Cristo, luz das na\u00e7\u00f5es, para que leve a salva\u00e7\u00e3o &#8220;at\u00e9 aos extremos da terra&#8221; (At 13,47). A todos, a minha b\u00ean\u00e7\u00e3o.<\/p>\n<p>Cidade do Vaticano, 29 de junho de 2009<\/p>\n<p>BENEDICTUS PP. XVI<\/p>\n<div id=\"themify_builder_content-5694\" data-postid=\"5694\" class=\"themify_builder_content themify_builder_content-5694 themify_builder themify_builder_front\">\n\t<\/div>\n<!-- \/themify_builder_content -->","protected":false},"excerpt":{"rendered":"<p>Neste domingo dedicado \u00e0s miss\u00f5es, me dirijo, sobretudo a v\u00f3s, irm\u00e3os no minist\u00e9rio episcopal e sacerdotal, e tamb\u00e9m aos irm\u00e3os e irm\u00e3s do Povo de Deus, a fim de vos exortar a reavivar em si a consci\u00eancia do mandato mission\u00e1rio de Cristo para que &#8220;todos os povos se tornem seus disc\u00edpulos&#8221; (Mt 28,19), seguindo as [&hellip;]<\/p>\n","protected":false},"author":5,"featured_media":0,"comment_status":"open","ping_status":"open","sticky":false,"template":"","format":"standard","meta":{"ngg_post_thumbnail":0,"footnotes":""},"categories":[8],"tags":[206,846,1175,40],"yoast_head":"<!-- This site is optimized with the Yoast SEO plugin v23.5 - https:\/\/yoast.com\/wordpress\/plugins\/seo\/ -->\n<title>Mensagem do Papa para o Dia Mundial das Miss\u00f5es - O Arcanjo no ar<\/title>\n<meta name=\"robots\" content=\"index, follow, max-snippet:-1, max-image-preview:large, max-video-preview:-1\" \/>\n<link rel=\"canonical\" href=\"https:\/\/www.oarcanjo.net\/site\/mensagem-do-papa-para-o-dia-mundial-das-missoes\/\" \/>\n<meta property=\"og:locale\" content=\"pt_BR\" \/>\n<meta property=\"og:type\" content=\"article\" \/>\n<meta property=\"og:title\" content=\"Mensagem do Papa para o Dia Mundial das Miss\u00f5es - O Arcanjo no ar\" \/>\n<meta property=\"og:description\" content=\"Neste domingo dedicado \u00e0s miss\u00f5es, me dirijo, sobretudo a v\u00f3s, irm\u00e3os no minist\u00e9rio episcopal e sacerdotal, e tamb\u00e9m aos irm\u00e3os e irm\u00e3s do Povo de Deus, a fim de vos exortar a reavivar em si a consci\u00eancia do mandato mission\u00e1rio de Cristo para que &#8220;todos os povos se tornem seus disc\u00edpulos&#8221; (Mt 28,19), seguindo as [&hellip;]\" \/>\n<meta property=\"og:url\" content=\"https:\/\/www.oarcanjo.net\/site\/mensagem-do-papa-para-o-dia-mundial-das-missoes\/\" \/>\n<meta property=\"og:site_name\" content=\"O Arcanjo no ar\" \/>\n<meta property=\"article:publisher\" content=\"https:\/\/www.facebook.com\/OArcanjoNoAr\/\" \/>\n<meta property=\"article:published_time\" content=\"2009-10-17T11:00:54+00:00\" \/>\n<meta property=\"article:modified_time\" content=\"2009-10-17T14:41:19+00:00\" \/>\n<meta property=\"og:image\" content=\"https:\/\/www.oarcanjo.net\/site\/wp-content\/uploads\/logo-o-arcanjo-no-ar-facebook.png\" \/>\n\t<meta property=\"og:image:width\" content=\"300\" \/>\n\t<meta property=\"og:image:height\" content=\"300\" \/>\n\t<meta property=\"og:image:type\" content=\"image\/png\" \/>\n<meta name=\"author\" content=\"editor\" \/>\n<meta name=\"twitter:card\" content=\"summary_large_image\" \/>\n<meta name=\"twitter:label1\" content=\"Escrito por\" \/>\n\t<meta name=\"twitter:data1\" content=\"editor\" \/>\n\t<meta name=\"twitter:label2\" content=\"Est. tempo de leitura\" \/>\n\t<meta name=\"twitter:data2\" content=\"8 minutos\" \/>\n<script type=\"application\/ld+json\" class=\"yoast-schema-graph\">{\"@context\":\"https:\/\/schema.org\",\"@graph\":[{\"@type\":\"Article\",\"@id\":\"https:\/\/www.oarcanjo.net\/site\/mensagem-do-papa-para-o-dia-mundial-das-missoes\/#article\",\"isPartOf\":{\"@id\":\"https:\/\/www.oarcanjo.net\/site\/mensagem-do-papa-para-o-dia-mundial-das-missoes\/\"},\"author\":{\"name\":\"editor\",\"@id\":\"https:\/\/www.oarcanjo.net\/site\/#\/schema\/person\/f7024d007863202483a31326673a0838\"},\"headline\":\"Mensagem do Papa para o Dia Mundial das Miss\u00f5es\",\"datePublished\":\"2009-10-17T11:00:54+00:00\",\"dateModified\":\"2009-10-17T14:41:19+00:00\",\"mainEntityOfPage\":{\"@id\":\"https:\/\/www.oarcanjo.net\/site\/mensagem-do-papa-para-o-dia-mundial-das-missoes\/\"},\"wordCount\":1530,\"commentCount\":0,\"publisher\":{\"@id\":\"https:\/\/www.oarcanjo.net\/site\/#organization\"},\"keywords\":[\"Bento XVI\",\"disc\u00edpulos\",\"Igreja mission\u00e1ria\",\"miss\u00f5es\"],\"articleSection\":[\"Not\u00edcias\"],\"inLanguage\":\"pt-BR\",\"potentialAction\":[{\"@type\":\"CommentAction\",\"name\":\"Comment\",\"target\":[\"https:\/\/www.oarcanjo.net\/site\/mensagem-do-papa-para-o-dia-mundial-das-missoes\/#respond\"]}]},{\"@type\":\"WebPage\",\"@id\":\"https:\/\/www.oarcanjo.net\/site\/mensagem-do-papa-para-o-dia-mundial-das-missoes\/\",\"url\":\"https:\/\/www.oarcanjo.net\/site\/mensagem-do-papa-para-o-dia-mundial-das-missoes\/\",\"name\":\"Mensagem do Papa para o Dia Mundial das Miss\u00f5es - O Arcanjo no ar\",\"isPartOf\":{\"@id\":\"https:\/\/www.oarcanjo.net\/site\/#website\"},\"datePublished\":\"2009-10-17T11:00:54+00:00\",\"dateModified\":\"2009-10-17T14:41:19+00:00\",\"breadcrumb\":{\"@id\":\"https:\/\/www.oarcanjo.net\/site\/mensagem-do-papa-para-o-dia-mundial-das-missoes\/#breadcrumb\"},\"inLanguage\":\"pt-BR\",\"potentialAction\":[{\"@type\":\"ReadAction\",\"target\":[\"https:\/\/www.oarcanjo.net\/site\/mensagem-do-papa-para-o-dia-mundial-das-missoes\/\"]}]},{\"@type\":\"BreadcrumbList\",\"@id\":\"https:\/\/www.oarcanjo.net\/site\/mensagem-do-papa-para-o-dia-mundial-das-missoes\/#breadcrumb\",\"itemListElement\":[{\"@type\":\"ListItem\",\"position\":1,\"name\":\"In\u00edcio\",\"item\":\"https:\/\/www.oarcanjo.net\/site\/\"},{\"@type\":\"ListItem\",\"position\":2,\"name\":\"Mensagem do Papa para o Dia Mundial das Miss\u00f5es\"}]},{\"@type\":\"WebSite\",\"@id\":\"https:\/\/www.oarcanjo.net\/site\/#website\",\"url\":\"https:\/\/www.oarcanjo.net\/site\/\",\"name\":\"O Arcanjo no ar\",\"description\":\"Site da Par\u00f3quia S\u00e3o Miguel Arcanjo (Arquidiocese de SP)\",\"publisher\":{\"@id\":\"https:\/\/www.oarcanjo.net\/site\/#organization\"},\"potentialAction\":[{\"@type\":\"SearchAction\",\"target\":{\"@type\":\"EntryPoint\",\"urlTemplate\":\"https:\/\/www.oarcanjo.net\/site\/?s={search_term_string}\"},\"query-input\":{\"@type\":\"PropertyValueSpecification\",\"valueRequired\":true,\"valueName\":\"search_term_string\"}}],\"inLanguage\":\"pt-BR\"},{\"@type\":\"Organization\",\"@id\":\"https:\/\/www.oarcanjo.net\/site\/#organization\",\"name\":\"Par\u00f3quia S\u00e3o Miguel Arcanjo\",\"url\":\"https:\/\/www.oarcanjo.net\/site\/\",\"logo\":{\"@type\":\"ImageObject\",\"inLanguage\":\"pt-BR\",\"@id\":\"https:\/\/www.oarcanjo.net\/site\/#\/schema\/logo\/image\/\",\"url\":\"https:\/\/www.oarcanjo.net\/site\/wp-content\/uploads\/LogoOArcanjo.png\",\"contentUrl\":\"https:\/\/www.oarcanjo.net\/site\/wp-content\/uploads\/LogoOArcanjo.png\",\"width\":319,\"height\":99,\"caption\":\"Par\u00f3quia S\u00e3o Miguel Arcanjo\"},\"image\":{\"@id\":\"https:\/\/www.oarcanjo.net\/site\/#\/schema\/logo\/image\/\"},\"sameAs\":[\"https:\/\/www.facebook.com\/OArcanjoNoAr\/\"]},{\"@type\":\"Person\",\"@id\":\"https:\/\/www.oarcanjo.net\/site\/#\/schema\/person\/f7024d007863202483a31326673a0838\",\"name\":\"editor\",\"sameAs\":[\"http:\/\/www.oarcanjo.net\"]}]}<\/script>\n<!-- \/ Yoast SEO plugin. -->","yoast_head_json":{"title":"Mensagem do Papa para o Dia Mundial das Miss\u00f5es - O Arcanjo no ar","robots":{"index":"index","follow":"follow","max-snippet":"max-snippet:-1","max-image-preview":"max-image-preview:large","max-video-preview":"max-video-preview:-1"},"canonical":"https:\/\/www.oarcanjo.net\/site\/mensagem-do-papa-para-o-dia-mundial-das-missoes\/","og_locale":"pt_BR","og_type":"article","og_title":"Mensagem do Papa para o Dia Mundial das Miss\u00f5es - O Arcanjo no ar","og_description":"Neste domingo dedicado \u00e0s miss\u00f5es, me dirijo, sobretudo a v\u00f3s, irm\u00e3os no minist\u00e9rio episcopal e sacerdotal, e tamb\u00e9m aos irm\u00e3os e irm\u00e3s do Povo de Deus, a fim de vos exortar a reavivar em si a consci\u00eancia do mandato mission\u00e1rio de Cristo para que &#8220;todos os povos se tornem seus disc\u00edpulos&#8221; (Mt 28,19), seguindo as [&hellip;]","og_url":"https:\/\/www.oarcanjo.net\/site\/mensagem-do-papa-para-o-dia-mundial-das-missoes\/","og_site_name":"O Arcanjo no ar","article_publisher":"https:\/\/www.facebook.com\/OArcanjoNoAr\/","article_published_time":"2009-10-17T11:00:54+00:00","article_modified_time":"2009-10-17T14:41:19+00:00","og_image":[{"width":300,"height":300,"url":"https:\/\/www.oarcanjo.net\/site\/wp-content\/uploads\/logo-o-arcanjo-no-ar-facebook.png","type":"image\/png"}],"author":"editor","twitter_card":"summary_large_image","twitter_misc":{"Escrito por":"editor","Est. tempo de leitura":"8 minutos"},"schema":{"@context":"https:\/\/schema.org","@graph":[{"@type":"Article","@id":"https:\/\/www.oarcanjo.net\/site\/mensagem-do-papa-para-o-dia-mundial-das-missoes\/#article","isPartOf":{"@id":"https:\/\/www.oarcanjo.net\/site\/mensagem-do-papa-para-o-dia-mundial-das-missoes\/"},"author":{"name":"editor","@id":"https:\/\/www.oarcanjo.net\/site\/#\/schema\/person\/f7024d007863202483a31326673a0838"},"headline":"Mensagem do Papa para o Dia Mundial das Miss\u00f5es","datePublished":"2009-10-17T11:00:54+00:00","dateModified":"2009-10-17T14:41:19+00:00","mainEntityOfPage":{"@id":"https:\/\/www.oarcanjo.net\/site\/mensagem-do-papa-para-o-dia-mundial-das-missoes\/"},"wordCount":1530,"commentCount":0,"publisher":{"@id":"https:\/\/www.oarcanjo.net\/site\/#organization"},"keywords":["Bento XVI","disc\u00edpulos","Igreja mission\u00e1ria","miss\u00f5es"],"articleSection":["Not\u00edcias"],"inLanguage":"pt-BR","potentialAction":[{"@type":"CommentAction","name":"Comment","target":["https:\/\/www.oarcanjo.net\/site\/mensagem-do-papa-para-o-dia-mundial-das-missoes\/#respond"]}]},{"@type":"WebPage","@id":"https:\/\/www.oarcanjo.net\/site\/mensagem-do-papa-para-o-dia-mundial-das-missoes\/","url":"https:\/\/www.oarcanjo.net\/site\/mensagem-do-papa-para-o-dia-mundial-das-missoes\/","name":"Mensagem do Papa para o Dia Mundial das Miss\u00f5es - O Arcanjo no ar","isPartOf":{"@id":"https:\/\/www.oarcanjo.net\/site\/#website"},"datePublished":"2009-10-17T11:00:54+00:00","dateModified":"2009-10-17T14:41:19+00:00","breadcrumb":{"@id":"https:\/\/www.oarcanjo.net\/site\/mensagem-do-papa-para-o-dia-mundial-das-missoes\/#breadcrumb"},"inLanguage":"pt-BR","potentialAction":[{"@type":"ReadAction","target":["https:\/\/www.oarcanjo.net\/site\/mensagem-do-papa-para-o-dia-mundial-das-missoes\/"]}]},{"@type":"BreadcrumbList","@id":"https:\/\/www.oarcanjo.net\/site\/mensagem-do-papa-para-o-dia-mundial-das-missoes\/#breadcrumb","itemListElement":[{"@type":"ListItem","position":1,"name":"In\u00edcio","item":"https:\/\/www.oarcanjo.net\/site\/"},{"@type":"ListItem","position":2,"name":"Mensagem do Papa para o Dia Mundial das Miss\u00f5es"}]},{"@type":"WebSite","@id":"https:\/\/www.oarcanjo.net\/site\/#website","url":"https:\/\/www.oarcanjo.net\/site\/","name":"O Arcanjo no ar","description":"Site da Par\u00f3quia S\u00e3o Miguel Arcanjo (Arquidiocese de SP)","publisher":{"@id":"https:\/\/www.oarcanjo.net\/site\/#organization"},"potentialAction":[{"@type":"SearchAction","target":{"@type":"EntryPoint","urlTemplate":"https:\/\/www.oarcanjo.net\/site\/?s={search_term_string}"},"query-input":{"@type":"PropertyValueSpecification","valueRequired":true,"valueName":"search_term_string"}}],"inLanguage":"pt-BR"},{"@type":"Organization","@id":"https:\/\/www.oarcanjo.net\/site\/#organization","name":"Par\u00f3quia S\u00e3o Miguel Arcanjo","url":"https:\/\/www.oarcanjo.net\/site\/","logo":{"@type":"ImageObject","inLanguage":"pt-BR","@id":"https:\/\/www.oarcanjo.net\/site\/#\/schema\/logo\/image\/","url":"https:\/\/www.oarcanjo.net\/site\/wp-content\/uploads\/LogoOArcanjo.png","contentUrl":"https:\/\/www.oarcanjo.net\/site\/wp-content\/uploads\/LogoOArcanjo.png","width":319,"height":99,"caption":"Par\u00f3quia S\u00e3o Miguel Arcanjo"},"image":{"@id":"https:\/\/www.oarcanjo.net\/site\/#\/schema\/logo\/image\/"},"sameAs":["https:\/\/www.facebook.com\/OArcanjoNoAr\/"]},{"@type":"Person","@id":"https:\/\/www.oarcanjo.net\/site\/#\/schema\/person\/f7024d007863202483a31326673a0838","name":"editor","sameAs":["http:\/\/www.oarcanjo.net"]}]}},"publishpress_future_action":{"enabled":false,"date":"2026-05-06 19:13:56","action":"category","newStatus":"draft","terms":[],"taxonomy":"category"},"publishpress_future_workflow_manual_trigger":{"enabledWorkflows":[]},"_links":{"self":[{"href":"https:\/\/www.oarcanjo.net\/site\/wp-json\/wp\/v2\/posts\/5694"}],"collection":[{"href":"https:\/\/www.oarcanjo.net\/site\/wp-json\/wp\/v2\/posts"}],"about":[{"href":"https:\/\/www.oarcanjo.net\/site\/wp-json\/wp\/v2\/types\/post"}],"author":[{"embeddable":true,"href":"https:\/\/www.oarcanjo.net\/site\/wp-json\/wp\/v2\/users\/5"}],"replies":[{"embeddable":true,"href":"https:\/\/www.oarcanjo.net\/site\/wp-json\/wp\/v2\/comments?post=5694"}],"version-history":[{"count":0,"href":"https:\/\/www.oarcanjo.net\/site\/wp-json\/wp\/v2\/posts\/5694\/revisions"}],"wp:attachment":[{"href":"https:\/\/www.oarcanjo.net\/site\/wp-json\/wp\/v2\/media?parent=5694"}],"wp:term":[{"taxonomy":"category","embeddable":true,"href":"https:\/\/www.oarcanjo.net\/site\/wp-json\/wp\/v2\/categories?post=5694"},{"taxonomy":"post_tag","embeddable":true,"href":"https:\/\/www.oarcanjo.net\/site\/wp-json\/wp\/v2\/tags?post=5694"}],"curies":[{"name":"wp","href":"https:\/\/api.w.org\/{rel}","templated":true}]}}