
{"id":57105,"date":"2014-12-21T01:51:09","date_gmt":"2014-12-21T03:51:09","guid":{"rendered":"http:\/\/www.oarcanjo.net\/site\/?p=57105"},"modified":"2014-12-22T13:17:02","modified_gmt":"2014-12-22T15:17:02","slug":"natal-da-pastoral-da-crianca-2014-smiguel","status":"publish","type":"post","link":"https:\/\/www.oarcanjo.net\/site\/natal-da-pastoral-da-crianca-2014-smiguel\/","title":{"rendered":"Natal da Pastoral da Crian\u00e7a 2014"},"content":{"rendered":"<p>A Pastoral da Crian\u00e7a fez a tradicional festa de Natal no s\u00e1bado, 20\/12\/2014, no Centro Comunit\u00e1rio da igreja S\u00e3o Miguel Arcanjo. Teve encena\u00e7\u00e3o no nascimento de Jesus e a distribui\u00e7\u00e3o dos presentes que a comunidade gentilmente disponibilizou. N\u00e3o faltou anima\u00e7\u00e3o, alegria, participa\u00e7\u00e3o e presentes. A m\u00e3e do nosso menino\u00a0Jesus logo abriu os presentes, ficando contente com um deles, um agasalho para o per\u00edodo futuro de frio. Simplicidade, acolhimento, felicidade. Vejam as fotos:<\/p>\nngg_shortcode_0_placeholder\n<div id=\"themify_builder_content-57105\" data-postid=\"57105\" class=\"themify_builder_content themify_builder_content-57105 themify_builder themify_builder_front\">\n\t<\/div>\n<!-- \/themify_builder_content -->","protected":false},"excerpt":{"rendered":"<p>A Pastoral da Crian\u00e7a fez a tradicional festa de Natal no s\u00e1bado, 20\/12\/2014, no Centro Comunit\u00e1rio da igreja S\u00e3o Miguel Arcanjo. Teve encena\u00e7\u00e3o no nascimento de Jesus e a distribui\u00e7\u00e3o de presentes<\/p>\n","protected":false},"author":10,"featured_media":0,"comment_status":"open","ping_status":"open","sticky":false,"template":"","format":"standard","meta":{"ngg_post_thumbnail":0,"footnotes":""},"categories":[8,7],"tags":[],"yoast_head":"<!-- This site is optimized with the Yoast SEO plugin v23.5 - https:\/\/yoast.com\/wordpress\/plugins\/seo\/ -->\n<title>Natal da Pastoral da Crian\u00e7a 2014 - O Arcanjo no ar<\/title>\n<meta name=\"robots\" content=\"index, follow, max-snippet:-1, max-image-preview:large, max-video-preview:-1\" \/>\n<link rel=\"canonical\" href=\"https:\/\/www.oarcanjo.net\/site\/natal-da-pastoral-da-crianca-2014-smiguel\/\" \/>\n<meta property=\"og:locale\" content=\"pt_BR\" \/>\n<meta property=\"og:type\" content=\"article\" \/>\n<meta property=\"og:title\" content=\"Natal da Pastoral da Crian\u00e7a 2014 - O Arcanjo no ar\" \/>\n<meta property=\"og:description\" content=\"A Pastoral da Crian\u00e7a fez a tradicional festa de Natal no s\u00e1bado, 20\/12\/2014, no Centro Comunit\u00e1rio da igreja S\u00e3o Miguel Arcanjo. Teve encena\u00e7\u00e3o no nascimento de Jesus e a distribui\u00e7\u00e3o de presentes\" \/>\n<meta property=\"og:url\" content=\"https:\/\/www.oarcanjo.net\/site\/natal-da-pastoral-da-crianca-2014-smiguel\/\" \/>\n<meta property=\"og:site_name\" content=\"O Arcanjo no ar\" \/>\n<meta property=\"article:publisher\" content=\"https:\/\/www.facebook.com\/OArcanjoNoAr\/\" \/>\n<meta property=\"article:published_time\" content=\"2014-12-21T03:51:09+00:00\" \/>\n<meta property=\"article:modified_time\" content=\"2014-12-22T15:17:02+00:00\" \/>\n<meta property=\"og:image\" content=\"https:\/\/www.oarcanjo.net\/site\/wp-content\/uploads\/logo-o-arcanjo-no-ar-facebook.png\" \/>\n\t<meta property=\"og:image:width\" content=\"300\" \/>\n\t<meta property=\"og:image:height\" content=\"300\" \/>\n\t<meta property=\"og:image:type\" content=\"image\/png\" \/>\n<meta name=\"author\" content=\"carlos\" \/>\n<meta name=\"twitter:card\" content=\"summary_large_image\" \/>\n<meta name=\"twitter:label1\" content=\"Escrito por\" \/>\n\t<meta name=\"twitter:data1\" content=\"carlos\" \/>\n<script type=\"application\/ld+json\" class=\"yoast-schema-graph\">{\"@context\":\"https:\/\/schema.org\",\"@graph\":[{\"@type\":\"Article\",\"@id\":\"https:\/\/www.oarcanjo.net\/site\/natal-da-pastoral-da-crianca-2014-smiguel\/#article\",\"isPartOf\":{\"@id\":\"https:\/\/www.oarcanjo.net\/site\/natal-da-pastoral-da-crianca-2014-smiguel\/\"},\"author\":{\"name\":\"carlos\",\"@id\":\"https:\/\/www.oarcanjo.net\/site\/#\/schema\/person\/f7870e710d8c8c30673de3a0ac2e451d\"},\"headline\":\"Natal da Pastoral da Crian\u00e7a 2014\",\"datePublished\":\"2014-12-21T03:51:09+00:00\",\"dateModified\":\"2014-12-22T15:17:02+00:00\",\"mainEntityOfPage\":{\"@id\":\"https:\/\/www.oarcanjo.net\/site\/natal-da-pastoral-da-crianca-2014-smiguel\/\"},\"wordCount\":91,\"commentCount\":0,\"publisher\":{\"@id\":\"https:\/\/www.oarcanjo.net\/site\/#organization\"},\"articleSection\":[\"Not\u00edcias\",\"Rosto da comunidade\"],\"inLanguage\":\"pt-BR\",\"potentialAction\":[{\"@type\":\"CommentAction\",\"name\":\"Comment\",\"target\":[\"https:\/\/www.oarcanjo.net\/site\/natal-da-pastoral-da-crianca-2014-smiguel\/#respond\"]}]},{\"@type\":\"WebPage\",\"@id\":\"https:\/\/www.oarcanjo.net\/site\/natal-da-pastoral-da-crianca-2014-smiguel\/\",\"url\":\"https:\/\/www.oarcanjo.net\/site\/natal-da-pastoral-da-crianca-2014-smiguel\/\",\"name\":\"Natal da Pastoral da Crian\u00e7a 2014 - O Arcanjo no ar\",\"isPartOf\":{\"@id\":\"https:\/\/www.oarcanjo.net\/site\/#website\"},\"datePublished\":\"2014-12-21T03:51:09+00:00\",\"dateModified\":\"2014-12-22T15:17:02+00:00\",\"breadcrumb\":{\"@id\":\"https:\/\/www.oarcanjo.net\/site\/natal-da-pastoral-da-crianca-2014-smiguel\/#breadcrumb\"},\"inLanguage\":\"pt-BR\",\"potentialAction\":[{\"@type\":\"ReadAction\",\"target\":[\"https:\/\/www.oarcanjo.net\/site\/natal-da-pastoral-da-crianca-2014-smiguel\/\"]}]},{\"@type\":\"BreadcrumbList\",\"@id\":\"https:\/\/www.oarcanjo.net\/site\/natal-da-pastoral-da-crianca-2014-smiguel\/#breadcrumb\",\"itemListElement\":[{\"@type\":\"ListItem\",\"position\":1,\"name\":\"In\u00edcio\",\"item\":\"https:\/\/www.oarcanjo.net\/site\/\"},{\"@type\":\"ListItem\",\"position\":2,\"name\":\"Natal da Pastoral da Crian\u00e7a 2014\"}]},{\"@type\":\"WebSite\",\"@id\":\"https:\/\/www.oarcanjo.net\/site\/#website\",\"url\":\"https:\/\/www.oarcanjo.net\/site\/\",\"name\":\"O Arcanjo no ar\",\"description\":\"Site da Par\u00f3quia S\u00e3o Miguel Arcanjo (Arquidiocese de SP)\",\"publisher\":{\"@id\":\"https:\/\/www.oarcanjo.net\/site\/#organization\"},\"potentialAction\":[{\"@type\":\"SearchAction\",\"target\":{\"@type\":\"EntryPoint\",\"urlTemplate\":\"https:\/\/www.oarcanjo.net\/site\/?s={search_term_string}\"},\"query-input\":{\"@type\":\"PropertyValueSpecification\",\"valueRequired\":true,\"valueName\":\"search_term_string\"}}],\"inLanguage\":\"pt-BR\"},{\"@type\":\"Organization\",\"@id\":\"https:\/\/www.oarcanjo.net\/site\/#organization\",\"name\":\"Par\u00f3quia S\u00e3o Miguel Arcanjo\",\"url\":\"https:\/\/www.oarcanjo.net\/site\/\",\"logo\":{\"@type\":\"ImageObject\",\"inLanguage\":\"pt-BR\",\"@id\":\"https:\/\/www.oarcanjo.net\/site\/#\/schema\/logo\/image\/\",\"url\":\"https:\/\/www.oarcanjo.net\/site\/wp-content\/uploads\/LogoOArcanjo.png\",\"contentUrl\":\"https:\/\/www.oarcanjo.net\/site\/wp-content\/uploads\/LogoOArcanjo.png\",\"width\":319,\"height\":99,\"caption\":\"Par\u00f3quia S\u00e3o Miguel Arcanjo\"},\"image\":{\"@id\":\"https:\/\/www.oarcanjo.net\/site\/#\/schema\/logo\/image\/\"},\"sameAs\":[\"https:\/\/www.facebook.com\/OArcanjoNoAr\/\"]},{\"@type\":\"Person\",\"@id\":\"https:\/\/www.oarcanjo.net\/site\/#\/schema\/person\/f7870e710d8c8c30673de3a0ac2e451d\",\"name\":\"carlos\"}]}<\/script>\n<!-- \/ Yoast SEO plugin. -->","yoast_head_json":{"title":"Natal da Pastoral da Crian\u00e7a 2014 - O Arcanjo no ar","robots":{"index":"index","follow":"follow","max-snippet":"max-snippet:-1","max-image-preview":"max-image-preview:large","max-video-preview":"max-video-preview:-1"},"canonical":"https:\/\/www.oarcanjo.net\/site\/natal-da-pastoral-da-crianca-2014-smiguel\/","og_locale":"pt_BR","og_type":"article","og_title":"Natal da Pastoral da Crian\u00e7a 2014 - O Arcanjo no ar","og_description":"A Pastoral da Crian\u00e7a fez a tradicional festa de Natal no s\u00e1bado, 20\/12\/2014, no Centro Comunit\u00e1rio da igreja S\u00e3o Miguel Arcanjo. Teve encena\u00e7\u00e3o no nascimento de Jesus e a distribui\u00e7\u00e3o de presentes","og_url":"https:\/\/www.oarcanjo.net\/site\/natal-da-pastoral-da-crianca-2014-smiguel\/","og_site_name":"O Arcanjo no ar","article_publisher":"https:\/\/www.facebook.com\/OArcanjoNoAr\/","article_published_time":"2014-12-21T03:51:09+00:00","article_modified_time":"2014-12-22T15:17:02+00:00","og_image":[{"width":300,"height":300,"url":"https:\/\/www.oarcanjo.net\/site\/wp-content\/uploads\/logo-o-arcanjo-no-ar-facebook.png","type":"image\/png"}],"author":"carlos","twitter_card":"summary_large_image","twitter_misc":{"Escrito por":"carlos"},"schema":{"@context":"https:\/\/schema.org","@graph":[{"@type":"Article","@id":"https:\/\/www.oarcanjo.net\/site\/natal-da-pastoral-da-crianca-2014-smiguel\/#article","isPartOf":{"@id":"https:\/\/www.oarcanjo.net\/site\/natal-da-pastoral-da-crianca-2014-smiguel\/"},"author":{"name":"carlos","@id":"https:\/\/www.oarcanjo.net\/site\/#\/schema\/person\/f7870e710d8c8c30673de3a0ac2e451d"},"headline":"Natal da Pastoral da Crian\u00e7a 2014","datePublished":"2014-12-21T03:51:09+00:00","dateModified":"2014-12-22T15:17:02+00:00","mainEntityOfPage":{"@id":"https:\/\/www.oarcanjo.net\/site\/natal-da-pastoral-da-crianca-2014-smiguel\/"},"wordCount":91,"commentCount":0,"publisher":{"@id":"https:\/\/www.oarcanjo.net\/site\/#organization"},"articleSection":["Not\u00edcias","Rosto da comunidade"],"inLanguage":"pt-BR","potentialAction":[{"@type":"CommentAction","name":"Comment","target":["https:\/\/www.oarcanjo.net\/site\/natal-da-pastoral-da-crianca-2014-smiguel\/#respond"]}]},{"@type":"WebPage","@id":"https:\/\/www.oarcanjo.net\/site\/natal-da-pastoral-da-crianca-2014-smiguel\/","url":"https:\/\/www.oarcanjo.net\/site\/natal-da-pastoral-da-crianca-2014-smiguel\/","name":"Natal da Pastoral da Crian\u00e7a 2014 - O Arcanjo no ar","isPartOf":{"@id":"https:\/\/www.oarcanjo.net\/site\/#website"},"datePublished":"2014-12-21T03:51:09+00:00","dateModified":"2014-12-22T15:17:02+00:00","breadcrumb":{"@id":"https:\/\/www.oarcanjo.net\/site\/natal-da-pastoral-da-crianca-2014-smiguel\/#breadcrumb"},"inLanguage":"pt-BR","potentialAction":[{"@type":"ReadAction","target":["https:\/\/www.oarcanjo.net\/site\/natal-da-pastoral-da-crianca-2014-smiguel\/"]}]},{"@type":"BreadcrumbList","@id":"https:\/\/www.oarcanjo.net\/site\/natal-da-pastoral-da-crianca-2014-smiguel\/#breadcrumb","itemListElement":[{"@type":"ListItem","position":1,"name":"In\u00edcio","item":"https:\/\/www.oarcanjo.net\/site\/"},{"@type":"ListItem","position":2,"name":"Natal da Pastoral da Crian\u00e7a 2014"}]},{"@type":"WebSite","@id":"https:\/\/www.oarcanjo.net\/site\/#website","url":"https:\/\/www.oarcanjo.net\/site\/","name":"O Arcanjo no ar","description":"Site da Par\u00f3quia S\u00e3o Miguel Arcanjo (Arquidiocese de SP)","publisher":{"@id":"https:\/\/www.oarcanjo.net\/site\/#organization"},"potentialAction":[{"@type":"SearchAction","target":{"@type":"EntryPoint","urlTemplate":"https:\/\/www.oarcanjo.net\/site\/?s={search_term_string}"},"query-input":{"@type":"PropertyValueSpecification","valueRequired":true,"valueName":"search_term_string"}}],"inLanguage":"pt-BR"},{"@type":"Organization","@id":"https:\/\/www.oarcanjo.net\/site\/#organization","name":"Par\u00f3quia S\u00e3o Miguel Arcanjo","url":"https:\/\/www.oarcanjo.net\/site\/","logo":{"@type":"ImageObject","inLanguage":"pt-BR","@id":"https:\/\/www.oarcanjo.net\/site\/#\/schema\/logo\/image\/","url":"https:\/\/www.oarcanjo.net\/site\/wp-content\/uploads\/LogoOArcanjo.png","contentUrl":"https:\/\/www.oarcanjo.net\/site\/wp-content\/uploads\/LogoOArcanjo.png","width":319,"height":99,"caption":"Par\u00f3quia S\u00e3o Miguel Arcanjo"},"image":{"@id":"https:\/\/www.oarcanjo.net\/site\/#\/schema\/logo\/image\/"},"sameAs":["https:\/\/www.facebook.com\/OArcanjoNoAr\/"]},{"@type":"Person","@id":"https:\/\/www.oarcanjo.net\/site\/#\/schema\/person\/f7870e710d8c8c30673de3a0ac2e451d","name":"carlos"}]}},"publishpress_future_action":{"enabled":false,"date":"2026-05-06 20:15:32","action":"category","newStatus":"draft","terms":[],"taxonomy":"category"},"publishpress_future_workflow_manual_trigger":{"enabledWorkflows":[]},"_links":{"self":[{"href":"https:\/\/www.oarcanjo.net\/site\/wp-json\/wp\/v2\/posts\/57105"}],"collection":[{"href":"https:\/\/www.oarcanjo.net\/site\/wp-json\/wp\/v2\/posts"}],"about":[{"href":"https:\/\/www.oarcanjo.net\/site\/wp-json\/wp\/v2\/types\/post"}],"author":[{"embeddable":true,"href":"https:\/\/www.oarcanjo.net\/site\/wp-json\/wp\/v2\/users\/10"}],"replies":[{"embeddable":true,"href":"https:\/\/www.oarcanjo.net\/site\/wp-json\/wp\/v2\/comments?post=57105"}],"version-history":[{"count":0,"href":"https:\/\/www.oarcanjo.net\/site\/wp-json\/wp\/v2\/posts\/57105\/revisions"}],"wp:attachment":[{"href":"https:\/\/www.oarcanjo.net\/site\/wp-json\/wp\/v2\/media?parent=57105"}],"wp:term":[{"taxonomy":"category","embeddable":true,"href":"https:\/\/www.oarcanjo.net\/site\/wp-json\/wp\/v2\/categories?post=57105"},{"taxonomy":"post_tag","embeddable":true,"href":"https:\/\/www.oarcanjo.net\/site\/wp-json\/wp\/v2\/tags?post=57105"}],"curies":[{"name":"wp","href":"https:\/\/api.w.org\/{rel}","templated":true}]}}