
{"id":57599,"date":"2014-12-24T17:10:03","date_gmt":"2014-12-24T19:10:03","guid":{"rendered":"http:\/\/www.oarcanjo.net\/site\/?p=57599"},"modified":"2014-12-24T17:12:10","modified_gmt":"2014-12-24T19:12:10","slug":"francisco-bispo-de-roma-ano-dois","status":"publish","type":"post","link":"https:\/\/www.oarcanjo.net\/site\/francisco-bispo-de-roma-ano-dois\/","title":{"rendered":"Francisco, bispo de Roma: ano dois"},"content":{"rendered":"<p><em>Fernando Altemeyer Junior<\/em><br \/>\nProfessor do Depto. de Ci\u00eancia da Religi\u00e3o da PUC-SP<\/p>\n<p>Um breve balancete do ano 2014 do papa Francisco se revela exuberante. Jorge Mario Bergoglio completou 78 anos de idade, sendo presb\u00edtero por 45 anos, bispo por 22,5 anos e papa h\u00e1 1,8 ano da elei\u00e7\u00e3o. Ele \u00e9 o 266\u00ba. bispo de Roma, desde 19 de mar\u00e7o de 2013.<br \/>\nQuando escolhido no conclave cardinal\u00edcio de 13 de mar\u00e7o de 2013, ele era o primeiro papa argentino. O primeiro latino-americano eleito para a sede de Roma. O primeiro do hemisf\u00e9rio sul, o primeiro n\u00e3o-europeu desde 731. O primeiro religioso jesu\u00edta, papa. O primeiro papa do hemisf\u00e9rio ocidental.<\/p>\n<p>Francisco torna-se agora o pont\u00edfice que mais pessoas canonizou depois do papa polon\u00eas e agora santo Jo\u00e3o Paulo 2\u00ba. Francisco inseriu no livro dos beatos, 974 bem-aventurados e canonizou 51 beatos. Assim desde 19 de mar\u00e7o de 2013 at\u00e9 final de 2014, s\u00e3o 1025 pessoas proclamadas beatas e santas pelo papa. Entre eles canonizou em 27 de abril aos papa Jo\u00e3o 23\u00ba. e Jo\u00e3o Paulo 2\u00ba. e no dia 19 de outubro fez beato o papa Paulo 6\u00ba. Em rela\u00e7\u00e3o ao Brasil ofereceu dois presentes: canonizou padre Anchieta em 03\/04\/2014 e beatificou madre Maria Assunta Caterina Marchetti em 25\/10. Um recorde para um mundo sedento de santidades transparentes e ao lado dos empobrecidos e dos movimentos sociais de transforma\u00e7\u00e3o.<\/p>\n<p>A produ\u00e7\u00e3o pastoral de Francisco \u00e9 imensa em 2014. Aqui pequena lista resumida deste seu ano dois: tr\u00eas constitui\u00e7\u00f5es apost\u00f3licas, 25 cartas, cinco cartas apost\u00f3licas, dois motu pr\u00f3prios, 43 audi\u00eancias gerais. Nas audi\u00eancias em 2013 e em suas viagens estiveram presentes 13 milh\u00f5es de participantes de todos os pa\u00edses do mundo. Estima-se que em 2014 tenham comparecido diante do papa 18 milh\u00f5es de peregrinos.<\/p>\n<p>Fez quatro viagens na It\u00e1lia: 05\/07 \u2013 Campobasso e Isernia; 26\/07 &#8211; Caserta; 21\/06 \u2013 Cassiano all\u00b4Ionio e, finalmente, 13\/09 \u2013 Redipuglia. As viagens internacionais foram cinco: Terra Santa, 24 a 26 de maio; Coreia do Sul, 13 a 18 de agosto; Alb\u00e2nia, 21 de setembro; Parlamento Europeu, Estrasburgo, em 25 de novembro, e finalmente, Turquia, de 28 a 30 de novembro.<\/p>\n<p>Foi escolhido a personalidade do ano e ganhou a capa da Revista Rolling Stones em 28 de janeiro. Manteve as reuni\u00f5es do Conselho de oito cardeais para a reforma da C\u00faria Romana. Realizou importante celebra\u00e7\u00e3o pela paz nos jardins do Vaticano convidando para rezar pela paz ao presidente de Israel Shimon Peres e ao l\u00edder da autoridade palestina Mahmoud Abbas em 08 de junho. Foi figura central para o acordo diplom\u00e1tico entre USA e Cuba, no dia 17 de dezembro, suspendendo um bloqueio que dura 53 anos.<\/p>\n<p>Emblem\u00e1tico e in\u00e9dito foi o encontro em Roma, de 27 a 29 de outubro, em Roma a convite do papa Francisco, com 200 representantes de dezenas de organiza\u00e7\u00f5es populares e sociais do planeta, para analisar as causas da exclus\u00e3o social. Do Brasil estiveram presentes o secret\u00e1rio geral da Confer\u00eancia Nacional dos Bispos do Brasil (CNBB), Dom Leonardo Steiner, e o dirigente do Movimento dos Trabalhadores Rurais Sem Terra (MST), Jo\u00e3o Pedro St\u00e9dile. O \u00fanico presidente convidado ao encontro foi o mandat\u00e1rio da Bol\u00edvia, Evo Morales. Os temas: p\u00e3o, terra e moradia.<\/p>\n<p>Medidas internas tomadas em 2014: limitar o n\u00famero de t\u00edtulos honor\u00edficos na institui\u00e7\u00e3o cat\u00f3lica; nova comiss\u00e3o de controle do IOR (15\/01); nomea\u00e7\u00e3o de 19 cardeais, em 20 de fevereiro, sendo 16 eleitores e tr\u00eas em\u00e9ritos. Convocou um s\u00ednodo extraordin\u00e1rio sobre a fam\u00edlia que enfrentou um question\u00e1rio global sobre a real situa\u00e7\u00e3o das fam\u00edlias, dos homossexuais, do div\u00f3rcio e de problemas complexas no mundo moderno, de 5 a 19 de outubro. Esta reuni\u00e3o \u00e9 preparat\u00f3ria do S\u00ednodo ordin\u00e1rio em outubro de 2015. Pediu que os bispos falassem abertamente e sem restri\u00e7\u00f5es sobre o que pensam como pastores. Foi uma distens\u00e3o in\u00e9dita depois de anos de centralismo e controle r\u00edgido e esterilizante. Comentou, em 22 de dezembro, com os funcion\u00e1rios vaticanos um cat\u00e1logo de 15 doen\u00e7as que afligiriam a C\u00faria Romana, entre as quais excesso de trabalho, Alzheimer espiritual, fossiliza\u00e7\u00e3o espiritual, esquizofrenia existencial, diviniza\u00e7\u00e3o dos chefes e exibicionismo. Uma nova forma de governar, do jeito de Jesus se fez realidade. Como sempre diz Francisco: &#8220;Reconhecer-se pecador \u00e9 uma gra\u00e7a&#8221;.<\/p>\n<p>O papa pastor, que diz explicitamente que \u00e9 um pecador e que n\u00e3o quer julgar as consci\u00eancias se fez um \u201cworld\u00b4s parish priest\u201d (um p\u00e1roco do mundo), pr\u00f3ximo das pessoas, transparente e simples. Um homem simplesmente que fala de Deus pelos gestos com a alegria do Evangelho. Usa frequentemente o \u201ctwitter\u201d atingindo 15 milh\u00f5es de seguidores. Suas maiores preocupa\u00e7\u00f5es continuam sendo os escravos de hoje, os migrantes, as crian\u00e7as em situa\u00e7\u00e3o de guerra e os irm\u00e3os perseguidos do Oriente M\u00e9dio, Iraque e S\u00edria. Sua bandeira \u00e9 a de humilde mensageiro da paz e da alegria. Est\u00e3o programadas visitas para Sri Lanka, Filipinas, Estados Unidos, Fran\u00e7a e Bol\u00edvia. A Igreja est\u00e1 sendo reformada profundamente, no corpo e na alma. Rezemos para que o Esp\u00edrito Santo continue sua obra e que Francisco siga em frente. Rezemos pelo papa Francisco com muito amor. Adelante!<\/p>\n<div id=\"themify_builder_content-57599\" data-postid=\"57599\" class=\"themify_builder_content themify_builder_content-57599 themify_builder themify_builder_front\">\n\t<\/div>\n<!-- \/themify_builder_content -->","protected":false},"excerpt":{"rendered":"<p>Artigo do professor Fernando Altemeyer Jr. sobre os dois anos do Papa Francisco como bispo de Roma<\/p>\n","protected":false},"author":5,"featured_media":0,"comment_status":"open","ping_status":"open","sticky":false,"template":"","format":"standard","meta":{"ngg_post_thumbnail":0,"footnotes":""},"categories":[9],"tags":[],"yoast_head":"<!-- This site is optimized with the Yoast SEO plugin v23.5 - https:\/\/yoast.com\/wordpress\/plugins\/seo\/ -->\n<title>Francisco, bispo de Roma: ano dois - O Arcanjo no ar<\/title>\n<meta name=\"robots\" content=\"index, follow, max-snippet:-1, max-image-preview:large, max-video-preview:-1\" \/>\n<link rel=\"canonical\" href=\"https:\/\/www.oarcanjo.net\/site\/francisco-bispo-de-roma-ano-dois\/\" \/>\n<meta property=\"og:locale\" content=\"pt_BR\" \/>\n<meta property=\"og:type\" content=\"article\" \/>\n<meta property=\"og:title\" content=\"Francisco, bispo de Roma: ano dois - O Arcanjo no ar\" \/>\n<meta property=\"og:description\" content=\"Artigo do professor Fernando Altemeyer Jr. sobre os dois anos do Papa Francisco como bispo de Roma\" \/>\n<meta property=\"og:url\" content=\"https:\/\/www.oarcanjo.net\/site\/francisco-bispo-de-roma-ano-dois\/\" \/>\n<meta property=\"og:site_name\" content=\"O Arcanjo no ar\" \/>\n<meta property=\"article:publisher\" content=\"https:\/\/www.facebook.com\/OArcanjoNoAr\/\" \/>\n<meta property=\"article:published_time\" content=\"2014-12-24T19:10:03+00:00\" \/>\n<meta property=\"article:modified_time\" content=\"2014-12-24T19:12:10+00:00\" \/>\n<meta property=\"og:image\" content=\"https:\/\/www.oarcanjo.net\/site\/wp-content\/uploads\/logo-o-arcanjo-no-ar-facebook.png\" \/>\n\t<meta property=\"og:image:width\" content=\"300\" \/>\n\t<meta property=\"og:image:height\" content=\"300\" \/>\n\t<meta property=\"og:image:type\" content=\"image\/png\" \/>\n<meta name=\"author\" content=\"editor\" \/>\n<meta name=\"twitter:card\" content=\"summary_large_image\" \/>\n<meta name=\"twitter:label1\" content=\"Escrito por\" \/>\n\t<meta name=\"twitter:data1\" content=\"editor\" \/>\n\t<meta name=\"twitter:label2\" content=\"Est. tempo de leitura\" \/>\n\t<meta name=\"twitter:data2\" content=\"4 minutos\" \/>\n<script type=\"application\/ld+json\" class=\"yoast-schema-graph\">{\"@context\":\"https:\/\/schema.org\",\"@graph\":[{\"@type\":\"Article\",\"@id\":\"https:\/\/www.oarcanjo.net\/site\/francisco-bispo-de-roma-ano-dois\/#article\",\"isPartOf\":{\"@id\":\"https:\/\/www.oarcanjo.net\/site\/francisco-bispo-de-roma-ano-dois\/\"},\"author\":{\"name\":\"editor\",\"@id\":\"https:\/\/www.oarcanjo.net\/site\/#\/schema\/person\/f7024d007863202483a31326673a0838\"},\"headline\":\"Francisco, bispo de Roma: ano dois\",\"datePublished\":\"2014-12-24T19:10:03+00:00\",\"dateModified\":\"2014-12-24T19:12:10+00:00\",\"mainEntityOfPage\":{\"@id\":\"https:\/\/www.oarcanjo.net\/site\/francisco-bispo-de-roma-ano-dois\/\"},\"wordCount\":871,\"commentCount\":0,\"publisher\":{\"@id\":\"https:\/\/www.oarcanjo.net\/site\/#organization\"},\"articleSection\":[\"Reflex\u00f5es\"],\"inLanguage\":\"pt-BR\",\"potentialAction\":[{\"@type\":\"CommentAction\",\"name\":\"Comment\",\"target\":[\"https:\/\/www.oarcanjo.net\/site\/francisco-bispo-de-roma-ano-dois\/#respond\"]}]},{\"@type\":\"WebPage\",\"@id\":\"https:\/\/www.oarcanjo.net\/site\/francisco-bispo-de-roma-ano-dois\/\",\"url\":\"https:\/\/www.oarcanjo.net\/site\/francisco-bispo-de-roma-ano-dois\/\",\"name\":\"Francisco, bispo de Roma: ano dois - O Arcanjo no ar\",\"isPartOf\":{\"@id\":\"https:\/\/www.oarcanjo.net\/site\/#website\"},\"datePublished\":\"2014-12-24T19:10:03+00:00\",\"dateModified\":\"2014-12-24T19:12:10+00:00\",\"breadcrumb\":{\"@id\":\"https:\/\/www.oarcanjo.net\/site\/francisco-bispo-de-roma-ano-dois\/#breadcrumb\"},\"inLanguage\":\"pt-BR\",\"potentialAction\":[{\"@type\":\"ReadAction\",\"target\":[\"https:\/\/www.oarcanjo.net\/site\/francisco-bispo-de-roma-ano-dois\/\"]}]},{\"@type\":\"BreadcrumbList\",\"@id\":\"https:\/\/www.oarcanjo.net\/site\/francisco-bispo-de-roma-ano-dois\/#breadcrumb\",\"itemListElement\":[{\"@type\":\"ListItem\",\"position\":1,\"name\":\"In\u00edcio\",\"item\":\"https:\/\/www.oarcanjo.net\/site\/\"},{\"@type\":\"ListItem\",\"position\":2,\"name\":\"Francisco, bispo de Roma: ano dois\"}]},{\"@type\":\"WebSite\",\"@id\":\"https:\/\/www.oarcanjo.net\/site\/#website\",\"url\":\"https:\/\/www.oarcanjo.net\/site\/\",\"name\":\"O Arcanjo no ar\",\"description\":\"Site da Par\u00f3quia S\u00e3o Miguel Arcanjo (Arquidiocese de SP)\",\"publisher\":{\"@id\":\"https:\/\/www.oarcanjo.net\/site\/#organization\"},\"potentialAction\":[{\"@type\":\"SearchAction\",\"target\":{\"@type\":\"EntryPoint\",\"urlTemplate\":\"https:\/\/www.oarcanjo.net\/site\/?s={search_term_string}\"},\"query-input\":{\"@type\":\"PropertyValueSpecification\",\"valueRequired\":true,\"valueName\":\"search_term_string\"}}],\"inLanguage\":\"pt-BR\"},{\"@type\":\"Organization\",\"@id\":\"https:\/\/www.oarcanjo.net\/site\/#organization\",\"name\":\"Par\u00f3quia S\u00e3o Miguel Arcanjo\",\"url\":\"https:\/\/www.oarcanjo.net\/site\/\",\"logo\":{\"@type\":\"ImageObject\",\"inLanguage\":\"pt-BR\",\"@id\":\"https:\/\/www.oarcanjo.net\/site\/#\/schema\/logo\/image\/\",\"url\":\"https:\/\/www.oarcanjo.net\/site\/wp-content\/uploads\/LogoOArcanjo.png\",\"contentUrl\":\"https:\/\/www.oarcanjo.net\/site\/wp-content\/uploads\/LogoOArcanjo.png\",\"width\":319,\"height\":99,\"caption\":\"Par\u00f3quia S\u00e3o Miguel Arcanjo\"},\"image\":{\"@id\":\"https:\/\/www.oarcanjo.net\/site\/#\/schema\/logo\/image\/\"},\"sameAs\":[\"https:\/\/www.facebook.com\/OArcanjoNoAr\/\"]},{\"@type\":\"Person\",\"@id\":\"https:\/\/www.oarcanjo.net\/site\/#\/schema\/person\/f7024d007863202483a31326673a0838\",\"name\":\"editor\",\"sameAs\":[\"http:\/\/www.oarcanjo.net\"]}]}<\/script>\n<!-- \/ Yoast SEO plugin. -->","yoast_head_json":{"title":"Francisco, bispo de Roma: ano dois - O Arcanjo no ar","robots":{"index":"index","follow":"follow","max-snippet":"max-snippet:-1","max-image-preview":"max-image-preview:large","max-video-preview":"max-video-preview:-1"},"canonical":"https:\/\/www.oarcanjo.net\/site\/francisco-bispo-de-roma-ano-dois\/","og_locale":"pt_BR","og_type":"article","og_title":"Francisco, bispo de Roma: ano dois - O Arcanjo no ar","og_description":"Artigo do professor Fernando Altemeyer Jr. sobre os dois anos do Papa Francisco como bispo de Roma","og_url":"https:\/\/www.oarcanjo.net\/site\/francisco-bispo-de-roma-ano-dois\/","og_site_name":"O Arcanjo no ar","article_publisher":"https:\/\/www.facebook.com\/OArcanjoNoAr\/","article_published_time":"2014-12-24T19:10:03+00:00","article_modified_time":"2014-12-24T19:12:10+00:00","og_image":[{"width":300,"height":300,"url":"https:\/\/www.oarcanjo.net\/site\/wp-content\/uploads\/logo-o-arcanjo-no-ar-facebook.png","type":"image\/png"}],"author":"editor","twitter_card":"summary_large_image","twitter_misc":{"Escrito por":"editor","Est. tempo de leitura":"4 minutos"},"schema":{"@context":"https:\/\/schema.org","@graph":[{"@type":"Article","@id":"https:\/\/www.oarcanjo.net\/site\/francisco-bispo-de-roma-ano-dois\/#article","isPartOf":{"@id":"https:\/\/www.oarcanjo.net\/site\/francisco-bispo-de-roma-ano-dois\/"},"author":{"name":"editor","@id":"https:\/\/www.oarcanjo.net\/site\/#\/schema\/person\/f7024d007863202483a31326673a0838"},"headline":"Francisco, bispo de Roma: ano dois","datePublished":"2014-12-24T19:10:03+00:00","dateModified":"2014-12-24T19:12:10+00:00","mainEntityOfPage":{"@id":"https:\/\/www.oarcanjo.net\/site\/francisco-bispo-de-roma-ano-dois\/"},"wordCount":871,"commentCount":0,"publisher":{"@id":"https:\/\/www.oarcanjo.net\/site\/#organization"},"articleSection":["Reflex\u00f5es"],"inLanguage":"pt-BR","potentialAction":[{"@type":"CommentAction","name":"Comment","target":["https:\/\/www.oarcanjo.net\/site\/francisco-bispo-de-roma-ano-dois\/#respond"]}]},{"@type":"WebPage","@id":"https:\/\/www.oarcanjo.net\/site\/francisco-bispo-de-roma-ano-dois\/","url":"https:\/\/www.oarcanjo.net\/site\/francisco-bispo-de-roma-ano-dois\/","name":"Francisco, bispo de Roma: ano dois - O Arcanjo no ar","isPartOf":{"@id":"https:\/\/www.oarcanjo.net\/site\/#website"},"datePublished":"2014-12-24T19:10:03+00:00","dateModified":"2014-12-24T19:12:10+00:00","breadcrumb":{"@id":"https:\/\/www.oarcanjo.net\/site\/francisco-bispo-de-roma-ano-dois\/#breadcrumb"},"inLanguage":"pt-BR","potentialAction":[{"@type":"ReadAction","target":["https:\/\/www.oarcanjo.net\/site\/francisco-bispo-de-roma-ano-dois\/"]}]},{"@type":"BreadcrumbList","@id":"https:\/\/www.oarcanjo.net\/site\/francisco-bispo-de-roma-ano-dois\/#breadcrumb","itemListElement":[{"@type":"ListItem","position":1,"name":"In\u00edcio","item":"https:\/\/www.oarcanjo.net\/site\/"},{"@type":"ListItem","position":2,"name":"Francisco, bispo de Roma: ano dois"}]},{"@type":"WebSite","@id":"https:\/\/www.oarcanjo.net\/site\/#website","url":"https:\/\/www.oarcanjo.net\/site\/","name":"O Arcanjo no ar","description":"Site da Par\u00f3quia S\u00e3o Miguel Arcanjo (Arquidiocese de SP)","publisher":{"@id":"https:\/\/www.oarcanjo.net\/site\/#organization"},"potentialAction":[{"@type":"SearchAction","target":{"@type":"EntryPoint","urlTemplate":"https:\/\/www.oarcanjo.net\/site\/?s={search_term_string}"},"query-input":{"@type":"PropertyValueSpecification","valueRequired":true,"valueName":"search_term_string"}}],"inLanguage":"pt-BR"},{"@type":"Organization","@id":"https:\/\/www.oarcanjo.net\/site\/#organization","name":"Par\u00f3quia S\u00e3o Miguel Arcanjo","url":"https:\/\/www.oarcanjo.net\/site\/","logo":{"@type":"ImageObject","inLanguage":"pt-BR","@id":"https:\/\/www.oarcanjo.net\/site\/#\/schema\/logo\/image\/","url":"https:\/\/www.oarcanjo.net\/site\/wp-content\/uploads\/LogoOArcanjo.png","contentUrl":"https:\/\/www.oarcanjo.net\/site\/wp-content\/uploads\/LogoOArcanjo.png","width":319,"height":99,"caption":"Par\u00f3quia S\u00e3o Miguel Arcanjo"},"image":{"@id":"https:\/\/www.oarcanjo.net\/site\/#\/schema\/logo\/image\/"},"sameAs":["https:\/\/www.facebook.com\/OArcanjoNoAr\/"]},{"@type":"Person","@id":"https:\/\/www.oarcanjo.net\/site\/#\/schema\/person\/f7024d007863202483a31326673a0838","name":"editor","sameAs":["http:\/\/www.oarcanjo.net"]}]}},"publishpress_future_action":{"enabled":false,"date":"2026-05-08 20:06:36","action":"category","newStatus":"draft","terms":[],"taxonomy":"category"},"publishpress_future_workflow_manual_trigger":{"enabledWorkflows":[]},"_links":{"self":[{"href":"https:\/\/www.oarcanjo.net\/site\/wp-json\/wp\/v2\/posts\/57599"}],"collection":[{"href":"https:\/\/www.oarcanjo.net\/site\/wp-json\/wp\/v2\/posts"}],"about":[{"href":"https:\/\/www.oarcanjo.net\/site\/wp-json\/wp\/v2\/types\/post"}],"author":[{"embeddable":true,"href":"https:\/\/www.oarcanjo.net\/site\/wp-json\/wp\/v2\/users\/5"}],"replies":[{"embeddable":true,"href":"https:\/\/www.oarcanjo.net\/site\/wp-json\/wp\/v2\/comments?post=57599"}],"version-history":[{"count":0,"href":"https:\/\/www.oarcanjo.net\/site\/wp-json\/wp\/v2\/posts\/57599\/revisions"}],"wp:attachment":[{"href":"https:\/\/www.oarcanjo.net\/site\/wp-json\/wp\/v2\/media?parent=57599"}],"wp:term":[{"taxonomy":"category","embeddable":true,"href":"https:\/\/www.oarcanjo.net\/site\/wp-json\/wp\/v2\/categories?post=57599"},{"taxonomy":"post_tag","embeddable":true,"href":"https:\/\/www.oarcanjo.net\/site\/wp-json\/wp\/v2\/tags?post=57599"}],"curies":[{"name":"wp","href":"https:\/\/api.w.org\/{rel}","templated":true}]}}