
{"id":5762,"date":"2009-10-19T19:52:16","date_gmt":"2009-10-19T22:52:16","guid":{"rendered":"http:\/\/www.oarcanjo.net\/site\/?p=5762"},"modified":"2010-08-16T00:20:42","modified_gmt":"2010-08-16T03:20:42","slug":"o-alerta-do-mundo-para-sairmos-do-fundo-do-poco","status":"publish","type":"post","link":"https:\/\/www.oarcanjo.net\/site\/o-alerta-do-mundo-para-sairmos-do-fundo-do-poco\/","title":{"rendered":"O alerta do Mundo para sairmos do fundo do po\u00e7o"},"content":{"rendered":"<p><em>Autoria: Renan Oliveira e Vinicius Rafael Penha<\/em><\/p>\n<div id=\"attachment_5767\" style=\"width: 410px\" class=\"wp-caption alignleft\"><img loading=\"lazy\" decoding=\"async\" aria-describedby=\"caption-attachment-5767\" src=\"http:\/\/www.oarcanjo.net\/site\/wp-content\/uploads\/vinicius-renan-poesia.jpg\" alt=\"Vin\u00edcius e Renan\" title=\"Vin\u00edcius e Renan\" width=\"400\" height=\"300\" class=\"size-full wp-image-5767\" srcset=\"https:\/\/www.oarcanjo.net\/site\/wp-content\/uploads\/vinicius-renan-poesia.jpg 400w, https:\/\/www.oarcanjo.net\/site\/wp-content\/uploads\/vinicius-renan-poesia-300x225.jpg 300w\" sizes=\"(max-width: 400px) 100vw, 400px\" \/><p id=\"caption-attachment-5767\" class=\"wp-caption-text\">Vin\u00edcius e Renan<\/p><\/div>\n<p>O meio ambiente tem suas belezas.<br \/>\nMas fazer o que, se est\u00e3o sendo estragadas.<br \/>\n\u00c1rvores sendo arrancadas;<br \/>\nAnimais sem abrigo;<br \/>\nPolui\u00e7\u00e3o dos mares profundos;<br \/>\nPolui\u00e7\u00e3o dos rios.<br \/>\nTudo isso pode ser mudado.<br \/>\nCom a for\u00e7a de vontade do mundo.<br \/>\nMas a\u00ed um recado.<br \/>\nPara mudarmos temos que amarmos.<br \/>\nO amor \u00e9 fundamental em toda nossa vida.<br \/>\nSe voc\u00ea n\u00e3o ama quem pode amar?<br \/>\nO meio ambiente est\u00e1 precisando de m\u00e3os amigas.<br \/>\nO meio ambiente precisa da nossa ajuda.<br \/>\nO meio ambiente est\u00e1 pedindo socorro.<br \/>\nAgora ele est\u00e1 no fundo do po\u00e7o.<br \/>\nS\u00f3 n\u00f3s podemos socorr\u00ea-lo.<br \/>\nE quando isto acontecer, a beleza que era antes&#8230; volta a ser vibrante.<br \/>\nQuais s\u00e3o as primeiras mudan\u00e7as para isso acontecer?<br \/>\nNosso amor e for\u00e7a de vontade para mud\u00e1-los devem crescer.<br \/>\nNosso ego\u00edsmo deve diminuir.<br \/>\nE todo tipo de mal&#8230; Em geral!<br \/>\nDeste modo a beleza natural do mundo ir\u00e1 ressurgir.<br \/>\nA paz ir\u00e1 existir.<br \/>\nEnt\u00e3o seja a diferen\u00e7a.<br \/>\nHoje o mundo paga a senten\u00e7a.<br \/>\nIsso n\u00e3o \u00e9 uma gentileza e sim uma obriga\u00e7\u00e3o.<br \/>\nN\u00f3s somos s\u00f3 o aviso.<br \/>\nOu\u00e7a com aten\u00e7\u00e3o&#8230;<br \/>\no conselho de Renan e Vinicius.<\/p>\n<div id=\"themify_builder_content-5762\" data-postid=\"5762\" class=\"themify_builder_content themify_builder_content-5762 themify_builder themify_builder_front\">\n\t<\/div>\n<!-- \/themify_builder_content -->","protected":false},"excerpt":{"rendered":"<p>Autoria: Renan Oliveira e Vinicius Rafael Penha O meio ambiente tem suas belezas. Mas fazer o que, se est\u00e3o sendo estragadas. \u00c1rvores sendo arrancadas; Animais sem abrigo; Polui\u00e7\u00e3o dos mares profundos; Polui\u00e7\u00e3o dos rios. Tudo isso pode ser mudado. Com a for\u00e7a de vontade do mundo. Mas a\u00ed um recado. Para mudarmos temos que amarmos. [&hellip;]<\/p>\n","protected":false},"author":5,"featured_media":0,"comment_status":"open","ping_status":"open","sticky":false,"template":"","format":"standard","meta":{"ngg_post_thumbnail":0,"footnotes":""},"categories":[395],"tags":[3207,468,396,470],"yoast_head":"<!-- This site is optimized with the Yoast SEO plugin v23.5 - https:\/\/yoast.com\/wordpress\/plugins\/seo\/ -->\n<title>O alerta do Mundo para sairmos do fundo do po\u00e7o - O Arcanjo no ar<\/title>\n<meta name=\"robots\" content=\"index, follow, max-snippet:-1, max-image-preview:large, max-video-preview:-1\" \/>\n<link rel=\"canonical\" href=\"https:\/\/www.oarcanjo.net\/site\/o-alerta-do-mundo-para-sairmos-do-fundo-do-poco\/\" \/>\n<meta property=\"og:locale\" content=\"pt_BR\" \/>\n<meta property=\"og:type\" content=\"article\" \/>\n<meta property=\"og:title\" content=\"O alerta do Mundo para sairmos do fundo do po\u00e7o - O Arcanjo no ar\" \/>\n<meta property=\"og:description\" content=\"Autoria: Renan Oliveira e Vinicius Rafael Penha O meio ambiente tem suas belezas. Mas fazer o que, se est\u00e3o sendo estragadas. \u00c1rvores sendo arrancadas; Animais sem abrigo; Polui\u00e7\u00e3o dos mares profundos; Polui\u00e7\u00e3o dos rios. Tudo isso pode ser mudado. Com a for\u00e7a de vontade do mundo. Mas a\u00ed um recado. Para mudarmos temos que amarmos. [&hellip;]\" \/>\n<meta property=\"og:url\" content=\"https:\/\/www.oarcanjo.net\/site\/o-alerta-do-mundo-para-sairmos-do-fundo-do-poco\/\" \/>\n<meta property=\"og:site_name\" content=\"O Arcanjo no ar\" \/>\n<meta property=\"article:publisher\" content=\"https:\/\/www.facebook.com\/OArcanjoNoAr\/\" \/>\n<meta property=\"article:published_time\" content=\"2009-10-19T22:52:16+00:00\" \/>\n<meta property=\"article:modified_time\" content=\"2010-08-16T03:20:42+00:00\" \/>\n<meta property=\"og:image\" content=\"http:\/\/www.oarcanjo.net\/site\/wp-content\/uploads\/vinicius-renan-poesia.jpg\" \/>\n<meta name=\"author\" content=\"editor\" \/>\n<meta name=\"twitter:card\" content=\"summary_large_image\" \/>\n<meta name=\"twitter:label1\" content=\"Escrito por\" \/>\n\t<meta name=\"twitter:data1\" content=\"editor\" \/>\n\t<meta name=\"twitter:label2\" content=\"Est. tempo de leitura\" \/>\n\t<meta name=\"twitter:data2\" content=\"1 minuto\" \/>\n<script type=\"application\/ld+json\" class=\"yoast-schema-graph\">{\"@context\":\"https:\/\/schema.org\",\"@graph\":[{\"@type\":\"Article\",\"@id\":\"https:\/\/www.oarcanjo.net\/site\/o-alerta-do-mundo-para-sairmos-do-fundo-do-poco\/#article\",\"isPartOf\":{\"@id\":\"https:\/\/www.oarcanjo.net\/site\/o-alerta-do-mundo-para-sairmos-do-fundo-do-poco\/\"},\"author\":{\"name\":\"editor\",\"@id\":\"https:\/\/www.oarcanjo.net\/site\/#\/schema\/person\/f7024d007863202483a31326673a0838\"},\"headline\":\"O alerta do Mundo para sairmos do fundo do po\u00e7o\",\"datePublished\":\"2009-10-19T22:52:16+00:00\",\"dateModified\":\"2010-08-16T03:20:42+00:00\",\"mainEntityOfPage\":{\"@id\":\"https:\/\/www.oarcanjo.net\/site\/o-alerta-do-mundo-para-sairmos-do-fundo-do-poco\/\"},\"wordCount\":233,\"commentCount\":8,\"publisher\":{\"@id\":\"https:\/\/www.oarcanjo.net\/site\/#organization\"},\"image\":{\"@id\":\"https:\/\/www.oarcanjo.net\/site\/o-alerta-do-mundo-para-sairmos-do-fundo-do-poco\/#primaryimage\"},\"thumbnailUrl\":\"http:\/\/www.oarcanjo.net\/site\/wp-content\/uploads\/vinicius-renan-poesia.jpg\",\"keywords\":[\"Jovens\",\"meio ambiente\",\"poesia\",\"sustentabilidade\"],\"articleSection\":[\"Jovens\"],\"inLanguage\":\"pt-BR\",\"potentialAction\":[{\"@type\":\"CommentAction\",\"name\":\"Comment\",\"target\":[\"https:\/\/www.oarcanjo.net\/site\/o-alerta-do-mundo-para-sairmos-do-fundo-do-poco\/#respond\"]}]},{\"@type\":\"WebPage\",\"@id\":\"https:\/\/www.oarcanjo.net\/site\/o-alerta-do-mundo-para-sairmos-do-fundo-do-poco\/\",\"url\":\"https:\/\/www.oarcanjo.net\/site\/o-alerta-do-mundo-para-sairmos-do-fundo-do-poco\/\",\"name\":\"O alerta do Mundo para sairmos do fundo do po\u00e7o - O Arcanjo no ar\",\"isPartOf\":{\"@id\":\"https:\/\/www.oarcanjo.net\/site\/#website\"},\"primaryImageOfPage\":{\"@id\":\"https:\/\/www.oarcanjo.net\/site\/o-alerta-do-mundo-para-sairmos-do-fundo-do-poco\/#primaryimage\"},\"image\":{\"@id\":\"https:\/\/www.oarcanjo.net\/site\/o-alerta-do-mundo-para-sairmos-do-fundo-do-poco\/#primaryimage\"},\"thumbnailUrl\":\"http:\/\/www.oarcanjo.net\/site\/wp-content\/uploads\/vinicius-renan-poesia.jpg\",\"datePublished\":\"2009-10-19T22:52:16+00:00\",\"dateModified\":\"2010-08-16T03:20:42+00:00\",\"breadcrumb\":{\"@id\":\"https:\/\/www.oarcanjo.net\/site\/o-alerta-do-mundo-para-sairmos-do-fundo-do-poco\/#breadcrumb\"},\"inLanguage\":\"pt-BR\",\"potentialAction\":[{\"@type\":\"ReadAction\",\"target\":[\"https:\/\/www.oarcanjo.net\/site\/o-alerta-do-mundo-para-sairmos-do-fundo-do-poco\/\"]}]},{\"@type\":\"ImageObject\",\"inLanguage\":\"pt-BR\",\"@id\":\"https:\/\/www.oarcanjo.net\/site\/o-alerta-do-mundo-para-sairmos-do-fundo-do-poco\/#primaryimage\",\"url\":\"https:\/\/www.oarcanjo.net\/site\/wp-content\/uploads\/vinicius-renan-poesia.jpg\",\"contentUrl\":\"https:\/\/www.oarcanjo.net\/site\/wp-content\/uploads\/vinicius-renan-poesia.jpg\",\"width\":\"400\",\"height\":\"300\",\"caption\":\"Vin\u00edcius e Renan\"},{\"@type\":\"BreadcrumbList\",\"@id\":\"https:\/\/www.oarcanjo.net\/site\/o-alerta-do-mundo-para-sairmos-do-fundo-do-poco\/#breadcrumb\",\"itemListElement\":[{\"@type\":\"ListItem\",\"position\":1,\"name\":\"In\u00edcio\",\"item\":\"https:\/\/www.oarcanjo.net\/site\/\"},{\"@type\":\"ListItem\",\"position\":2,\"name\":\"O alerta do Mundo para sairmos do fundo do po\u00e7o\"}]},{\"@type\":\"WebSite\",\"@id\":\"https:\/\/www.oarcanjo.net\/site\/#website\",\"url\":\"https:\/\/www.oarcanjo.net\/site\/\",\"name\":\"O Arcanjo no ar\",\"description\":\"Site da Par\u00f3quia S\u00e3o Miguel Arcanjo (Arquidiocese de SP)\",\"publisher\":{\"@id\":\"https:\/\/www.oarcanjo.net\/site\/#organization\"},\"potentialAction\":[{\"@type\":\"SearchAction\",\"target\":{\"@type\":\"EntryPoint\",\"urlTemplate\":\"https:\/\/www.oarcanjo.net\/site\/?s={search_term_string}\"},\"query-input\":{\"@type\":\"PropertyValueSpecification\",\"valueRequired\":true,\"valueName\":\"search_term_string\"}}],\"inLanguage\":\"pt-BR\"},{\"@type\":\"Organization\",\"@id\":\"https:\/\/www.oarcanjo.net\/site\/#organization\",\"name\":\"Par\u00f3quia S\u00e3o Miguel Arcanjo\",\"url\":\"https:\/\/www.oarcanjo.net\/site\/\",\"logo\":{\"@type\":\"ImageObject\",\"inLanguage\":\"pt-BR\",\"@id\":\"https:\/\/www.oarcanjo.net\/site\/#\/schema\/logo\/image\/\",\"url\":\"https:\/\/www.oarcanjo.net\/site\/wp-content\/uploads\/LogoOArcanjo.png\",\"contentUrl\":\"https:\/\/www.oarcanjo.net\/site\/wp-content\/uploads\/LogoOArcanjo.png\",\"width\":319,\"height\":99,\"caption\":\"Par\u00f3quia S\u00e3o Miguel Arcanjo\"},\"image\":{\"@id\":\"https:\/\/www.oarcanjo.net\/site\/#\/schema\/logo\/image\/\"},\"sameAs\":[\"https:\/\/www.facebook.com\/OArcanjoNoAr\/\"]},{\"@type\":\"Person\",\"@id\":\"https:\/\/www.oarcanjo.net\/site\/#\/schema\/person\/f7024d007863202483a31326673a0838\",\"name\":\"editor\",\"sameAs\":[\"http:\/\/www.oarcanjo.net\"]}]}<\/script>\n<!-- \/ Yoast SEO plugin. -->","yoast_head_json":{"title":"O alerta do Mundo para sairmos do fundo do po\u00e7o - O Arcanjo no ar","robots":{"index":"index","follow":"follow","max-snippet":"max-snippet:-1","max-image-preview":"max-image-preview:large","max-video-preview":"max-video-preview:-1"},"canonical":"https:\/\/www.oarcanjo.net\/site\/o-alerta-do-mundo-para-sairmos-do-fundo-do-poco\/","og_locale":"pt_BR","og_type":"article","og_title":"O alerta do Mundo para sairmos do fundo do po\u00e7o - O Arcanjo no ar","og_description":"Autoria: Renan Oliveira e Vinicius Rafael Penha O meio ambiente tem suas belezas. Mas fazer o que, se est\u00e3o sendo estragadas. \u00c1rvores sendo arrancadas; Animais sem abrigo; Polui\u00e7\u00e3o dos mares profundos; Polui\u00e7\u00e3o dos rios. Tudo isso pode ser mudado. Com a for\u00e7a de vontade do mundo. Mas a\u00ed um recado. Para mudarmos temos que amarmos. [&hellip;]","og_url":"https:\/\/www.oarcanjo.net\/site\/o-alerta-do-mundo-para-sairmos-do-fundo-do-poco\/","og_site_name":"O Arcanjo no ar","article_publisher":"https:\/\/www.facebook.com\/OArcanjoNoAr\/","article_published_time":"2009-10-19T22:52:16+00:00","article_modified_time":"2010-08-16T03:20:42+00:00","og_image":[{"url":"http:\/\/www.oarcanjo.net\/site\/wp-content\/uploads\/vinicius-renan-poesia.jpg"}],"author":"editor","twitter_card":"summary_large_image","twitter_misc":{"Escrito por":"editor","Est. tempo de leitura":"1 minuto"},"schema":{"@context":"https:\/\/schema.org","@graph":[{"@type":"Article","@id":"https:\/\/www.oarcanjo.net\/site\/o-alerta-do-mundo-para-sairmos-do-fundo-do-poco\/#article","isPartOf":{"@id":"https:\/\/www.oarcanjo.net\/site\/o-alerta-do-mundo-para-sairmos-do-fundo-do-poco\/"},"author":{"name":"editor","@id":"https:\/\/www.oarcanjo.net\/site\/#\/schema\/person\/f7024d007863202483a31326673a0838"},"headline":"O alerta do Mundo para sairmos do fundo do po\u00e7o","datePublished":"2009-10-19T22:52:16+00:00","dateModified":"2010-08-16T03:20:42+00:00","mainEntityOfPage":{"@id":"https:\/\/www.oarcanjo.net\/site\/o-alerta-do-mundo-para-sairmos-do-fundo-do-poco\/"},"wordCount":233,"commentCount":8,"publisher":{"@id":"https:\/\/www.oarcanjo.net\/site\/#organization"},"image":{"@id":"https:\/\/www.oarcanjo.net\/site\/o-alerta-do-mundo-para-sairmos-do-fundo-do-poco\/#primaryimage"},"thumbnailUrl":"http:\/\/www.oarcanjo.net\/site\/wp-content\/uploads\/vinicius-renan-poesia.jpg","keywords":["Jovens","meio ambiente","poesia","sustentabilidade"],"articleSection":["Jovens"],"inLanguage":"pt-BR","potentialAction":[{"@type":"CommentAction","name":"Comment","target":["https:\/\/www.oarcanjo.net\/site\/o-alerta-do-mundo-para-sairmos-do-fundo-do-poco\/#respond"]}]},{"@type":"WebPage","@id":"https:\/\/www.oarcanjo.net\/site\/o-alerta-do-mundo-para-sairmos-do-fundo-do-poco\/","url":"https:\/\/www.oarcanjo.net\/site\/o-alerta-do-mundo-para-sairmos-do-fundo-do-poco\/","name":"O alerta do Mundo para sairmos do fundo do po\u00e7o - O Arcanjo no ar","isPartOf":{"@id":"https:\/\/www.oarcanjo.net\/site\/#website"},"primaryImageOfPage":{"@id":"https:\/\/www.oarcanjo.net\/site\/o-alerta-do-mundo-para-sairmos-do-fundo-do-poco\/#primaryimage"},"image":{"@id":"https:\/\/www.oarcanjo.net\/site\/o-alerta-do-mundo-para-sairmos-do-fundo-do-poco\/#primaryimage"},"thumbnailUrl":"http:\/\/www.oarcanjo.net\/site\/wp-content\/uploads\/vinicius-renan-poesia.jpg","datePublished":"2009-10-19T22:52:16+00:00","dateModified":"2010-08-16T03:20:42+00:00","breadcrumb":{"@id":"https:\/\/www.oarcanjo.net\/site\/o-alerta-do-mundo-para-sairmos-do-fundo-do-poco\/#breadcrumb"},"inLanguage":"pt-BR","potentialAction":[{"@type":"ReadAction","target":["https:\/\/www.oarcanjo.net\/site\/o-alerta-do-mundo-para-sairmos-do-fundo-do-poco\/"]}]},{"@type":"ImageObject","inLanguage":"pt-BR","@id":"https:\/\/www.oarcanjo.net\/site\/o-alerta-do-mundo-para-sairmos-do-fundo-do-poco\/#primaryimage","url":"https:\/\/www.oarcanjo.net\/site\/wp-content\/uploads\/vinicius-renan-poesia.jpg","contentUrl":"https:\/\/www.oarcanjo.net\/site\/wp-content\/uploads\/vinicius-renan-poesia.jpg","width":"400","height":"300","caption":"Vin\u00edcius e Renan"},{"@type":"BreadcrumbList","@id":"https:\/\/www.oarcanjo.net\/site\/o-alerta-do-mundo-para-sairmos-do-fundo-do-poco\/#breadcrumb","itemListElement":[{"@type":"ListItem","position":1,"name":"In\u00edcio","item":"https:\/\/www.oarcanjo.net\/site\/"},{"@type":"ListItem","position":2,"name":"O alerta do Mundo para sairmos do fundo do po\u00e7o"}]},{"@type":"WebSite","@id":"https:\/\/www.oarcanjo.net\/site\/#website","url":"https:\/\/www.oarcanjo.net\/site\/","name":"O Arcanjo no ar","description":"Site da Par\u00f3quia S\u00e3o Miguel Arcanjo (Arquidiocese de SP)","publisher":{"@id":"https:\/\/www.oarcanjo.net\/site\/#organization"},"potentialAction":[{"@type":"SearchAction","target":{"@type":"EntryPoint","urlTemplate":"https:\/\/www.oarcanjo.net\/site\/?s={search_term_string}"},"query-input":{"@type":"PropertyValueSpecification","valueRequired":true,"valueName":"search_term_string"}}],"inLanguage":"pt-BR"},{"@type":"Organization","@id":"https:\/\/www.oarcanjo.net\/site\/#organization","name":"Par\u00f3quia S\u00e3o Miguel Arcanjo","url":"https:\/\/www.oarcanjo.net\/site\/","logo":{"@type":"ImageObject","inLanguage":"pt-BR","@id":"https:\/\/www.oarcanjo.net\/site\/#\/schema\/logo\/image\/","url":"https:\/\/www.oarcanjo.net\/site\/wp-content\/uploads\/LogoOArcanjo.png","contentUrl":"https:\/\/www.oarcanjo.net\/site\/wp-content\/uploads\/LogoOArcanjo.png","width":319,"height":99,"caption":"Par\u00f3quia S\u00e3o Miguel Arcanjo"},"image":{"@id":"https:\/\/www.oarcanjo.net\/site\/#\/schema\/logo\/image\/"},"sameAs":["https:\/\/www.facebook.com\/OArcanjoNoAr\/"]},{"@type":"Person","@id":"https:\/\/www.oarcanjo.net\/site\/#\/schema\/person\/f7024d007863202483a31326673a0838","name":"editor","sameAs":["http:\/\/www.oarcanjo.net"]}]}},"publishpress_future_action":{"enabled":false,"date":"2026-05-06 19:59:22","action":"category","newStatus":"draft","terms":[],"taxonomy":"category"},"publishpress_future_workflow_manual_trigger":{"enabledWorkflows":[]},"_links":{"self":[{"href":"https:\/\/www.oarcanjo.net\/site\/wp-json\/wp\/v2\/posts\/5762"}],"collection":[{"href":"https:\/\/www.oarcanjo.net\/site\/wp-json\/wp\/v2\/posts"}],"about":[{"href":"https:\/\/www.oarcanjo.net\/site\/wp-json\/wp\/v2\/types\/post"}],"author":[{"embeddable":true,"href":"https:\/\/www.oarcanjo.net\/site\/wp-json\/wp\/v2\/users\/5"}],"replies":[{"embeddable":true,"href":"https:\/\/www.oarcanjo.net\/site\/wp-json\/wp\/v2\/comments?post=5762"}],"version-history":[{"count":0,"href":"https:\/\/www.oarcanjo.net\/site\/wp-json\/wp\/v2\/posts\/5762\/revisions"}],"wp:attachment":[{"href":"https:\/\/www.oarcanjo.net\/site\/wp-json\/wp\/v2\/media?parent=5762"}],"wp:term":[{"taxonomy":"category","embeddable":true,"href":"https:\/\/www.oarcanjo.net\/site\/wp-json\/wp\/v2\/categories?post=5762"},{"taxonomy":"post_tag","embeddable":true,"href":"https:\/\/www.oarcanjo.net\/site\/wp-json\/wp\/v2\/tags?post=5762"}],"curies":[{"name":"wp","href":"https:\/\/api.w.org\/{rel}","templated":true}]}}