
{"id":57795,"date":"2015-01-18T22:59:21","date_gmt":"2015-01-19T00:59:21","guid":{"rendered":"http:\/\/www.oarcanjo.net\/site\/?p=57795"},"modified":"2015-01-18T22:59:21","modified_gmt":"2015-01-19T00:59:21","slug":"20-anos-professor-mesquita","status":"publish","type":"post","link":"https:\/\/www.oarcanjo.net\/site\/20-anos-professor-mesquita\/","title":{"rendered":"20 anos Professor Mesquita"},"content":{"rendered":"<p style=\"text-align: justify;\">Professor Alberto Mesquita de Camargo. A celebra\u00e7\u00e3o eucar\u00edstica deste domingo 18\/01\/15 na missa das dez horas na Capela da Universidade S\u00e3o Judas Tadeu, foi tamb\u00e9m\u00a0em mem\u00f3ria do Professor Mesquita.<\/p>\n<p style=\"text-align: justify;\">O Pe Julio lembrou da trajet\u00f3ria de f\u00e9 do Professor Mesquita e tamb\u00e9m de seu carinho pela edifica\u00e7\u00e3o da Capela, dando destaque especial para o per\u00edodo das funda\u00e7\u00f5es. Salientou, aindam\u00a0 que estamos pr\u00f3ximos do centen\u00e1rio da Professora Alzira.<\/p>\n<p style=\"text-align: justify;\">Faz 20 anos que ele foi para a casa do Pai. Depois da celebra\u00e7\u00e3o a Professora Alzira e o Pe Julio levaram flores no local da est\u00e1tua do Professor \u00a0Mesquita \u00a0no jardim da Universidade.<\/p>\n<p style=\"text-align: justify;\">\n<p style=\"text-align: justify;\"><a href=\"http:\/\/www.oarcanjo.net\/site\/wp-content\/uploads\/20150118_111541.jpg\"><img loading=\"lazy\" decoding=\"async\" class=\"alignleft size-medium wp-image-57796\" src=\"http:\/\/www.oarcanjo.net\/site\/wp-content\/uploads\/20150118_111541-300x224.jpg\" alt=\"20150118_111541\" width=\"300\" height=\"224\" srcset=\"https:\/\/www.oarcanjo.net\/site\/wp-content\/uploads\/20150118_111541-300x224.jpg 300w, https:\/\/www.oarcanjo.net\/site\/wp-content\/uploads\/20150118_111541.jpg 575w\" sizes=\"(max-width: 300px) 100vw, 300px\" \/><\/a><a href=\"http:\/\/www.oarcanjo.net\/site\/wp-content\/uploads\/20150118_111716.jpg\"><img loading=\"lazy\" decoding=\"async\" class=\"aligncenter size-medium wp-image-57797\" src=\"http:\/\/www.oarcanjo.net\/site\/wp-content\/uploads\/20150118_111716-300x224.jpg\" alt=\"20150118_111716\" width=\"300\" height=\"224\" srcset=\"https:\/\/www.oarcanjo.net\/site\/wp-content\/uploads\/20150118_111716-300x224.jpg 300w, https:\/\/www.oarcanjo.net\/site\/wp-content\/uploads\/20150118_111716.jpg 575w\" sizes=\"(max-width: 300px) 100vw, 300px\" \/><\/a><a href=\"http:\/\/www.oarcanjo.net\/site\/wp-content\/uploads\/20150118_112051.jpg\"><img loading=\"lazy\" decoding=\"async\" class=\"alignleft size-medium wp-image-57798\" src=\"http:\/\/www.oarcanjo.net\/site\/wp-content\/uploads\/20150118_112051-300x224.jpg\" alt=\"20150118_112051\" width=\"300\" height=\"224\" srcset=\"https:\/\/www.oarcanjo.net\/site\/wp-content\/uploads\/20150118_112051-300x224.jpg 300w, https:\/\/www.oarcanjo.net\/site\/wp-content\/uploads\/20150118_112051.jpg 575w\" sizes=\"(max-width: 300px) 100vw, 300px\" \/><\/a><a href=\"http:\/\/www.oarcanjo.net\/site\/wp-content\/uploads\/20150118_112301.jpg\"><img loading=\"lazy\" decoding=\"async\" class=\"aligncenter size-medium wp-image-57799\" src=\"http:\/\/www.oarcanjo.net\/site\/wp-content\/uploads\/20150118_112301-300x224.jpg\" alt=\"20150118_112301\" width=\"300\" height=\"224\" srcset=\"https:\/\/www.oarcanjo.net\/site\/wp-content\/uploads\/20150118_112301-300x224.jpg 300w, https:\/\/www.oarcanjo.net\/site\/wp-content\/uploads\/20150118_112301.jpg 575w\" sizes=\"(max-width: 300px) 100vw, 300px\" \/><\/a><a href=\"http:\/\/www.oarcanjo.net\/site\/wp-content\/uploads\/20150118_112334.jpg\"><img loading=\"lazy\" decoding=\"async\" class=\"alignleft size-medium wp-image-57800\" src=\"http:\/\/www.oarcanjo.net\/site\/wp-content\/uploads\/20150118_112334-300x224.jpg\" alt=\"20150118_112334\" width=\"300\" height=\"224\" srcset=\"https:\/\/www.oarcanjo.net\/site\/wp-content\/uploads\/20150118_112334-300x224.jpg 300w, https:\/\/www.oarcanjo.net\/site\/wp-content\/uploads\/20150118_112334.jpg 575w\" sizes=\"(max-width: 300px) 100vw, 300px\" \/><\/a><a href=\"http:\/\/www.oarcanjo.net\/site\/wp-content\/uploads\/20150118_112344.jpg\"><img loading=\"lazy\" decoding=\"async\" class=\"aligncenter size-medium wp-image-57801\" src=\"http:\/\/www.oarcanjo.net\/site\/wp-content\/uploads\/20150118_112344-300x224.jpg\" alt=\"20150118_112344\" width=\"300\" height=\"224\" srcset=\"https:\/\/www.oarcanjo.net\/site\/wp-content\/uploads\/20150118_112344-300x224.jpg 300w, https:\/\/www.oarcanjo.net\/site\/wp-content\/uploads\/20150118_112344.jpg 575w\" sizes=\"(max-width: 300px) 100vw, 300px\" \/><\/a><a href=\"http:\/\/www.oarcanjo.net\/site\/wp-content\/uploads\/20150118_112347.jpg\"><img loading=\"lazy\" decoding=\"async\" class=\"alignleft size-medium wp-image-57802\" src=\"http:\/\/www.oarcanjo.net\/site\/wp-content\/uploads\/20150118_112347-300x224.jpg\" alt=\"20150118_112347\" width=\"300\" height=\"224\" srcset=\"https:\/\/www.oarcanjo.net\/site\/wp-content\/uploads\/20150118_112347-300x224.jpg 300w, https:\/\/www.oarcanjo.net\/site\/wp-content\/uploads\/20150118_112347.jpg 575w\" sizes=\"(max-width: 300px) 100vw, 300px\" \/><\/a><a href=\"http:\/\/www.oarcanjo.net\/site\/wp-content\/uploads\/20150118_112401.jpg\"><img loading=\"lazy\" decoding=\"async\" class=\"aligncenter size-medium wp-image-57803\" src=\"http:\/\/www.oarcanjo.net\/site\/wp-content\/uploads\/20150118_112401-300x224.jpg\" alt=\"20150118_112401\" width=\"300\" height=\"224\" srcset=\"https:\/\/www.oarcanjo.net\/site\/wp-content\/uploads\/20150118_112401-300x224.jpg 300w, https:\/\/www.oarcanjo.net\/site\/wp-content\/uploads\/20150118_112401.jpg 575w\" sizes=\"(max-width: 300px) 100vw, 300px\" \/><\/a><\/p>\n<div id=\"themify_builder_content-57795\" data-postid=\"57795\" class=\"themify_builder_content themify_builder_content-57795 themify_builder themify_builder_front\">\n\t<\/div>\n<!-- \/themify_builder_content -->","protected":false},"excerpt":{"rendered":"<p>Faz 20 anos que o Professor Mesquita foi para a casa do Pai. Celebra\u00e7\u00e3o eucar\u00edstica<\/p>\n","protected":false},"author":10,"featured_media":0,"comment_status":"open","ping_status":"open","sticky":false,"template":"","format":"standard","meta":{"ngg_post_thumbnail":0,"footnotes":""},"categories":[7],"tags":[],"yoast_head":"<!-- This site is optimized with the Yoast SEO plugin v23.5 - https:\/\/yoast.com\/wordpress\/plugins\/seo\/ -->\n<title>20 anos Professor Mesquita - O Arcanjo no ar<\/title>\n<meta name=\"robots\" content=\"index, follow, max-snippet:-1, max-image-preview:large, max-video-preview:-1\" \/>\n<link rel=\"canonical\" href=\"https:\/\/www.oarcanjo.net\/site\/20-anos-professor-mesquita\/\" \/>\n<meta property=\"og:locale\" content=\"pt_BR\" \/>\n<meta property=\"og:type\" content=\"article\" \/>\n<meta property=\"og:title\" content=\"20 anos Professor Mesquita - O Arcanjo no ar\" \/>\n<meta property=\"og:description\" content=\"Faz 20 anos que o Professor Mesquita foi para a casa do Pai. Celebra\u00e7\u00e3o eucar\u00edstica\" \/>\n<meta property=\"og:url\" content=\"https:\/\/www.oarcanjo.net\/site\/20-anos-professor-mesquita\/\" \/>\n<meta property=\"og:site_name\" content=\"O Arcanjo no ar\" \/>\n<meta property=\"article:publisher\" content=\"https:\/\/www.facebook.com\/OArcanjoNoAr\/\" \/>\n<meta property=\"article:published_time\" content=\"2015-01-19T00:59:21+00:00\" \/>\n<meta property=\"og:image\" content=\"http:\/\/www.oarcanjo.net\/site\/wp-content\/uploads\/20150118_111541-300x224.jpg\" \/>\n<meta name=\"author\" content=\"carlos\" \/>\n<meta name=\"twitter:card\" content=\"summary_large_image\" \/>\n<meta name=\"twitter:label1\" content=\"Escrito por\" \/>\n\t<meta name=\"twitter:data1\" content=\"carlos\" \/>\n\t<meta name=\"twitter:label2\" content=\"Est. tempo de leitura\" \/>\n\t<meta name=\"twitter:data2\" content=\"1 minuto\" \/>\n<script type=\"application\/ld+json\" class=\"yoast-schema-graph\">{\"@context\":\"https:\/\/schema.org\",\"@graph\":[{\"@type\":\"Article\",\"@id\":\"https:\/\/www.oarcanjo.net\/site\/20-anos-professor-mesquita\/#article\",\"isPartOf\":{\"@id\":\"https:\/\/www.oarcanjo.net\/site\/20-anos-professor-mesquita\/\"},\"author\":{\"name\":\"carlos\",\"@id\":\"https:\/\/www.oarcanjo.net\/site\/#\/schema\/person\/f7870e710d8c8c30673de3a0ac2e451d\"},\"headline\":\"20 anos Professor Mesquita\",\"datePublished\":\"2015-01-19T00:59:21+00:00\",\"dateModified\":\"2015-01-19T00:59:21+00:00\",\"mainEntityOfPage\":{\"@id\":\"https:\/\/www.oarcanjo.net\/site\/20-anos-professor-mesquita\/\"},\"wordCount\":117,\"commentCount\":0,\"publisher\":{\"@id\":\"https:\/\/www.oarcanjo.net\/site\/#organization\"},\"image\":{\"@id\":\"https:\/\/www.oarcanjo.net\/site\/20-anos-professor-mesquita\/#primaryimage\"},\"thumbnailUrl\":\"http:\/\/www.oarcanjo.net\/site\/wp-content\/uploads\/20150118_111541-300x224.jpg\",\"articleSection\":[\"Rosto da comunidade\"],\"inLanguage\":\"pt-BR\",\"potentialAction\":[{\"@type\":\"CommentAction\",\"name\":\"Comment\",\"target\":[\"https:\/\/www.oarcanjo.net\/site\/20-anos-professor-mesquita\/#respond\"]}]},{\"@type\":\"WebPage\",\"@id\":\"https:\/\/www.oarcanjo.net\/site\/20-anos-professor-mesquita\/\",\"url\":\"https:\/\/www.oarcanjo.net\/site\/20-anos-professor-mesquita\/\",\"name\":\"20 anos Professor Mesquita - O Arcanjo no ar\",\"isPartOf\":{\"@id\":\"https:\/\/www.oarcanjo.net\/site\/#website\"},\"primaryImageOfPage\":{\"@id\":\"https:\/\/www.oarcanjo.net\/site\/20-anos-professor-mesquita\/#primaryimage\"},\"image\":{\"@id\":\"https:\/\/www.oarcanjo.net\/site\/20-anos-professor-mesquita\/#primaryimage\"},\"thumbnailUrl\":\"http:\/\/www.oarcanjo.net\/site\/wp-content\/uploads\/20150118_111541-300x224.jpg\",\"datePublished\":\"2015-01-19T00:59:21+00:00\",\"dateModified\":\"2015-01-19T00:59:21+00:00\",\"breadcrumb\":{\"@id\":\"https:\/\/www.oarcanjo.net\/site\/20-anos-professor-mesquita\/#breadcrumb\"},\"inLanguage\":\"pt-BR\",\"potentialAction\":[{\"@type\":\"ReadAction\",\"target\":[\"https:\/\/www.oarcanjo.net\/site\/20-anos-professor-mesquita\/\"]}]},{\"@type\":\"ImageObject\",\"inLanguage\":\"pt-BR\",\"@id\":\"https:\/\/www.oarcanjo.net\/site\/20-anos-professor-mesquita\/#primaryimage\",\"url\":\"https:\/\/www.oarcanjo.net\/site\/wp-content\/uploads\/20150118_111541.jpg\",\"contentUrl\":\"https:\/\/www.oarcanjo.net\/site\/wp-content\/uploads\/20150118_111541.jpg\",\"width\":575,\"height\":431},{\"@type\":\"BreadcrumbList\",\"@id\":\"https:\/\/www.oarcanjo.net\/site\/20-anos-professor-mesquita\/#breadcrumb\",\"itemListElement\":[{\"@type\":\"ListItem\",\"position\":1,\"name\":\"In\u00edcio\",\"item\":\"https:\/\/www.oarcanjo.net\/site\/\"},{\"@type\":\"ListItem\",\"position\":2,\"name\":\"20 anos Professor Mesquita\"}]},{\"@type\":\"WebSite\",\"@id\":\"https:\/\/www.oarcanjo.net\/site\/#website\",\"url\":\"https:\/\/www.oarcanjo.net\/site\/\",\"name\":\"O Arcanjo no ar\",\"description\":\"Site da Par\u00f3quia S\u00e3o Miguel Arcanjo (Arquidiocese de SP)\",\"publisher\":{\"@id\":\"https:\/\/www.oarcanjo.net\/site\/#organization\"},\"potentialAction\":[{\"@type\":\"SearchAction\",\"target\":{\"@type\":\"EntryPoint\",\"urlTemplate\":\"https:\/\/www.oarcanjo.net\/site\/?s={search_term_string}\"},\"query-input\":{\"@type\":\"PropertyValueSpecification\",\"valueRequired\":true,\"valueName\":\"search_term_string\"}}],\"inLanguage\":\"pt-BR\"},{\"@type\":\"Organization\",\"@id\":\"https:\/\/www.oarcanjo.net\/site\/#organization\",\"name\":\"Par\u00f3quia S\u00e3o Miguel Arcanjo\",\"url\":\"https:\/\/www.oarcanjo.net\/site\/\",\"logo\":{\"@type\":\"ImageObject\",\"inLanguage\":\"pt-BR\",\"@id\":\"https:\/\/www.oarcanjo.net\/site\/#\/schema\/logo\/image\/\",\"url\":\"https:\/\/www.oarcanjo.net\/site\/wp-content\/uploads\/LogoOArcanjo.png\",\"contentUrl\":\"https:\/\/www.oarcanjo.net\/site\/wp-content\/uploads\/LogoOArcanjo.png\",\"width\":319,\"height\":99,\"caption\":\"Par\u00f3quia S\u00e3o Miguel Arcanjo\"},\"image\":{\"@id\":\"https:\/\/www.oarcanjo.net\/site\/#\/schema\/logo\/image\/\"},\"sameAs\":[\"https:\/\/www.facebook.com\/OArcanjoNoAr\/\"]},{\"@type\":\"Person\",\"@id\":\"https:\/\/www.oarcanjo.net\/site\/#\/schema\/person\/f7870e710d8c8c30673de3a0ac2e451d\",\"name\":\"carlos\"}]}<\/script>\n<!-- \/ Yoast SEO plugin. -->","yoast_head_json":{"title":"20 anos Professor Mesquita - O Arcanjo no ar","robots":{"index":"index","follow":"follow","max-snippet":"max-snippet:-1","max-image-preview":"max-image-preview:large","max-video-preview":"max-video-preview:-1"},"canonical":"https:\/\/www.oarcanjo.net\/site\/20-anos-professor-mesquita\/","og_locale":"pt_BR","og_type":"article","og_title":"20 anos Professor Mesquita - O Arcanjo no ar","og_description":"Faz 20 anos que o Professor Mesquita foi para a casa do Pai. Celebra\u00e7\u00e3o eucar\u00edstica","og_url":"https:\/\/www.oarcanjo.net\/site\/20-anos-professor-mesquita\/","og_site_name":"O Arcanjo no ar","article_publisher":"https:\/\/www.facebook.com\/OArcanjoNoAr\/","article_published_time":"2015-01-19T00:59:21+00:00","og_image":[{"url":"http:\/\/www.oarcanjo.net\/site\/wp-content\/uploads\/20150118_111541-300x224.jpg"}],"author":"carlos","twitter_card":"summary_large_image","twitter_misc":{"Escrito por":"carlos","Est. tempo de leitura":"1 minuto"},"schema":{"@context":"https:\/\/schema.org","@graph":[{"@type":"Article","@id":"https:\/\/www.oarcanjo.net\/site\/20-anos-professor-mesquita\/#article","isPartOf":{"@id":"https:\/\/www.oarcanjo.net\/site\/20-anos-professor-mesquita\/"},"author":{"name":"carlos","@id":"https:\/\/www.oarcanjo.net\/site\/#\/schema\/person\/f7870e710d8c8c30673de3a0ac2e451d"},"headline":"20 anos Professor Mesquita","datePublished":"2015-01-19T00:59:21+00:00","dateModified":"2015-01-19T00:59:21+00:00","mainEntityOfPage":{"@id":"https:\/\/www.oarcanjo.net\/site\/20-anos-professor-mesquita\/"},"wordCount":117,"commentCount":0,"publisher":{"@id":"https:\/\/www.oarcanjo.net\/site\/#organization"},"image":{"@id":"https:\/\/www.oarcanjo.net\/site\/20-anos-professor-mesquita\/#primaryimage"},"thumbnailUrl":"http:\/\/www.oarcanjo.net\/site\/wp-content\/uploads\/20150118_111541-300x224.jpg","articleSection":["Rosto da comunidade"],"inLanguage":"pt-BR","potentialAction":[{"@type":"CommentAction","name":"Comment","target":["https:\/\/www.oarcanjo.net\/site\/20-anos-professor-mesquita\/#respond"]}]},{"@type":"WebPage","@id":"https:\/\/www.oarcanjo.net\/site\/20-anos-professor-mesquita\/","url":"https:\/\/www.oarcanjo.net\/site\/20-anos-professor-mesquita\/","name":"20 anos Professor Mesquita - O Arcanjo no ar","isPartOf":{"@id":"https:\/\/www.oarcanjo.net\/site\/#website"},"primaryImageOfPage":{"@id":"https:\/\/www.oarcanjo.net\/site\/20-anos-professor-mesquita\/#primaryimage"},"image":{"@id":"https:\/\/www.oarcanjo.net\/site\/20-anos-professor-mesquita\/#primaryimage"},"thumbnailUrl":"http:\/\/www.oarcanjo.net\/site\/wp-content\/uploads\/20150118_111541-300x224.jpg","datePublished":"2015-01-19T00:59:21+00:00","dateModified":"2015-01-19T00:59:21+00:00","breadcrumb":{"@id":"https:\/\/www.oarcanjo.net\/site\/20-anos-professor-mesquita\/#breadcrumb"},"inLanguage":"pt-BR","potentialAction":[{"@type":"ReadAction","target":["https:\/\/www.oarcanjo.net\/site\/20-anos-professor-mesquita\/"]}]},{"@type":"ImageObject","inLanguage":"pt-BR","@id":"https:\/\/www.oarcanjo.net\/site\/20-anos-professor-mesquita\/#primaryimage","url":"https:\/\/www.oarcanjo.net\/site\/wp-content\/uploads\/20150118_111541.jpg","contentUrl":"https:\/\/www.oarcanjo.net\/site\/wp-content\/uploads\/20150118_111541.jpg","width":575,"height":431},{"@type":"BreadcrumbList","@id":"https:\/\/www.oarcanjo.net\/site\/20-anos-professor-mesquita\/#breadcrumb","itemListElement":[{"@type":"ListItem","position":1,"name":"In\u00edcio","item":"https:\/\/www.oarcanjo.net\/site\/"},{"@type":"ListItem","position":2,"name":"20 anos Professor Mesquita"}]},{"@type":"WebSite","@id":"https:\/\/www.oarcanjo.net\/site\/#website","url":"https:\/\/www.oarcanjo.net\/site\/","name":"O Arcanjo no ar","description":"Site da Par\u00f3quia S\u00e3o Miguel Arcanjo (Arquidiocese de SP)","publisher":{"@id":"https:\/\/www.oarcanjo.net\/site\/#organization"},"potentialAction":[{"@type":"SearchAction","target":{"@type":"EntryPoint","urlTemplate":"https:\/\/www.oarcanjo.net\/site\/?s={search_term_string}"},"query-input":{"@type":"PropertyValueSpecification","valueRequired":true,"valueName":"search_term_string"}}],"inLanguage":"pt-BR"},{"@type":"Organization","@id":"https:\/\/www.oarcanjo.net\/site\/#organization","name":"Par\u00f3quia S\u00e3o Miguel Arcanjo","url":"https:\/\/www.oarcanjo.net\/site\/","logo":{"@type":"ImageObject","inLanguage":"pt-BR","@id":"https:\/\/www.oarcanjo.net\/site\/#\/schema\/logo\/image\/","url":"https:\/\/www.oarcanjo.net\/site\/wp-content\/uploads\/LogoOArcanjo.png","contentUrl":"https:\/\/www.oarcanjo.net\/site\/wp-content\/uploads\/LogoOArcanjo.png","width":319,"height":99,"caption":"Par\u00f3quia S\u00e3o Miguel Arcanjo"},"image":{"@id":"https:\/\/www.oarcanjo.net\/site\/#\/schema\/logo\/image\/"},"sameAs":["https:\/\/www.facebook.com\/OArcanjoNoAr\/"]},{"@type":"Person","@id":"https:\/\/www.oarcanjo.net\/site\/#\/schema\/person\/f7870e710d8c8c30673de3a0ac2e451d","name":"carlos"}]}},"publishpress_future_action":{"enabled":false,"date":"2026-05-09 09:30:00","action":"category","newStatus":"draft","terms":[],"taxonomy":"category"},"publishpress_future_workflow_manual_trigger":{"enabledWorkflows":[]},"_links":{"self":[{"href":"https:\/\/www.oarcanjo.net\/site\/wp-json\/wp\/v2\/posts\/57795"}],"collection":[{"href":"https:\/\/www.oarcanjo.net\/site\/wp-json\/wp\/v2\/posts"}],"about":[{"href":"https:\/\/www.oarcanjo.net\/site\/wp-json\/wp\/v2\/types\/post"}],"author":[{"embeddable":true,"href":"https:\/\/www.oarcanjo.net\/site\/wp-json\/wp\/v2\/users\/10"}],"replies":[{"embeddable":true,"href":"https:\/\/www.oarcanjo.net\/site\/wp-json\/wp\/v2\/comments?post=57795"}],"version-history":[{"count":0,"href":"https:\/\/www.oarcanjo.net\/site\/wp-json\/wp\/v2\/posts\/57795\/revisions"}],"wp:attachment":[{"href":"https:\/\/www.oarcanjo.net\/site\/wp-json\/wp\/v2\/media?parent=57795"}],"wp:term":[{"taxonomy":"category","embeddable":true,"href":"https:\/\/www.oarcanjo.net\/site\/wp-json\/wp\/v2\/categories?post=57795"},{"taxonomy":"post_tag","embeddable":true,"href":"https:\/\/www.oarcanjo.net\/site\/wp-json\/wp\/v2\/tags?post=57795"}],"curies":[{"name":"wp","href":"https:\/\/api.w.org\/{rel}","templated":true}]}}