
{"id":5781,"date":"2009-10-20T07:50:35","date_gmt":"2009-10-20T10:50:35","guid":{"rendered":"http:\/\/www.oarcanjo.net\/site\/?p=5781"},"modified":"2009-10-22T07:52:23","modified_gmt":"2009-10-22T10:52:23","slug":"dom-helder-camara-e-tema-da-5-assembleia-regional-da-caritas-brasileira","status":"publish","type":"post","link":"https:\/\/www.oarcanjo.net\/site\/dom-helder-camara-e-tema-da-5-assembleia-regional-da-caritas-brasileira\/","title":{"rendered":"Dom Helder C\u00e2mara \u00e9 tema da 5\u00aa Assembleia Regional da C\u00e1ritas Brasileira"},"content":{"rendered":"<p>Com o tema \u201cdom Helder C\u00e2mara: presen\u00e7a prof\u00e9tica e po\u00e9tica do reino\u201d, a C\u00e1ritas Brasileira Nordeste 2 da CNBB (Alagoas, Para\u00edba, Pernambuco e Rio Grande do Norte)  realizou, de 16 a 18, no Convento S\u00e3o Francisco, no munic\u00edpio de Lagoa Seca, a 20 Km de Campina Grande (PB), a 5\u00aa Assembleia Regional.<\/p>\n<p>\u201cA miss\u00e3o da C\u00e1ritas foi de defender e promover a vida, participando da constru\u00e7\u00e3o de uma sociedade mais justa e igualit\u00e1ria, junto com as pessoas em situa\u00e7\u00e3o de exclus\u00e3o social. Nesta Assembleia houve v\u00e1rios momentos para repensar nossas pr\u00e1ticas, realizamos discuss\u00f5es e planejamos as a\u00e7\u00f5es para o pr\u00f3ximo quadri\u00eanio da rede C\u00e1ritas no Nordeste 2 \u201d, explicou o articulador de projetos da C\u00e1ritas, Marcos Bezerra.<\/p>\n<p>Houve na programa\u00e7\u00e3o da Assembleia, um painel de debates \u201cA heran\u00e7a prof\u00e9tica e po\u00e9tica de dom Helder C\u00e2mara para C\u00e1ritas Brasileira\u201d, que foi apresentado por dom Marcelo Barros, monge beneditino, prior do Mosteiro da Anuncia\u00e7\u00e3o do Senhor de Goi\u00e1s (GO) e escritor. Tamb\u00e9m, o soci\u00f3logo e educador, Paulo Afonso de Brito, fez uma an\u00e1lise de conjuntura com foco no tema \u201celementos do contexto atual \u00e0 luz da mensagem prof\u00e9tica de dom Helder C\u00e2mara\u201d.<\/p>\n<p>A Assembleia contou com a participa\u00e7\u00e3o do bispo diocesano de Campina Grande (PR), dom Jaime Vieira Rocha; o bispo diocesano de Palmeira dos \u00cdndios (AL) e referencial do Regional NE2 da C\u00e1ritas Brasileira, dom Dulc\u00eanio Matos; bispo diocesano de Caruaru, dom Bernardino Marchi\u00f3, bispo referencial das pastorais sociais da CNBB NE2, dom Genival Fran\u00e7a; e os representantes da diretoria nacional da C\u00e1ritas, padre Evaldo Pra\u00e7a Ferreira, Cristina dos Anjos e Luiz Cl\u00e1udio Mandela. Al\u00e9m de representantes das entidades membros da C\u00e1ritas, pastorais sociais, parceiros e movimentos sociais.<\/p>\n<div id=\"themify_builder_content-5781\" data-postid=\"5781\" class=\"themify_builder_content themify_builder_content-5781 themify_builder themify_builder_front\">\n\t<\/div>\n<!-- \/themify_builder_content -->","protected":false},"excerpt":{"rendered":"<p>Com o tema \u201cdom Helder C\u00e2mara: presen\u00e7a prof\u00e9tica e po\u00e9tica do reino\u201d, a C\u00e1ritas Brasileira Nordeste 2 da CNBB (Alagoas, Para\u00edba, Pernambuco e Rio Grande do Norte) realizou, de 16 a 18, no Convento S\u00e3o Francisco, no munic\u00edpio de Lagoa Seca, a 20 Km de Campina Grande (PB), a 5\u00aa Assembleia Regional. \u201cA miss\u00e3o da [&hellip;]<\/p>\n","protected":false},"author":5,"featured_media":0,"comment_status":"open","ping_status":"open","sticky":false,"template":"","format":"standard","meta":{"ngg_post_thumbnail":0,"footnotes":""},"categories":[192,8],"tags":[90,63,210,187],"yoast_head":"<!-- This site is optimized with the Yoast SEO plugin v23.5 - https:\/\/yoast.com\/wordpress\/plugins\/seo\/ -->\n<title>Dom Helder C\u00e2mara \u00e9 tema da 5\u00aa Assembleia Regional da C\u00e1ritas Brasileira - O Arcanjo no ar<\/title>\n<meta name=\"robots\" content=\"index, follow, max-snippet:-1, max-image-preview:large, max-video-preview:-1\" \/>\n<link rel=\"canonical\" href=\"https:\/\/www.oarcanjo.net\/site\/dom-helder-camara-e-tema-da-5-assembleia-regional-da-caritas-brasileira\/\" \/>\n<meta property=\"og:locale\" content=\"pt_BR\" \/>\n<meta property=\"og:type\" content=\"article\" \/>\n<meta property=\"og:title\" content=\"Dom Helder C\u00e2mara \u00e9 tema da 5\u00aa Assembleia Regional da C\u00e1ritas Brasileira - O Arcanjo no ar\" \/>\n<meta property=\"og:description\" content=\"Com o tema \u201cdom Helder C\u00e2mara: presen\u00e7a prof\u00e9tica e po\u00e9tica do reino\u201d, a C\u00e1ritas Brasileira Nordeste 2 da CNBB (Alagoas, Para\u00edba, Pernambuco e Rio Grande do Norte) realizou, de 16 a 18, no Convento S\u00e3o Francisco, no munic\u00edpio de Lagoa Seca, a 20 Km de Campina Grande (PB), a 5\u00aa Assembleia Regional. \u201cA miss\u00e3o da [&hellip;]\" \/>\n<meta property=\"og:url\" content=\"https:\/\/www.oarcanjo.net\/site\/dom-helder-camara-e-tema-da-5-assembleia-regional-da-caritas-brasileira\/\" \/>\n<meta property=\"og:site_name\" content=\"O Arcanjo no ar\" \/>\n<meta property=\"article:publisher\" content=\"https:\/\/www.facebook.com\/OArcanjoNoAr\/\" \/>\n<meta property=\"article:published_time\" content=\"2009-10-20T10:50:35+00:00\" \/>\n<meta property=\"article:modified_time\" content=\"2009-10-22T10:52:23+00:00\" \/>\n<meta property=\"og:image\" content=\"https:\/\/www.oarcanjo.net\/site\/wp-content\/uploads\/logo-o-arcanjo-no-ar-facebook.png\" \/>\n\t<meta property=\"og:image:width\" content=\"300\" \/>\n\t<meta property=\"og:image:height\" content=\"300\" \/>\n\t<meta property=\"og:image:type\" content=\"image\/png\" \/>\n<meta name=\"author\" content=\"editor\" \/>\n<meta name=\"twitter:card\" content=\"summary_large_image\" \/>\n<meta name=\"twitter:label1\" content=\"Escrito por\" \/>\n\t<meta name=\"twitter:data1\" content=\"editor\" \/>\n\t<meta name=\"twitter:label2\" content=\"Est. tempo de leitura\" \/>\n\t<meta name=\"twitter:data2\" content=\"2 minutos\" \/>\n<script type=\"application\/ld+json\" class=\"yoast-schema-graph\">{\"@context\":\"https:\/\/schema.org\",\"@graph\":[{\"@type\":\"Article\",\"@id\":\"https:\/\/www.oarcanjo.net\/site\/dom-helder-camara-e-tema-da-5-assembleia-regional-da-caritas-brasileira\/#article\",\"isPartOf\":{\"@id\":\"https:\/\/www.oarcanjo.net\/site\/dom-helder-camara-e-tema-da-5-assembleia-regional-da-caritas-brasileira\/\"},\"author\":{\"name\":\"editor\",\"@id\":\"https:\/\/www.oarcanjo.net\/site\/#\/schema\/person\/f7024d007863202483a31326673a0838\"},\"headline\":\"Dom Helder C\u00e2mara \u00e9 tema da 5\u00aa Assembleia Regional da C\u00e1ritas Brasileira\",\"datePublished\":\"2009-10-20T10:50:35+00:00\",\"dateModified\":\"2009-10-22T10:52:23+00:00\",\"mainEntityOfPage\":{\"@id\":\"https:\/\/www.oarcanjo.net\/site\/dom-helder-camara-e-tema-da-5-assembleia-regional-da-caritas-brasileira\/\"},\"wordCount\":325,\"commentCount\":0,\"publisher\":{\"@id\":\"https:\/\/www.oarcanjo.net\/site\/#organization\"},\"keywords\":[\"C\u00e1ritas\",\"CNBB\",\"Dom Helder Camara\",\"profeta\"],\"articleSection\":[\"D. Helder C\u00e2mara\",\"Not\u00edcias\"],\"inLanguage\":\"pt-BR\",\"potentialAction\":[{\"@type\":\"CommentAction\",\"name\":\"Comment\",\"target\":[\"https:\/\/www.oarcanjo.net\/site\/dom-helder-camara-e-tema-da-5-assembleia-regional-da-caritas-brasileira\/#respond\"]}]},{\"@type\":\"WebPage\",\"@id\":\"https:\/\/www.oarcanjo.net\/site\/dom-helder-camara-e-tema-da-5-assembleia-regional-da-caritas-brasileira\/\",\"url\":\"https:\/\/www.oarcanjo.net\/site\/dom-helder-camara-e-tema-da-5-assembleia-regional-da-caritas-brasileira\/\",\"name\":\"Dom Helder C\u00e2mara \u00e9 tema da 5\u00aa Assembleia Regional da C\u00e1ritas Brasileira - O Arcanjo no ar\",\"isPartOf\":{\"@id\":\"https:\/\/www.oarcanjo.net\/site\/#website\"},\"datePublished\":\"2009-10-20T10:50:35+00:00\",\"dateModified\":\"2009-10-22T10:52:23+00:00\",\"breadcrumb\":{\"@id\":\"https:\/\/www.oarcanjo.net\/site\/dom-helder-camara-e-tema-da-5-assembleia-regional-da-caritas-brasileira\/#breadcrumb\"},\"inLanguage\":\"pt-BR\",\"potentialAction\":[{\"@type\":\"ReadAction\",\"target\":[\"https:\/\/www.oarcanjo.net\/site\/dom-helder-camara-e-tema-da-5-assembleia-regional-da-caritas-brasileira\/\"]}]},{\"@type\":\"BreadcrumbList\",\"@id\":\"https:\/\/www.oarcanjo.net\/site\/dom-helder-camara-e-tema-da-5-assembleia-regional-da-caritas-brasileira\/#breadcrumb\",\"itemListElement\":[{\"@type\":\"ListItem\",\"position\":1,\"name\":\"In\u00edcio\",\"item\":\"https:\/\/www.oarcanjo.net\/site\/\"},{\"@type\":\"ListItem\",\"position\":2,\"name\":\"Dom Helder C\u00e2mara \u00e9 tema da 5\u00aa Assembleia Regional da C\u00e1ritas Brasileira\"}]},{\"@type\":\"WebSite\",\"@id\":\"https:\/\/www.oarcanjo.net\/site\/#website\",\"url\":\"https:\/\/www.oarcanjo.net\/site\/\",\"name\":\"O Arcanjo no ar\",\"description\":\"Site da Par\u00f3quia S\u00e3o Miguel Arcanjo (Arquidiocese de SP)\",\"publisher\":{\"@id\":\"https:\/\/www.oarcanjo.net\/site\/#organization\"},\"potentialAction\":[{\"@type\":\"SearchAction\",\"target\":{\"@type\":\"EntryPoint\",\"urlTemplate\":\"https:\/\/www.oarcanjo.net\/site\/?s={search_term_string}\"},\"query-input\":{\"@type\":\"PropertyValueSpecification\",\"valueRequired\":true,\"valueName\":\"search_term_string\"}}],\"inLanguage\":\"pt-BR\"},{\"@type\":\"Organization\",\"@id\":\"https:\/\/www.oarcanjo.net\/site\/#organization\",\"name\":\"Par\u00f3quia S\u00e3o Miguel Arcanjo\",\"url\":\"https:\/\/www.oarcanjo.net\/site\/\",\"logo\":{\"@type\":\"ImageObject\",\"inLanguage\":\"pt-BR\",\"@id\":\"https:\/\/www.oarcanjo.net\/site\/#\/schema\/logo\/image\/\",\"url\":\"https:\/\/www.oarcanjo.net\/site\/wp-content\/uploads\/LogoOArcanjo.png\",\"contentUrl\":\"https:\/\/www.oarcanjo.net\/site\/wp-content\/uploads\/LogoOArcanjo.png\",\"width\":319,\"height\":99,\"caption\":\"Par\u00f3quia S\u00e3o Miguel Arcanjo\"},\"image\":{\"@id\":\"https:\/\/www.oarcanjo.net\/site\/#\/schema\/logo\/image\/\"},\"sameAs\":[\"https:\/\/www.facebook.com\/OArcanjoNoAr\/\"]},{\"@type\":\"Person\",\"@id\":\"https:\/\/www.oarcanjo.net\/site\/#\/schema\/person\/f7024d007863202483a31326673a0838\",\"name\":\"editor\",\"sameAs\":[\"http:\/\/www.oarcanjo.net\"]}]}<\/script>\n<!-- \/ Yoast SEO plugin. -->","yoast_head_json":{"title":"Dom Helder C\u00e2mara \u00e9 tema da 5\u00aa Assembleia Regional da C\u00e1ritas Brasileira - O Arcanjo no ar","robots":{"index":"index","follow":"follow","max-snippet":"max-snippet:-1","max-image-preview":"max-image-preview:large","max-video-preview":"max-video-preview:-1"},"canonical":"https:\/\/www.oarcanjo.net\/site\/dom-helder-camara-e-tema-da-5-assembleia-regional-da-caritas-brasileira\/","og_locale":"pt_BR","og_type":"article","og_title":"Dom Helder C\u00e2mara \u00e9 tema da 5\u00aa Assembleia Regional da C\u00e1ritas Brasileira - O Arcanjo no ar","og_description":"Com o tema \u201cdom Helder C\u00e2mara: presen\u00e7a prof\u00e9tica e po\u00e9tica do reino\u201d, a C\u00e1ritas Brasileira Nordeste 2 da CNBB (Alagoas, Para\u00edba, Pernambuco e Rio Grande do Norte) realizou, de 16 a 18, no Convento S\u00e3o Francisco, no munic\u00edpio de Lagoa Seca, a 20 Km de Campina Grande (PB), a 5\u00aa Assembleia Regional. \u201cA miss\u00e3o da [&hellip;]","og_url":"https:\/\/www.oarcanjo.net\/site\/dom-helder-camara-e-tema-da-5-assembleia-regional-da-caritas-brasileira\/","og_site_name":"O Arcanjo no ar","article_publisher":"https:\/\/www.facebook.com\/OArcanjoNoAr\/","article_published_time":"2009-10-20T10:50:35+00:00","article_modified_time":"2009-10-22T10:52:23+00:00","og_image":[{"width":300,"height":300,"url":"https:\/\/www.oarcanjo.net\/site\/wp-content\/uploads\/logo-o-arcanjo-no-ar-facebook.png","type":"image\/png"}],"author":"editor","twitter_card":"summary_large_image","twitter_misc":{"Escrito por":"editor","Est. tempo de leitura":"2 minutos"},"schema":{"@context":"https:\/\/schema.org","@graph":[{"@type":"Article","@id":"https:\/\/www.oarcanjo.net\/site\/dom-helder-camara-e-tema-da-5-assembleia-regional-da-caritas-brasileira\/#article","isPartOf":{"@id":"https:\/\/www.oarcanjo.net\/site\/dom-helder-camara-e-tema-da-5-assembleia-regional-da-caritas-brasileira\/"},"author":{"name":"editor","@id":"https:\/\/www.oarcanjo.net\/site\/#\/schema\/person\/f7024d007863202483a31326673a0838"},"headline":"Dom Helder C\u00e2mara \u00e9 tema da 5\u00aa Assembleia Regional da C\u00e1ritas Brasileira","datePublished":"2009-10-20T10:50:35+00:00","dateModified":"2009-10-22T10:52:23+00:00","mainEntityOfPage":{"@id":"https:\/\/www.oarcanjo.net\/site\/dom-helder-camara-e-tema-da-5-assembleia-regional-da-caritas-brasileira\/"},"wordCount":325,"commentCount":0,"publisher":{"@id":"https:\/\/www.oarcanjo.net\/site\/#organization"},"keywords":["C\u00e1ritas","CNBB","Dom Helder Camara","profeta"],"articleSection":["D. Helder C\u00e2mara","Not\u00edcias"],"inLanguage":"pt-BR","potentialAction":[{"@type":"CommentAction","name":"Comment","target":["https:\/\/www.oarcanjo.net\/site\/dom-helder-camara-e-tema-da-5-assembleia-regional-da-caritas-brasileira\/#respond"]}]},{"@type":"WebPage","@id":"https:\/\/www.oarcanjo.net\/site\/dom-helder-camara-e-tema-da-5-assembleia-regional-da-caritas-brasileira\/","url":"https:\/\/www.oarcanjo.net\/site\/dom-helder-camara-e-tema-da-5-assembleia-regional-da-caritas-brasileira\/","name":"Dom Helder C\u00e2mara \u00e9 tema da 5\u00aa Assembleia Regional da C\u00e1ritas Brasileira - O Arcanjo no ar","isPartOf":{"@id":"https:\/\/www.oarcanjo.net\/site\/#website"},"datePublished":"2009-10-20T10:50:35+00:00","dateModified":"2009-10-22T10:52:23+00:00","breadcrumb":{"@id":"https:\/\/www.oarcanjo.net\/site\/dom-helder-camara-e-tema-da-5-assembleia-regional-da-caritas-brasileira\/#breadcrumb"},"inLanguage":"pt-BR","potentialAction":[{"@type":"ReadAction","target":["https:\/\/www.oarcanjo.net\/site\/dom-helder-camara-e-tema-da-5-assembleia-regional-da-caritas-brasileira\/"]}]},{"@type":"BreadcrumbList","@id":"https:\/\/www.oarcanjo.net\/site\/dom-helder-camara-e-tema-da-5-assembleia-regional-da-caritas-brasileira\/#breadcrumb","itemListElement":[{"@type":"ListItem","position":1,"name":"In\u00edcio","item":"https:\/\/www.oarcanjo.net\/site\/"},{"@type":"ListItem","position":2,"name":"Dom Helder C\u00e2mara \u00e9 tema da 5\u00aa Assembleia Regional da C\u00e1ritas Brasileira"}]},{"@type":"WebSite","@id":"https:\/\/www.oarcanjo.net\/site\/#website","url":"https:\/\/www.oarcanjo.net\/site\/","name":"O Arcanjo no ar","description":"Site da Par\u00f3quia S\u00e3o Miguel Arcanjo (Arquidiocese de SP)","publisher":{"@id":"https:\/\/www.oarcanjo.net\/site\/#organization"},"potentialAction":[{"@type":"SearchAction","target":{"@type":"EntryPoint","urlTemplate":"https:\/\/www.oarcanjo.net\/site\/?s={search_term_string}"},"query-input":{"@type":"PropertyValueSpecification","valueRequired":true,"valueName":"search_term_string"}}],"inLanguage":"pt-BR"},{"@type":"Organization","@id":"https:\/\/www.oarcanjo.net\/site\/#organization","name":"Par\u00f3quia S\u00e3o Miguel Arcanjo","url":"https:\/\/www.oarcanjo.net\/site\/","logo":{"@type":"ImageObject","inLanguage":"pt-BR","@id":"https:\/\/www.oarcanjo.net\/site\/#\/schema\/logo\/image\/","url":"https:\/\/www.oarcanjo.net\/site\/wp-content\/uploads\/LogoOArcanjo.png","contentUrl":"https:\/\/www.oarcanjo.net\/site\/wp-content\/uploads\/LogoOArcanjo.png","width":319,"height":99,"caption":"Par\u00f3quia S\u00e3o Miguel Arcanjo"},"image":{"@id":"https:\/\/www.oarcanjo.net\/site\/#\/schema\/logo\/image\/"},"sameAs":["https:\/\/www.facebook.com\/OArcanjoNoAr\/"]},{"@type":"Person","@id":"https:\/\/www.oarcanjo.net\/site\/#\/schema\/person\/f7024d007863202483a31326673a0838","name":"editor","sameAs":["http:\/\/www.oarcanjo.net"]}]}},"publishpress_future_action":{"enabled":false,"date":"2026-05-07 00:07:18","action":"category","newStatus":"draft","terms":[],"taxonomy":"category"},"publishpress_future_workflow_manual_trigger":{"enabledWorkflows":[]},"_links":{"self":[{"href":"https:\/\/www.oarcanjo.net\/site\/wp-json\/wp\/v2\/posts\/5781"}],"collection":[{"href":"https:\/\/www.oarcanjo.net\/site\/wp-json\/wp\/v2\/posts"}],"about":[{"href":"https:\/\/www.oarcanjo.net\/site\/wp-json\/wp\/v2\/types\/post"}],"author":[{"embeddable":true,"href":"https:\/\/www.oarcanjo.net\/site\/wp-json\/wp\/v2\/users\/5"}],"replies":[{"embeddable":true,"href":"https:\/\/www.oarcanjo.net\/site\/wp-json\/wp\/v2\/comments?post=5781"}],"version-history":[{"count":0,"href":"https:\/\/www.oarcanjo.net\/site\/wp-json\/wp\/v2\/posts\/5781\/revisions"}],"wp:attachment":[{"href":"https:\/\/www.oarcanjo.net\/site\/wp-json\/wp\/v2\/media?parent=5781"}],"wp:term":[{"taxonomy":"category","embeddable":true,"href":"https:\/\/www.oarcanjo.net\/site\/wp-json\/wp\/v2\/categories?post=5781"},{"taxonomy":"post_tag","embeddable":true,"href":"https:\/\/www.oarcanjo.net\/site\/wp-json\/wp\/v2\/tags?post=5781"}],"curies":[{"name":"wp","href":"https:\/\/api.w.org\/{rel}","templated":true}]}}