
{"id":57813,"date":"2015-01-25T21:46:31","date_gmt":"2015-01-25T23:46:31","guid":{"rendered":"http:\/\/www.oarcanjo.net\/site\/?p=57813"},"modified":"2015-01-26T19:36:24","modified_gmt":"2015-01-26T21:36:24","slug":"batizados-de-janeiro-de-2015","status":"publish","type":"post","link":"https:\/\/www.oarcanjo.net\/site\/batizados-de-janeiro-de-2015\/","title":{"rendered":"Batizados de Janeiro de 2015"},"content":{"rendered":"<p style=\"text-align: justify;\">No domingo em que celebramos a convers\u00e3o de S\u00e3o Paulo, 25\/01\/2015,\u00a0foram batizadas mais 11 crian\u00e7as na Comunidade S\u00e3o Miguel Arcanjo. Os batizados ocorreram na capela da Universidade S\u00e3o Judas Tadeu, antes da missa das dez horas.<\/p>\n<p style=\"text-align: justify;\">\u00a0Receberam o sacramento do batismo a Anna Guilhermina Barros Novaes Gomes, Clara Aguiar Di Palma, Fernando Henrique P. Gon\u00e7alves, Guilherme Takashiro Rocha, Henrique Calfa Espudaro Santos, Julia Araujo Lopes Terron, Kauanny Aguiar Martins da Silva, Lara Sales Gasparotto, Lorenzo Telini Althimano, Luiza Bianezi Pappalardo e Maria Eduarda Kunioshi Reis.<\/p>\n<p style=\"text-align: justify;\">Na sequ\u00eancia tivemos a celebra\u00e7\u00e3o Eucar\u00edstica, que foi iniciada pelo animador com a seguinte indica\u00e7\u00e3o do folheto \u201co Povo de Deus: &#8220;Hoje festejamos o nosso padroeiro arquidiocesano, o Ap\u00f3stolo S\u00e3o Paulo, e tamb\u00e9m rezamos pela nossa cidade, que completa 461 anos de funda\u00e7\u00e3o. Devemos assumir nossa voca\u00e7\u00e3o de testemunhar nesta cidade t\u00e3o cheia de contrastes e car\u00eancias, o amor de Deus, que constr\u00f3i a paz.\u00a0As leituras\u00a0deste dia\u00a0revelam o sentido da festa de hoje e nos colocam no palco onde S\u00e3o Paulo atuou, para sermos tamb\u00e9m inflamados pelo entusiasmo da miss\u00e3o e pelo zelo para com a Igreja.<\/p>\n<p style=\"text-align: justify;\">No Evangelho (Mc 16,15-18), o Pe Julio proclamou: \u201cNaquele tempo, Jesus se manifestou aos onze disc\u00edpulos, e disse-lhes: \u201cIde pelo mundo inteiro e anunciai o Evangelho a toda criatura! Quem crer e for batizado ser\u00e1 salvo. Quem n\u00e3o crer ser\u00e1 condenado. Os sinais que acompanhar\u00e3o aqueles que crerem ser\u00e3o estes: expulsar\u00e3o dem\u00f4nios em meu nome, falar\u00e3o novas l\u00ednguas; se pegarem em serpentes ou beberem algum veneno mortal n\u00e3o lhes far\u00e1 mal algum; quando impuserem as m\u00e3o sobre os doentes, eles ficar\u00e3o curados\u201d.<\/p>\n<p style=\"text-align: justify;\">\u00a0Na homilia o mesmo\u00a0Pe Julio acentuou o compromisso de convers\u00e3o das pessoas, especialmente da cidade de S\u00e3o Paulo com seus contrastes, para se voltarem para os mais necessitados, no pleno seguimento de Jesus.<\/p>\n<p style=\"text-align: justify;\">Vejam as fotos do batizado:<\/p>\n<p style=\"text-align: justify;\">ngg_shortcode_0_placeholder<\/p>\n<p style=\"text-align: justify;\">\n<div id=\"themify_builder_content-57813\" data-postid=\"57813\" class=\"themify_builder_content themify_builder_content-57813 themify_builder themify_builder_front\">\n\t<\/div>\n<!-- \/themify_builder_content -->","protected":false},"excerpt":{"rendered":"<p>No domingo em que celebramos a convers\u00e3o de S\u00e3o Paulo, 25\/01\/2015, foram batizadas mais 11 crian\u00e7as <\/p>\n","protected":false},"author":10,"featured_media":58830,"comment_status":"open","ping_status":"open","sticky":false,"template":"","format":"standard","meta":{"ngg_post_thumbnail":0,"footnotes":""},"categories":[3,8,7],"tags":[],"yoast_head":"<!-- This site is optimized with the Yoast SEO plugin v23.5 - https:\/\/yoast.com\/wordpress\/plugins\/seo\/ -->\n<title>Batizados de Janeiro de 2015 - O Arcanjo no ar<\/title>\n<meta name=\"robots\" content=\"index, follow, max-snippet:-1, max-image-preview:large, max-video-preview:-1\" \/>\n<link rel=\"canonical\" href=\"https:\/\/www.oarcanjo.net\/site\/batizados-de-janeiro-de-2015\/\" \/>\n<meta property=\"og:locale\" content=\"pt_BR\" \/>\n<meta property=\"og:type\" content=\"article\" \/>\n<meta property=\"og:title\" content=\"Batizados de Janeiro de 2015 - O Arcanjo no ar\" \/>\n<meta property=\"og:description\" content=\"No domingo em que celebramos a convers\u00e3o de S\u00e3o Paulo, 25\/01\/2015, foram batizadas mais 11 crian\u00e7as\" \/>\n<meta property=\"og:url\" content=\"https:\/\/www.oarcanjo.net\/site\/batizados-de-janeiro-de-2015\/\" \/>\n<meta property=\"og:site_name\" content=\"O Arcanjo no ar\" \/>\n<meta property=\"article:publisher\" content=\"https:\/\/www.facebook.com\/OArcanjoNoAr\/\" \/>\n<meta property=\"article:published_time\" content=\"2015-01-25T23:46:31+00:00\" \/>\n<meta property=\"article:modified_time\" content=\"2015-01-26T21:36:24+00:00\" \/>\n<meta property=\"og:image\" content=\"https:\/\/www.oarcanjo.net\/site\/wp-content\/uploads\/banner-batizados-janeiro-2015.jpg\" \/>\n\t<meta property=\"og:image:width\" content=\"600\" \/>\n\t<meta property=\"og:image:height\" content=\"250\" \/>\n\t<meta property=\"og:image:type\" content=\"image\/jpeg\" \/>\n<meta name=\"author\" content=\"carlos\" \/>\n<meta name=\"twitter:card\" content=\"summary_large_image\" \/>\n<meta name=\"twitter:label1\" content=\"Escrito por\" \/>\n\t<meta name=\"twitter:data1\" content=\"carlos\" \/>\n\t<meta name=\"twitter:label2\" content=\"Est. tempo de leitura\" \/>\n\t<meta name=\"twitter:data2\" content=\"2 minutos\" \/>\n<script type=\"application\/ld+json\" class=\"yoast-schema-graph\">{\"@context\":\"https:\/\/schema.org\",\"@graph\":[{\"@type\":\"Article\",\"@id\":\"https:\/\/www.oarcanjo.net\/site\/batizados-de-janeiro-de-2015\/#article\",\"isPartOf\":{\"@id\":\"https:\/\/www.oarcanjo.net\/site\/batizados-de-janeiro-de-2015\/\"},\"author\":{\"name\":\"carlos\",\"@id\":\"https:\/\/www.oarcanjo.net\/site\/#\/schema\/person\/f7870e710d8c8c30673de3a0ac2e451d\"},\"headline\":\"Batizados de Janeiro de 2015\",\"datePublished\":\"2015-01-25T23:46:31+00:00\",\"dateModified\":\"2015-01-26T21:36:24+00:00\",\"mainEntityOfPage\":{\"@id\":\"https:\/\/www.oarcanjo.net\/site\/batizados-de-janeiro-de-2015\/\"},\"wordCount\":344,\"commentCount\":1,\"publisher\":{\"@id\":\"https:\/\/www.oarcanjo.net\/site\/#organization\"},\"image\":{\"@id\":\"https:\/\/www.oarcanjo.net\/site\/batizados-de-janeiro-de-2015\/#primaryimage\"},\"thumbnailUrl\":\"https:\/\/www.oarcanjo.net\/site\/wp-content\/uploads\/banner-batizados-janeiro-2015.jpg\",\"articleSection\":[\"Destaques\",\"Not\u00edcias\",\"Rosto da comunidade\"],\"inLanguage\":\"pt-BR\",\"potentialAction\":[{\"@type\":\"CommentAction\",\"name\":\"Comment\",\"target\":[\"https:\/\/www.oarcanjo.net\/site\/batizados-de-janeiro-de-2015\/#respond\"]}]},{\"@type\":\"WebPage\",\"@id\":\"https:\/\/www.oarcanjo.net\/site\/batizados-de-janeiro-de-2015\/\",\"url\":\"https:\/\/www.oarcanjo.net\/site\/batizados-de-janeiro-de-2015\/\",\"name\":\"Batizados de Janeiro de 2015 - O Arcanjo no ar\",\"isPartOf\":{\"@id\":\"https:\/\/www.oarcanjo.net\/site\/#website\"},\"primaryImageOfPage\":{\"@id\":\"https:\/\/www.oarcanjo.net\/site\/batizados-de-janeiro-de-2015\/#primaryimage\"},\"image\":{\"@id\":\"https:\/\/www.oarcanjo.net\/site\/batizados-de-janeiro-de-2015\/#primaryimage\"},\"thumbnailUrl\":\"https:\/\/www.oarcanjo.net\/site\/wp-content\/uploads\/banner-batizados-janeiro-2015.jpg\",\"datePublished\":\"2015-01-25T23:46:31+00:00\",\"dateModified\":\"2015-01-26T21:36:24+00:00\",\"breadcrumb\":{\"@id\":\"https:\/\/www.oarcanjo.net\/site\/batizados-de-janeiro-de-2015\/#breadcrumb\"},\"inLanguage\":\"pt-BR\",\"potentialAction\":[{\"@type\":\"ReadAction\",\"target\":[\"https:\/\/www.oarcanjo.net\/site\/batizados-de-janeiro-de-2015\/\"]}]},{\"@type\":\"ImageObject\",\"inLanguage\":\"pt-BR\",\"@id\":\"https:\/\/www.oarcanjo.net\/site\/batizados-de-janeiro-de-2015\/#primaryimage\",\"url\":\"https:\/\/www.oarcanjo.net\/site\/wp-content\/uploads\/banner-batizados-janeiro-2015.jpg\",\"contentUrl\":\"https:\/\/www.oarcanjo.net\/site\/wp-content\/uploads\/banner-batizados-janeiro-2015.jpg\",\"width\":600,\"height\":250},{\"@type\":\"BreadcrumbList\",\"@id\":\"https:\/\/www.oarcanjo.net\/site\/batizados-de-janeiro-de-2015\/#breadcrumb\",\"itemListElement\":[{\"@type\":\"ListItem\",\"position\":1,\"name\":\"In\u00edcio\",\"item\":\"https:\/\/www.oarcanjo.net\/site\/\"},{\"@type\":\"ListItem\",\"position\":2,\"name\":\"Batizados de Janeiro de 2015\"}]},{\"@type\":\"WebSite\",\"@id\":\"https:\/\/www.oarcanjo.net\/site\/#website\",\"url\":\"https:\/\/www.oarcanjo.net\/site\/\",\"name\":\"O Arcanjo no ar\",\"description\":\"Site da Par\u00f3quia S\u00e3o Miguel Arcanjo (Arquidiocese de SP)\",\"publisher\":{\"@id\":\"https:\/\/www.oarcanjo.net\/site\/#organization\"},\"potentialAction\":[{\"@type\":\"SearchAction\",\"target\":{\"@type\":\"EntryPoint\",\"urlTemplate\":\"https:\/\/www.oarcanjo.net\/site\/?s={search_term_string}\"},\"query-input\":{\"@type\":\"PropertyValueSpecification\",\"valueRequired\":true,\"valueName\":\"search_term_string\"}}],\"inLanguage\":\"pt-BR\"},{\"@type\":\"Organization\",\"@id\":\"https:\/\/www.oarcanjo.net\/site\/#organization\",\"name\":\"Par\u00f3quia S\u00e3o Miguel Arcanjo\",\"url\":\"https:\/\/www.oarcanjo.net\/site\/\",\"logo\":{\"@type\":\"ImageObject\",\"inLanguage\":\"pt-BR\",\"@id\":\"https:\/\/www.oarcanjo.net\/site\/#\/schema\/logo\/image\/\",\"url\":\"https:\/\/www.oarcanjo.net\/site\/wp-content\/uploads\/LogoOArcanjo.png\",\"contentUrl\":\"https:\/\/www.oarcanjo.net\/site\/wp-content\/uploads\/LogoOArcanjo.png\",\"width\":319,\"height\":99,\"caption\":\"Par\u00f3quia S\u00e3o Miguel Arcanjo\"},\"image\":{\"@id\":\"https:\/\/www.oarcanjo.net\/site\/#\/schema\/logo\/image\/\"},\"sameAs\":[\"https:\/\/www.facebook.com\/OArcanjoNoAr\/\"]},{\"@type\":\"Person\",\"@id\":\"https:\/\/www.oarcanjo.net\/site\/#\/schema\/person\/f7870e710d8c8c30673de3a0ac2e451d\",\"name\":\"carlos\"}]}<\/script>\n<!-- \/ Yoast SEO plugin. -->","yoast_head_json":{"title":"Batizados de Janeiro de 2015 - O Arcanjo no ar","robots":{"index":"index","follow":"follow","max-snippet":"max-snippet:-1","max-image-preview":"max-image-preview:large","max-video-preview":"max-video-preview:-1"},"canonical":"https:\/\/www.oarcanjo.net\/site\/batizados-de-janeiro-de-2015\/","og_locale":"pt_BR","og_type":"article","og_title":"Batizados de Janeiro de 2015 - O Arcanjo no ar","og_description":"No domingo em que celebramos a convers\u00e3o de S\u00e3o Paulo, 25\/01\/2015, foram batizadas mais 11 crian\u00e7as","og_url":"https:\/\/www.oarcanjo.net\/site\/batizados-de-janeiro-de-2015\/","og_site_name":"O Arcanjo no ar","article_publisher":"https:\/\/www.facebook.com\/OArcanjoNoAr\/","article_published_time":"2015-01-25T23:46:31+00:00","article_modified_time":"2015-01-26T21:36:24+00:00","og_image":[{"width":600,"height":250,"url":"https:\/\/www.oarcanjo.net\/site\/wp-content\/uploads\/banner-batizados-janeiro-2015.jpg","type":"image\/jpeg"}],"author":"carlos","twitter_card":"summary_large_image","twitter_misc":{"Escrito por":"carlos","Est. tempo de leitura":"2 minutos"},"schema":{"@context":"https:\/\/schema.org","@graph":[{"@type":"Article","@id":"https:\/\/www.oarcanjo.net\/site\/batizados-de-janeiro-de-2015\/#article","isPartOf":{"@id":"https:\/\/www.oarcanjo.net\/site\/batizados-de-janeiro-de-2015\/"},"author":{"name":"carlos","@id":"https:\/\/www.oarcanjo.net\/site\/#\/schema\/person\/f7870e710d8c8c30673de3a0ac2e451d"},"headline":"Batizados de Janeiro de 2015","datePublished":"2015-01-25T23:46:31+00:00","dateModified":"2015-01-26T21:36:24+00:00","mainEntityOfPage":{"@id":"https:\/\/www.oarcanjo.net\/site\/batizados-de-janeiro-de-2015\/"},"wordCount":344,"commentCount":1,"publisher":{"@id":"https:\/\/www.oarcanjo.net\/site\/#organization"},"image":{"@id":"https:\/\/www.oarcanjo.net\/site\/batizados-de-janeiro-de-2015\/#primaryimage"},"thumbnailUrl":"https:\/\/www.oarcanjo.net\/site\/wp-content\/uploads\/banner-batizados-janeiro-2015.jpg","articleSection":["Destaques","Not\u00edcias","Rosto da comunidade"],"inLanguage":"pt-BR","potentialAction":[{"@type":"CommentAction","name":"Comment","target":["https:\/\/www.oarcanjo.net\/site\/batizados-de-janeiro-de-2015\/#respond"]}]},{"@type":"WebPage","@id":"https:\/\/www.oarcanjo.net\/site\/batizados-de-janeiro-de-2015\/","url":"https:\/\/www.oarcanjo.net\/site\/batizados-de-janeiro-de-2015\/","name":"Batizados de Janeiro de 2015 - O Arcanjo no ar","isPartOf":{"@id":"https:\/\/www.oarcanjo.net\/site\/#website"},"primaryImageOfPage":{"@id":"https:\/\/www.oarcanjo.net\/site\/batizados-de-janeiro-de-2015\/#primaryimage"},"image":{"@id":"https:\/\/www.oarcanjo.net\/site\/batizados-de-janeiro-de-2015\/#primaryimage"},"thumbnailUrl":"https:\/\/www.oarcanjo.net\/site\/wp-content\/uploads\/banner-batizados-janeiro-2015.jpg","datePublished":"2015-01-25T23:46:31+00:00","dateModified":"2015-01-26T21:36:24+00:00","breadcrumb":{"@id":"https:\/\/www.oarcanjo.net\/site\/batizados-de-janeiro-de-2015\/#breadcrumb"},"inLanguage":"pt-BR","potentialAction":[{"@type":"ReadAction","target":["https:\/\/www.oarcanjo.net\/site\/batizados-de-janeiro-de-2015\/"]}]},{"@type":"ImageObject","inLanguage":"pt-BR","@id":"https:\/\/www.oarcanjo.net\/site\/batizados-de-janeiro-de-2015\/#primaryimage","url":"https:\/\/www.oarcanjo.net\/site\/wp-content\/uploads\/banner-batizados-janeiro-2015.jpg","contentUrl":"https:\/\/www.oarcanjo.net\/site\/wp-content\/uploads\/banner-batizados-janeiro-2015.jpg","width":600,"height":250},{"@type":"BreadcrumbList","@id":"https:\/\/www.oarcanjo.net\/site\/batizados-de-janeiro-de-2015\/#breadcrumb","itemListElement":[{"@type":"ListItem","position":1,"name":"In\u00edcio","item":"https:\/\/www.oarcanjo.net\/site\/"},{"@type":"ListItem","position":2,"name":"Batizados de Janeiro de 2015"}]},{"@type":"WebSite","@id":"https:\/\/www.oarcanjo.net\/site\/#website","url":"https:\/\/www.oarcanjo.net\/site\/","name":"O Arcanjo no ar","description":"Site da Par\u00f3quia S\u00e3o Miguel Arcanjo (Arquidiocese de SP)","publisher":{"@id":"https:\/\/www.oarcanjo.net\/site\/#organization"},"potentialAction":[{"@type":"SearchAction","target":{"@type":"EntryPoint","urlTemplate":"https:\/\/www.oarcanjo.net\/site\/?s={search_term_string}"},"query-input":{"@type":"PropertyValueSpecification","valueRequired":true,"valueName":"search_term_string"}}],"inLanguage":"pt-BR"},{"@type":"Organization","@id":"https:\/\/www.oarcanjo.net\/site\/#organization","name":"Par\u00f3quia S\u00e3o Miguel Arcanjo","url":"https:\/\/www.oarcanjo.net\/site\/","logo":{"@type":"ImageObject","inLanguage":"pt-BR","@id":"https:\/\/www.oarcanjo.net\/site\/#\/schema\/logo\/image\/","url":"https:\/\/www.oarcanjo.net\/site\/wp-content\/uploads\/LogoOArcanjo.png","contentUrl":"https:\/\/www.oarcanjo.net\/site\/wp-content\/uploads\/LogoOArcanjo.png","width":319,"height":99,"caption":"Par\u00f3quia S\u00e3o Miguel Arcanjo"},"image":{"@id":"https:\/\/www.oarcanjo.net\/site\/#\/schema\/logo\/image\/"},"sameAs":["https:\/\/www.facebook.com\/OArcanjoNoAr\/"]},{"@type":"Person","@id":"https:\/\/www.oarcanjo.net\/site\/#\/schema\/person\/f7870e710d8c8c30673de3a0ac2e451d","name":"carlos"}]}},"publishpress_future_action":{"enabled":false,"date":"2026-05-09 04:32:54","action":"category","newStatus":"draft","terms":[],"taxonomy":"category"},"publishpress_future_workflow_manual_trigger":{"enabledWorkflows":[]},"_links":{"self":[{"href":"https:\/\/www.oarcanjo.net\/site\/wp-json\/wp\/v2\/posts\/57813"}],"collection":[{"href":"https:\/\/www.oarcanjo.net\/site\/wp-json\/wp\/v2\/posts"}],"about":[{"href":"https:\/\/www.oarcanjo.net\/site\/wp-json\/wp\/v2\/types\/post"}],"author":[{"embeddable":true,"href":"https:\/\/www.oarcanjo.net\/site\/wp-json\/wp\/v2\/users\/10"}],"replies":[{"embeddable":true,"href":"https:\/\/www.oarcanjo.net\/site\/wp-json\/wp\/v2\/comments?post=57813"}],"version-history":[{"count":0,"href":"https:\/\/www.oarcanjo.net\/site\/wp-json\/wp\/v2\/posts\/57813\/revisions"}],"wp:featuredmedia":[{"embeddable":true,"href":"https:\/\/www.oarcanjo.net\/site\/wp-json\/wp\/v2\/media\/58830"}],"wp:attachment":[{"href":"https:\/\/www.oarcanjo.net\/site\/wp-json\/wp\/v2\/media?parent=57813"}],"wp:term":[{"taxonomy":"category","embeddable":true,"href":"https:\/\/www.oarcanjo.net\/site\/wp-json\/wp\/v2\/categories?post=57813"},{"taxonomy":"post_tag","embeddable":true,"href":"https:\/\/www.oarcanjo.net\/site\/wp-json\/wp\/v2\/tags?post=57813"}],"curies":[{"name":"wp","href":"https:\/\/api.w.org\/{rel}","templated":true}]}}