
{"id":5789,"date":"2009-10-22T20:50:00","date_gmt":"2009-10-22T23:50:00","guid":{"rendered":"http:\/\/www.oarcanjo.net\/site\/?p=5789"},"modified":"2009-10-22T20:50:00","modified_gmt":"2009-10-22T23:50:00","slug":"pastoral-da-dstaids-carta-de-brasilia","status":"publish","type":"post","link":"https:\/\/www.oarcanjo.net\/site\/pastoral-da-dstaids-carta-de-brasilia\/","title":{"rendered":"Pastoral da DST\/Aids: Carta de Bras\u00edlia"},"content":{"rendered":"<p>CNBB<br \/>\nPastoral da DST\/Aids<\/p>\n<p>N\u00f3s, lideran\u00e7as e agentes da Pastoral da AIDS, vindos dos estados de Rond\u00f4nia, Amazonas, Par\u00e1, Rio Grande do Norte, Pernambuco, Bahia, Alagoas, Para\u00edba, Mato Grosso, Goi\u00e1s, Tocantins, Distrito Federal, Mato Grosso do Sul, Minas Gerais, Rio de Janeiro, Esp\u00edrito Santo, S\u00e3o Paulo, Paran\u00e1 e Rio Grande do Sul, reunidos em Bras\u00edlia, de 9 a 12 de outubro de 2009, por ocasi\u00e3o do VII Semin\u00e1rio de Preven\u00e7\u00e3o ao HIV, como fruto do nosso engajamento e do amplo processo de discuss\u00e3o, dirigimo-nos \u00e0 sociedade brasileira, atrav\u00e9s das inst\u00e2ncias governamentais e n\u00e3o governamentais, para manifestarmo-nos:<\/p>\n<p>1. Pela preserva\u00e7\u00e3o da vida com qualidade e dignidade em toda sua extens\u00e3o, da concep\u00e7\u00e3o \u00e0 morte natural;<\/p>\n<p>2. Pela manuten\u00e7\u00e3o da atual pol\u00edtica de financiamento das a\u00e7\u00f5es de preven\u00e7\u00e3o e assist\u00eancia das DST e Aids atrav\u00e9s da transfer\u00eancia de recursos do Fundo Nacional aos fundos estaduais e municipais de sa\u00fade, mediante os Planos de A\u00e7\u00f5es e Metas &#8211; PAM &#8211; conforme disciplinado pelas portarias MS 2313 e 2314\/2002;<\/p>\n<p>3. Pelo cumprimento dos dispositivos da Portaria 399\/2006 que imputa aos estados e uni\u00e3o a fiscaliza\u00e7\u00e3o da correta aplica\u00e7\u00e3o dos recursos transferidos por estas esferas governamentais aos fundos municipais de sa\u00fade e cumprimento da Portaria MS 1679 2004 que disciplina o monitoramento da execu\u00e7\u00e3o dos Planos de A\u00e7\u00f5es e Metas;<\/p>\n<p>4. Em apoio \u00e0 Cria\u00e7\u00e3o de Frentes Parlamentares de enfrentamento ao HIV Aids junto a todas as Assembl\u00e9ias Legislativas dos estados para defesa dos direitos das pessoas vivendo com HIV e Aids e apresenta\u00e7\u00e3o de emendas aos or\u00e7amentos p\u00fablicos para a\u00e7\u00f5es em DST\/Aids;<\/p>\n<p>5. Pelo imediato e definitivo arquivamento do Projeto de Lei 4887\/2001 que reintroduz o artigo 267-A no C\u00f3digo Penal Brasileiro conforme Decreto Lei 2848, de 7 de dezembro de 1940;<\/p>\n<p>6. Pela amplia\u00e7\u00e3o das a\u00e7\u00f5es do Diagn\u00f3stico Precoce (testagem sorol\u00f3gica) para as HIV, s\u00edfilis e Hepatites Virais;<\/p>\n<p>7. Pela maior divulga\u00e7\u00e3o dos editais do Departamento de DST e Aids para projetos das organiza\u00e7\u00f5es n\u00e3o governamentais;<\/p>\n<p>8. Pela aten\u00e7\u00e3o diferenciada por parte do Departamento de DST e Aids do Minist\u00e9rio da Sa\u00fade aos munic\u00edpios de pequeno porte e de dif\u00edcil acesso em virtude do processo de interioriza\u00e7\u00e3o da epidemia;<\/p>\n<p>9. Em apoio \u00e0s atividades desenvolvidas pelos F\u00f3runs de ONGs\/Aids que fortalecem a resposta brasileira \u00e0 epidemia;<\/p>\n<p>10. Pelo fortalecimento da Rede Nacional de Jovens vivendo com HIV e Aids, estabelecendo estrat\u00e9gias e pol\u00edticas integradas para o trabalho com crian\u00e7as, adolescentes e jovens;<\/p>\n<p>11. Pelo incentivo \u00e0 cria\u00e7\u00e3o de Grupos de Trabalho de Aids e Religi\u00f5es nos Programas Estaduais e  Municipais de DST\/Aids;<\/p>\n<p>12. Pela implementa\u00e7\u00e3o, nos estados, da &#8220;Portaria da Lipodistrofia&#8221; e pela sensibiliza\u00e7\u00e3o dos profissionais para realizar os procedimentos;<\/p>\n<p>13. Pela Cria\u00e7\u00e3o do Programa de DST\/Aids nos munic\u00edpios que n\u00e3o os possuem e de comiss\u00f5es municipais de DST\/Aids junto aos Conselhos Municipais de Sa\u00fade;<\/p>\n<p>Como servi\u00e7o pastoral, em conformidade com o Documento de Aparecida e das Diretrizes Gerais da A\u00e7\u00e3o Evangelizadora 2008-2011, vemos como muito importante que a Igreja:<\/p>\n<p>\u2022 Propicie maior visibilidade \u00e0 Pastoral da Aids e \u00e0s datas marcantes de enfrentamento do HIV: 1\u00ba de Dezembro e Vig\u00edlia pelos mortos de Aids;<\/p>\n<p>\u2022 Promova a sensibiliza\u00e7\u00e3o e capacita\u00e7\u00e3o de cl\u00e9rigos, religiosos\/as e leigos\/as para colaborar no enfrentamento da epidemia e supera\u00e7\u00e3o do preconceito;<\/p>\n<p>\u2022 Fortale\u00e7a a Pastoral da Aids nas comunidades, par\u00f3quias e dioceses, motivando os crist\u00e3os ao trabalho neste campo.<\/p>\n<p>Bras\u00edlia, 12 de outubro de 2009.<\/p>\n<p>Festa de Nossa Senhora Aparecida &#8211; Padroeira do Brasil<\/p>\n<div id=\"themify_builder_content-5789\" data-postid=\"5789\" class=\"themify_builder_content themify_builder_content-5789 themify_builder themify_builder_front\">\n\t<\/div>\n<!-- \/themify_builder_content -->","protected":false},"excerpt":{"rendered":"<p>CNBB Pastoral da DST\/Aids N\u00f3s, lideran\u00e7as e agentes da Pastoral da AIDS, vindos dos estados de Rond\u00f4nia, Amazonas, Par\u00e1, Rio Grande do Norte, Pernambuco, Bahia, Alagoas, Para\u00edba, Mato Grosso, Goi\u00e1s, Tocantins, Distrito Federal, Mato Grosso do Sul, Minas Gerais, Rio de Janeiro, Esp\u00edrito Santo, S\u00e3o Paulo, Paran\u00e1 e Rio Grande do Sul, reunidos em Bras\u00edlia, [&hellip;]<\/p>\n","protected":false},"author":5,"featured_media":0,"comment_status":"open","ping_status":"open","sticky":false,"template":"","format":"standard","meta":{"ngg_post_thumbnail":0,"footnotes":""},"categories":[8],"tags":[136,63,464,28],"yoast_head":"<!-- This site is optimized with the Yoast SEO plugin v23.5 - https:\/\/yoast.com\/wordpress\/plugins\/seo\/ -->\n<title>Pastoral da DST\/Aids: Carta de Bras\u00edlia - O Arcanjo no ar<\/title>\n<meta name=\"robots\" content=\"index, follow, max-snippet:-1, max-image-preview:large, max-video-preview:-1\" \/>\n<link rel=\"canonical\" href=\"https:\/\/www.oarcanjo.net\/site\/pastoral-da-dstaids-carta-de-brasilia\/\" \/>\n<meta property=\"og:locale\" content=\"pt_BR\" \/>\n<meta property=\"og:type\" content=\"article\" \/>\n<meta property=\"og:title\" content=\"Pastoral da DST\/Aids: Carta de Bras\u00edlia - O Arcanjo no ar\" \/>\n<meta property=\"og:description\" content=\"CNBB Pastoral da DST\/Aids N\u00f3s, lideran\u00e7as e agentes da Pastoral da AIDS, vindos dos estados de Rond\u00f4nia, Amazonas, Par\u00e1, Rio Grande do Norte, Pernambuco, Bahia, Alagoas, Para\u00edba, Mato Grosso, Goi\u00e1s, Tocantins, Distrito Federal, Mato Grosso do Sul, Minas Gerais, Rio de Janeiro, Esp\u00edrito Santo, S\u00e3o Paulo, Paran\u00e1 e Rio Grande do Sul, reunidos em Bras\u00edlia, [&hellip;]\" \/>\n<meta property=\"og:url\" content=\"https:\/\/www.oarcanjo.net\/site\/pastoral-da-dstaids-carta-de-brasilia\/\" \/>\n<meta property=\"og:site_name\" content=\"O Arcanjo no ar\" \/>\n<meta property=\"article:publisher\" content=\"https:\/\/www.facebook.com\/OArcanjoNoAr\/\" \/>\n<meta property=\"article:published_time\" content=\"2009-10-22T23:50:00+00:00\" \/>\n<meta property=\"og:image\" content=\"https:\/\/www.oarcanjo.net\/site\/wp-content\/uploads\/logo-o-arcanjo-no-ar-facebook.png\" \/>\n\t<meta property=\"og:image:width\" content=\"300\" \/>\n\t<meta property=\"og:image:height\" content=\"300\" \/>\n\t<meta property=\"og:image:type\" content=\"image\/png\" \/>\n<meta name=\"author\" content=\"editor\" \/>\n<meta name=\"twitter:card\" content=\"summary_large_image\" \/>\n<meta name=\"twitter:label1\" content=\"Escrito por\" \/>\n\t<meta name=\"twitter:data1\" content=\"editor\" \/>\n\t<meta name=\"twitter:label2\" content=\"Est. tempo de leitura\" \/>\n\t<meta name=\"twitter:data2\" content=\"3 minutos\" \/>\n<script type=\"application\/ld+json\" class=\"yoast-schema-graph\">{\"@context\":\"https:\/\/schema.org\",\"@graph\":[{\"@type\":\"Article\",\"@id\":\"https:\/\/www.oarcanjo.net\/site\/pastoral-da-dstaids-carta-de-brasilia\/#article\",\"isPartOf\":{\"@id\":\"https:\/\/www.oarcanjo.net\/site\/pastoral-da-dstaids-carta-de-brasilia\/\"},\"author\":{\"name\":\"editor\",\"@id\":\"https:\/\/www.oarcanjo.net\/site\/#\/schema\/person\/f7024d007863202483a31326673a0838\"},\"headline\":\"Pastoral da DST\/Aids: Carta de Bras\u00edlia\",\"datePublished\":\"2009-10-22T23:50:00+00:00\",\"dateModified\":\"2009-10-22T23:50:00+00:00\",\"mainEntityOfPage\":{\"@id\":\"https:\/\/www.oarcanjo.net\/site\/pastoral-da-dstaids-carta-de-brasilia\/\"},\"wordCount\":623,\"commentCount\":0,\"publisher\":{\"@id\":\"https:\/\/www.oarcanjo.net\/site\/#organization\"},\"keywords\":[\"Aids\",\"CNBB\",\"HIV\",\"pastoral\"],\"articleSection\":[\"Not\u00edcias\"],\"inLanguage\":\"pt-BR\",\"potentialAction\":[{\"@type\":\"CommentAction\",\"name\":\"Comment\",\"target\":[\"https:\/\/www.oarcanjo.net\/site\/pastoral-da-dstaids-carta-de-brasilia\/#respond\"]}]},{\"@type\":\"WebPage\",\"@id\":\"https:\/\/www.oarcanjo.net\/site\/pastoral-da-dstaids-carta-de-brasilia\/\",\"url\":\"https:\/\/www.oarcanjo.net\/site\/pastoral-da-dstaids-carta-de-brasilia\/\",\"name\":\"Pastoral da DST\/Aids: Carta de Bras\u00edlia - O Arcanjo no ar\",\"isPartOf\":{\"@id\":\"https:\/\/www.oarcanjo.net\/site\/#website\"},\"datePublished\":\"2009-10-22T23:50:00+00:00\",\"dateModified\":\"2009-10-22T23:50:00+00:00\",\"breadcrumb\":{\"@id\":\"https:\/\/www.oarcanjo.net\/site\/pastoral-da-dstaids-carta-de-brasilia\/#breadcrumb\"},\"inLanguage\":\"pt-BR\",\"potentialAction\":[{\"@type\":\"ReadAction\",\"target\":[\"https:\/\/www.oarcanjo.net\/site\/pastoral-da-dstaids-carta-de-brasilia\/\"]}]},{\"@type\":\"BreadcrumbList\",\"@id\":\"https:\/\/www.oarcanjo.net\/site\/pastoral-da-dstaids-carta-de-brasilia\/#breadcrumb\",\"itemListElement\":[{\"@type\":\"ListItem\",\"position\":1,\"name\":\"In\u00edcio\",\"item\":\"https:\/\/www.oarcanjo.net\/site\/\"},{\"@type\":\"ListItem\",\"position\":2,\"name\":\"Pastoral da DST\/Aids: Carta de Bras\u00edlia\"}]},{\"@type\":\"WebSite\",\"@id\":\"https:\/\/www.oarcanjo.net\/site\/#website\",\"url\":\"https:\/\/www.oarcanjo.net\/site\/\",\"name\":\"O Arcanjo no ar\",\"description\":\"Site da Par\u00f3quia S\u00e3o Miguel Arcanjo (Arquidiocese de SP)\",\"publisher\":{\"@id\":\"https:\/\/www.oarcanjo.net\/site\/#organization\"},\"potentialAction\":[{\"@type\":\"SearchAction\",\"target\":{\"@type\":\"EntryPoint\",\"urlTemplate\":\"https:\/\/www.oarcanjo.net\/site\/?s={search_term_string}\"},\"query-input\":{\"@type\":\"PropertyValueSpecification\",\"valueRequired\":true,\"valueName\":\"search_term_string\"}}],\"inLanguage\":\"pt-BR\"},{\"@type\":\"Organization\",\"@id\":\"https:\/\/www.oarcanjo.net\/site\/#organization\",\"name\":\"Par\u00f3quia S\u00e3o Miguel Arcanjo\",\"url\":\"https:\/\/www.oarcanjo.net\/site\/\",\"logo\":{\"@type\":\"ImageObject\",\"inLanguage\":\"pt-BR\",\"@id\":\"https:\/\/www.oarcanjo.net\/site\/#\/schema\/logo\/image\/\",\"url\":\"https:\/\/www.oarcanjo.net\/site\/wp-content\/uploads\/LogoOArcanjo.png\",\"contentUrl\":\"https:\/\/www.oarcanjo.net\/site\/wp-content\/uploads\/LogoOArcanjo.png\",\"width\":319,\"height\":99,\"caption\":\"Par\u00f3quia S\u00e3o Miguel Arcanjo\"},\"image\":{\"@id\":\"https:\/\/www.oarcanjo.net\/site\/#\/schema\/logo\/image\/\"},\"sameAs\":[\"https:\/\/www.facebook.com\/OArcanjoNoAr\/\"]},{\"@type\":\"Person\",\"@id\":\"https:\/\/www.oarcanjo.net\/site\/#\/schema\/person\/f7024d007863202483a31326673a0838\",\"name\":\"editor\",\"sameAs\":[\"http:\/\/www.oarcanjo.net\"]}]}<\/script>\n<!-- \/ Yoast SEO plugin. -->","yoast_head_json":{"title":"Pastoral da DST\/Aids: Carta de Bras\u00edlia - O Arcanjo no ar","robots":{"index":"index","follow":"follow","max-snippet":"max-snippet:-1","max-image-preview":"max-image-preview:large","max-video-preview":"max-video-preview:-1"},"canonical":"https:\/\/www.oarcanjo.net\/site\/pastoral-da-dstaids-carta-de-brasilia\/","og_locale":"pt_BR","og_type":"article","og_title":"Pastoral da DST\/Aids: Carta de Bras\u00edlia - O Arcanjo no ar","og_description":"CNBB Pastoral da DST\/Aids N\u00f3s, lideran\u00e7as e agentes da Pastoral da AIDS, vindos dos estados de Rond\u00f4nia, Amazonas, Par\u00e1, Rio Grande do Norte, Pernambuco, Bahia, Alagoas, Para\u00edba, Mato Grosso, Goi\u00e1s, Tocantins, Distrito Federal, Mato Grosso do Sul, Minas Gerais, Rio de Janeiro, Esp\u00edrito Santo, S\u00e3o Paulo, Paran\u00e1 e Rio Grande do Sul, reunidos em Bras\u00edlia, [&hellip;]","og_url":"https:\/\/www.oarcanjo.net\/site\/pastoral-da-dstaids-carta-de-brasilia\/","og_site_name":"O Arcanjo no ar","article_publisher":"https:\/\/www.facebook.com\/OArcanjoNoAr\/","article_published_time":"2009-10-22T23:50:00+00:00","og_image":[{"width":300,"height":300,"url":"https:\/\/www.oarcanjo.net\/site\/wp-content\/uploads\/logo-o-arcanjo-no-ar-facebook.png","type":"image\/png"}],"author":"editor","twitter_card":"summary_large_image","twitter_misc":{"Escrito por":"editor","Est. tempo de leitura":"3 minutos"},"schema":{"@context":"https:\/\/schema.org","@graph":[{"@type":"Article","@id":"https:\/\/www.oarcanjo.net\/site\/pastoral-da-dstaids-carta-de-brasilia\/#article","isPartOf":{"@id":"https:\/\/www.oarcanjo.net\/site\/pastoral-da-dstaids-carta-de-brasilia\/"},"author":{"name":"editor","@id":"https:\/\/www.oarcanjo.net\/site\/#\/schema\/person\/f7024d007863202483a31326673a0838"},"headline":"Pastoral da DST\/Aids: Carta de Bras\u00edlia","datePublished":"2009-10-22T23:50:00+00:00","dateModified":"2009-10-22T23:50:00+00:00","mainEntityOfPage":{"@id":"https:\/\/www.oarcanjo.net\/site\/pastoral-da-dstaids-carta-de-brasilia\/"},"wordCount":623,"commentCount":0,"publisher":{"@id":"https:\/\/www.oarcanjo.net\/site\/#organization"},"keywords":["Aids","CNBB","HIV","pastoral"],"articleSection":["Not\u00edcias"],"inLanguage":"pt-BR","potentialAction":[{"@type":"CommentAction","name":"Comment","target":["https:\/\/www.oarcanjo.net\/site\/pastoral-da-dstaids-carta-de-brasilia\/#respond"]}]},{"@type":"WebPage","@id":"https:\/\/www.oarcanjo.net\/site\/pastoral-da-dstaids-carta-de-brasilia\/","url":"https:\/\/www.oarcanjo.net\/site\/pastoral-da-dstaids-carta-de-brasilia\/","name":"Pastoral da DST\/Aids: Carta de Bras\u00edlia - O Arcanjo no ar","isPartOf":{"@id":"https:\/\/www.oarcanjo.net\/site\/#website"},"datePublished":"2009-10-22T23:50:00+00:00","dateModified":"2009-10-22T23:50:00+00:00","breadcrumb":{"@id":"https:\/\/www.oarcanjo.net\/site\/pastoral-da-dstaids-carta-de-brasilia\/#breadcrumb"},"inLanguage":"pt-BR","potentialAction":[{"@type":"ReadAction","target":["https:\/\/www.oarcanjo.net\/site\/pastoral-da-dstaids-carta-de-brasilia\/"]}]},{"@type":"BreadcrumbList","@id":"https:\/\/www.oarcanjo.net\/site\/pastoral-da-dstaids-carta-de-brasilia\/#breadcrumb","itemListElement":[{"@type":"ListItem","position":1,"name":"In\u00edcio","item":"https:\/\/www.oarcanjo.net\/site\/"},{"@type":"ListItem","position":2,"name":"Pastoral da DST\/Aids: Carta de Bras\u00edlia"}]},{"@type":"WebSite","@id":"https:\/\/www.oarcanjo.net\/site\/#website","url":"https:\/\/www.oarcanjo.net\/site\/","name":"O Arcanjo no ar","description":"Site da Par\u00f3quia S\u00e3o Miguel Arcanjo (Arquidiocese de SP)","publisher":{"@id":"https:\/\/www.oarcanjo.net\/site\/#organization"},"potentialAction":[{"@type":"SearchAction","target":{"@type":"EntryPoint","urlTemplate":"https:\/\/www.oarcanjo.net\/site\/?s={search_term_string}"},"query-input":{"@type":"PropertyValueSpecification","valueRequired":true,"valueName":"search_term_string"}}],"inLanguage":"pt-BR"},{"@type":"Organization","@id":"https:\/\/www.oarcanjo.net\/site\/#organization","name":"Par\u00f3quia S\u00e3o Miguel Arcanjo","url":"https:\/\/www.oarcanjo.net\/site\/","logo":{"@type":"ImageObject","inLanguage":"pt-BR","@id":"https:\/\/www.oarcanjo.net\/site\/#\/schema\/logo\/image\/","url":"https:\/\/www.oarcanjo.net\/site\/wp-content\/uploads\/LogoOArcanjo.png","contentUrl":"https:\/\/www.oarcanjo.net\/site\/wp-content\/uploads\/LogoOArcanjo.png","width":319,"height":99,"caption":"Par\u00f3quia S\u00e3o Miguel Arcanjo"},"image":{"@id":"https:\/\/www.oarcanjo.net\/site\/#\/schema\/logo\/image\/"},"sameAs":["https:\/\/www.facebook.com\/OArcanjoNoAr\/"]},{"@type":"Person","@id":"https:\/\/www.oarcanjo.net\/site\/#\/schema\/person\/f7024d007863202483a31326673a0838","name":"editor","sameAs":["http:\/\/www.oarcanjo.net"]}]}},"publishpress_future_action":{"enabled":false,"date":"2026-05-07 02:54:54","action":"category","newStatus":"draft","terms":[],"taxonomy":"category"},"publishpress_future_workflow_manual_trigger":{"enabledWorkflows":[]},"_links":{"self":[{"href":"https:\/\/www.oarcanjo.net\/site\/wp-json\/wp\/v2\/posts\/5789"}],"collection":[{"href":"https:\/\/www.oarcanjo.net\/site\/wp-json\/wp\/v2\/posts"}],"about":[{"href":"https:\/\/www.oarcanjo.net\/site\/wp-json\/wp\/v2\/types\/post"}],"author":[{"embeddable":true,"href":"https:\/\/www.oarcanjo.net\/site\/wp-json\/wp\/v2\/users\/5"}],"replies":[{"embeddable":true,"href":"https:\/\/www.oarcanjo.net\/site\/wp-json\/wp\/v2\/comments?post=5789"}],"version-history":[{"count":0,"href":"https:\/\/www.oarcanjo.net\/site\/wp-json\/wp\/v2\/posts\/5789\/revisions"}],"wp:attachment":[{"href":"https:\/\/www.oarcanjo.net\/site\/wp-json\/wp\/v2\/media?parent=5789"}],"wp:term":[{"taxonomy":"category","embeddable":true,"href":"https:\/\/www.oarcanjo.net\/site\/wp-json\/wp\/v2\/categories?post=5789"},{"taxonomy":"post_tag","embeddable":true,"href":"https:\/\/www.oarcanjo.net\/site\/wp-json\/wp\/v2\/tags?post=5789"}],"curies":[{"name":"wp","href":"https:\/\/api.w.org\/{rel}","templated":true}]}}