
{"id":5797,"date":"2009-10-24T08:23:32","date_gmt":"2009-10-24T11:23:32","guid":{"rendered":"http:\/\/www.oarcanjo.net\/site\/?p=5797"},"modified":"2009-10-25T16:30:26","modified_gmt":"2009-10-25T19:30:26","slug":"ver-conhecer-seguir","status":"publish","type":"post","link":"https:\/\/www.oarcanjo.net\/site\/ver-conhecer-seguir\/","title":{"rendered":"Ver! Conhecer! Seguir!"},"content":{"rendered":"<p>O evangelho de Marcos nos fala do cego e mendigo Bartimeu, que na beira do caminho pedia esmolas. Um marginalizado, totalmente exclu\u00eddo.<\/p>\n<p>N\u00e3o pode ser pior, \u00e0 margem do caminho, n\u00e3o podia nem gritar a sua dor, a ordem era que se calasse.<\/p>\n<p>A f\u00e9 era maior que a dor, nem revolta, nem conformismo, esperan\u00e7a teimosa, que clama, espera e confia!<\/p>\n<p>O seu grito foi ouvido, JESUS ouve e chama, pergunta o que quer que fa\u00e7a, a mesma pergunta que fez para os dois que queriam ser grandes, mas a motiva\u00e7\u00e3o \u00e9 outra, n\u00e3o quer ser grande, quer ser humano, n\u00e3o quer ser exclu\u00eddo, quer fazer parte dos seguidores de JESUS!<\/p>\n<p>Vai! A tua f\u00e9 te curou! No mesmo instante, ele recuperou a vista e seguia JESUS pelo caminho, nos diz o evangelista.<\/p>\n<p>Ver JESUS para segui-lo, para fazer com ELE o CAMINHO.<\/p>\n<p>A catequese de Marcos quer que respondamos a pergunta: Quem \u00e9 JESUS?<\/p>\n<p>Saber, conhecer para segui-LO. Para ser disc\u00edpulo!<\/p>\n<p>Bartimeu \u00e9 o modelo de disc\u00edpulo, sai da escurid\u00e3o para a luz.<\/p>\n<p>JESUS \u00c9 NOSSA LUZ!!<\/p>\n<p>SENHOR tira de mim a cegueira,<\/p>\n<p>que seja capaz de TE ver, superar o que me impede de TE amar.<\/p>\n<p>quero te seguir\u00a0pelo caminho da vida.<\/p>\n<p>[videofile width=&#8221;480&#8243; height=&#8221;268&#8243;]mms:\/\/mms.bizmedia.com.br\/bizmedia\/Homilia20091025-final.wmv[\/videofile]<\/p>\n<div id=\"themify_builder_content-5797\" data-postid=\"5797\" class=\"themify_builder_content themify_builder_content-5797 themify_builder themify_builder_front\">\n\t<\/div>\n<!-- \/themify_builder_content -->","protected":false},"excerpt":{"rendered":"<p>O evangelho de Marcos nos fala do cego e mendigo Bartimeu, que na beira do caminho pedia esmolas. Um marginalizado, totalmente exclu\u00eddo. N\u00e3o pode ser pior, \u00e0 margem do caminho, n\u00e3o podia nem gritar a sua dor, a ordem era que se calasse. A f\u00e9 era maior que a dor, nem revolta, nem conformismo, esperan\u00e7a [&hellip;]<\/p>\n","protected":false},"author":4,"featured_media":0,"comment_status":"open","ping_status":"open","sticky":false,"template":"","format":"standard","meta":{"ngg_post_thumbnail":0,"footnotes":""},"categories":[4,475],"tags":[1193,1192,995,1195,1194],"yoast_head":"<!-- This site is optimized with the Yoast SEO plugin v23.5 - https:\/\/yoast.com\/wordpress\/plugins\/seo\/ -->\n<title>Ver! Conhecer! Seguir! - O Arcanjo no ar<\/title>\n<meta name=\"robots\" content=\"index, follow, max-snippet:-1, max-image-preview:large, max-video-preview:-1\" \/>\n<link rel=\"canonical\" href=\"https:\/\/www.oarcanjo.net\/site\/ver-conhecer-seguir\/\" \/>\n<meta property=\"og:locale\" content=\"pt_BR\" \/>\n<meta property=\"og:type\" content=\"article\" \/>\n<meta property=\"og:title\" content=\"Ver! Conhecer! Seguir! - O Arcanjo no ar\" \/>\n<meta property=\"og:description\" content=\"O evangelho de Marcos nos fala do cego e mendigo Bartimeu, que na beira do caminho pedia esmolas. Um marginalizado, totalmente exclu\u00eddo. N\u00e3o pode ser pior, \u00e0 margem do caminho, n\u00e3o podia nem gritar a sua dor, a ordem era que se calasse. A f\u00e9 era maior que a dor, nem revolta, nem conformismo, esperan\u00e7a [&hellip;]\" \/>\n<meta property=\"og:url\" content=\"https:\/\/www.oarcanjo.net\/site\/ver-conhecer-seguir\/\" \/>\n<meta property=\"og:site_name\" content=\"O Arcanjo no ar\" \/>\n<meta property=\"article:publisher\" content=\"https:\/\/www.facebook.com\/OArcanjoNoAr\/\" \/>\n<meta property=\"article:published_time\" content=\"2009-10-24T11:23:32+00:00\" \/>\n<meta property=\"article:modified_time\" content=\"2009-10-25T19:30:26+00:00\" \/>\n<meta property=\"og:image\" content=\"https:\/\/www.oarcanjo.net\/site\/wp-content\/uploads\/logo-o-arcanjo-no-ar-facebook.png\" \/>\n\t<meta property=\"og:image:width\" content=\"300\" \/>\n\t<meta property=\"og:image:height\" content=\"300\" \/>\n\t<meta property=\"og:image:type\" content=\"image\/png\" \/>\n<meta name=\"author\" content=\"julio\" \/>\n<meta name=\"twitter:card\" content=\"summary_large_image\" \/>\n<meta name=\"twitter:label1\" content=\"Escrito por\" \/>\n\t<meta name=\"twitter:data1\" content=\"julio\" \/>\n\t<meta name=\"twitter:label2\" content=\"Est. tempo de leitura\" \/>\n\t<meta name=\"twitter:data2\" content=\"1 minuto\" \/>\n<script type=\"application\/ld+json\" class=\"yoast-schema-graph\">{\"@context\":\"https:\/\/schema.org\",\"@graph\":[{\"@type\":\"Article\",\"@id\":\"https:\/\/www.oarcanjo.net\/site\/ver-conhecer-seguir\/#article\",\"isPartOf\":{\"@id\":\"https:\/\/www.oarcanjo.net\/site\/ver-conhecer-seguir\/\"},\"author\":{\"name\":\"julio\",\"@id\":\"https:\/\/www.oarcanjo.net\/site\/#\/schema\/person\/d78ea01c648c91e29c364b516767079e\"},\"headline\":\"Ver! Conhecer! Seguir!\",\"datePublished\":\"2009-10-24T11:23:32+00:00\",\"dateModified\":\"2009-10-25T19:30:26+00:00\",\"mainEntityOfPage\":{\"@id\":\"https:\/\/www.oarcanjo.net\/site\/ver-conhecer-seguir\/\"},\"wordCount\":228,\"commentCount\":4,\"publisher\":{\"@id\":\"https:\/\/www.oarcanjo.net\/site\/#organization\"},\"keywords\":[\"Bartimeu\",\"disc\u00edpulo\",\"exclu\u00eddos\",\"marginalizados\",\"Quem \u00e9 Jesus\"],\"articleSection\":[\"Blog\",\"Homilias\"],\"inLanguage\":\"pt-BR\",\"potentialAction\":[{\"@type\":\"CommentAction\",\"name\":\"Comment\",\"target\":[\"https:\/\/www.oarcanjo.net\/site\/ver-conhecer-seguir\/#respond\"]}]},{\"@type\":\"WebPage\",\"@id\":\"https:\/\/www.oarcanjo.net\/site\/ver-conhecer-seguir\/\",\"url\":\"https:\/\/www.oarcanjo.net\/site\/ver-conhecer-seguir\/\",\"name\":\"Ver! Conhecer! Seguir! - O Arcanjo no ar\",\"isPartOf\":{\"@id\":\"https:\/\/www.oarcanjo.net\/site\/#website\"},\"datePublished\":\"2009-10-24T11:23:32+00:00\",\"dateModified\":\"2009-10-25T19:30:26+00:00\",\"breadcrumb\":{\"@id\":\"https:\/\/www.oarcanjo.net\/site\/ver-conhecer-seguir\/#breadcrumb\"},\"inLanguage\":\"pt-BR\",\"potentialAction\":[{\"@type\":\"ReadAction\",\"target\":[\"https:\/\/www.oarcanjo.net\/site\/ver-conhecer-seguir\/\"]}]},{\"@type\":\"BreadcrumbList\",\"@id\":\"https:\/\/www.oarcanjo.net\/site\/ver-conhecer-seguir\/#breadcrumb\",\"itemListElement\":[{\"@type\":\"ListItem\",\"position\":1,\"name\":\"In\u00edcio\",\"item\":\"https:\/\/www.oarcanjo.net\/site\/\"},{\"@type\":\"ListItem\",\"position\":2,\"name\":\"Ver! Conhecer! Seguir!\"}]},{\"@type\":\"WebSite\",\"@id\":\"https:\/\/www.oarcanjo.net\/site\/#website\",\"url\":\"https:\/\/www.oarcanjo.net\/site\/\",\"name\":\"O Arcanjo no ar\",\"description\":\"Site da Par\u00f3quia S\u00e3o Miguel Arcanjo (Arquidiocese de SP)\",\"publisher\":{\"@id\":\"https:\/\/www.oarcanjo.net\/site\/#organization\"},\"potentialAction\":[{\"@type\":\"SearchAction\",\"target\":{\"@type\":\"EntryPoint\",\"urlTemplate\":\"https:\/\/www.oarcanjo.net\/site\/?s={search_term_string}\"},\"query-input\":{\"@type\":\"PropertyValueSpecification\",\"valueRequired\":true,\"valueName\":\"search_term_string\"}}],\"inLanguage\":\"pt-BR\"},{\"@type\":\"Organization\",\"@id\":\"https:\/\/www.oarcanjo.net\/site\/#organization\",\"name\":\"Par\u00f3quia S\u00e3o Miguel Arcanjo\",\"url\":\"https:\/\/www.oarcanjo.net\/site\/\",\"logo\":{\"@type\":\"ImageObject\",\"inLanguage\":\"pt-BR\",\"@id\":\"https:\/\/www.oarcanjo.net\/site\/#\/schema\/logo\/image\/\",\"url\":\"https:\/\/www.oarcanjo.net\/site\/wp-content\/uploads\/LogoOArcanjo.png\",\"contentUrl\":\"https:\/\/www.oarcanjo.net\/site\/wp-content\/uploads\/LogoOArcanjo.png\",\"width\":319,\"height\":99,\"caption\":\"Par\u00f3quia S\u00e3o Miguel Arcanjo\"},\"image\":{\"@id\":\"https:\/\/www.oarcanjo.net\/site\/#\/schema\/logo\/image\/\"},\"sameAs\":[\"https:\/\/www.facebook.com\/OArcanjoNoAr\/\"]},{\"@type\":\"Person\",\"@id\":\"https:\/\/www.oarcanjo.net\/site\/#\/schema\/person\/d78ea01c648c91e29c364b516767079e\",\"name\":\"julio\",\"sameAs\":[\"http:\/\/www.oarcanjo.net\"]}]}<\/script>\n<!-- \/ Yoast SEO plugin. -->","yoast_head_json":{"title":"Ver! Conhecer! Seguir! - O Arcanjo no ar","robots":{"index":"index","follow":"follow","max-snippet":"max-snippet:-1","max-image-preview":"max-image-preview:large","max-video-preview":"max-video-preview:-1"},"canonical":"https:\/\/www.oarcanjo.net\/site\/ver-conhecer-seguir\/","og_locale":"pt_BR","og_type":"article","og_title":"Ver! Conhecer! Seguir! - O Arcanjo no ar","og_description":"O evangelho de Marcos nos fala do cego e mendigo Bartimeu, que na beira do caminho pedia esmolas. Um marginalizado, totalmente exclu\u00eddo. N\u00e3o pode ser pior, \u00e0 margem do caminho, n\u00e3o podia nem gritar a sua dor, a ordem era que se calasse. A f\u00e9 era maior que a dor, nem revolta, nem conformismo, esperan\u00e7a [&hellip;]","og_url":"https:\/\/www.oarcanjo.net\/site\/ver-conhecer-seguir\/","og_site_name":"O Arcanjo no ar","article_publisher":"https:\/\/www.facebook.com\/OArcanjoNoAr\/","article_published_time":"2009-10-24T11:23:32+00:00","article_modified_time":"2009-10-25T19:30:26+00:00","og_image":[{"width":300,"height":300,"url":"https:\/\/www.oarcanjo.net\/site\/wp-content\/uploads\/logo-o-arcanjo-no-ar-facebook.png","type":"image\/png"}],"author":"julio","twitter_card":"summary_large_image","twitter_misc":{"Escrito por":"julio","Est. tempo de leitura":"1 minuto"},"schema":{"@context":"https:\/\/schema.org","@graph":[{"@type":"Article","@id":"https:\/\/www.oarcanjo.net\/site\/ver-conhecer-seguir\/#article","isPartOf":{"@id":"https:\/\/www.oarcanjo.net\/site\/ver-conhecer-seguir\/"},"author":{"name":"julio","@id":"https:\/\/www.oarcanjo.net\/site\/#\/schema\/person\/d78ea01c648c91e29c364b516767079e"},"headline":"Ver! Conhecer! Seguir!","datePublished":"2009-10-24T11:23:32+00:00","dateModified":"2009-10-25T19:30:26+00:00","mainEntityOfPage":{"@id":"https:\/\/www.oarcanjo.net\/site\/ver-conhecer-seguir\/"},"wordCount":228,"commentCount":4,"publisher":{"@id":"https:\/\/www.oarcanjo.net\/site\/#organization"},"keywords":["Bartimeu","disc\u00edpulo","exclu\u00eddos","marginalizados","Quem \u00e9 Jesus"],"articleSection":["Blog","Homilias"],"inLanguage":"pt-BR","potentialAction":[{"@type":"CommentAction","name":"Comment","target":["https:\/\/www.oarcanjo.net\/site\/ver-conhecer-seguir\/#respond"]}]},{"@type":"WebPage","@id":"https:\/\/www.oarcanjo.net\/site\/ver-conhecer-seguir\/","url":"https:\/\/www.oarcanjo.net\/site\/ver-conhecer-seguir\/","name":"Ver! Conhecer! Seguir! - O Arcanjo no ar","isPartOf":{"@id":"https:\/\/www.oarcanjo.net\/site\/#website"},"datePublished":"2009-10-24T11:23:32+00:00","dateModified":"2009-10-25T19:30:26+00:00","breadcrumb":{"@id":"https:\/\/www.oarcanjo.net\/site\/ver-conhecer-seguir\/#breadcrumb"},"inLanguage":"pt-BR","potentialAction":[{"@type":"ReadAction","target":["https:\/\/www.oarcanjo.net\/site\/ver-conhecer-seguir\/"]}]},{"@type":"BreadcrumbList","@id":"https:\/\/www.oarcanjo.net\/site\/ver-conhecer-seguir\/#breadcrumb","itemListElement":[{"@type":"ListItem","position":1,"name":"In\u00edcio","item":"https:\/\/www.oarcanjo.net\/site\/"},{"@type":"ListItem","position":2,"name":"Ver! Conhecer! Seguir!"}]},{"@type":"WebSite","@id":"https:\/\/www.oarcanjo.net\/site\/#website","url":"https:\/\/www.oarcanjo.net\/site\/","name":"O Arcanjo no ar","description":"Site da Par\u00f3quia S\u00e3o Miguel Arcanjo (Arquidiocese de SP)","publisher":{"@id":"https:\/\/www.oarcanjo.net\/site\/#organization"},"potentialAction":[{"@type":"SearchAction","target":{"@type":"EntryPoint","urlTemplate":"https:\/\/www.oarcanjo.net\/site\/?s={search_term_string}"},"query-input":{"@type":"PropertyValueSpecification","valueRequired":true,"valueName":"search_term_string"}}],"inLanguage":"pt-BR"},{"@type":"Organization","@id":"https:\/\/www.oarcanjo.net\/site\/#organization","name":"Par\u00f3quia S\u00e3o Miguel Arcanjo","url":"https:\/\/www.oarcanjo.net\/site\/","logo":{"@type":"ImageObject","inLanguage":"pt-BR","@id":"https:\/\/www.oarcanjo.net\/site\/#\/schema\/logo\/image\/","url":"https:\/\/www.oarcanjo.net\/site\/wp-content\/uploads\/LogoOArcanjo.png","contentUrl":"https:\/\/www.oarcanjo.net\/site\/wp-content\/uploads\/LogoOArcanjo.png","width":319,"height":99,"caption":"Par\u00f3quia S\u00e3o Miguel Arcanjo"},"image":{"@id":"https:\/\/www.oarcanjo.net\/site\/#\/schema\/logo\/image\/"},"sameAs":["https:\/\/www.facebook.com\/OArcanjoNoAr\/"]},{"@type":"Person","@id":"https:\/\/www.oarcanjo.net\/site\/#\/schema\/person\/d78ea01c648c91e29c364b516767079e","name":"julio","sameAs":["http:\/\/www.oarcanjo.net"]}]}},"publishpress_future_action":{"enabled":false,"date":"2026-05-09 01:25:47","action":"category","newStatus":"draft","terms":[],"taxonomy":"category"},"publishpress_future_workflow_manual_trigger":{"enabledWorkflows":[]},"_links":{"self":[{"href":"https:\/\/www.oarcanjo.net\/site\/wp-json\/wp\/v2\/posts\/5797"}],"collection":[{"href":"https:\/\/www.oarcanjo.net\/site\/wp-json\/wp\/v2\/posts"}],"about":[{"href":"https:\/\/www.oarcanjo.net\/site\/wp-json\/wp\/v2\/types\/post"}],"author":[{"embeddable":true,"href":"https:\/\/www.oarcanjo.net\/site\/wp-json\/wp\/v2\/users\/4"}],"replies":[{"embeddable":true,"href":"https:\/\/www.oarcanjo.net\/site\/wp-json\/wp\/v2\/comments?post=5797"}],"version-history":[{"count":0,"href":"https:\/\/www.oarcanjo.net\/site\/wp-json\/wp\/v2\/posts\/5797\/revisions"}],"wp:attachment":[{"href":"https:\/\/www.oarcanjo.net\/site\/wp-json\/wp\/v2\/media?parent=5797"}],"wp:term":[{"taxonomy":"category","embeddable":true,"href":"https:\/\/www.oarcanjo.net\/site\/wp-json\/wp\/v2\/categories?post=5797"},{"taxonomy":"post_tag","embeddable":true,"href":"https:\/\/www.oarcanjo.net\/site\/wp-json\/wp\/v2\/tags?post=5797"}],"curies":[{"name":"wp","href":"https:\/\/api.w.org\/{rel}","templated":true}]}}