
{"id":5806,"date":"2009-10-24T09:12:06","date_gmt":"2009-10-24T12:12:06","guid":{"rendered":"http:\/\/www.oarcanjo.net\/site\/?p=5806"},"modified":"2009-10-24T09:12:06","modified_gmt":"2009-10-24T12:12:06","slug":"radio-9-de-julho-novamente-no-ar-ha-10-anos","status":"publish","type":"post","link":"https:\/\/www.oarcanjo.net\/site\/radio-9-de-julho-novamente-no-ar-ha-10-anos\/","title":{"rendered":"R\u00e1dio 9 de Julho: novamente no ar h\u00e1 10 anos"},"content":{"rendered":"<p>D. Odilo Pedro Scherer<\/p>\n<p>No dia 23 de outubro, comemora-se o 10o\u00ba anivers\u00e1rio da reabertura da nossa R\u00e1dio 9 de Julho. O Decreto do governo M\u00e9dici, que fechou a R\u00e1dio, no dia 30 de setembro de 1973, pegou de surpresa a Arquidiocese, suscitando indigna\u00e7\u00e3o e amargura, pois n\u00e3o havia raz\u00f5es t\u00e9cnicas, fiscais ou administrativas para lacrar os transmissores. O motivo foi a restri\u00e7\u00e3o \u00e0s liberdades individuais e o cerceamento da liberdade de express\u00e3o: A R\u00e1dio 9 de Julho tinha um alto potencial de influ\u00eancia e suas ondas alcan\u00e7avam n\u00e3o somente todo o Brasil, mas tamb\u00e9m o exterior.<\/p>\n<p>A reabertura e a liberdade para transmitir novamente aconteceu, depois de muitas gest\u00f5es, em 23 de outubro de 1999. Bem antes, por\u00e9m, j\u00e1 em 13 de junho de 1985, a pedido do cardeal D. Paulo E. Arns, o ent\u00e3o presidente do Centro Santo Dias, Dr. H\u00e9lio Bicudo, protocolou um processo no Minist\u00e9rio das Comunica\u00e7\u00f5es, pleiteando a devolu\u00e7\u00e3o da emissora \u00e0 Arquidiocese. No dia 9 de julho de 1996, o presidente Fernando Henrique Cardoso anulou o decreto de 1973. Mas a reinaugura\u00e7\u00e3o e o efetivo funcionamento aconteceu s\u00f3 em outubro de 1999. Era uma decis\u00e3o devida e muito desejada pela Arquidiocese de S\u00e3o Paulo, para restabelecer a justi\u00e7a e a ordem democr\u00e1tica.<\/p>\n<p>Naquele dia, com a presen\u00e7a de Dom Paulo e de muitas autoridades p\u00fablicas, o cardeal Dom Cl\u00e1udio Hummes agradeceu aos presidentes Fernando Henrique Cardoso e Itamar Franco, ao governador Franco Montoro e ao deputado federal H\u00e9lio Bicudo, bem como aos organismos da sociedade e da Igreja que apoiaram e tornaram vi\u00e1vel a reabertura da R\u00e1dio. Na ocasi\u00e3o, ela foi confiada \u00e0s m\u00e3os de Nossa Senhora e ao patroc\u00ednio de S\u00e3o Jos\u00e9, bem como \u00e0 intercess\u00e3o do ent\u00e3o beato Frei Galv\u00e3o.<\/p>\n<p>A Arquidiocese, atrav\u00e9s das ondas da R\u00e1dio 9 de Julho, faz ouvir a sua voz \u201cnesta cidade imensa\u201d, e tamb\u00e9m al\u00e9m dela. Este anivers\u00e1rio nos faz recordar o fato do fechamento e da reabertura da R\u00e1dio, para n\u00e3o esquecer as li\u00e7\u00f5es da hist\u00f3ria; mas tamb\u00e9m \u00e9 uma ocasi\u00e3o para manifestar a gratid\u00e3o a todos os respons\u00e1veis pela sua dire\u00e7\u00e3o, bem como aos comunicadores, que d\u00e3o vida \u00e0 sua programa\u00e7\u00e3o e fazem desse meio de comunica\u00e7\u00e3o o p\u00falpito di\u00e1rio para anunciar a Boa Nova do Evangelho \u00e0 cidade.<\/p>\n<p>E ainda: \u00e9 uma boa ocasi\u00e3o para agradecer a todos os ouvintes, que prestigiam a programa\u00e7\u00e3o da nossa R\u00e1dio e que aprenderam a identificar nela, entre as muitas vozes que se fazem ouvir em S\u00e3o Paulo, a voz da Igreja Cat\u00f3lica. Sua audi\u00eancia \u00e9 muito importante, pois serve de est\u00edmulo para os comunicadores e para o aprimoramento constante da programa\u00e7\u00e3o. Agradecimento especial quero manifestar tamb\u00e9m a todos os apoiadores da R\u00e1dio e \u00e0 fam\u00edlia dos seus benfeitores, que ajudam a mant\u00ea-la no ar. Esta \u00e9, tamb\u00e9m, uma forma de participar da miss\u00e3o da Igreja. Deus aben\u00e7oe e recompense a todos!<\/p>\n<p>De fato, \u00e9 sintom\u00e1tico que a reabertura da R\u00e1dio tenha ocorrido no m\u00eas de outubro, m\u00eas das miss\u00f5es. A R\u00e1dio da Arquidiocese tem um papel mission\u00e1rio fundamental. Na era da Comunica\u00e7\u00e3o e da M\u00eddia, ela \u00e9 um instrumento fundamental de an\u00fancio das Boas Not\u00edcias de Jesus e da Igreja para o povo; pelas suas ondas, a palavra do Evangelho e a voz da Igreja chegam l\u00e1 onde, muitas vezes, os p\u00e9s dos mission\u00e1rios n\u00e3o conseguem chegar; ela \u00e9 companhia para doentes nos leitos de dor, para m\u00e3es e educadoras dos filhos em seus lares, para trabalhadores a caminho da empresa e do escrit\u00f3rio. \u00c9 tamb\u00e9m fator de identidade para o povo cat\u00f3lico, que pode ouvir por meio dela, com freq\u00fc\u00eancia, tamb\u00e9m a voz do seu pastor e conhecer a palavra e as orienta\u00e7\u00f5es da Igreja sobre os fatos que marcam a cidade e o mundo.<\/p>\n<p>No dia 31 de outubro, s\u00e1bado, \u00e0s 15h, faremos a mem\u00f3ria desses fatos, na Catedral da S\u00e9. E elevaremos a Deus a grande a\u00e7\u00e3o de gra\u00e7as da Eucaristia, de modo especial pelos benfeitores. Todos est\u00e3o convidados. Enquanto isso, Nossa Senhora e S\u00e3o Jos\u00e9, acompanhados por S\u00e3o Paulo ap\u00f3stolo e Frei Galv\u00e3o, agora santo, continuar\u00e3o a velar sobre nossa r\u00e1dio. Assim seja!<\/p>\n<div id=\"themify_builder_content-5806\" data-postid=\"5806\" class=\"themify_builder_content themify_builder_content-5806 themify_builder themify_builder_front\">\n\t<\/div>\n<!-- \/themify_builder_content -->","protected":false},"excerpt":{"rendered":"<p>D. Odilo Pedro Scherer No dia 23 de outubro, comemora-se o 10o\u00ba anivers\u00e1rio da reabertura da nossa R\u00e1dio 9 de Julho. O Decreto do governo M\u00e9dici, que fechou a R\u00e1dio, no dia 30 de setembro de 1973, pegou de surpresa a Arquidiocese, suscitando indigna\u00e7\u00e3o e amargura, pois n\u00e3o havia raz\u00f5es t\u00e9cnicas, fiscais ou administrativas para [&hellip;]<\/p>\n","protected":false},"author":5,"featured_media":0,"comment_status":"open","ping_status":"open","sticky":false,"template":"","format":"standard","meta":{"ngg_post_thumbnail":0,"footnotes":""},"categories":[8],"tags":[239,182,498,1200],"yoast_head":"<!-- This site is optimized with the Yoast SEO plugin v23.5 - https:\/\/yoast.com\/wordpress\/plugins\/seo\/ -->\n<title>R\u00e1dio 9 de Julho: novamente no ar h\u00e1 10 anos - O Arcanjo no ar<\/title>\n<meta name=\"robots\" content=\"index, follow, max-snippet:-1, max-image-preview:large, max-video-preview:-1\" \/>\n<link rel=\"canonical\" href=\"https:\/\/www.oarcanjo.net\/site\/radio-9-de-julho-novamente-no-ar-ha-10-anos\/\" \/>\n<meta property=\"og:locale\" content=\"pt_BR\" \/>\n<meta property=\"og:type\" content=\"article\" \/>\n<meta property=\"og:title\" content=\"R\u00e1dio 9 de Julho: novamente no ar h\u00e1 10 anos - O Arcanjo no ar\" \/>\n<meta property=\"og:description\" content=\"D. Odilo Pedro Scherer No dia 23 de outubro, comemora-se o 10o\u00ba anivers\u00e1rio da reabertura da nossa R\u00e1dio 9 de Julho. O Decreto do governo M\u00e9dici, que fechou a R\u00e1dio, no dia 30 de setembro de 1973, pegou de surpresa a Arquidiocese, suscitando indigna\u00e7\u00e3o e amargura, pois n\u00e3o havia raz\u00f5es t\u00e9cnicas, fiscais ou administrativas para [&hellip;]\" \/>\n<meta property=\"og:url\" content=\"https:\/\/www.oarcanjo.net\/site\/radio-9-de-julho-novamente-no-ar-ha-10-anos\/\" \/>\n<meta property=\"og:site_name\" content=\"O Arcanjo no ar\" \/>\n<meta property=\"article:publisher\" content=\"https:\/\/www.facebook.com\/OArcanjoNoAr\/\" \/>\n<meta property=\"article:published_time\" content=\"2009-10-24T12:12:06+00:00\" \/>\n<meta property=\"og:image\" content=\"https:\/\/www.oarcanjo.net\/site\/wp-content\/uploads\/logo-o-arcanjo-no-ar-facebook.png\" \/>\n\t<meta property=\"og:image:width\" content=\"300\" \/>\n\t<meta property=\"og:image:height\" content=\"300\" \/>\n\t<meta property=\"og:image:type\" content=\"image\/png\" \/>\n<meta name=\"author\" content=\"editor\" \/>\n<meta name=\"twitter:card\" content=\"summary_large_image\" \/>\n<meta name=\"twitter:label1\" content=\"Escrito por\" \/>\n\t<meta name=\"twitter:data1\" content=\"editor\" \/>\n\t<meta name=\"twitter:label2\" content=\"Est. tempo de leitura\" \/>\n\t<meta name=\"twitter:data2\" content=\"4 minutos\" \/>\n<script type=\"application\/ld+json\" class=\"yoast-schema-graph\">{\"@context\":\"https:\/\/schema.org\",\"@graph\":[{\"@type\":\"Article\",\"@id\":\"https:\/\/www.oarcanjo.net\/site\/radio-9-de-julho-novamente-no-ar-ha-10-anos\/#article\",\"isPartOf\":{\"@id\":\"https:\/\/www.oarcanjo.net\/site\/radio-9-de-julho-novamente-no-ar-ha-10-anos\/\"},\"author\":{\"name\":\"editor\",\"@id\":\"https:\/\/www.oarcanjo.net\/site\/#\/schema\/person\/f7024d007863202483a31326673a0838\"},\"headline\":\"R\u00e1dio 9 de Julho: novamente no ar h\u00e1 10 anos\",\"datePublished\":\"2009-10-24T12:12:06+00:00\",\"dateModified\":\"2009-10-24T12:12:06+00:00\",\"mainEntityOfPage\":{\"@id\":\"https:\/\/www.oarcanjo.net\/site\/radio-9-de-julho-novamente-no-ar-ha-10-anos\/\"},\"wordCount\":768,\"commentCount\":1,\"publisher\":{\"@id\":\"https:\/\/www.oarcanjo.net\/site\/#organization\"},\"keywords\":[\"Arquidiocese de S\u00e3o Paulo\",\"meios de comunica\u00e7\u00e3o\",\"miss\u00e3o\",\"R\u00e1dio 9 de Julho\"],\"articleSection\":[\"Not\u00edcias\"],\"inLanguage\":\"pt-BR\",\"potentialAction\":[{\"@type\":\"CommentAction\",\"name\":\"Comment\",\"target\":[\"https:\/\/www.oarcanjo.net\/site\/radio-9-de-julho-novamente-no-ar-ha-10-anos\/#respond\"]}]},{\"@type\":\"WebPage\",\"@id\":\"https:\/\/www.oarcanjo.net\/site\/radio-9-de-julho-novamente-no-ar-ha-10-anos\/\",\"url\":\"https:\/\/www.oarcanjo.net\/site\/radio-9-de-julho-novamente-no-ar-ha-10-anos\/\",\"name\":\"R\u00e1dio 9 de Julho: novamente no ar h\u00e1 10 anos - O Arcanjo no ar\",\"isPartOf\":{\"@id\":\"https:\/\/www.oarcanjo.net\/site\/#website\"},\"datePublished\":\"2009-10-24T12:12:06+00:00\",\"dateModified\":\"2009-10-24T12:12:06+00:00\",\"breadcrumb\":{\"@id\":\"https:\/\/www.oarcanjo.net\/site\/radio-9-de-julho-novamente-no-ar-ha-10-anos\/#breadcrumb\"},\"inLanguage\":\"pt-BR\",\"potentialAction\":[{\"@type\":\"ReadAction\",\"target\":[\"https:\/\/www.oarcanjo.net\/site\/radio-9-de-julho-novamente-no-ar-ha-10-anos\/\"]}]},{\"@type\":\"BreadcrumbList\",\"@id\":\"https:\/\/www.oarcanjo.net\/site\/radio-9-de-julho-novamente-no-ar-ha-10-anos\/#breadcrumb\",\"itemListElement\":[{\"@type\":\"ListItem\",\"position\":1,\"name\":\"In\u00edcio\",\"item\":\"https:\/\/www.oarcanjo.net\/site\/\"},{\"@type\":\"ListItem\",\"position\":2,\"name\":\"R\u00e1dio 9 de Julho: novamente no ar h\u00e1 10 anos\"}]},{\"@type\":\"WebSite\",\"@id\":\"https:\/\/www.oarcanjo.net\/site\/#website\",\"url\":\"https:\/\/www.oarcanjo.net\/site\/\",\"name\":\"O Arcanjo no ar\",\"description\":\"Site da Par\u00f3quia S\u00e3o Miguel Arcanjo (Arquidiocese de SP)\",\"publisher\":{\"@id\":\"https:\/\/www.oarcanjo.net\/site\/#organization\"},\"potentialAction\":[{\"@type\":\"SearchAction\",\"target\":{\"@type\":\"EntryPoint\",\"urlTemplate\":\"https:\/\/www.oarcanjo.net\/site\/?s={search_term_string}\"},\"query-input\":{\"@type\":\"PropertyValueSpecification\",\"valueRequired\":true,\"valueName\":\"search_term_string\"}}],\"inLanguage\":\"pt-BR\"},{\"@type\":\"Organization\",\"@id\":\"https:\/\/www.oarcanjo.net\/site\/#organization\",\"name\":\"Par\u00f3quia S\u00e3o Miguel Arcanjo\",\"url\":\"https:\/\/www.oarcanjo.net\/site\/\",\"logo\":{\"@type\":\"ImageObject\",\"inLanguage\":\"pt-BR\",\"@id\":\"https:\/\/www.oarcanjo.net\/site\/#\/schema\/logo\/image\/\",\"url\":\"https:\/\/www.oarcanjo.net\/site\/wp-content\/uploads\/LogoOArcanjo.png\",\"contentUrl\":\"https:\/\/www.oarcanjo.net\/site\/wp-content\/uploads\/LogoOArcanjo.png\",\"width\":319,\"height\":99,\"caption\":\"Par\u00f3quia S\u00e3o Miguel Arcanjo\"},\"image\":{\"@id\":\"https:\/\/www.oarcanjo.net\/site\/#\/schema\/logo\/image\/\"},\"sameAs\":[\"https:\/\/www.facebook.com\/OArcanjoNoAr\/\"]},{\"@type\":\"Person\",\"@id\":\"https:\/\/www.oarcanjo.net\/site\/#\/schema\/person\/f7024d007863202483a31326673a0838\",\"name\":\"editor\",\"sameAs\":[\"http:\/\/www.oarcanjo.net\"]}]}<\/script>\n<!-- \/ Yoast SEO plugin. -->","yoast_head_json":{"title":"R\u00e1dio 9 de Julho: novamente no ar h\u00e1 10 anos - O Arcanjo no ar","robots":{"index":"index","follow":"follow","max-snippet":"max-snippet:-1","max-image-preview":"max-image-preview:large","max-video-preview":"max-video-preview:-1"},"canonical":"https:\/\/www.oarcanjo.net\/site\/radio-9-de-julho-novamente-no-ar-ha-10-anos\/","og_locale":"pt_BR","og_type":"article","og_title":"R\u00e1dio 9 de Julho: novamente no ar h\u00e1 10 anos - O Arcanjo no ar","og_description":"D. Odilo Pedro Scherer No dia 23 de outubro, comemora-se o 10o\u00ba anivers\u00e1rio da reabertura da nossa R\u00e1dio 9 de Julho. O Decreto do governo M\u00e9dici, que fechou a R\u00e1dio, no dia 30 de setembro de 1973, pegou de surpresa a Arquidiocese, suscitando indigna\u00e7\u00e3o e amargura, pois n\u00e3o havia raz\u00f5es t\u00e9cnicas, fiscais ou administrativas para [&hellip;]","og_url":"https:\/\/www.oarcanjo.net\/site\/radio-9-de-julho-novamente-no-ar-ha-10-anos\/","og_site_name":"O Arcanjo no ar","article_publisher":"https:\/\/www.facebook.com\/OArcanjoNoAr\/","article_published_time":"2009-10-24T12:12:06+00:00","og_image":[{"width":300,"height":300,"url":"https:\/\/www.oarcanjo.net\/site\/wp-content\/uploads\/logo-o-arcanjo-no-ar-facebook.png","type":"image\/png"}],"author":"editor","twitter_card":"summary_large_image","twitter_misc":{"Escrito por":"editor","Est. tempo de leitura":"4 minutos"},"schema":{"@context":"https:\/\/schema.org","@graph":[{"@type":"Article","@id":"https:\/\/www.oarcanjo.net\/site\/radio-9-de-julho-novamente-no-ar-ha-10-anos\/#article","isPartOf":{"@id":"https:\/\/www.oarcanjo.net\/site\/radio-9-de-julho-novamente-no-ar-ha-10-anos\/"},"author":{"name":"editor","@id":"https:\/\/www.oarcanjo.net\/site\/#\/schema\/person\/f7024d007863202483a31326673a0838"},"headline":"R\u00e1dio 9 de Julho: novamente no ar h\u00e1 10 anos","datePublished":"2009-10-24T12:12:06+00:00","dateModified":"2009-10-24T12:12:06+00:00","mainEntityOfPage":{"@id":"https:\/\/www.oarcanjo.net\/site\/radio-9-de-julho-novamente-no-ar-ha-10-anos\/"},"wordCount":768,"commentCount":1,"publisher":{"@id":"https:\/\/www.oarcanjo.net\/site\/#organization"},"keywords":["Arquidiocese de S\u00e3o Paulo","meios de comunica\u00e7\u00e3o","miss\u00e3o","R\u00e1dio 9 de Julho"],"articleSection":["Not\u00edcias"],"inLanguage":"pt-BR","potentialAction":[{"@type":"CommentAction","name":"Comment","target":["https:\/\/www.oarcanjo.net\/site\/radio-9-de-julho-novamente-no-ar-ha-10-anos\/#respond"]}]},{"@type":"WebPage","@id":"https:\/\/www.oarcanjo.net\/site\/radio-9-de-julho-novamente-no-ar-ha-10-anos\/","url":"https:\/\/www.oarcanjo.net\/site\/radio-9-de-julho-novamente-no-ar-ha-10-anos\/","name":"R\u00e1dio 9 de Julho: novamente no ar h\u00e1 10 anos - O Arcanjo no ar","isPartOf":{"@id":"https:\/\/www.oarcanjo.net\/site\/#website"},"datePublished":"2009-10-24T12:12:06+00:00","dateModified":"2009-10-24T12:12:06+00:00","breadcrumb":{"@id":"https:\/\/www.oarcanjo.net\/site\/radio-9-de-julho-novamente-no-ar-ha-10-anos\/#breadcrumb"},"inLanguage":"pt-BR","potentialAction":[{"@type":"ReadAction","target":["https:\/\/www.oarcanjo.net\/site\/radio-9-de-julho-novamente-no-ar-ha-10-anos\/"]}]},{"@type":"BreadcrumbList","@id":"https:\/\/www.oarcanjo.net\/site\/radio-9-de-julho-novamente-no-ar-ha-10-anos\/#breadcrumb","itemListElement":[{"@type":"ListItem","position":1,"name":"In\u00edcio","item":"https:\/\/www.oarcanjo.net\/site\/"},{"@type":"ListItem","position":2,"name":"R\u00e1dio 9 de Julho: novamente no ar h\u00e1 10 anos"}]},{"@type":"WebSite","@id":"https:\/\/www.oarcanjo.net\/site\/#website","url":"https:\/\/www.oarcanjo.net\/site\/","name":"O Arcanjo no ar","description":"Site da Par\u00f3quia S\u00e3o Miguel Arcanjo (Arquidiocese de SP)","publisher":{"@id":"https:\/\/www.oarcanjo.net\/site\/#organization"},"potentialAction":[{"@type":"SearchAction","target":{"@type":"EntryPoint","urlTemplate":"https:\/\/www.oarcanjo.net\/site\/?s={search_term_string}"},"query-input":{"@type":"PropertyValueSpecification","valueRequired":true,"valueName":"search_term_string"}}],"inLanguage":"pt-BR"},{"@type":"Organization","@id":"https:\/\/www.oarcanjo.net\/site\/#organization","name":"Par\u00f3quia S\u00e3o Miguel Arcanjo","url":"https:\/\/www.oarcanjo.net\/site\/","logo":{"@type":"ImageObject","inLanguage":"pt-BR","@id":"https:\/\/www.oarcanjo.net\/site\/#\/schema\/logo\/image\/","url":"https:\/\/www.oarcanjo.net\/site\/wp-content\/uploads\/LogoOArcanjo.png","contentUrl":"https:\/\/www.oarcanjo.net\/site\/wp-content\/uploads\/LogoOArcanjo.png","width":319,"height":99,"caption":"Par\u00f3quia S\u00e3o Miguel Arcanjo"},"image":{"@id":"https:\/\/www.oarcanjo.net\/site\/#\/schema\/logo\/image\/"},"sameAs":["https:\/\/www.facebook.com\/OArcanjoNoAr\/"]},{"@type":"Person","@id":"https:\/\/www.oarcanjo.net\/site\/#\/schema\/person\/f7024d007863202483a31326673a0838","name":"editor","sameAs":["http:\/\/www.oarcanjo.net"]}]}},"publishpress_future_action":{"enabled":false,"date":"2026-05-07 04:56:43","action":"category","newStatus":"draft","terms":[],"taxonomy":"category"},"publishpress_future_workflow_manual_trigger":{"enabledWorkflows":[]},"_links":{"self":[{"href":"https:\/\/www.oarcanjo.net\/site\/wp-json\/wp\/v2\/posts\/5806"}],"collection":[{"href":"https:\/\/www.oarcanjo.net\/site\/wp-json\/wp\/v2\/posts"}],"about":[{"href":"https:\/\/www.oarcanjo.net\/site\/wp-json\/wp\/v2\/types\/post"}],"author":[{"embeddable":true,"href":"https:\/\/www.oarcanjo.net\/site\/wp-json\/wp\/v2\/users\/5"}],"replies":[{"embeddable":true,"href":"https:\/\/www.oarcanjo.net\/site\/wp-json\/wp\/v2\/comments?post=5806"}],"version-history":[{"count":0,"href":"https:\/\/www.oarcanjo.net\/site\/wp-json\/wp\/v2\/posts\/5806\/revisions"}],"wp:attachment":[{"href":"https:\/\/www.oarcanjo.net\/site\/wp-json\/wp\/v2\/media?parent=5806"}],"wp:term":[{"taxonomy":"category","embeddable":true,"href":"https:\/\/www.oarcanjo.net\/site\/wp-json\/wp\/v2\/categories?post=5806"},{"taxonomy":"post_tag","embeddable":true,"href":"https:\/\/www.oarcanjo.net\/site\/wp-json\/wp\/v2\/tags?post=5806"}],"curies":[{"name":"wp","href":"https:\/\/api.w.org\/{rel}","templated":true}]}}