
{"id":5841,"date":"2009-10-28T08:46:45","date_gmt":"2009-10-28T11:46:45","guid":{"rendered":"http:\/\/www.oarcanjo.net\/site\/?p=5841"},"modified":"2009-10-31T08:27:00","modified_gmt":"2009-10-31T11:27:00","slug":"dia-de-sao-judas-tadeu","status":"publish","type":"post","link":"https:\/\/www.oarcanjo.net\/site\/dia-de-sao-judas-tadeu\/","title":{"rendered":"Dia de S\u00e3o Judas Tadeu!"},"content":{"rendered":"<p>Hoje com muita alegria a nossa comunidade celebra o patrono da Capela universit\u00e1ria S\u00e3o Judas Tadeu!<\/p>\n<p>Nossa capela constru\u00edda pelos queridos prof. Mesquita e por D. Alzira foi aberta ao culto p\u00fablico por D. Luciano Mendes de Almeida h\u00e1 exatos 24 anos, no ano pr\u00f3ximo celebraremos seu jubileu de prata.<\/p>\n<p>S\u00e3o Judas Tadeu \u00e9 fen\u00f4meno da religiosidade popular, arrasta multid\u00f5es para lev\u00e1-las a JESUS!<\/p>\n<p>Neste ano temos muito a agradecer e muito mais a nos comprometer, a sermos disc\u00edpulos e mission\u00e1rios do SENHOR!<\/p>\n<p>A nossa novena foi tocante, a resposta da comunidade impressionante pela participa\u00e7\u00e3o e for\u00e7a de ora\u00e7\u00e3o, a solidariedade como marca pr\u00f3pria.<\/p>\n<p>S\u00f3 tenho a agradecer a DEUS tanta gra\u00e7a e tanto AMOR!<\/p>\n<p>Nossa Capela S\u00e3o JUDAS faz parte de nossa vida, quanto ali vivemos intensamente, lugar sagrado que nos lan\u00e7a para\u00a0 a miss\u00e3o e humaniza\u00e7\u00e3o da\u00a0 vida.<\/p>\n<p>S\u00e3o Judas Tadeu, rogai por n\u00f3s !<\/p>\n<div id=\"themify_builder_content-5841\" data-postid=\"5841\" class=\"themify_builder_content themify_builder_content-5841 themify_builder themify_builder_front\">\n\t<\/div>\n<!-- \/themify_builder_content -->","protected":false},"excerpt":{"rendered":"<p>Hoje com muita alegria a nossa comunidade celebra o patrono da Capela universit\u00e1ria S\u00e3o Judas Tadeu! Nossa capela constru\u00edda pelos queridos prof. Mesquita e por D. Alzira foi aberta ao culto p\u00fablico por D. Luciano Mendes de Almeida h\u00e1 exatos 24 anos, no ano pr\u00f3ximo celebraremos seu jubileu de prata. S\u00e3o Judas Tadeu \u00e9 fen\u00f4meno [&hellip;]<\/p>\n","protected":false},"author":4,"featured_media":0,"comment_status":"open","ping_status":"open","sticky":false,"template":"","format":"standard","meta":{"ngg_post_thumbnail":0,"footnotes":""},"categories":[4],"tags":[13],"yoast_head":"<!-- This site is optimized with the Yoast SEO plugin v23.5 - https:\/\/yoast.com\/wordpress\/plugins\/seo\/ -->\n<title>Dia de S\u00e3o Judas Tadeu! - O Arcanjo no ar<\/title>\n<meta name=\"robots\" content=\"index, follow, max-snippet:-1, max-image-preview:large, max-video-preview:-1\" \/>\n<link rel=\"canonical\" href=\"https:\/\/www.oarcanjo.net\/site\/dia-de-sao-judas-tadeu\/\" \/>\n<meta property=\"og:locale\" content=\"pt_BR\" \/>\n<meta property=\"og:type\" content=\"article\" \/>\n<meta property=\"og:title\" content=\"Dia de S\u00e3o Judas Tadeu! - O Arcanjo no ar\" \/>\n<meta property=\"og:description\" content=\"Hoje com muita alegria a nossa comunidade celebra o patrono da Capela universit\u00e1ria S\u00e3o Judas Tadeu! Nossa capela constru\u00edda pelos queridos prof. Mesquita e por D. Alzira foi aberta ao culto p\u00fablico por D. Luciano Mendes de Almeida h\u00e1 exatos 24 anos, no ano pr\u00f3ximo celebraremos seu jubileu de prata. S\u00e3o Judas Tadeu \u00e9 fen\u00f4meno [&hellip;]\" \/>\n<meta property=\"og:url\" content=\"https:\/\/www.oarcanjo.net\/site\/dia-de-sao-judas-tadeu\/\" \/>\n<meta property=\"og:site_name\" content=\"O Arcanjo no ar\" \/>\n<meta property=\"article:publisher\" content=\"https:\/\/www.facebook.com\/OArcanjoNoAr\/\" \/>\n<meta property=\"article:published_time\" content=\"2009-10-28T11:46:45+00:00\" \/>\n<meta property=\"article:modified_time\" content=\"2009-10-31T11:27:00+00:00\" \/>\n<meta property=\"og:image\" content=\"https:\/\/www.oarcanjo.net\/site\/wp-content\/uploads\/logo-o-arcanjo-no-ar-facebook.png\" \/>\n\t<meta property=\"og:image:width\" content=\"300\" \/>\n\t<meta property=\"og:image:height\" content=\"300\" \/>\n\t<meta property=\"og:image:type\" content=\"image\/png\" \/>\n<meta name=\"author\" content=\"julio\" \/>\n<meta name=\"twitter:card\" content=\"summary_large_image\" \/>\n<meta name=\"twitter:label1\" content=\"Escrito por\" \/>\n\t<meta name=\"twitter:data1\" content=\"julio\" \/>\n\t<meta name=\"twitter:label2\" content=\"Est. tempo de leitura\" \/>\n\t<meta name=\"twitter:data2\" content=\"1 minuto\" \/>\n<script type=\"application\/ld+json\" class=\"yoast-schema-graph\">{\"@context\":\"https:\/\/schema.org\",\"@graph\":[{\"@type\":\"Article\",\"@id\":\"https:\/\/www.oarcanjo.net\/site\/dia-de-sao-judas-tadeu\/#article\",\"isPartOf\":{\"@id\":\"https:\/\/www.oarcanjo.net\/site\/dia-de-sao-judas-tadeu\/\"},\"author\":{\"name\":\"julio\",\"@id\":\"https:\/\/www.oarcanjo.net\/site\/#\/schema\/person\/d78ea01c648c91e29c364b516767079e\"},\"headline\":\"Dia de S\u00e3o Judas Tadeu!\",\"datePublished\":\"2009-10-28T11:46:45+00:00\",\"dateModified\":\"2009-10-31T11:27:00+00:00\",\"mainEntityOfPage\":{\"@id\":\"https:\/\/www.oarcanjo.net\/site\/dia-de-sao-judas-tadeu\/\"},\"wordCount\":172,\"commentCount\":19,\"publisher\":{\"@id\":\"https:\/\/www.oarcanjo.net\/site\/#organization\"},\"keywords\":[\"S\u00e3o Judas Tadeu\"],\"articleSection\":[\"Blog\"],\"inLanguage\":\"pt-BR\",\"potentialAction\":[{\"@type\":\"CommentAction\",\"name\":\"Comment\",\"target\":[\"https:\/\/www.oarcanjo.net\/site\/dia-de-sao-judas-tadeu\/#respond\"]}]},{\"@type\":\"WebPage\",\"@id\":\"https:\/\/www.oarcanjo.net\/site\/dia-de-sao-judas-tadeu\/\",\"url\":\"https:\/\/www.oarcanjo.net\/site\/dia-de-sao-judas-tadeu\/\",\"name\":\"Dia de S\u00e3o Judas Tadeu! - O Arcanjo no ar\",\"isPartOf\":{\"@id\":\"https:\/\/www.oarcanjo.net\/site\/#website\"},\"datePublished\":\"2009-10-28T11:46:45+00:00\",\"dateModified\":\"2009-10-31T11:27:00+00:00\",\"breadcrumb\":{\"@id\":\"https:\/\/www.oarcanjo.net\/site\/dia-de-sao-judas-tadeu\/#breadcrumb\"},\"inLanguage\":\"pt-BR\",\"potentialAction\":[{\"@type\":\"ReadAction\",\"target\":[\"https:\/\/www.oarcanjo.net\/site\/dia-de-sao-judas-tadeu\/\"]}]},{\"@type\":\"BreadcrumbList\",\"@id\":\"https:\/\/www.oarcanjo.net\/site\/dia-de-sao-judas-tadeu\/#breadcrumb\",\"itemListElement\":[{\"@type\":\"ListItem\",\"position\":1,\"name\":\"In\u00edcio\",\"item\":\"https:\/\/www.oarcanjo.net\/site\/\"},{\"@type\":\"ListItem\",\"position\":2,\"name\":\"Dia de S\u00e3o Judas Tadeu!\"}]},{\"@type\":\"WebSite\",\"@id\":\"https:\/\/www.oarcanjo.net\/site\/#website\",\"url\":\"https:\/\/www.oarcanjo.net\/site\/\",\"name\":\"O Arcanjo no ar\",\"description\":\"Site da Par\u00f3quia S\u00e3o Miguel Arcanjo (Arquidiocese de SP)\",\"publisher\":{\"@id\":\"https:\/\/www.oarcanjo.net\/site\/#organization\"},\"potentialAction\":[{\"@type\":\"SearchAction\",\"target\":{\"@type\":\"EntryPoint\",\"urlTemplate\":\"https:\/\/www.oarcanjo.net\/site\/?s={search_term_string}\"},\"query-input\":{\"@type\":\"PropertyValueSpecification\",\"valueRequired\":true,\"valueName\":\"search_term_string\"}}],\"inLanguage\":\"pt-BR\"},{\"@type\":\"Organization\",\"@id\":\"https:\/\/www.oarcanjo.net\/site\/#organization\",\"name\":\"Par\u00f3quia S\u00e3o Miguel Arcanjo\",\"url\":\"https:\/\/www.oarcanjo.net\/site\/\",\"logo\":{\"@type\":\"ImageObject\",\"inLanguage\":\"pt-BR\",\"@id\":\"https:\/\/www.oarcanjo.net\/site\/#\/schema\/logo\/image\/\",\"url\":\"https:\/\/www.oarcanjo.net\/site\/wp-content\/uploads\/LogoOArcanjo.png\",\"contentUrl\":\"https:\/\/www.oarcanjo.net\/site\/wp-content\/uploads\/LogoOArcanjo.png\",\"width\":319,\"height\":99,\"caption\":\"Par\u00f3quia S\u00e3o Miguel Arcanjo\"},\"image\":{\"@id\":\"https:\/\/www.oarcanjo.net\/site\/#\/schema\/logo\/image\/\"},\"sameAs\":[\"https:\/\/www.facebook.com\/OArcanjoNoAr\/\"]},{\"@type\":\"Person\",\"@id\":\"https:\/\/www.oarcanjo.net\/site\/#\/schema\/person\/d78ea01c648c91e29c364b516767079e\",\"name\":\"julio\",\"sameAs\":[\"http:\/\/www.oarcanjo.net\"]}]}<\/script>\n<!-- \/ Yoast SEO plugin. -->","yoast_head_json":{"title":"Dia de S\u00e3o Judas Tadeu! - O Arcanjo no ar","robots":{"index":"index","follow":"follow","max-snippet":"max-snippet:-1","max-image-preview":"max-image-preview:large","max-video-preview":"max-video-preview:-1"},"canonical":"https:\/\/www.oarcanjo.net\/site\/dia-de-sao-judas-tadeu\/","og_locale":"pt_BR","og_type":"article","og_title":"Dia de S\u00e3o Judas Tadeu! - O Arcanjo no ar","og_description":"Hoje com muita alegria a nossa comunidade celebra o patrono da Capela universit\u00e1ria S\u00e3o Judas Tadeu! Nossa capela constru\u00edda pelos queridos prof. Mesquita e por D. Alzira foi aberta ao culto p\u00fablico por D. Luciano Mendes de Almeida h\u00e1 exatos 24 anos, no ano pr\u00f3ximo celebraremos seu jubileu de prata. S\u00e3o Judas Tadeu \u00e9 fen\u00f4meno [&hellip;]","og_url":"https:\/\/www.oarcanjo.net\/site\/dia-de-sao-judas-tadeu\/","og_site_name":"O Arcanjo no ar","article_publisher":"https:\/\/www.facebook.com\/OArcanjoNoAr\/","article_published_time":"2009-10-28T11:46:45+00:00","article_modified_time":"2009-10-31T11:27:00+00:00","og_image":[{"width":300,"height":300,"url":"https:\/\/www.oarcanjo.net\/site\/wp-content\/uploads\/logo-o-arcanjo-no-ar-facebook.png","type":"image\/png"}],"author":"julio","twitter_card":"summary_large_image","twitter_misc":{"Escrito por":"julio","Est. tempo de leitura":"1 minuto"},"schema":{"@context":"https:\/\/schema.org","@graph":[{"@type":"Article","@id":"https:\/\/www.oarcanjo.net\/site\/dia-de-sao-judas-tadeu\/#article","isPartOf":{"@id":"https:\/\/www.oarcanjo.net\/site\/dia-de-sao-judas-tadeu\/"},"author":{"name":"julio","@id":"https:\/\/www.oarcanjo.net\/site\/#\/schema\/person\/d78ea01c648c91e29c364b516767079e"},"headline":"Dia de S\u00e3o Judas Tadeu!","datePublished":"2009-10-28T11:46:45+00:00","dateModified":"2009-10-31T11:27:00+00:00","mainEntityOfPage":{"@id":"https:\/\/www.oarcanjo.net\/site\/dia-de-sao-judas-tadeu\/"},"wordCount":172,"commentCount":19,"publisher":{"@id":"https:\/\/www.oarcanjo.net\/site\/#organization"},"keywords":["S\u00e3o Judas Tadeu"],"articleSection":["Blog"],"inLanguage":"pt-BR","potentialAction":[{"@type":"CommentAction","name":"Comment","target":["https:\/\/www.oarcanjo.net\/site\/dia-de-sao-judas-tadeu\/#respond"]}]},{"@type":"WebPage","@id":"https:\/\/www.oarcanjo.net\/site\/dia-de-sao-judas-tadeu\/","url":"https:\/\/www.oarcanjo.net\/site\/dia-de-sao-judas-tadeu\/","name":"Dia de S\u00e3o Judas Tadeu! - O Arcanjo no ar","isPartOf":{"@id":"https:\/\/www.oarcanjo.net\/site\/#website"},"datePublished":"2009-10-28T11:46:45+00:00","dateModified":"2009-10-31T11:27:00+00:00","breadcrumb":{"@id":"https:\/\/www.oarcanjo.net\/site\/dia-de-sao-judas-tadeu\/#breadcrumb"},"inLanguage":"pt-BR","potentialAction":[{"@type":"ReadAction","target":["https:\/\/www.oarcanjo.net\/site\/dia-de-sao-judas-tadeu\/"]}]},{"@type":"BreadcrumbList","@id":"https:\/\/www.oarcanjo.net\/site\/dia-de-sao-judas-tadeu\/#breadcrumb","itemListElement":[{"@type":"ListItem","position":1,"name":"In\u00edcio","item":"https:\/\/www.oarcanjo.net\/site\/"},{"@type":"ListItem","position":2,"name":"Dia de S\u00e3o Judas Tadeu!"}]},{"@type":"WebSite","@id":"https:\/\/www.oarcanjo.net\/site\/#website","url":"https:\/\/www.oarcanjo.net\/site\/","name":"O Arcanjo no ar","description":"Site da Par\u00f3quia S\u00e3o Miguel Arcanjo (Arquidiocese de SP)","publisher":{"@id":"https:\/\/www.oarcanjo.net\/site\/#organization"},"potentialAction":[{"@type":"SearchAction","target":{"@type":"EntryPoint","urlTemplate":"https:\/\/www.oarcanjo.net\/site\/?s={search_term_string}"},"query-input":{"@type":"PropertyValueSpecification","valueRequired":true,"valueName":"search_term_string"}}],"inLanguage":"pt-BR"},{"@type":"Organization","@id":"https:\/\/www.oarcanjo.net\/site\/#organization","name":"Par\u00f3quia S\u00e3o Miguel Arcanjo","url":"https:\/\/www.oarcanjo.net\/site\/","logo":{"@type":"ImageObject","inLanguage":"pt-BR","@id":"https:\/\/www.oarcanjo.net\/site\/#\/schema\/logo\/image\/","url":"https:\/\/www.oarcanjo.net\/site\/wp-content\/uploads\/LogoOArcanjo.png","contentUrl":"https:\/\/www.oarcanjo.net\/site\/wp-content\/uploads\/LogoOArcanjo.png","width":319,"height":99,"caption":"Par\u00f3quia S\u00e3o Miguel Arcanjo"},"image":{"@id":"https:\/\/www.oarcanjo.net\/site\/#\/schema\/logo\/image\/"},"sameAs":["https:\/\/www.facebook.com\/OArcanjoNoAr\/"]},{"@type":"Person","@id":"https:\/\/www.oarcanjo.net\/site\/#\/schema\/person\/d78ea01c648c91e29c364b516767079e","name":"julio","sameAs":["http:\/\/www.oarcanjo.net"]}]}},"publishpress_future_action":{"enabled":false,"date":"2026-05-09 02:53:35","action":"category","newStatus":"draft","terms":[],"taxonomy":"category"},"publishpress_future_workflow_manual_trigger":{"enabledWorkflows":[]},"_links":{"self":[{"href":"https:\/\/www.oarcanjo.net\/site\/wp-json\/wp\/v2\/posts\/5841"}],"collection":[{"href":"https:\/\/www.oarcanjo.net\/site\/wp-json\/wp\/v2\/posts"}],"about":[{"href":"https:\/\/www.oarcanjo.net\/site\/wp-json\/wp\/v2\/types\/post"}],"author":[{"embeddable":true,"href":"https:\/\/www.oarcanjo.net\/site\/wp-json\/wp\/v2\/users\/4"}],"replies":[{"embeddable":true,"href":"https:\/\/www.oarcanjo.net\/site\/wp-json\/wp\/v2\/comments?post=5841"}],"version-history":[{"count":0,"href":"https:\/\/www.oarcanjo.net\/site\/wp-json\/wp\/v2\/posts\/5841\/revisions"}],"wp:attachment":[{"href":"https:\/\/www.oarcanjo.net\/site\/wp-json\/wp\/v2\/media?parent=5841"}],"wp:term":[{"taxonomy":"category","embeddable":true,"href":"https:\/\/www.oarcanjo.net\/site\/wp-json\/wp\/v2\/categories?post=5841"},{"taxonomy":"post_tag","embeddable":true,"href":"https:\/\/www.oarcanjo.net\/site\/wp-json\/wp\/v2\/tags?post=5841"}],"curies":[{"name":"wp","href":"https:\/\/api.w.org\/{rel}","templated":true}]}}