
{"id":5856,"date":"2009-10-31T10:03:14","date_gmt":"2009-10-31T13:03:14","guid":{"rendered":"http:\/\/www.oarcanjo.net\/site\/?p=5856"},"modified":"2010-08-16T00:20:10","modified_gmt":"2010-08-16T03:20:10","slug":"festa-de-sao-judas-tadeu","status":"publish","type":"post","link":"https:\/\/www.oarcanjo.net\/site\/festa-de-sao-judas-tadeu\/","title":{"rendered":"Festa de S\u00e3o Judas Tadeu"},"content":{"rendered":"<p>Neste 28 de outubro de 2009, mais uma festa de S\u00e3o Judas Tadeu. A Universidade S\u00e3o Judas preparou uma bel\u00edssima celebra\u00e7\u00e3o. Centenas de pessoas lotaram a Capela (uma das maiores de S\u00e3o Paulo). Tamb\u00e9m havia acomoda\u00e7\u00f5es na parte externa e at\u00e9 nas escadarias, mas com uma estrutura muito adequada, contando inclusive com Tel\u00e3o e monitores de TV, pois a missa foi celebrada com transmiss\u00e3o ao vivo.<\/p>\n<p>A celebra\u00e7\u00e3o foi presidida pelo Bispo Dom Pedro Luiz Stringhini e concelebrada pelo Padre J\u00falio Lancellotti e por um Di\u00e1cono da fam\u00edlia do saudoso Professor Mesquita. O hino a S\u00e3o Judas Tadeu resume a emo\u00e7\u00e3o o alcance da celebra\u00e7\u00e3o:<\/p>\n<p>S\u00e3o Judas Tadeu, \u00e9s do Cristo um ap\u00f3stolo amado. Do Evangelho, fiel seguidor. Mas n\u00e3o eras assim t\u00e3o lembrado. S\u00f3 por causa de um tal traidor! Por\u00e9m, hoje \u00e9s um santo querido. Sempre a ti pede o povo favor. E de Deus tu n\u00e3o \u00e9s esquecido. Pois te atende no justo clamor!<\/p>\n<p>S\u00e3o Judas Tadeu, suplica por n\u00f3s. Ressoe l\u00e1 no c\u00e9u, dos pobres a voz! Na paz do Senhor, nos faze viver. E! o mal opressor, n\u00e3o deixes vencer!<\/p>\n<p>S\u00e3o Judas Tadeu tornou-se um dos santos mais populares do Brasil, sendo conhecido como \u201cpadroeiro das causas desesperadas\u201d.<\/p>\n<p>O professor Mesquita foi muito lembrado, especialmente por ter constru\u00eddo com a D\u00aa. Alzira a bel\u00edssima Capela universit\u00e1ria, que por sua vez foi aberta ao culto p\u00fablico por D. Luciano Mendes de Almeida h\u00e1 24 anos. Assim no ano que vem celebraremos seu jubileu de prata, o mesmo ocorrendo pelos 25 de ordena\u00e7\u00e3o do Padre J\u00falio e os 50 anos da Igreja S\u00e3o Miguel Arcanjo.<\/p>\n<p>A ben\u00e7\u00e3o do Sant\u00edssimo Sacramento nos colocou diante do Senhor, especialmente para o agradecimento pela vida.<\/p>\n<p>O Padre J\u00falio Lancellotti tamb\u00e9m mostrou \u00e0 Comunidade a Pr\u00eamio Jo\u00e3o Canuto de Direitos Humanos de 2009, recebido no Rio de Janeiro, ao lado dentre outros, da Irm\u00e3 Henriqueta Cavalcante da congrega\u00e7\u00e3o de Maria Menina, D. Luis Fl\u00e1vio Cappio, Bispo de Barra, da atriz Isabel Filardis e da Associa\u00e7\u00e3o Ju\u00edzes para a Democracia.<\/p>\n<p>Celebramos com alegria o Padroeiro S\u00e3o Judas Tadeu, como nos mostram as fotos tiradas pelo Wanderley Oliveira e Carlos Alberto Beatriz.<\/p>\nngg_shortcode_0_placeholder\n<p>Veja tamb\u00e9m as imagens cedidas por JPedro:<\/p>\nngg_shortcode_1_placeholder\n<div id=\"themify_builder_content-5856\" data-postid=\"5856\" class=\"themify_builder_content themify_builder_content-5856 themify_builder themify_builder_front\">\n\t<\/div>\n<!-- \/themify_builder_content -->","protected":false},"excerpt":{"rendered":"<p>Neste 28 de outubro de 2009, mais uma festa de S\u00e3o Judas Tadeu. A Universidade S\u00e3o Judas preparou uma bel\u00edssima celebra\u00e7\u00e3o. Centenas de pessoas lotaram a Capela (uma das maiores de S\u00e3o Paulo). Tamb\u00e9m havia acomoda\u00e7\u00f5es na parte externa e at\u00e9 nas escadarias, mas com uma estrutura muito adequada, contando inclusive com Tel\u00e3o e monitores [&hellip;]<\/p>\n","protected":false},"author":5,"featured_media":0,"comment_status":"open","ping_status":"open","sticky":false,"template":"","format":"standard","meta":{"ngg_post_thumbnail":0,"footnotes":""},"categories":[8],"tags":[58,86,87,13],"yoast_head":"<!-- This site is optimized with the Yoast SEO plugin v23.5 - https:\/\/yoast.com\/wordpress\/plugins\/seo\/ -->\n<title>Festa de S\u00e3o Judas Tadeu - O Arcanjo no ar<\/title>\n<meta name=\"robots\" content=\"index, follow, max-snippet:-1, max-image-preview:large, max-video-preview:-1\" \/>\n<link rel=\"canonical\" href=\"https:\/\/www.oarcanjo.net\/site\/festa-de-sao-judas-tadeu\/\" \/>\n<meta property=\"og:locale\" content=\"pt_BR\" \/>\n<meta property=\"og:type\" content=\"article\" \/>\n<meta property=\"og:title\" content=\"Festa de S\u00e3o Judas Tadeu - O Arcanjo no ar\" \/>\n<meta property=\"og:description\" content=\"Neste 28 de outubro de 2009, mais uma festa de S\u00e3o Judas Tadeu. A Universidade S\u00e3o Judas preparou uma bel\u00edssima celebra\u00e7\u00e3o. Centenas de pessoas lotaram a Capela (uma das maiores de S\u00e3o Paulo). Tamb\u00e9m havia acomoda\u00e7\u00f5es na parte externa e at\u00e9 nas escadarias, mas com uma estrutura muito adequada, contando inclusive com Tel\u00e3o e monitores [&hellip;]\" \/>\n<meta property=\"og:url\" content=\"https:\/\/www.oarcanjo.net\/site\/festa-de-sao-judas-tadeu\/\" \/>\n<meta property=\"og:site_name\" content=\"O Arcanjo no ar\" \/>\n<meta property=\"article:publisher\" content=\"https:\/\/www.facebook.com\/OArcanjoNoAr\/\" \/>\n<meta property=\"article:published_time\" content=\"2009-10-31T13:03:14+00:00\" \/>\n<meta property=\"article:modified_time\" content=\"2010-08-16T03:20:10+00:00\" \/>\n<meta property=\"og:image\" content=\"https:\/\/www.oarcanjo.net\/site\/wp-content\/uploads\/logo-o-arcanjo-no-ar-facebook.png\" \/>\n\t<meta property=\"og:image:width\" content=\"300\" \/>\n\t<meta property=\"og:image:height\" content=\"300\" \/>\n\t<meta property=\"og:image:type\" content=\"image\/png\" \/>\n<meta name=\"author\" content=\"editor\" \/>\n<meta name=\"twitter:card\" content=\"summary_large_image\" \/>\n<meta name=\"twitter:label1\" content=\"Escrito por\" \/>\n\t<meta name=\"twitter:data1\" content=\"editor\" \/>\n\t<meta name=\"twitter:label2\" content=\"Est. tempo de leitura\" \/>\n\t<meta name=\"twitter:data2\" content=\"2 minutos\" \/>\n<script type=\"application\/ld+json\" class=\"yoast-schema-graph\">{\"@context\":\"https:\/\/schema.org\",\"@graph\":[{\"@type\":\"Article\",\"@id\":\"https:\/\/www.oarcanjo.net\/site\/festa-de-sao-judas-tadeu\/#article\",\"isPartOf\":{\"@id\":\"https:\/\/www.oarcanjo.net\/site\/festa-de-sao-judas-tadeu\/\"},\"author\":{\"name\":\"editor\",\"@id\":\"https:\/\/www.oarcanjo.net\/site\/#\/schema\/person\/f7024d007863202483a31326673a0838\"},\"headline\":\"Festa de S\u00e3o Judas Tadeu\",\"datePublished\":\"2009-10-31T13:03:14+00:00\",\"dateModified\":\"2010-08-16T03:20:10+00:00\",\"mainEntityOfPage\":{\"@id\":\"https:\/\/www.oarcanjo.net\/site\/festa-de-sao-judas-tadeu\/\"},\"wordCount\":414,\"commentCount\":1,\"publisher\":{\"@id\":\"https:\/\/www.oarcanjo.net\/site\/#organization\"},\"keywords\":[\"celebra\u00e7\u00e3o\",\"festa\",\"padroeiro\",\"S\u00e3o Judas Tadeu\"],\"articleSection\":[\"Not\u00edcias\"],\"inLanguage\":\"pt-BR\",\"potentialAction\":[{\"@type\":\"CommentAction\",\"name\":\"Comment\",\"target\":[\"https:\/\/www.oarcanjo.net\/site\/festa-de-sao-judas-tadeu\/#respond\"]}]},{\"@type\":\"WebPage\",\"@id\":\"https:\/\/www.oarcanjo.net\/site\/festa-de-sao-judas-tadeu\/\",\"url\":\"https:\/\/www.oarcanjo.net\/site\/festa-de-sao-judas-tadeu\/\",\"name\":\"Festa de S\u00e3o Judas Tadeu - O Arcanjo no ar\",\"isPartOf\":{\"@id\":\"https:\/\/www.oarcanjo.net\/site\/#website\"},\"datePublished\":\"2009-10-31T13:03:14+00:00\",\"dateModified\":\"2010-08-16T03:20:10+00:00\",\"breadcrumb\":{\"@id\":\"https:\/\/www.oarcanjo.net\/site\/festa-de-sao-judas-tadeu\/#breadcrumb\"},\"inLanguage\":\"pt-BR\",\"potentialAction\":[{\"@type\":\"ReadAction\",\"target\":[\"https:\/\/www.oarcanjo.net\/site\/festa-de-sao-judas-tadeu\/\"]}]},{\"@type\":\"BreadcrumbList\",\"@id\":\"https:\/\/www.oarcanjo.net\/site\/festa-de-sao-judas-tadeu\/#breadcrumb\",\"itemListElement\":[{\"@type\":\"ListItem\",\"position\":1,\"name\":\"In\u00edcio\",\"item\":\"https:\/\/www.oarcanjo.net\/site\/\"},{\"@type\":\"ListItem\",\"position\":2,\"name\":\"Festa de S\u00e3o Judas Tadeu\"}]},{\"@type\":\"WebSite\",\"@id\":\"https:\/\/www.oarcanjo.net\/site\/#website\",\"url\":\"https:\/\/www.oarcanjo.net\/site\/\",\"name\":\"O Arcanjo no ar\",\"description\":\"Site da Par\u00f3quia S\u00e3o Miguel Arcanjo (Arquidiocese de SP)\",\"publisher\":{\"@id\":\"https:\/\/www.oarcanjo.net\/site\/#organization\"},\"potentialAction\":[{\"@type\":\"SearchAction\",\"target\":{\"@type\":\"EntryPoint\",\"urlTemplate\":\"https:\/\/www.oarcanjo.net\/site\/?s={search_term_string}\"},\"query-input\":{\"@type\":\"PropertyValueSpecification\",\"valueRequired\":true,\"valueName\":\"search_term_string\"}}],\"inLanguage\":\"pt-BR\"},{\"@type\":\"Organization\",\"@id\":\"https:\/\/www.oarcanjo.net\/site\/#organization\",\"name\":\"Par\u00f3quia S\u00e3o Miguel Arcanjo\",\"url\":\"https:\/\/www.oarcanjo.net\/site\/\",\"logo\":{\"@type\":\"ImageObject\",\"inLanguage\":\"pt-BR\",\"@id\":\"https:\/\/www.oarcanjo.net\/site\/#\/schema\/logo\/image\/\",\"url\":\"https:\/\/www.oarcanjo.net\/site\/wp-content\/uploads\/LogoOArcanjo.png\",\"contentUrl\":\"https:\/\/www.oarcanjo.net\/site\/wp-content\/uploads\/LogoOArcanjo.png\",\"width\":319,\"height\":99,\"caption\":\"Par\u00f3quia S\u00e3o Miguel Arcanjo\"},\"image\":{\"@id\":\"https:\/\/www.oarcanjo.net\/site\/#\/schema\/logo\/image\/\"},\"sameAs\":[\"https:\/\/www.facebook.com\/OArcanjoNoAr\/\"]},{\"@type\":\"Person\",\"@id\":\"https:\/\/www.oarcanjo.net\/site\/#\/schema\/person\/f7024d007863202483a31326673a0838\",\"name\":\"editor\",\"sameAs\":[\"http:\/\/www.oarcanjo.net\"]}]}<\/script>\n<!-- \/ Yoast SEO plugin. -->","yoast_head_json":{"title":"Festa de S\u00e3o Judas Tadeu - O Arcanjo no ar","robots":{"index":"index","follow":"follow","max-snippet":"max-snippet:-1","max-image-preview":"max-image-preview:large","max-video-preview":"max-video-preview:-1"},"canonical":"https:\/\/www.oarcanjo.net\/site\/festa-de-sao-judas-tadeu\/","og_locale":"pt_BR","og_type":"article","og_title":"Festa de S\u00e3o Judas Tadeu - O Arcanjo no ar","og_description":"Neste 28 de outubro de 2009, mais uma festa de S\u00e3o Judas Tadeu. A Universidade S\u00e3o Judas preparou uma bel\u00edssima celebra\u00e7\u00e3o. Centenas de pessoas lotaram a Capela (uma das maiores de S\u00e3o Paulo). Tamb\u00e9m havia acomoda\u00e7\u00f5es na parte externa e at\u00e9 nas escadarias, mas com uma estrutura muito adequada, contando inclusive com Tel\u00e3o e monitores [&hellip;]","og_url":"https:\/\/www.oarcanjo.net\/site\/festa-de-sao-judas-tadeu\/","og_site_name":"O Arcanjo no ar","article_publisher":"https:\/\/www.facebook.com\/OArcanjoNoAr\/","article_published_time":"2009-10-31T13:03:14+00:00","article_modified_time":"2010-08-16T03:20:10+00:00","og_image":[{"width":300,"height":300,"url":"https:\/\/www.oarcanjo.net\/site\/wp-content\/uploads\/logo-o-arcanjo-no-ar-facebook.png","type":"image\/png"}],"author":"editor","twitter_card":"summary_large_image","twitter_misc":{"Escrito por":"editor","Est. tempo de leitura":"2 minutos"},"schema":{"@context":"https:\/\/schema.org","@graph":[{"@type":"Article","@id":"https:\/\/www.oarcanjo.net\/site\/festa-de-sao-judas-tadeu\/#article","isPartOf":{"@id":"https:\/\/www.oarcanjo.net\/site\/festa-de-sao-judas-tadeu\/"},"author":{"name":"editor","@id":"https:\/\/www.oarcanjo.net\/site\/#\/schema\/person\/f7024d007863202483a31326673a0838"},"headline":"Festa de S\u00e3o Judas Tadeu","datePublished":"2009-10-31T13:03:14+00:00","dateModified":"2010-08-16T03:20:10+00:00","mainEntityOfPage":{"@id":"https:\/\/www.oarcanjo.net\/site\/festa-de-sao-judas-tadeu\/"},"wordCount":414,"commentCount":1,"publisher":{"@id":"https:\/\/www.oarcanjo.net\/site\/#organization"},"keywords":["celebra\u00e7\u00e3o","festa","padroeiro","S\u00e3o Judas Tadeu"],"articleSection":["Not\u00edcias"],"inLanguage":"pt-BR","potentialAction":[{"@type":"CommentAction","name":"Comment","target":["https:\/\/www.oarcanjo.net\/site\/festa-de-sao-judas-tadeu\/#respond"]}]},{"@type":"WebPage","@id":"https:\/\/www.oarcanjo.net\/site\/festa-de-sao-judas-tadeu\/","url":"https:\/\/www.oarcanjo.net\/site\/festa-de-sao-judas-tadeu\/","name":"Festa de S\u00e3o Judas Tadeu - O Arcanjo no ar","isPartOf":{"@id":"https:\/\/www.oarcanjo.net\/site\/#website"},"datePublished":"2009-10-31T13:03:14+00:00","dateModified":"2010-08-16T03:20:10+00:00","breadcrumb":{"@id":"https:\/\/www.oarcanjo.net\/site\/festa-de-sao-judas-tadeu\/#breadcrumb"},"inLanguage":"pt-BR","potentialAction":[{"@type":"ReadAction","target":["https:\/\/www.oarcanjo.net\/site\/festa-de-sao-judas-tadeu\/"]}]},{"@type":"BreadcrumbList","@id":"https:\/\/www.oarcanjo.net\/site\/festa-de-sao-judas-tadeu\/#breadcrumb","itemListElement":[{"@type":"ListItem","position":1,"name":"In\u00edcio","item":"https:\/\/www.oarcanjo.net\/site\/"},{"@type":"ListItem","position":2,"name":"Festa de S\u00e3o Judas Tadeu"}]},{"@type":"WebSite","@id":"https:\/\/www.oarcanjo.net\/site\/#website","url":"https:\/\/www.oarcanjo.net\/site\/","name":"O Arcanjo no ar","description":"Site da Par\u00f3quia S\u00e3o Miguel Arcanjo (Arquidiocese de SP)","publisher":{"@id":"https:\/\/www.oarcanjo.net\/site\/#organization"},"potentialAction":[{"@type":"SearchAction","target":{"@type":"EntryPoint","urlTemplate":"https:\/\/www.oarcanjo.net\/site\/?s={search_term_string}"},"query-input":{"@type":"PropertyValueSpecification","valueRequired":true,"valueName":"search_term_string"}}],"inLanguage":"pt-BR"},{"@type":"Organization","@id":"https:\/\/www.oarcanjo.net\/site\/#organization","name":"Par\u00f3quia S\u00e3o Miguel Arcanjo","url":"https:\/\/www.oarcanjo.net\/site\/","logo":{"@type":"ImageObject","inLanguage":"pt-BR","@id":"https:\/\/www.oarcanjo.net\/site\/#\/schema\/logo\/image\/","url":"https:\/\/www.oarcanjo.net\/site\/wp-content\/uploads\/LogoOArcanjo.png","contentUrl":"https:\/\/www.oarcanjo.net\/site\/wp-content\/uploads\/LogoOArcanjo.png","width":319,"height":99,"caption":"Par\u00f3quia S\u00e3o Miguel Arcanjo"},"image":{"@id":"https:\/\/www.oarcanjo.net\/site\/#\/schema\/logo\/image\/"},"sameAs":["https:\/\/www.facebook.com\/OArcanjoNoAr\/"]},{"@type":"Person","@id":"https:\/\/www.oarcanjo.net\/site\/#\/schema\/person\/f7024d007863202483a31326673a0838","name":"editor","sameAs":["http:\/\/www.oarcanjo.net"]}]}},"publishpress_future_action":{"enabled":false,"date":"2026-05-08 15:27:36","action":"category","newStatus":"draft","terms":[],"taxonomy":"category"},"publishpress_future_workflow_manual_trigger":{"enabledWorkflows":[]},"_links":{"self":[{"href":"https:\/\/www.oarcanjo.net\/site\/wp-json\/wp\/v2\/posts\/5856"}],"collection":[{"href":"https:\/\/www.oarcanjo.net\/site\/wp-json\/wp\/v2\/posts"}],"about":[{"href":"https:\/\/www.oarcanjo.net\/site\/wp-json\/wp\/v2\/types\/post"}],"author":[{"embeddable":true,"href":"https:\/\/www.oarcanjo.net\/site\/wp-json\/wp\/v2\/users\/5"}],"replies":[{"embeddable":true,"href":"https:\/\/www.oarcanjo.net\/site\/wp-json\/wp\/v2\/comments?post=5856"}],"version-history":[{"count":0,"href":"https:\/\/www.oarcanjo.net\/site\/wp-json\/wp\/v2\/posts\/5856\/revisions"}],"wp:attachment":[{"href":"https:\/\/www.oarcanjo.net\/site\/wp-json\/wp\/v2\/media?parent=5856"}],"wp:term":[{"taxonomy":"category","embeddable":true,"href":"https:\/\/www.oarcanjo.net\/site\/wp-json\/wp\/v2\/categories?post=5856"},{"taxonomy":"post_tag","embeddable":true,"href":"https:\/\/www.oarcanjo.net\/site\/wp-json\/wp\/v2\/tags?post=5856"}],"curies":[{"name":"wp","href":"https:\/\/api.w.org\/{rel}","templated":true}]}}