
{"id":5875,"date":"2009-10-31T17:36:11","date_gmt":"2009-10-31T20:36:11","guid":{"rendered":"http:\/\/www.oarcanjo.net\/site\/?p=5875"},"modified":"2009-10-31T17:36:11","modified_gmt":"2009-10-31T20:36:11","slug":"oracao-do-jovem-adolescente","status":"publish","type":"post","link":"https:\/\/www.oarcanjo.net\/site\/oracao-do-jovem-adolescente\/","title":{"rendered":"Ora\u00e7\u00e3o do jovem adolescente"},"content":{"rendered":"<p>Est\u00e1 \u00e9 uma ora\u00e7\u00e3o do jovem adolescente:<\/p>\n<p>Senhor Jesus ! Minha alma repleta de alegria sente a vida desabrochar em todo meu ser.<\/p>\n<p>\u00c0s vezes serenamente, \u00e0s vezes ansiosamente,quero buscar cada vez mais\u00a0esta vida que teu amor me concedeu.<\/p>\n<p>Para saciar esta sede de infinito,quero tocar todas as estrelas,ouvir o canto de todos os pass\u00e1ros,beber da\u00a0\u00e1gua de todas\u00a0as fontes,dan\u00e7ar todas as m\u00fasicas,sorrir todos\u00a0os sorrisos e amar todos os amores.<\/p>\n<p>Sinto a vida que me deste pulsar freneticamente&#8230;<\/p>\n<p>Percebo nela um tesouro inegot\u00e1vel,porque eterna.<\/p>\n<p>Aquieto -me e,em ti,venho\u00a0buscar a paci\u00eancia para viver cada momento sem tropelos e prud\u00eancia que faz avaliar e escolher o verdadeiro caminho a seguir.<\/p>\n<p>Quero caminhar contigo, Senhor !Quero conhecer o projeto que fizeste para\u00a0mim e de que me convidas a participar.<\/p>\n<p>Preciso de tua luz\u00b4para ver o caminho,de tua b\u00ean\u00e7\u00e3o para ter coragem de percorr\u00ea -lo e da for\u00e7a de teu Esp\u00edrito para libetar-me das sedu\u00e7\u00f5es deste mundo.<\/p>\n<p>Entrego-te este jovem cora\u00e7\u00e3o para que nele possas habitar,fazendo dele tua morada predileta e fonte de irradia\u00e7\u00e3o de tua ternura e mansid\u00e3o.Am\u00e9m\u00a0.<\/p>\n<div id=\"themify_builder_content-5875\" data-postid=\"5875\" class=\"themify_builder_content themify_builder_content-5875 themify_builder themify_builder_front\">\n\t<\/div>\n<!-- \/themify_builder_content -->","protected":false},"excerpt":{"rendered":"<p>Est\u00e1 \u00e9 uma ora\u00e7\u00e3o do jovem adolescente: Senhor Jesus ! Minha alma repleta de alegria sente a vida desabrochar em todo meu ser. \u00c0s vezes serenamente, \u00e0s vezes ansiosamente,quero buscar cada vez mais\u00a0esta vida que teu amor me concedeu. Para saciar esta sede de infinito,quero tocar todas as estrelas,ouvir o canto de todos os pass\u00e1ros,beber [&hellip;]<\/p>\n","protected":false},"author":12,"featured_media":0,"comment_status":"open","ping_status":"open","sticky":false,"template":"","format":"standard","meta":{"ngg_post_thumbnail":0,"footnotes":""},"categories":[395],"tags":[],"yoast_head":"<!-- This site is optimized with the Yoast SEO plugin v23.5 - https:\/\/yoast.com\/wordpress\/plugins\/seo\/ -->\n<title>Ora\u00e7\u00e3o do jovem adolescente - O Arcanjo no ar<\/title>\n<meta name=\"robots\" content=\"index, follow, max-snippet:-1, max-image-preview:large, max-video-preview:-1\" \/>\n<link rel=\"canonical\" href=\"https:\/\/www.oarcanjo.net\/site\/oracao-do-jovem-adolescente\/\" \/>\n<meta property=\"og:locale\" content=\"pt_BR\" \/>\n<meta property=\"og:type\" content=\"article\" \/>\n<meta property=\"og:title\" content=\"Ora\u00e7\u00e3o do jovem adolescente - O Arcanjo no ar\" \/>\n<meta property=\"og:description\" content=\"Est\u00e1 \u00e9 uma ora\u00e7\u00e3o do jovem adolescente: Senhor Jesus ! Minha alma repleta de alegria sente a vida desabrochar em todo meu ser. \u00c0s vezes serenamente, \u00e0s vezes ansiosamente,quero buscar cada vez mais\u00a0esta vida que teu amor me concedeu. Para saciar esta sede de infinito,quero tocar todas as estrelas,ouvir o canto de todos os pass\u00e1ros,beber [&hellip;]\" \/>\n<meta property=\"og:url\" content=\"https:\/\/www.oarcanjo.net\/site\/oracao-do-jovem-adolescente\/\" \/>\n<meta property=\"og:site_name\" content=\"O Arcanjo no ar\" \/>\n<meta property=\"article:publisher\" content=\"https:\/\/www.facebook.com\/OArcanjoNoAr\/\" \/>\n<meta property=\"article:published_time\" content=\"2009-10-31T20:36:11+00:00\" \/>\n<meta property=\"og:image\" content=\"https:\/\/www.oarcanjo.net\/site\/wp-content\/uploads\/logo-o-arcanjo-no-ar-facebook.png\" \/>\n\t<meta property=\"og:image:width\" content=\"300\" \/>\n\t<meta property=\"og:image:height\" content=\"300\" \/>\n\t<meta property=\"og:image:type\" content=\"image\/png\" \/>\n<meta name=\"author\" content=\"mariana\" \/>\n<meta name=\"twitter:card\" content=\"summary_large_image\" \/>\n<meta name=\"twitter:label1\" content=\"Escrito por\" \/>\n\t<meta name=\"twitter:data1\" content=\"mariana\" \/>\n\t<meta name=\"twitter:label2\" content=\"Est. tempo de leitura\" \/>\n\t<meta name=\"twitter:data2\" content=\"1 minuto\" \/>\n<script type=\"application\/ld+json\" class=\"yoast-schema-graph\">{\"@context\":\"https:\/\/schema.org\",\"@graph\":[{\"@type\":\"Article\",\"@id\":\"https:\/\/www.oarcanjo.net\/site\/oracao-do-jovem-adolescente\/#article\",\"isPartOf\":{\"@id\":\"https:\/\/www.oarcanjo.net\/site\/oracao-do-jovem-adolescente\/\"},\"author\":{\"name\":\"mariana\",\"@id\":\"https:\/\/www.oarcanjo.net\/site\/#\/schema\/person\/e54a5c62347067e278a5d0cf64f6a6e6\"},\"headline\":\"Ora\u00e7\u00e3o do jovem adolescente\",\"datePublished\":\"2009-10-31T20:36:11+00:00\",\"dateModified\":\"2009-10-31T20:36:11+00:00\",\"mainEntityOfPage\":{\"@id\":\"https:\/\/www.oarcanjo.net\/site\/oracao-do-jovem-adolescente\/\"},\"wordCount\":212,\"commentCount\":1,\"publisher\":{\"@id\":\"https:\/\/www.oarcanjo.net\/site\/#organization\"},\"articleSection\":[\"Jovens\"],\"inLanguage\":\"pt-BR\",\"potentialAction\":[{\"@type\":\"CommentAction\",\"name\":\"Comment\",\"target\":[\"https:\/\/www.oarcanjo.net\/site\/oracao-do-jovem-adolescente\/#respond\"]}]},{\"@type\":\"WebPage\",\"@id\":\"https:\/\/www.oarcanjo.net\/site\/oracao-do-jovem-adolescente\/\",\"url\":\"https:\/\/www.oarcanjo.net\/site\/oracao-do-jovem-adolescente\/\",\"name\":\"Ora\u00e7\u00e3o do jovem adolescente - O Arcanjo no ar\",\"isPartOf\":{\"@id\":\"https:\/\/www.oarcanjo.net\/site\/#website\"},\"datePublished\":\"2009-10-31T20:36:11+00:00\",\"dateModified\":\"2009-10-31T20:36:11+00:00\",\"breadcrumb\":{\"@id\":\"https:\/\/www.oarcanjo.net\/site\/oracao-do-jovem-adolescente\/#breadcrumb\"},\"inLanguage\":\"pt-BR\",\"potentialAction\":[{\"@type\":\"ReadAction\",\"target\":[\"https:\/\/www.oarcanjo.net\/site\/oracao-do-jovem-adolescente\/\"]}]},{\"@type\":\"BreadcrumbList\",\"@id\":\"https:\/\/www.oarcanjo.net\/site\/oracao-do-jovem-adolescente\/#breadcrumb\",\"itemListElement\":[{\"@type\":\"ListItem\",\"position\":1,\"name\":\"In\u00edcio\",\"item\":\"https:\/\/www.oarcanjo.net\/site\/\"},{\"@type\":\"ListItem\",\"position\":2,\"name\":\"Ora\u00e7\u00e3o do jovem adolescente\"}]},{\"@type\":\"WebSite\",\"@id\":\"https:\/\/www.oarcanjo.net\/site\/#website\",\"url\":\"https:\/\/www.oarcanjo.net\/site\/\",\"name\":\"O Arcanjo no ar\",\"description\":\"Site da Par\u00f3quia S\u00e3o Miguel Arcanjo (Arquidiocese de SP)\",\"publisher\":{\"@id\":\"https:\/\/www.oarcanjo.net\/site\/#organization\"},\"potentialAction\":[{\"@type\":\"SearchAction\",\"target\":{\"@type\":\"EntryPoint\",\"urlTemplate\":\"https:\/\/www.oarcanjo.net\/site\/?s={search_term_string}\"},\"query-input\":{\"@type\":\"PropertyValueSpecification\",\"valueRequired\":true,\"valueName\":\"search_term_string\"}}],\"inLanguage\":\"pt-BR\"},{\"@type\":\"Organization\",\"@id\":\"https:\/\/www.oarcanjo.net\/site\/#organization\",\"name\":\"Par\u00f3quia S\u00e3o Miguel Arcanjo\",\"url\":\"https:\/\/www.oarcanjo.net\/site\/\",\"logo\":{\"@type\":\"ImageObject\",\"inLanguage\":\"pt-BR\",\"@id\":\"https:\/\/www.oarcanjo.net\/site\/#\/schema\/logo\/image\/\",\"url\":\"https:\/\/www.oarcanjo.net\/site\/wp-content\/uploads\/LogoOArcanjo.png\",\"contentUrl\":\"https:\/\/www.oarcanjo.net\/site\/wp-content\/uploads\/LogoOArcanjo.png\",\"width\":319,\"height\":99,\"caption\":\"Par\u00f3quia S\u00e3o Miguel Arcanjo\"},\"image\":{\"@id\":\"https:\/\/www.oarcanjo.net\/site\/#\/schema\/logo\/image\/\"},\"sameAs\":[\"https:\/\/www.facebook.com\/OArcanjoNoAr\/\"]},{\"@type\":\"Person\",\"@id\":\"https:\/\/www.oarcanjo.net\/site\/#\/schema\/person\/e54a5c62347067e278a5d0cf64f6a6e6\",\"name\":\"mariana\"}]}<\/script>\n<!-- \/ Yoast SEO plugin. -->","yoast_head_json":{"title":"Ora\u00e7\u00e3o do jovem adolescente - O Arcanjo no ar","robots":{"index":"index","follow":"follow","max-snippet":"max-snippet:-1","max-image-preview":"max-image-preview:large","max-video-preview":"max-video-preview:-1"},"canonical":"https:\/\/www.oarcanjo.net\/site\/oracao-do-jovem-adolescente\/","og_locale":"pt_BR","og_type":"article","og_title":"Ora\u00e7\u00e3o do jovem adolescente - O Arcanjo no ar","og_description":"Est\u00e1 \u00e9 uma ora\u00e7\u00e3o do jovem adolescente: Senhor Jesus ! Minha alma repleta de alegria sente a vida desabrochar em todo meu ser. \u00c0s vezes serenamente, \u00e0s vezes ansiosamente,quero buscar cada vez mais\u00a0esta vida que teu amor me concedeu. Para saciar esta sede de infinito,quero tocar todas as estrelas,ouvir o canto de todos os pass\u00e1ros,beber [&hellip;]","og_url":"https:\/\/www.oarcanjo.net\/site\/oracao-do-jovem-adolescente\/","og_site_name":"O Arcanjo no ar","article_publisher":"https:\/\/www.facebook.com\/OArcanjoNoAr\/","article_published_time":"2009-10-31T20:36:11+00:00","og_image":[{"width":300,"height":300,"url":"https:\/\/www.oarcanjo.net\/site\/wp-content\/uploads\/logo-o-arcanjo-no-ar-facebook.png","type":"image\/png"}],"author":"mariana","twitter_card":"summary_large_image","twitter_misc":{"Escrito por":"mariana","Est. tempo de leitura":"1 minuto"},"schema":{"@context":"https:\/\/schema.org","@graph":[{"@type":"Article","@id":"https:\/\/www.oarcanjo.net\/site\/oracao-do-jovem-adolescente\/#article","isPartOf":{"@id":"https:\/\/www.oarcanjo.net\/site\/oracao-do-jovem-adolescente\/"},"author":{"name":"mariana","@id":"https:\/\/www.oarcanjo.net\/site\/#\/schema\/person\/e54a5c62347067e278a5d0cf64f6a6e6"},"headline":"Ora\u00e7\u00e3o do jovem adolescente","datePublished":"2009-10-31T20:36:11+00:00","dateModified":"2009-10-31T20:36:11+00:00","mainEntityOfPage":{"@id":"https:\/\/www.oarcanjo.net\/site\/oracao-do-jovem-adolescente\/"},"wordCount":212,"commentCount":1,"publisher":{"@id":"https:\/\/www.oarcanjo.net\/site\/#organization"},"articleSection":["Jovens"],"inLanguage":"pt-BR","potentialAction":[{"@type":"CommentAction","name":"Comment","target":["https:\/\/www.oarcanjo.net\/site\/oracao-do-jovem-adolescente\/#respond"]}]},{"@type":"WebPage","@id":"https:\/\/www.oarcanjo.net\/site\/oracao-do-jovem-adolescente\/","url":"https:\/\/www.oarcanjo.net\/site\/oracao-do-jovem-adolescente\/","name":"Ora\u00e7\u00e3o do jovem adolescente - O Arcanjo no ar","isPartOf":{"@id":"https:\/\/www.oarcanjo.net\/site\/#website"},"datePublished":"2009-10-31T20:36:11+00:00","dateModified":"2009-10-31T20:36:11+00:00","breadcrumb":{"@id":"https:\/\/www.oarcanjo.net\/site\/oracao-do-jovem-adolescente\/#breadcrumb"},"inLanguage":"pt-BR","potentialAction":[{"@type":"ReadAction","target":["https:\/\/www.oarcanjo.net\/site\/oracao-do-jovem-adolescente\/"]}]},{"@type":"BreadcrumbList","@id":"https:\/\/www.oarcanjo.net\/site\/oracao-do-jovem-adolescente\/#breadcrumb","itemListElement":[{"@type":"ListItem","position":1,"name":"In\u00edcio","item":"https:\/\/www.oarcanjo.net\/site\/"},{"@type":"ListItem","position":2,"name":"Ora\u00e7\u00e3o do jovem adolescente"}]},{"@type":"WebSite","@id":"https:\/\/www.oarcanjo.net\/site\/#website","url":"https:\/\/www.oarcanjo.net\/site\/","name":"O Arcanjo no ar","description":"Site da Par\u00f3quia S\u00e3o Miguel Arcanjo (Arquidiocese de SP)","publisher":{"@id":"https:\/\/www.oarcanjo.net\/site\/#organization"},"potentialAction":[{"@type":"SearchAction","target":{"@type":"EntryPoint","urlTemplate":"https:\/\/www.oarcanjo.net\/site\/?s={search_term_string}"},"query-input":{"@type":"PropertyValueSpecification","valueRequired":true,"valueName":"search_term_string"}}],"inLanguage":"pt-BR"},{"@type":"Organization","@id":"https:\/\/www.oarcanjo.net\/site\/#organization","name":"Par\u00f3quia S\u00e3o Miguel Arcanjo","url":"https:\/\/www.oarcanjo.net\/site\/","logo":{"@type":"ImageObject","inLanguage":"pt-BR","@id":"https:\/\/www.oarcanjo.net\/site\/#\/schema\/logo\/image\/","url":"https:\/\/www.oarcanjo.net\/site\/wp-content\/uploads\/LogoOArcanjo.png","contentUrl":"https:\/\/www.oarcanjo.net\/site\/wp-content\/uploads\/LogoOArcanjo.png","width":319,"height":99,"caption":"Par\u00f3quia S\u00e3o Miguel Arcanjo"},"image":{"@id":"https:\/\/www.oarcanjo.net\/site\/#\/schema\/logo\/image\/"},"sameAs":["https:\/\/www.facebook.com\/OArcanjoNoAr\/"]},{"@type":"Person","@id":"https:\/\/www.oarcanjo.net\/site\/#\/schema\/person\/e54a5c62347067e278a5d0cf64f6a6e6","name":"mariana"}]}},"publishpress_future_action":{"enabled":false,"date":"2026-05-06 16:51:19","action":"category","newStatus":"draft","terms":[],"taxonomy":"category"},"publishpress_future_workflow_manual_trigger":{"enabledWorkflows":[]},"_links":{"self":[{"href":"https:\/\/www.oarcanjo.net\/site\/wp-json\/wp\/v2\/posts\/5875"}],"collection":[{"href":"https:\/\/www.oarcanjo.net\/site\/wp-json\/wp\/v2\/posts"}],"about":[{"href":"https:\/\/www.oarcanjo.net\/site\/wp-json\/wp\/v2\/types\/post"}],"author":[{"embeddable":true,"href":"https:\/\/www.oarcanjo.net\/site\/wp-json\/wp\/v2\/users\/12"}],"replies":[{"embeddable":true,"href":"https:\/\/www.oarcanjo.net\/site\/wp-json\/wp\/v2\/comments?post=5875"}],"version-history":[{"count":0,"href":"https:\/\/www.oarcanjo.net\/site\/wp-json\/wp\/v2\/posts\/5875\/revisions"}],"wp:attachment":[{"href":"https:\/\/www.oarcanjo.net\/site\/wp-json\/wp\/v2\/media?parent=5875"}],"wp:term":[{"taxonomy":"category","embeddable":true,"href":"https:\/\/www.oarcanjo.net\/site\/wp-json\/wp\/v2\/categories?post=5875"},{"taxonomy":"post_tag","embeddable":true,"href":"https:\/\/www.oarcanjo.net\/site\/wp-json\/wp\/v2\/tags?post=5875"}],"curies":[{"name":"wp","href":"https:\/\/api.w.org\/{rel}","templated":true}]}}