
{"id":5884,"date":"2009-11-02T16:19:09","date_gmt":"2009-11-02T19:19:09","guid":{"rendered":"http:\/\/www.oarcanjo.net\/site\/?p=5884"},"modified":"2009-11-03T21:36:53","modified_gmt":"2009-11-04T00:36:53","slug":"03-de-novembro-sao-martinho-de-lima","status":"publish","type":"post","link":"https:\/\/www.oarcanjo.net\/site\/03-de-novembro-sao-martinho-de-lima\/","title":{"rendered":"03 de novembro, S\u00e3o Martinho de Lima!"},"content":{"rendered":"<p>S\u00e3o Martinho de Lima sempre marcou a minha vida, quem primeiro me falou dele foi D. Luciano Mendes de Almeida que em Brasilia tinha a sua imagem em sua sala na CNBB.<\/p>\n<p>S\u00e3o Martinho de Lima \u00e9 o Patrono da Justi\u00e7a\u00a0 Social, titulo dado pela Papa Jo\u00e3o XIII que o canonizou, logo tinha tudo em comum com um homem t\u00e3o incomum como D. Luciano.<\/p>\n<p>S\u00e3o Martinho dos pobres, das crian\u00e7as de rua, irm\u00e3o e protetor do povo da rua,\u00a0\u00a0dos discriminados e exclu\u00eddos, pois ele mesmo viveu a rejei\u00e7\u00e3o, a discrimina\u00e7\u00e3o e s\u00f3 foi aceito como irm\u00e3o ablato no convento dominicano de Lima para cuidar dos animais, ser porteiro, barbeiro e fazer rem\u00e9dios de ervas.<\/p>\n<p>O primeiro Santo Negro da Am\u00e9rica Latina carregou em sua vida os sofrimentos e alegrias dos pobres e dos escravos! Foi dotado de dons especiais que confundiam os letrados e doutores e fazia luzir a sabedoria dos pequenos e fracos. A sua sabedoria nascida do Amor a DEUS chamava\u00a0 muitos para ouvir seus conselhos.<\/p>\n<p>A comunidade do Povo da rua que surgiu pobre, simples, sem sofistica\u00e7\u00e3o, debaixo do viaduto Guadalajara, aben\u00e7oada por D.Luciano, constru\u00edda em mutir\u00e3o \u00e9 dedicada a sua mem\u00f3ria: Comunidade do Povo da Rua S\u00e3o Martinho de Lima.<\/p>\n<p>Celebremos sua mem\u00f3ria, sejamos comprometidos com a Justi\u00e7a Social!<\/p>\n<p>S\u00e3o Martinho de Lima, rogai por n\u00f3s!<\/p>\n<p><em><a title=\"Paulinas\" href=\"http:\/\/www.paulinas.org.br\/diafeliz\/santo.aspx?Dia=3&amp;Mes=11\" target=\"_blank\">Saiba mais sobre S\u00e3o Martinho no Portal Paulinas<\/a><\/em><\/p>\n<div id=\"themify_builder_content-5884\" data-postid=\"5884\" class=\"themify_builder_content themify_builder_content-5884 themify_builder themify_builder_front\">\n\t<\/div>\n<!-- \/themify_builder_content -->","protected":false},"excerpt":{"rendered":"<p>S\u00e3o Martinho de Lima sempre marcou a minha vida, quem primeiro me falou dele foi D. Luciano Mendes de Almeida que em Brasilia tinha a sua imagem em sua sala na CNBB. S\u00e3o Martinho de Lima \u00e9 o Patrono da Justi\u00e7a\u00a0 Social, titulo dado pela Papa Jo\u00e3o XIII que o canonizou, logo tinha tudo em [&hellip;]<\/p>\n","protected":false},"author":4,"featured_media":0,"comment_status":"open","ping_status":"open","sticky":false,"template":"","format":"standard","meta":{"ngg_post_thumbnail":0,"footnotes":""},"categories":[4],"tags":[393,75,91,74],"yoast_head":"<!-- This site is optimized with the Yoast SEO plugin v23.5 - https:\/\/yoast.com\/wordpress\/plugins\/seo\/ -->\n<title>03 de novembro, S\u00e3o Martinho de Lima! - O Arcanjo no ar<\/title>\n<meta name=\"robots\" content=\"index, follow, max-snippet:-1, max-image-preview:large, max-video-preview:-1\" \/>\n<link rel=\"canonical\" href=\"https:\/\/www.oarcanjo.net\/site\/03-de-novembro-sao-martinho-de-lima\/\" \/>\n<meta property=\"og:locale\" content=\"pt_BR\" \/>\n<meta property=\"og:type\" content=\"article\" \/>\n<meta property=\"og:title\" content=\"03 de novembro, S\u00e3o Martinho de Lima! - O Arcanjo no ar\" \/>\n<meta property=\"og:description\" content=\"S\u00e3o Martinho de Lima sempre marcou a minha vida, quem primeiro me falou dele foi D. Luciano Mendes de Almeida que em Brasilia tinha a sua imagem em sua sala na CNBB. S\u00e3o Martinho de Lima \u00e9 o Patrono da Justi\u00e7a\u00a0 Social, titulo dado pela Papa Jo\u00e3o XIII que o canonizou, logo tinha tudo em [&hellip;]\" \/>\n<meta property=\"og:url\" content=\"https:\/\/www.oarcanjo.net\/site\/03-de-novembro-sao-martinho-de-lima\/\" \/>\n<meta property=\"og:site_name\" content=\"O Arcanjo no ar\" \/>\n<meta property=\"article:publisher\" content=\"https:\/\/www.facebook.com\/OArcanjoNoAr\/\" \/>\n<meta property=\"article:published_time\" content=\"2009-11-02T19:19:09+00:00\" \/>\n<meta property=\"article:modified_time\" content=\"2009-11-04T00:36:53+00:00\" \/>\n<meta property=\"og:image\" content=\"https:\/\/www.oarcanjo.net\/site\/wp-content\/uploads\/logo-o-arcanjo-no-ar-facebook.png\" \/>\n\t<meta property=\"og:image:width\" content=\"300\" \/>\n\t<meta property=\"og:image:height\" content=\"300\" \/>\n\t<meta property=\"og:image:type\" content=\"image\/png\" \/>\n<meta name=\"author\" content=\"julio\" \/>\n<meta name=\"twitter:card\" content=\"summary_large_image\" \/>\n<meta name=\"twitter:label1\" content=\"Escrito por\" \/>\n\t<meta name=\"twitter:data1\" content=\"julio\" \/>\n\t<meta name=\"twitter:label2\" content=\"Est. tempo de leitura\" \/>\n\t<meta name=\"twitter:data2\" content=\"1 minuto\" \/>\n<script type=\"application\/ld+json\" class=\"yoast-schema-graph\">{\"@context\":\"https:\/\/schema.org\",\"@graph\":[{\"@type\":\"Article\",\"@id\":\"https:\/\/www.oarcanjo.net\/site\/03-de-novembro-sao-martinho-de-lima\/#article\",\"isPartOf\":{\"@id\":\"https:\/\/www.oarcanjo.net\/site\/03-de-novembro-sao-martinho-de-lima\/\"},\"author\":{\"name\":\"julio\",\"@id\":\"https:\/\/www.oarcanjo.net\/site\/#\/schema\/person\/d78ea01c648c91e29c364b516767079e\"},\"headline\":\"03 de novembro, S\u00e3o Martinho de Lima!\",\"datePublished\":\"2009-11-02T19:19:09+00:00\",\"dateModified\":\"2009-11-04T00:36:53+00:00\",\"mainEntityOfPage\":{\"@id\":\"https:\/\/www.oarcanjo.net\/site\/03-de-novembro-sao-martinho-de-lima\/\"},\"wordCount\":260,\"commentCount\":10,\"publisher\":{\"@id\":\"https:\/\/www.oarcanjo.net\/site\/#organization\"},\"keywords\":[\"Dom Luciano Mendes de Almeida\",\"Justi\u00e7a social\",\"povo da rua\",\"S\u00e3o Martinho de Lima\"],\"articleSection\":[\"Blog\"],\"inLanguage\":\"pt-BR\",\"potentialAction\":[{\"@type\":\"CommentAction\",\"name\":\"Comment\",\"target\":[\"https:\/\/www.oarcanjo.net\/site\/03-de-novembro-sao-martinho-de-lima\/#respond\"]}]},{\"@type\":\"WebPage\",\"@id\":\"https:\/\/www.oarcanjo.net\/site\/03-de-novembro-sao-martinho-de-lima\/\",\"url\":\"https:\/\/www.oarcanjo.net\/site\/03-de-novembro-sao-martinho-de-lima\/\",\"name\":\"03 de novembro, S\u00e3o Martinho de Lima! - O Arcanjo no ar\",\"isPartOf\":{\"@id\":\"https:\/\/www.oarcanjo.net\/site\/#website\"},\"datePublished\":\"2009-11-02T19:19:09+00:00\",\"dateModified\":\"2009-11-04T00:36:53+00:00\",\"breadcrumb\":{\"@id\":\"https:\/\/www.oarcanjo.net\/site\/03-de-novembro-sao-martinho-de-lima\/#breadcrumb\"},\"inLanguage\":\"pt-BR\",\"potentialAction\":[{\"@type\":\"ReadAction\",\"target\":[\"https:\/\/www.oarcanjo.net\/site\/03-de-novembro-sao-martinho-de-lima\/\"]}]},{\"@type\":\"BreadcrumbList\",\"@id\":\"https:\/\/www.oarcanjo.net\/site\/03-de-novembro-sao-martinho-de-lima\/#breadcrumb\",\"itemListElement\":[{\"@type\":\"ListItem\",\"position\":1,\"name\":\"In\u00edcio\",\"item\":\"https:\/\/www.oarcanjo.net\/site\/\"},{\"@type\":\"ListItem\",\"position\":2,\"name\":\"03 de novembro, S\u00e3o Martinho de Lima!\"}]},{\"@type\":\"WebSite\",\"@id\":\"https:\/\/www.oarcanjo.net\/site\/#website\",\"url\":\"https:\/\/www.oarcanjo.net\/site\/\",\"name\":\"O Arcanjo no ar\",\"description\":\"Site da Par\u00f3quia S\u00e3o Miguel Arcanjo (Arquidiocese de SP)\",\"publisher\":{\"@id\":\"https:\/\/www.oarcanjo.net\/site\/#organization\"},\"potentialAction\":[{\"@type\":\"SearchAction\",\"target\":{\"@type\":\"EntryPoint\",\"urlTemplate\":\"https:\/\/www.oarcanjo.net\/site\/?s={search_term_string}\"},\"query-input\":{\"@type\":\"PropertyValueSpecification\",\"valueRequired\":true,\"valueName\":\"search_term_string\"}}],\"inLanguage\":\"pt-BR\"},{\"@type\":\"Organization\",\"@id\":\"https:\/\/www.oarcanjo.net\/site\/#organization\",\"name\":\"Par\u00f3quia S\u00e3o Miguel Arcanjo\",\"url\":\"https:\/\/www.oarcanjo.net\/site\/\",\"logo\":{\"@type\":\"ImageObject\",\"inLanguage\":\"pt-BR\",\"@id\":\"https:\/\/www.oarcanjo.net\/site\/#\/schema\/logo\/image\/\",\"url\":\"https:\/\/www.oarcanjo.net\/site\/wp-content\/uploads\/LogoOArcanjo.png\",\"contentUrl\":\"https:\/\/www.oarcanjo.net\/site\/wp-content\/uploads\/LogoOArcanjo.png\",\"width\":319,\"height\":99,\"caption\":\"Par\u00f3quia S\u00e3o Miguel Arcanjo\"},\"image\":{\"@id\":\"https:\/\/www.oarcanjo.net\/site\/#\/schema\/logo\/image\/\"},\"sameAs\":[\"https:\/\/www.facebook.com\/OArcanjoNoAr\/\"]},{\"@type\":\"Person\",\"@id\":\"https:\/\/www.oarcanjo.net\/site\/#\/schema\/person\/d78ea01c648c91e29c364b516767079e\",\"name\":\"julio\",\"sameAs\":[\"http:\/\/www.oarcanjo.net\"]}]}<\/script>\n<!-- \/ Yoast SEO plugin. -->","yoast_head_json":{"title":"03 de novembro, S\u00e3o Martinho de Lima! - O Arcanjo no ar","robots":{"index":"index","follow":"follow","max-snippet":"max-snippet:-1","max-image-preview":"max-image-preview:large","max-video-preview":"max-video-preview:-1"},"canonical":"https:\/\/www.oarcanjo.net\/site\/03-de-novembro-sao-martinho-de-lima\/","og_locale":"pt_BR","og_type":"article","og_title":"03 de novembro, S\u00e3o Martinho de Lima! - O Arcanjo no ar","og_description":"S\u00e3o Martinho de Lima sempre marcou a minha vida, quem primeiro me falou dele foi D. Luciano Mendes de Almeida que em Brasilia tinha a sua imagem em sua sala na CNBB. S\u00e3o Martinho de Lima \u00e9 o Patrono da Justi\u00e7a\u00a0 Social, titulo dado pela Papa Jo\u00e3o XIII que o canonizou, logo tinha tudo em [&hellip;]","og_url":"https:\/\/www.oarcanjo.net\/site\/03-de-novembro-sao-martinho-de-lima\/","og_site_name":"O Arcanjo no ar","article_publisher":"https:\/\/www.facebook.com\/OArcanjoNoAr\/","article_published_time":"2009-11-02T19:19:09+00:00","article_modified_time":"2009-11-04T00:36:53+00:00","og_image":[{"width":300,"height":300,"url":"https:\/\/www.oarcanjo.net\/site\/wp-content\/uploads\/logo-o-arcanjo-no-ar-facebook.png","type":"image\/png"}],"author":"julio","twitter_card":"summary_large_image","twitter_misc":{"Escrito por":"julio","Est. tempo de leitura":"1 minuto"},"schema":{"@context":"https:\/\/schema.org","@graph":[{"@type":"Article","@id":"https:\/\/www.oarcanjo.net\/site\/03-de-novembro-sao-martinho-de-lima\/#article","isPartOf":{"@id":"https:\/\/www.oarcanjo.net\/site\/03-de-novembro-sao-martinho-de-lima\/"},"author":{"name":"julio","@id":"https:\/\/www.oarcanjo.net\/site\/#\/schema\/person\/d78ea01c648c91e29c364b516767079e"},"headline":"03 de novembro, S\u00e3o Martinho de Lima!","datePublished":"2009-11-02T19:19:09+00:00","dateModified":"2009-11-04T00:36:53+00:00","mainEntityOfPage":{"@id":"https:\/\/www.oarcanjo.net\/site\/03-de-novembro-sao-martinho-de-lima\/"},"wordCount":260,"commentCount":10,"publisher":{"@id":"https:\/\/www.oarcanjo.net\/site\/#organization"},"keywords":["Dom Luciano Mendes de Almeida","Justi\u00e7a social","povo da rua","S\u00e3o Martinho de Lima"],"articleSection":["Blog"],"inLanguage":"pt-BR","potentialAction":[{"@type":"CommentAction","name":"Comment","target":["https:\/\/www.oarcanjo.net\/site\/03-de-novembro-sao-martinho-de-lima\/#respond"]}]},{"@type":"WebPage","@id":"https:\/\/www.oarcanjo.net\/site\/03-de-novembro-sao-martinho-de-lima\/","url":"https:\/\/www.oarcanjo.net\/site\/03-de-novembro-sao-martinho-de-lima\/","name":"03 de novembro, S\u00e3o Martinho de Lima! - O Arcanjo no ar","isPartOf":{"@id":"https:\/\/www.oarcanjo.net\/site\/#website"},"datePublished":"2009-11-02T19:19:09+00:00","dateModified":"2009-11-04T00:36:53+00:00","breadcrumb":{"@id":"https:\/\/www.oarcanjo.net\/site\/03-de-novembro-sao-martinho-de-lima\/#breadcrumb"},"inLanguage":"pt-BR","potentialAction":[{"@type":"ReadAction","target":["https:\/\/www.oarcanjo.net\/site\/03-de-novembro-sao-martinho-de-lima\/"]}]},{"@type":"BreadcrumbList","@id":"https:\/\/www.oarcanjo.net\/site\/03-de-novembro-sao-martinho-de-lima\/#breadcrumb","itemListElement":[{"@type":"ListItem","position":1,"name":"In\u00edcio","item":"https:\/\/www.oarcanjo.net\/site\/"},{"@type":"ListItem","position":2,"name":"03 de novembro, S\u00e3o Martinho de Lima!"}]},{"@type":"WebSite","@id":"https:\/\/www.oarcanjo.net\/site\/#website","url":"https:\/\/www.oarcanjo.net\/site\/","name":"O Arcanjo no ar","description":"Site da Par\u00f3quia S\u00e3o Miguel Arcanjo (Arquidiocese de SP)","publisher":{"@id":"https:\/\/www.oarcanjo.net\/site\/#organization"},"potentialAction":[{"@type":"SearchAction","target":{"@type":"EntryPoint","urlTemplate":"https:\/\/www.oarcanjo.net\/site\/?s={search_term_string}"},"query-input":{"@type":"PropertyValueSpecification","valueRequired":true,"valueName":"search_term_string"}}],"inLanguage":"pt-BR"},{"@type":"Organization","@id":"https:\/\/www.oarcanjo.net\/site\/#organization","name":"Par\u00f3quia S\u00e3o Miguel Arcanjo","url":"https:\/\/www.oarcanjo.net\/site\/","logo":{"@type":"ImageObject","inLanguage":"pt-BR","@id":"https:\/\/www.oarcanjo.net\/site\/#\/schema\/logo\/image\/","url":"https:\/\/www.oarcanjo.net\/site\/wp-content\/uploads\/LogoOArcanjo.png","contentUrl":"https:\/\/www.oarcanjo.net\/site\/wp-content\/uploads\/LogoOArcanjo.png","width":319,"height":99,"caption":"Par\u00f3quia S\u00e3o Miguel Arcanjo"},"image":{"@id":"https:\/\/www.oarcanjo.net\/site\/#\/schema\/logo\/image\/"},"sameAs":["https:\/\/www.facebook.com\/OArcanjoNoAr\/"]},{"@type":"Person","@id":"https:\/\/www.oarcanjo.net\/site\/#\/schema\/person\/d78ea01c648c91e29c364b516767079e","name":"julio","sameAs":["http:\/\/www.oarcanjo.net"]}]}},"publishpress_future_action":{"enabled":false,"date":"2026-05-09 03:03:51","action":"category","newStatus":"draft","terms":[],"taxonomy":"category"},"publishpress_future_workflow_manual_trigger":{"enabledWorkflows":[]},"_links":{"self":[{"href":"https:\/\/www.oarcanjo.net\/site\/wp-json\/wp\/v2\/posts\/5884"}],"collection":[{"href":"https:\/\/www.oarcanjo.net\/site\/wp-json\/wp\/v2\/posts"}],"about":[{"href":"https:\/\/www.oarcanjo.net\/site\/wp-json\/wp\/v2\/types\/post"}],"author":[{"embeddable":true,"href":"https:\/\/www.oarcanjo.net\/site\/wp-json\/wp\/v2\/users\/4"}],"replies":[{"embeddable":true,"href":"https:\/\/www.oarcanjo.net\/site\/wp-json\/wp\/v2\/comments?post=5884"}],"version-history":[{"count":0,"href":"https:\/\/www.oarcanjo.net\/site\/wp-json\/wp\/v2\/posts\/5884\/revisions"}],"wp:attachment":[{"href":"https:\/\/www.oarcanjo.net\/site\/wp-json\/wp\/v2\/media?parent=5884"}],"wp:term":[{"taxonomy":"category","embeddable":true,"href":"https:\/\/www.oarcanjo.net\/site\/wp-json\/wp\/v2\/categories?post=5884"},{"taxonomy":"post_tag","embeddable":true,"href":"https:\/\/www.oarcanjo.net\/site\/wp-json\/wp\/v2\/tags?post=5884"}],"curies":[{"name":"wp","href":"https:\/\/api.w.org\/{rel}","templated":true}]}}